{"id":7698,"date":"2025-08-12T08:30:19","date_gmt":"2025-08-12T06:30:19","guid":{"rendered":"https:\/\/veritasinfo.org\/?p=7698"},"modified":"2025-08-12T08:30:19","modified_gmt":"2025-08-12T06:30:19","slug":"mblidhet-kqz-ja-ne-rend-dite-certifikimi-i-10-subjekteve-politike-me-64-kandidate-afati-per-aplikim-mbyllet-te-merkuren","status":"publish","type":"post","link":"https:\/\/veritasinfo.org\/?p=7698","title":{"rendered":"Mblidhet KQZ-ja, n\u00eb rend dite certifikimi i 10 subjekteve politike me 64 kandidat\u00eb \u2013 afati p\u00ebr aplikim mbyllet t\u00eb m\u00ebrkur\u00ebn"},"content":{"rendered":"<p data-start=\"220\" data-end=\"469\">Prishtin\u00eb, 12 gusht 2025<\/p>\n<p data-start=\"220\" data-end=\"469\">Komisioni Qendror i Zgjedhjeve (KQZ) do t\u00eb mbaj\u00eb sot, nga ora 11:00, mbledhjen e radh\u00ebs, ku pritet t\u00eb shqyrtohen dhjet\u00eb rekomandime p\u00ebr certifikimin e subjekteve politike q\u00eb synojn\u00eb pjes\u00ebmarrjen n\u00eb Zgjedhjet Lokale 2025.<\/p>\n<p data-start=\"471\" data-end=\"706\">Z\u00ebdh\u00ebn\u00ebsi i KQZ-s\u00eb, Valmir Elezi, konfirmoi\u00a0se b\u00ebhet fjal\u00eb p\u00ebr dy iniciativa qytetare dhe tet\u00eb kandidat\u00eb t\u00eb pavarur, me gjithsej 64 kandidat\u00eb \u2013 pes\u00eb p\u00ebr kryetar\u00eb komunash dhe 59 p\u00ebr an\u00ebtar\u00eb t\u00eb kuvendeve komunale.<\/p>\n<p data-start=\"708\" data-end=\"999\">Sipas Elezit, Zyra p\u00ebr Regjistrim, Certifikim dhe Kontrollin Financiar t\u00eb Subjekteve Politike ka p\u00ebrfunduar procesin e verifikimit ligjor n\u00eb bashk\u00ebpunim me institucionet shtet\u00ebrore kompetente, dhe ka p\u00ebrgatitur rekomandimet p\u00ebr certifikim. Vendimi final do t\u00eb merret nga an\u00ebtar\u00ebt e KQZ-s\u00eb.<\/p>\n<p data-start=\"1001\" data-end=\"1294\">Afati p\u00ebr aplikim online dhe dor\u00ebzimin e list\u00ebs s\u00eb kandidat\u00ebve nisi m\u00eb 26 qershor dhe p\u00ebrfundon m\u00eb 13 gusht 2025. KQZ thekson se subjektet politike mund t\u00eb vendosin vet\u00eb n\u00eb cilat komuna do t\u00eb garojn\u00eb dhe n\u00ebse do t\u00eb konkurrojn\u00eb p\u00ebr kryetar komune, kuvend komunal apo p\u00ebr t\u00eb dyja nj\u00ebkoh\u00ebsisht.<\/p>\n","protected":false},"excerpt":{"rendered":"<p>Prishtin\u00eb, 12 gusht 2025 Komisioni Qendror i Zgjedhjeve (KQZ) do t\u00eb mbaj\u00eb sot, nga ora 11:00, mbledhjen e radh\u00ebs, ku pritet t\u00eb shqyrtohen dhjet\u00eb rekomandime<\/p>\n","protected":false},"author":1,"featured_media":7699,"comment_status":"open","ping_status":"open","sticky":false,"template":"","format":"standard","meta":{"footnotes":""},"categories":[60],"tags":[],"class_list":["post-7698","post","type-post","status-publish","format-standard","has-post-thumbnail","hentry","category-shoqerore-sq"],"yoast_head":"<!-- This site is optimized with the Yoast SEO plugin v25.3.1 - https:\/\/yoast.com\/wordpress\/plugins\/seo\/ -->\n<title>Mblidhet KQZ-ja, n\u00eb rend dite certifikimi i 10 subjekteve politike me 64 kandidat\u00eb \u2013 afati p\u00ebr aplikim mbyllet t\u00eb m\u00ebrkur\u00ebn -<\/title>\n<meta name=\"robots\" content=\"index, follow, max-snippet:-1, max-image-preview:large, max-video-preview:-1\" \/>\n<link rel=\"canonical\" href=\"https:\/\/veritasinfo.org\/?p=7698\" \/>\n<meta property=\"og:locale\" content=\"en_US\" \/>\n<meta property=\"og:type\" content=\"article\" \/>\n<meta property=\"og:title\" content=\"Mblidhet KQZ-ja, n\u00eb rend dite certifikimi i 10 subjekteve politike me 64 kandidat\u00eb \u2013 afati p\u00ebr aplikim mbyllet t\u00eb m\u00ebrkur\u00ebn -\" \/>\n<meta property=\"og:description\" content=\"Prishtin\u00eb, 12 gusht 2025 Komisioni Qendror i Zgjedhjeve (KQZ) do t\u00eb mbaj\u00eb sot, nga ora 11:00, mbledhjen e radh\u00ebs, ku pritet t\u00eb shqyrtohen dhjet\u00eb rekomandime\" \/>\n<meta property=\"og:url\" content=\"https:\/\/veritasinfo.org\/?p=7698\" \/>\n<meta property=\"article:published_time\" content=\"2025-08-12T06:30:19+00:00\" \/>\n<meta property=\"og:image\" content=\"https:\/\/veritasinfo.org\/wp-content\/uploads\/2025\/08\/Elezi.jpg\" \/>\n\t<meta property=\"og:image:width\" content=\"1924\" \/>\n\t<meta property=\"og:image:height\" content=\"1280\" \/>\n\t<meta property=\"og:image:type\" content=\"image\/jpeg\" \/>\n<meta name=\"author\" content=\"admin\" \/>\n<meta name=\"twitter:card\" content=\"summary_large_image\" \/>\n<meta name=\"twitter:label1\" content=\"Written by\" \/>\n\t<meta name=\"twitter:data1\" content=\"admin\" \/>\n\t<meta name=\"twitter:label2\" content=\"Est. reading time\" \/>\n\t<meta name=\"twitter:data2\" content=\"1 minute\" \/>\n<script type=\"application\/ld+json\" class=\"yoast-schema-graph\">{\"@context\":\"https:\/\/schema.org\",\"@graph\":[{\"@type\":\"WebPage\",\"@id\":\"https:\/\/veritasinfo.org\/?p=7698\",\"url\":\"https:\/\/veritasinfo.org\/?p=7698\",\"name\":\"Mblidhet KQZ-ja, n\u00eb rend dite certifikimi i 10 subjekteve politike me 64 kandidat\u00eb \u2013 afati p\u00ebr aplikim mbyllet t\u00eb m\u00ebrkur\u00ebn -\",\"isPartOf\":{\"@id\":\"https:\/\/veritasinfo.org\/#website\"},\"primaryImageOfPage\":{\"@id\":\"https:\/\/veritasinfo.org\/?p=7698#primaryimage\"},\"image\":{\"@id\":\"https:\/\/veritasinfo.org\/?p=7698#primaryimage\"},\"thumbnailUrl\":\"https:\/\/veritasinfo.org\/wp-content\/uploads\/2025\/08\/Elezi.jpg\",\"datePublished\":\"2025-08-12T06:30:19+00:00\",\"author\":{\"@id\":\"https:\/\/veritasinfo.org\/#\/schema\/person\/7701f8c088bece422266b100a712374f\"},\"breadcrumb\":{\"@id\":\"https:\/\/veritasinfo.org\/?p=7698#breadcrumb\"},\"inLanguage\":\"en-US\",\"potentialAction\":[{\"@type\":\"ReadAction\",\"target\":[\"https:\/\/veritasinfo.org\/?p=7698\"]}]},{\"@type\":\"ImageObject\",\"inLanguage\":\"en-US\",\"@id\":\"https:\/\/veritasinfo.org\/?p=7698#primaryimage\",\"url\":\"https:\/\/veritasinfo.org\/wp-content\/uploads\/2025\/08\/Elezi.jpg\",\"contentUrl\":\"https:\/\/veritasinfo.org\/wp-content\/uploads\/2025\/08\/Elezi.jpg\",\"width\":1924,\"height\":1280},{\"@type\":\"BreadcrumbList\",\"@id\":\"https:\/\/veritasinfo.org\/?p=7698#breadcrumb\",\"itemListElement\":[{\"@type\":\"ListItem\",\"position\":1,\"name\":\"Home\",\"item\":\"https:\/\/veritasinfo.org\/\"},{\"@type\":\"ListItem\",\"position\":2,\"name\":\"Mblidhet KQZ-ja, n\u00eb rend dite certifikimi i 10 subjekteve politike me 64 kandidat\u00eb \u2013 afati p\u00ebr aplikim mbyllet t\u00eb m\u00ebrkur\u00ebn\"}]},{\"@type\":\"WebSite\",\"@id\":\"https:\/\/veritasinfo.org\/#website\",\"url\":\"https:\/\/veritasinfo.org\/\",\"name\":\"\",\"description\":\"\",\"potentialAction\":[{\"@type\":\"SearchAction\",\"target\":{\"@type\":\"EntryPoint\",\"urlTemplate\":\"https:\/\/veritasinfo.org\/?s={search_term_string}\"},\"query-input\":{\"@type\":\"PropertyValueSpecification\",\"valueRequired\":true,\"valueName\":\"search_term_string\"}}],\"inLanguage\":\"en-US\"},{\"@type\":\"Person\",\"@id\":\"https:\/\/veritasinfo.org\/#\/schema\/person\/7701f8c088bece422266b100a712374f\",\"name\":\"admin\",\"image\":{\"@type\":\"ImageObject\",\"inLanguage\":\"en-US\",\"@id\":\"https:\/\/veritasinfo.org\/#\/schema\/person\/image\/\",\"url\":\"https:\/\/secure.gravatar.com\/avatar\/ea53aa3bf6c9a12d5fde8ce4deff43fef3885ae33cf60184161a50d6987cfd2f?s=96&d=mm&r=g\",\"contentUrl\":\"https:\/\/secure.gravatar.com\/avatar\/ea53aa3bf6c9a12d5fde8ce4deff43fef3885ae33cf60184161a50d6987cfd2f?s=96&d=mm&r=g\",\"caption\":\"admin\"},\"sameAs\":[\"https:\/\/veritasinfo.org\"],\"url\":\"https:\/\/veritasinfo.org\/?author=1\"}]}<\/script>\n<!-- \/ Yoast SEO plugin. -->","yoast_head_json":{"title":"Mblidhet KQZ-ja, n\u00eb rend dite certifikimi i 10 subjekteve politike me 64 kandidat\u00eb \u2013 afati p\u00ebr aplikim mbyllet t\u00eb m\u00ebrkur\u00ebn -","robots":{"index":"index","follow":"follow","max-snippet":"max-snippet:-1","max-image-preview":"max-image-preview:large","max-video-preview":"max-video-preview:-1"},"canonical":"https:\/\/veritasinfo.org\/?p=7698","og_locale":"en_US","og_type":"article","og_title":"Mblidhet KQZ-ja, n\u00eb rend dite certifikimi i 10 subjekteve politike me 64 kandidat\u00eb \u2013 afati p\u00ebr aplikim mbyllet t\u00eb m\u00ebrkur\u00ebn -","og_description":"Prishtin\u00eb, 12 gusht 2025 Komisioni Qendror i Zgjedhjeve (KQZ) do t\u00eb mbaj\u00eb sot, nga ora 11:00, mbledhjen e radh\u00ebs, ku pritet t\u00eb shqyrtohen dhjet\u00eb rekomandime","og_url":"https:\/\/veritasinfo.org\/?p=7698","article_published_time":"2025-08-12T06:30:19+00:00","og_image":[{"width":1924,"height":1280,"url":"https:\/\/veritasinfo.org\/wp-content\/uploads\/2025\/08\/Elezi.jpg","type":"image\/jpeg"}],"author":"admin","twitter_card":"summary_large_image","twitter_misc":{"Written by":"admin","Est. reading time":"1 minute"},"schema":{"@context":"https:\/\/schema.org","@graph":[{"@type":"WebPage","@id":"https:\/\/veritasinfo.org\/?p=7698","url":"https:\/\/veritasinfo.org\/?p=7698","name":"Mblidhet KQZ-ja, n\u00eb rend dite certifikimi i 10 subjekteve politike me 64 kandidat\u00eb \u2013 afati p\u00ebr aplikim mbyllet t\u00eb m\u00ebrkur\u00ebn -","isPartOf":{"@id":"https:\/\/veritasinfo.org\/#website"},"primaryImageOfPage":{"@id":"https:\/\/veritasinfo.org\/?p=7698#primaryimage"},"image":{"@id":"https:\/\/veritasinfo.org\/?p=7698#primaryimage"},"thumbnailUrl":"https:\/\/veritasinfo.org\/wp-content\/uploads\/2025\/08\/Elezi.jpg","datePublished":"2025-08-12T06:30:19+00:00","author":{"@id":"https:\/\/veritasinfo.org\/#\/schema\/person\/7701f8c088bece422266b100a712374f"},"breadcrumb":{"@id":"https:\/\/veritasinfo.org\/?p=7698#breadcrumb"},"inLanguage":"en-US","potentialAction":[{"@type":"ReadAction","target":["https:\/\/veritasinfo.org\/?p=7698"]}]},{"@type":"ImageObject","inLanguage":"en-US","@id":"https:\/\/veritasinfo.org\/?p=7698#primaryimage","url":"https:\/\/veritasinfo.org\/wp-content\/uploads\/2025\/08\/Elezi.jpg","contentUrl":"https:\/\/veritasinfo.org\/wp-content\/uploads\/2025\/08\/Elezi.jpg","width":1924,"height":1280},{"@type":"BreadcrumbList","@id":"https:\/\/veritasinfo.org\/?p=7698#breadcrumb","itemListElement":[{"@type":"ListItem","position":1,"name":"Home","item":"https:\/\/veritasinfo.org\/"},{"@type":"ListItem","position":2,"name":"Mblidhet KQZ-ja, n\u00eb rend dite certifikimi i 10 subjekteve politike me 64 kandidat\u00eb \u2013 afati p\u00ebr aplikim mbyllet t\u00eb m\u00ebrkur\u00ebn"}]},{"@type":"WebSite","@id":"https:\/\/veritasinfo.org\/#website","url":"https:\/\/veritasinfo.org\/","name":"","description":"","potentialAction":[{"@type":"SearchAction","target":{"@type":"EntryPoint","urlTemplate":"https:\/\/veritasinfo.org\/?s={search_term_string}"},"query-input":{"@type":"PropertyValueSpecification","valueRequired":true,"valueName":"search_term_string"}}],"inLanguage":"en-US"},{"@type":"Person","@id":"https:\/\/veritasinfo.org\/#\/schema\/person\/7701f8c088bece422266b100a712374f","name":"admin","image":{"@type":"ImageObject","inLanguage":"en-US","@id":"https:\/\/veritasinfo.org\/#\/schema\/person\/image\/","url":"https:\/\/secure.gravatar.com\/avatar\/ea53aa3bf6c9a12d5fde8ce4deff43fef3885ae33cf60184161a50d6987cfd2f?s=96&d=mm&r=g","contentUrl":"https:\/\/secure.gravatar.com\/avatar\/ea53aa3bf6c9a12d5fde8ce4deff43fef3885ae33cf60184161a50d6987cfd2f?s=96&d=mm&r=g","caption":"admin"},"sameAs":["https:\/\/veritasinfo.org"],"url":"https:\/\/veritasinfo.org\/?author=1"}]}},"featured_image_urls":{"full":["https:\/\/veritasinfo.org\/wp-content\/uploads\/2025\/08\/Elezi.jpg",1924,1280,false],"thumbnail":["https:\/\/veritasinfo.org\/wp-content\/uploads\/2025\/08\/Elezi-150x150.jpg",150,150,true],"medium":["https:\/\/veritasinfo.org\/wp-content\/uploads\/2025\/08\/Elezi-300x200.jpg",300,200,true],"medium_large":["https:\/\/veritasinfo.org\/wp-content\/uploads\/2025\/08\/Elezi-768x511.jpg",640,426,true],"large":["https:\/\/veritasinfo.org\/wp-content\/uploads\/2025\/08\/Elezi-1024x681.jpg",640,426,true],"1536x1536":["https:\/\/veritasinfo.org\/wp-content\/uploads\/2025\/08\/Elezi-1536x1022.jpg",1536,1022,true],"2048x2048":["https:\/\/veritasinfo.org\/wp-content\/uploads\/2025\/08\/Elezi.jpg",1924,1280,false],"kreeti-slider-full":["https:\/\/veritasinfo.org\/wp-content\/uploads\/2025\/08\/Elezi.jpg",1082,720,false],"kreeti-featured":["https:\/\/veritasinfo.org\/wp-content\/uploads\/2025\/08\/Elezi.jpg",1024,681,false],"kreeti-medium":["https:\/\/veritasinfo.org\/wp-content\/uploads\/2025\/08\/Elezi.jpg",720,479,false],"kreeti-medium-square":["https:\/\/veritasinfo.org\/wp-content\/uploads\/2025\/08\/Elezi.jpg",350,233,false]},"author_info":{"info":["admin"]},"category_info":"<a href=\"https:\/\/veritasinfo.org\/?cat=60\" rel=\"category\">Shoq\u00ebrore<\/a>","tag_info":"Shoq\u00ebrore","comment_count":"0","_links":{"self":[{"href":"https:\/\/veritasinfo.org\/index.php?rest_route=\/wp\/v2\/posts\/7698","targetHints":{"allow":["GET"]}}],"collection":[{"href":"https:\/\/veritasinfo.org\/index.php?rest_route=\/wp\/v2\/posts"}],"about":[{"href":"https:\/\/veritasinfo.org\/index.php?rest_route=\/wp\/v2\/types\/post"}],"author":[{"embeddable":true,"href":"https:\/\/veritasinfo.org\/index.php?rest_route=\/wp\/v2\/users\/1"}],"replies":[{"embeddable":true,"href":"https:\/\/veritasinfo.org\/index.php?rest_route=%2Fwp%2Fv2%2Fcomments&post=7698"}],"version-history":[{"count":1,"href":"https:\/\/veritasinfo.org\/index.php?rest_route=\/wp\/v2\/posts\/7698\/revisions"}],"predecessor-version":[{"id":7700,"href":"https:\/\/veritasinfo.org\/index.php?rest_route=\/wp\/v2\/posts\/7698\/revisions\/7700"}],"wp:featuredmedia":[{"embeddable":true,"href":"https:\/\/veritasinfo.org\/index.php?rest_route=\/wp\/v2\/media\/7699"}],"wp:attachment":[{"href":"https:\/\/veritasinfo.org\/index.php?rest_route=%2Fwp%2Fv2%2Fmedia&parent=7698"}],"wp:term":[{"taxonomy":"category","embeddable":true,"href":"https:\/\/veritasinfo.org\/index.php?rest_route=%2Fwp%2Fv2%2Fcategories&post=7698"},{"taxonomy":"post_tag","embeddable":true,"href":"https:\/\/veritasinfo.org\/index.php?rest_route=%2Fwp%2Fv2%2Ftags&post=7698"}],"curies":[{"name":"wp","href":"https:\/\/api.w.org\/{rel}","templated":true}]}}