{"id":767,"date":"2025-06-16T21:28:40","date_gmt":"2025-06-16T19:28:40","guid":{"rendered":"https:\/\/veritasinfo.org\/?p=767"},"modified":"2025-06-16T21:28:40","modified_gmt":"2025-06-16T19:28:40","slug":"osmani-vreme-je-da-eu-krene-napred-sa-konkretnim-i-zasluzenim-odlukama-za-kosovo","status":"publish","type":"post","link":"https:\/\/veritasinfo.org\/?p=767&lang=sr","title":{"rendered":"Osmani: Vreme je da EU krene napred sa konkretnim i zaslu\u017eenim odlukama za Kosovo"},"content":{"rendered":"<p>Predsednica Kosova, Vjosa Osmani, izjavila je da je vreme da Evropska unija krene napred sa konkretnim i zaslu\u017eenim odlukama za Kosovo.<\/p>\n<p>Obra\u0107aju\u0107i se u Tirani na samitu lidera zemalja Jugoisto\u010dne Evrope, Osmani je naglasila da EU treba da ukine nepravedne mere protiv Kosova i da mu dodeli status kandidata.<\/p>\n<p>\u201eZahvaljujem predsedniku Begaju na gostoprimstvu i liderstvu na ovom visokom samitu lidera dr\u017eava Jugoisto\u010dne Evrope u Tirani. Tokom svog obra\u0107anja naglasila sam da pro\u0161irenje Evropske unije nije \u010din milosr\u0111a, ve\u0107 strate\u0161ka investicija u bezbednost, stabilnost i budu\u0107nost same Evrope. Zato je vreme da EU krene napred sa konkretnim i zaslu\u017eenim odlukama za Kosovo, uklju\u010duju\u0107i ukidanje nepravednih mera i dodelu statusa kandidata na\u0161oj zemlji. Gra\u0111ani Kosova ne smeju biti taoci mera koje ih direktno poga\u0111aju i koje ne doprinose ni miru, ni dijalogu, niti evropskoj budu\u0107nosti na\u0161eg regiona. Orijentacija Kosova je jasna i nepokolebljiva: ka EU i NATO-u, kao prirodnom delu evroatlantske porodice\u201c, napisala je Osmani na Facebooku.<\/p>\n","protected":false},"excerpt":{"rendered":"<p>Predsednica Kosova, Vjosa Osmani, izjavila je da je vreme da Evropska unija krene napred sa konkretnim i zaslu\u017eenim odlukama za Kosovo. Obra\u0107aju\u0107i se u Tirani<\/p>\n","protected":false},"author":1,"featured_media":764,"comment_status":"open","ping_status":"open","sticky":false,"template":"","format":"standard","meta":{"footnotes":""},"categories":[28],"tags":[],"class_list":["post-767","post","type-post","status-publish","format-standard","has-post-thumbnail","hentry","category-politika"],"yoast_head":"<!-- This site is optimized with the Yoast SEO plugin v25.3.1 - https:\/\/yoast.com\/wordpress\/plugins\/seo\/ -->\n<title>Osmani: Vreme je da EU krene napred sa konkretnim i zaslu\u017eenim odlukama za Kosovo -<\/title>\n<meta name=\"robots\" content=\"index, follow, max-snippet:-1, max-image-preview:large, max-video-preview:-1\" \/>\n<link rel=\"canonical\" href=\"https:\/\/veritasinfo.org\/?p=767&lang=sr\" \/>\n<meta property=\"og:locale\" content=\"en_US\" \/>\n<meta property=\"og:type\" content=\"article\" \/>\n<meta property=\"og:title\" content=\"Osmani: Vreme je da EU krene napred sa konkretnim i zaslu\u017eenim odlukama za Kosovo -\" \/>\n<meta property=\"og:description\" content=\"Predsednica Kosova, Vjosa Osmani, izjavila je da je vreme da Evropska unija krene napred sa konkretnim i zaslu\u017eenim odlukama za Kosovo. Obra\u0107aju\u0107i se u Tirani\" \/>\n<meta property=\"og:url\" content=\"https:\/\/veritasinfo.org\/?p=767&amp;lang=sr\" \/>\n<meta property=\"article:published_time\" content=\"2025-06-16T19:28:40+00:00\" \/>\n<meta property=\"og:image\" content=\"https:\/\/veritasinfo.org\/wp-content\/uploads\/2025\/06\/IMG_9937.jpeg\" \/>\n\t<meta property=\"og:image:width\" content=\"1277\" \/>\n\t<meta property=\"og:image:height\" content=\"822\" \/>\n\t<meta property=\"og:image:type\" content=\"image\/jpeg\" \/>\n<meta name=\"author\" content=\"admin\" \/>\n<meta name=\"twitter:card\" content=\"summary_large_image\" \/>\n<meta name=\"twitter:label1\" content=\"Written by\" \/>\n\t<meta name=\"twitter:data1\" content=\"admin\" \/>\n\t<meta name=\"twitter:label2\" content=\"Est. reading time\" \/>\n\t<meta name=\"twitter:data2\" content=\"1 minute\" \/>\n<script type=\"application\/ld+json\" class=\"yoast-schema-graph\">{\"@context\":\"https:\/\/schema.org\",\"@graph\":[{\"@type\":\"WebPage\",\"@id\":\"https:\/\/veritasinfo.org\/?p=767&lang=sr\",\"url\":\"https:\/\/veritasinfo.org\/?p=767&lang=sr\",\"name\":\"Osmani: Vreme je da EU krene napred sa konkretnim i zaslu\u017eenim odlukama za Kosovo -\",\"isPartOf\":{\"@id\":\"https:\/\/veritasinfo.org\/#website\"},\"primaryImageOfPage\":{\"@id\":\"https:\/\/veritasinfo.org\/?p=767&lang=sr#primaryimage\"},\"image\":{\"@id\":\"https:\/\/veritasinfo.org\/?p=767&lang=sr#primaryimage\"},\"thumbnailUrl\":\"https:\/\/veritasinfo.org\/wp-content\/uploads\/2025\/06\/IMG_9937.jpeg\",\"datePublished\":\"2025-06-16T19:28:40+00:00\",\"author\":{\"@id\":\"https:\/\/veritasinfo.org\/#\/schema\/person\/7701f8c088bece422266b100a712374f\"},\"breadcrumb\":{\"@id\":\"https:\/\/veritasinfo.org\/?p=767&lang=sr#breadcrumb\"},\"inLanguage\":\"en-US\",\"potentialAction\":[{\"@type\":\"ReadAction\",\"target\":[\"https:\/\/veritasinfo.org\/?p=767&lang=sr\"]}]},{\"@type\":\"ImageObject\",\"inLanguage\":\"en-US\",\"@id\":\"https:\/\/veritasinfo.org\/?p=767&lang=sr#primaryimage\",\"url\":\"https:\/\/veritasinfo.org\/wp-content\/uploads\/2025\/06\/IMG_9937.jpeg\",\"contentUrl\":\"https:\/\/veritasinfo.org\/wp-content\/uploads\/2025\/06\/IMG_9937.jpeg\",\"width\":1277,\"height\":822},{\"@type\":\"BreadcrumbList\",\"@id\":\"https:\/\/veritasinfo.org\/?p=767&lang=sr#breadcrumb\",\"itemListElement\":[{\"@type\":\"ListItem\",\"position\":1,\"name\":\"Home\",\"item\":\"https:\/\/veritasinfo.org\/\"},{\"@type\":\"ListItem\",\"position\":2,\"name\":\"Osmani: Vreme je da EU krene napred sa konkretnim i zaslu\u017eenim odlukama za Kosovo\"}]},{\"@type\":\"WebSite\",\"@id\":\"https:\/\/veritasinfo.org\/#website\",\"url\":\"https:\/\/veritasinfo.org\/\",\"name\":\"\",\"description\":\"\",\"potentialAction\":[{\"@type\":\"SearchAction\",\"target\":{\"@type\":\"EntryPoint\",\"urlTemplate\":\"https:\/\/veritasinfo.org\/?s={search_term_string}\"},\"query-input\":{\"@type\":\"PropertyValueSpecification\",\"valueRequired\":true,\"valueName\":\"search_term_string\"}}],\"inLanguage\":\"en-US\"},{\"@type\":\"Person\",\"@id\":\"https:\/\/veritasinfo.org\/#\/schema\/person\/7701f8c088bece422266b100a712374f\",\"name\":\"admin\",\"image\":{\"@type\":\"ImageObject\",\"inLanguage\":\"en-US\",\"@id\":\"https:\/\/veritasinfo.org\/#\/schema\/person\/image\/\",\"url\":\"https:\/\/secure.gravatar.com\/avatar\/ea53aa3bf6c9a12d5fde8ce4deff43fef3885ae33cf60184161a50d6987cfd2f?s=96&d=mm&r=g\",\"contentUrl\":\"https:\/\/secure.gravatar.com\/avatar\/ea53aa3bf6c9a12d5fde8ce4deff43fef3885ae33cf60184161a50d6987cfd2f?s=96&d=mm&r=g\",\"caption\":\"admin\"},\"sameAs\":[\"https:\/\/veritasinfo.org\"],\"url\":\"https:\/\/veritasinfo.org\/?author=1\"}]}<\/script>\n<!-- \/ Yoast SEO plugin. -->","yoast_head_json":{"title":"Osmani: Vreme je da EU krene napred sa konkretnim i zaslu\u017eenim odlukama za Kosovo -","robots":{"index":"index","follow":"follow","max-snippet":"max-snippet:-1","max-image-preview":"max-image-preview:large","max-video-preview":"max-video-preview:-1"},"canonical":"https:\/\/veritasinfo.org\/?p=767&lang=sr","og_locale":"en_US","og_type":"article","og_title":"Osmani: Vreme je da EU krene napred sa konkretnim i zaslu\u017eenim odlukama za Kosovo -","og_description":"Predsednica Kosova, Vjosa Osmani, izjavila je da je vreme da Evropska unija krene napred sa konkretnim i zaslu\u017eenim odlukama za Kosovo. Obra\u0107aju\u0107i se u Tirani","og_url":"https:\/\/veritasinfo.org\/?p=767&lang=sr","article_published_time":"2025-06-16T19:28:40+00:00","og_image":[{"width":1277,"height":822,"url":"https:\/\/veritasinfo.org\/wp-content\/uploads\/2025\/06\/IMG_9937.jpeg","type":"image\/jpeg"}],"author":"admin","twitter_card":"summary_large_image","twitter_misc":{"Written by":"admin","Est. reading time":"1 minute"},"schema":{"@context":"https:\/\/schema.org","@graph":[{"@type":"WebPage","@id":"https:\/\/veritasinfo.org\/?p=767&lang=sr","url":"https:\/\/veritasinfo.org\/?p=767&lang=sr","name":"Osmani: Vreme je da EU krene napred sa konkretnim i zaslu\u017eenim odlukama za Kosovo -","isPartOf":{"@id":"https:\/\/veritasinfo.org\/#website"},"primaryImageOfPage":{"@id":"https:\/\/veritasinfo.org\/?p=767&lang=sr#primaryimage"},"image":{"@id":"https:\/\/veritasinfo.org\/?p=767&lang=sr#primaryimage"},"thumbnailUrl":"https:\/\/veritasinfo.org\/wp-content\/uploads\/2025\/06\/IMG_9937.jpeg","datePublished":"2025-06-16T19:28:40+00:00","author":{"@id":"https:\/\/veritasinfo.org\/#\/schema\/person\/7701f8c088bece422266b100a712374f"},"breadcrumb":{"@id":"https:\/\/veritasinfo.org\/?p=767&lang=sr#breadcrumb"},"inLanguage":"en-US","potentialAction":[{"@type":"ReadAction","target":["https:\/\/veritasinfo.org\/?p=767&lang=sr"]}]},{"@type":"ImageObject","inLanguage":"en-US","@id":"https:\/\/veritasinfo.org\/?p=767&lang=sr#primaryimage","url":"https:\/\/veritasinfo.org\/wp-content\/uploads\/2025\/06\/IMG_9937.jpeg","contentUrl":"https:\/\/veritasinfo.org\/wp-content\/uploads\/2025\/06\/IMG_9937.jpeg","width":1277,"height":822},{"@type":"BreadcrumbList","@id":"https:\/\/veritasinfo.org\/?p=767&lang=sr#breadcrumb","itemListElement":[{"@type":"ListItem","position":1,"name":"Home","item":"https:\/\/veritasinfo.org\/"},{"@type":"ListItem","position":2,"name":"Osmani: Vreme je da EU krene napred sa konkretnim i zaslu\u017eenim odlukama za Kosovo"}]},{"@type":"WebSite","@id":"https:\/\/veritasinfo.org\/#website","url":"https:\/\/veritasinfo.org\/","name":"","description":"","potentialAction":[{"@type":"SearchAction","target":{"@type":"EntryPoint","urlTemplate":"https:\/\/veritasinfo.org\/?s={search_term_string}"},"query-input":{"@type":"PropertyValueSpecification","valueRequired":true,"valueName":"search_term_string"}}],"inLanguage":"en-US"},{"@type":"Person","@id":"https:\/\/veritasinfo.org\/#\/schema\/person\/7701f8c088bece422266b100a712374f","name":"admin","image":{"@type":"ImageObject","inLanguage":"en-US","@id":"https:\/\/veritasinfo.org\/#\/schema\/person\/image\/","url":"https:\/\/secure.gravatar.com\/avatar\/ea53aa3bf6c9a12d5fde8ce4deff43fef3885ae33cf60184161a50d6987cfd2f?s=96&d=mm&r=g","contentUrl":"https:\/\/secure.gravatar.com\/avatar\/ea53aa3bf6c9a12d5fde8ce4deff43fef3885ae33cf60184161a50d6987cfd2f?s=96&d=mm&r=g","caption":"admin"},"sameAs":["https:\/\/veritasinfo.org"],"url":"https:\/\/veritasinfo.org\/?author=1"}]}},"featured_image_urls":{"full":["https:\/\/veritasinfo.org\/wp-content\/uploads\/2025\/06\/IMG_9937.jpeg",1277,822,false],"thumbnail":["https:\/\/veritasinfo.org\/wp-content\/uploads\/2025\/06\/IMG_9937-150x150.jpeg",150,150,true],"medium":["https:\/\/veritasinfo.org\/wp-content\/uploads\/2025\/06\/IMG_9937-300x193.jpeg",300,193,true],"medium_large":["https:\/\/veritasinfo.org\/wp-content\/uploads\/2025\/06\/IMG_9937-768x494.jpeg",640,412,true],"large":["https:\/\/veritasinfo.org\/wp-content\/uploads\/2025\/06\/IMG_9937-1024x659.jpeg",640,412,true],"1536x1536":["https:\/\/veritasinfo.org\/wp-content\/uploads\/2025\/06\/IMG_9937.jpeg",1277,822,false],"2048x2048":["https:\/\/veritasinfo.org\/wp-content\/uploads\/2025\/06\/IMG_9937.jpeg",1277,822,false],"kreeti-slider-full":["https:\/\/veritasinfo.org\/wp-content\/uploads\/2025\/06\/IMG_9937.jpeg",1119,720,false],"kreeti-featured":["https:\/\/veritasinfo.org\/wp-content\/uploads\/2025\/06\/IMG_9937.jpeg",1024,659,false],"kreeti-medium":["https:\/\/veritasinfo.org\/wp-content\/uploads\/2025\/06\/IMG_9937.jpeg",720,463,false],"kreeti-medium-square":["https:\/\/veritasinfo.org\/wp-content\/uploads\/2025\/06\/IMG_9937.jpeg",350,225,false]},"author_info":{"info":["admin"]},"category_info":"<a href=\"https:\/\/veritasinfo.org\/?cat=28&#038;lang=sr\" rel=\"category\">Politika<\/a>","tag_info":"Politika","comment_count":"0","_links":{"self":[{"href":"https:\/\/veritasinfo.org\/index.php?rest_route=\/wp\/v2\/posts\/767","targetHints":{"allow":["GET"]}}],"collection":[{"href":"https:\/\/veritasinfo.org\/index.php?rest_route=\/wp\/v2\/posts"}],"about":[{"href":"https:\/\/veritasinfo.org\/index.php?rest_route=\/wp\/v2\/types\/post"}],"author":[{"embeddable":true,"href":"https:\/\/veritasinfo.org\/index.php?rest_route=\/wp\/v2\/users\/1"}],"replies":[{"embeddable":true,"href":"https:\/\/veritasinfo.org\/index.php?rest_route=%2Fwp%2Fv2%2Fcomments&post=767"}],"version-history":[{"count":1,"href":"https:\/\/veritasinfo.org\/index.php?rest_route=\/wp\/v2\/posts\/767\/revisions"}],"predecessor-version":[{"id":768,"href":"https:\/\/veritasinfo.org\/index.php?rest_route=\/wp\/v2\/posts\/767\/revisions\/768"}],"wp:featuredmedia":[{"embeddable":true,"href":"https:\/\/veritasinfo.org\/index.php?rest_route=\/wp\/v2\/media\/764"}],"wp:attachment":[{"href":"https:\/\/veritasinfo.org\/index.php?rest_route=%2Fwp%2Fv2%2Fmedia&parent=767"}],"wp:term":[{"taxonomy":"category","embeddable":true,"href":"https:\/\/veritasinfo.org\/index.php?rest_route=%2Fwp%2Fv2%2Fcategories&post=767"},{"taxonomy":"post_tag","embeddable":true,"href":"https:\/\/veritasinfo.org\/index.php?rest_route=%2Fwp%2Fv2%2Ftags&post=767"}],"curies":[{"name":"wp","href":"https:\/\/api.w.org\/{rel}","templated":true}]}}