{"id":7664,"date":"2025-08-12T07:20:04","date_gmt":"2025-08-12T05:20:04","guid":{"rendered":"https:\/\/veritasinfo.org\/?p=7664"},"modified":"2025-08-12T07:49:53","modified_gmt":"2025-08-12T05:49:53","slug":"ffk-ja-mbajti-kuvendin-e-jashtezakonshem-per-ndryshimet-e-nevojshme-statutare","status":"publish","type":"post","link":"https:\/\/veritasinfo.org\/?p=7664","title":{"rendered":"FFK-ja mbajti kuvendin e jasht\u00ebzakonsh\u00ebm p\u00ebr ndryshimet e nevojshme statutare"},"content":{"rendered":"<p>Prishtin\u00eb, 12 Gusht 2025<\/p>\n<p>Federata e Futbollit e Kosov\u00ebs ka mbajtur sot kuvendin e jasht\u00ebzakonsh\u00ebm, n\u00eb t\u00eb cilin delegat\u00ebt votuan p\u00ebr nj\u00eb s\u00ebr\u00eb ndryshimesh statutare, me q\u00ebllim q\u00eb statuti i FFK-s\u00eb t\u00eb jet\u00eb n\u00eb p\u00ebrputhje t\u00eb plot\u00eb me statutet e UEFA-s dhe FIFA-s, si dhe me Ligjin e ri t\u00eb sportit t\u00eb Republik\u00ebs s\u00eb Kosov\u00ebs.<\/p>\n<div class=\"code-block code-block-8\">\n<div id=\"futureads_d773fe1afb07405e8d2f0e46933877d3_zone_104122_sect_47401_site_41437\" data-sender=\"futureads\">N\u00eb k\u00ebt\u00eb kuvend mor\u00ebn pjes\u00eb 50 delegat\u00eb, nd\u00ebrsa t\u00eb gjitha pikat e rendit t\u00eb dit\u00ebs u miratuan unanimisht. Mes tyre u votua edhe p\u00ebr p\u00ebrfaq\u00ebsuesin e futbollist\u00ebve, Samir Ujkani, si an\u00ebtar i Komitetit ekzekutiv t\u00eb FFK-s\u00eb.<\/div>\n<\/div>\n<p>Presidenti Agim Ademi, n\u00eb fjal\u00ebn e tij para delegat\u00ebve, u shpreh mir\u00ebnjoh\u00ebs p\u00ebr bashk\u00ebpunimin dhe unitetin e treguar:<\/p>\n<p>\u201cDelegat\u00eb t\u00eb nderuar, ju fal\u00ebnderoj q\u00eb ju keni p\u00ebrgjegjur ftes\u00ebs p\u00ebr kuvend. Nuk e di pse, por sa her\u00eb ka kuvend un\u00eb ndihem i lumtur. Ky kuvend ma zgjon nj\u00eb ndjenj\u00eb se FFK-ja \u00ebsht\u00eb shum\u00eb e fuqishme. Kur juve ju shoh k\u00ebtu si delegat\u00eb nga sfera t\u00eb ndryshme t\u00eb jet\u00ebs q\u00eb jepni shum\u00eb dhe keni sukses, e shoh q\u00eb futbolli \u00ebsht\u00eb n\u00eb duar t\u00eb sigurta. Jam shum\u00eb fal\u00ebnderues q\u00eb ma keni besuar k\u00ebt\u00eb bagazh mua. Do t\u00eb vazhdojm\u00eb sigurisht bashk\u00eb p\u00ebr sa koh\u00eb q\u00eb k\u00ebtu jemi n\u00eb t\u00eb mir\u00eb t\u00eb futbollit. Ju fal\u00ebnderoj edhe ju Komitet ekzekutiv q\u00eb jeni gjithmon\u00eb t\u00eb gatsh\u00ebm t\u00eb kontriboni p\u00ebr zhvillimin e futbollit dhe ndani k\u00ebt\u00eb barr\u00eb t\u00eb madhe s\u00eb bashku me mua\u201d, tha presidenti Ademi n\u00eb fjal\u00ebn e tij.<\/p>\n<div class=\"code-block code-block-7\">\n<p>Ai pas votimit t\u00eb ndryshimeve statutare fal\u00ebnderoi delegat\u00ebt unitetin dhe kompakt\u00ebsin\u00eb q\u00eb kan\u00eb treguar n\u00eb t\u00eb gjitha koh\u00ebrat. \u201dE than\u00eb edhe p\u00ebrfaq\u00ebsuesit e UEFA-s e FIFA-s se futbolli gjithkund n\u00eb bot\u00eb duhet t\u00eb jet\u00eb unik p\u00ebr t\u00eb shkuar p\u00ebrpara. Tashm\u00eb t\u00eb gjitha klubet dhe ne si FFK jemi n\u00eb harmoni me Ligjin e sportit dhe me statutet e UEFA-s e FIFA-s\u201d.<\/p>\n<\/div>\n<p>Punimet e kuvendit, n\u00eb em\u00ebr t\u00eb presidentit t\u00eb FIFA-s Gianni Infantino dhe sekretarit t\u00eb p\u00ebrgjithsh\u00ebm t\u00eb FIFA-s, Mattias Grafstr\u00f6m i p\u00ebrsh\u00ebndeti Marco Ferri, koordinator rajonal i FIFA-s. Ai theksoi bashk\u00ebpunimin e frytsh\u00ebm me FFK-n\u00eb dhe vuri n\u00eb pah sukseset e komb\u00ebtares s\u00eb Kosov\u00ebs:<\/p>\n<p>\u201cJemi mbledhur k\u00ebtu p\u00ebr nj\u00eb kuvend t\u00eb jasht\u00ebzakonsh\u00ebm p\u00ebr ndryshimet statutore dhe tema t\u00eb ndryshme. Kemi pasur nj\u00eb bashk\u00ebpunim shum\u00eb konstruktiv me FFK-n\u00eb p\u00ebr ndryshimet statutore. Ne n\u00eb FIFA e kemi \u00e7muar transparenc\u00ebn q\u00eb ka treguar federata juaj dhe jemi t\u00eb k\u00ebnaqur q\u00eb propozimet tona p\u00ebr ndryshime jan\u00eb marr\u00eb parasysh. Besoj se ky bashk\u00ebpunim paraqet nj\u00eb shembull t\u00eb ri t\u00eb nj\u00eb bashk\u00ebpunimi t\u00eb shk\u00eblqyesh\u00ebm mes FFK-s dhe FIFA-s gjat\u00eb viteve t\u00eb fundit\u201d, tha ai.<\/p>\n<p>Ai tutje uroi Kosov\u00ebn p\u00ebr rezultatet e shk\u00eblqyera q\u00eb ka arritur me nj\u00eb seri prej pes\u00eb ndeshjeve me fitore dhe avancimin n\u00eb Lig\u00ebn B t\u00eb Lig\u00ebs s\u00eb Kombeve. \u201c\u00cbsht\u00eb me r\u00ebnd\u00ebsi t\u00eb mos harrojm\u00eb se kjo \u00ebsht\u00eb nj\u00eb arritje e jasht\u00ebzakonshme p\u00ebr nj\u00eb federat\u00eb e cila \u00ebsht\u00eb b\u00ebr\u00eb an\u00ebtare e FIFA-s as 10 vite m\u00eb par\u00eb. Tani lajmi i keq \u00ebsht\u00eb se Kosova, si kund\u00ebrshtar, me t\u00eb v\u00ebrtet\u00eb \u00ebsht\u00eb nj\u00eb paralajm\u00ebrim p\u00ebr t\u00eb tjer\u00ebt. Kualifikimet p\u00ebr Bot\u00ebrorin 2026 nuk do t\u00eb jen\u00eb fare t\u00eb lehta, posa\u00e7\u00ebrisht duke marr\u00eb parasysh grupin konkurrues, por ekipi juaj ka treguar talent dhe potencial, andaj besoj se n\u00eb t\u00eb ardhmen e af\u00ebrt do t\u00eb shkruani faqe t\u00eb arta n\u00eb historin\u00eb e futbollit tuaj\u201d, tha tutje Ferri.<\/p>\n<p>N\u00eb em\u00ebr t\u00eb presidentit t\u00eb UEFA-s, Aleksand\u00ebr \u00c7eferin, fjal\u00ebn e mori Jozef Klemen, i cili vuri theksin tek uniteti dhe zhvillimi i futbollit:<\/p>\n<p>\u201cE dini t\u00eb gjith\u00eb se para pak koh\u00ebsh u mbajt Kongresi i UEFA-s n\u00eb Beograd, ku fjala ky\u00e7e aty ishte bashkimi, mosp\u00ebr\u00e7arja. E dini se ka pal\u00eb t\u00eb shumta q\u00eb po synojn\u00eb t\u00eb na p\u00ebr\u00e7ajn\u00eb, por \u00ebsht\u00eb shum\u00eb me r\u00ebnd\u00ebsi t\u00eb mbetemi t\u00eb bashkuar. Futbolli nd\u00ebrton ura, nd\u00ebrsa politikan\u00ebt nd\u00ebrtojn\u00eb mure\u201d, tha Klemen.<\/p>\n<p>Ai tha se Kosova si nj\u00eb nga an\u00ebtaret m\u00eb t\u00eb reja t\u00eb UEFA-s po b\u00ebn zhvillim t\u00eb r\u00ebnd\u00ebsish\u00ebm t\u00eb futbollit brenda strategjis\u00eb s\u00eb saj, duke u fokusuar n\u00eb projekte t\u00eb m\u00ebdha infrastrukturore.<\/p>\n<p>\u201cJam shum\u00eb i k\u00ebnaqur q\u00eb fondet e HatTrick-ut t\u00eb UEFA-s po shfryt\u00ebzohen n\u00eb m\u00ebnyr\u00ebn m\u00eb t\u00eb mir\u00eb p\u00ebr zhvillimin e futbollit n\u00eb Kosov\u00eb. Ju uroj p\u00ebr suksesin e treguar me Komb\u00ebtaren, sidomos p\u00ebr fitoren n\u00eb play-off kund\u00ebr Island\u00ebs. Besoj se nga rezultati i treguar, Vedat Muriqi tashm\u00eb \u00ebsht\u00eb heroi i vendit tuaj. N\u00ebse vazhdoni k\u00ebshtu, Kosova do t\u00eb jet\u00eb pjes\u00eb e kampionateve t\u00eb m\u00ebdha\u201d, shtoi ai.<\/p>\n<p>Nj\u00eb fjal\u00eb p\u00ebrsh\u00ebndet\u00ebse mbajti edhe ushtruesi i detyr\u00ebs s\u00eb kryeshefit t\u00eb Agjencis\u00eb p\u00ebr Sport n\u00eb MKRS, Fidan Shatri, i cili theksoi r\u00ebnd\u00ebsin\u00eb e Ligjit t\u00eb ri t\u00eb sportit dhe mb\u00ebshtetjen p\u00ebr organizatat sportive:<\/p>\n<p>\u201cLigji i ri p\u00ebr sport ka sjell rregulla t\u00eb qarta p\u00ebr t\u00eb gjitha organizatat sportive. Si komision i licencimit gjithmon\u00eb kemi qen\u00eb t\u00eb gatsh\u00ebm t\u00eb ofrojm\u00eb mb\u00ebshtetje p\u00ebr organizatat sportive, por nj\u00ebher\u00ebsh edhe t\u00eb monitorojm\u00eb ligjshm\u00ebrin\u00eb e tyre n\u00eb koordinim me organizatat sportive nd\u00ebrkomb\u00ebtare\u201d, tha ai.<\/p>\n<p>&nbsp;<\/p>\n","protected":false},"excerpt":{"rendered":"<p>Prishtin\u00eb, 12 Gusht 2025 Federata e Futbollit e Kosov\u00ebs ka mbajtur sot kuvendin e jasht\u00ebzakonsh\u00ebm, n\u00eb t\u00eb cilin delegat\u00ebt votuan p\u00ebr nj\u00eb s\u00ebr\u00eb ndryshimesh statutare,<\/p>\n","protected":false},"author":1,"featured_media":7665,"comment_status":"open","ping_status":"open","sticky":false,"template":"","format":"standard","meta":{"footnotes":""},"categories":[5],"tags":[],"class_list":["post-7664","post","type-post","status-publish","format-standard","has-post-thumbnail","hentry","category-sport-sq"],"yoast_head":"<!-- This site is optimized with the Yoast SEO plugin v25.3.1 - https:\/\/yoast.com\/wordpress\/plugins\/seo\/ -->\n<title>FFK-ja mbajti kuvendin e jasht\u00ebzakonsh\u00ebm p\u00ebr ndryshimet e nevojshme statutare -<\/title>\n<meta name=\"robots\" content=\"index, follow, max-snippet:-1, max-image-preview:large, max-video-preview:-1\" \/>\n<link rel=\"canonical\" href=\"https:\/\/veritasinfo.org\/?p=7664\" \/>\n<meta property=\"og:locale\" content=\"en_US\" \/>\n<meta property=\"og:type\" content=\"article\" \/>\n<meta property=\"og:title\" content=\"FFK-ja mbajti kuvendin e jasht\u00ebzakonsh\u00ebm p\u00ebr ndryshimet e nevojshme statutare -\" \/>\n<meta property=\"og:description\" content=\"Prishtin\u00eb, 12 Gusht 2025 Federata e Futbollit e Kosov\u00ebs ka mbajtur sot kuvendin e jasht\u00ebzakonsh\u00ebm, n\u00eb t\u00eb cilin delegat\u00ebt votuan p\u00ebr nj\u00eb s\u00ebr\u00eb ndryshimesh statutare,\" \/>\n<meta property=\"og:url\" content=\"https:\/\/veritasinfo.org\/?p=7664\" \/>\n<meta property=\"article:published_time\" content=\"2025-08-12T05:20:04+00:00\" \/>\n<meta property=\"article:modified_time\" content=\"2025-08-12T05:49:53+00:00\" \/>\n<meta property=\"og:image\" content=\"https:\/\/veritasinfo.org\/wp-content\/uploads\/2025\/08\/IMG_2934.png\" \/>\n\t<meta property=\"og:image:width\" content=\"1300\" \/>\n\t<meta property=\"og:image:height\" content=\"520\" \/>\n\t<meta property=\"og:image:type\" content=\"image\/png\" \/>\n<meta name=\"author\" content=\"admin\" \/>\n<meta name=\"twitter:card\" content=\"summary_large_image\" \/>\n<meta name=\"twitter:label1\" content=\"Written by\" \/>\n\t<meta name=\"twitter:data1\" content=\"admin\" \/>\n\t<meta name=\"twitter:label2\" content=\"Est. reading time\" \/>\n\t<meta name=\"twitter:data2\" content=\"4 minutes\" \/>\n<script type=\"application\/ld+json\" class=\"yoast-schema-graph\">{\"@context\":\"https:\/\/schema.org\",\"@graph\":[{\"@type\":\"WebPage\",\"@id\":\"https:\/\/veritasinfo.org\/?p=7664\",\"url\":\"https:\/\/veritasinfo.org\/?p=7664\",\"name\":\"FFK-ja mbajti kuvendin e jasht\u00ebzakonsh\u00ebm p\u00ebr ndryshimet e nevojshme statutare -\",\"isPartOf\":{\"@id\":\"https:\/\/veritasinfo.org\/#website\"},\"primaryImageOfPage\":{\"@id\":\"https:\/\/veritasinfo.org\/?p=7664#primaryimage\"},\"image\":{\"@id\":\"https:\/\/veritasinfo.org\/?p=7664#primaryimage\"},\"thumbnailUrl\":\"https:\/\/veritasinfo.org\/wp-content\/uploads\/2025\/08\/IMG_2934.png\",\"datePublished\":\"2025-08-12T05:20:04+00:00\",\"dateModified\":\"2025-08-12T05:49:53+00:00\",\"author\":{\"@id\":\"https:\/\/veritasinfo.org\/#\/schema\/person\/7701f8c088bece422266b100a712374f\"},\"breadcrumb\":{\"@id\":\"https:\/\/veritasinfo.org\/?p=7664#breadcrumb\"},\"inLanguage\":\"en-US\",\"potentialAction\":[{\"@type\":\"ReadAction\",\"target\":[\"https:\/\/veritasinfo.org\/?p=7664\"]}]},{\"@type\":\"ImageObject\",\"inLanguage\":\"en-US\",\"@id\":\"https:\/\/veritasinfo.org\/?p=7664#primaryimage\",\"url\":\"https:\/\/veritasinfo.org\/wp-content\/uploads\/2025\/08\/IMG_2934.png\",\"contentUrl\":\"https:\/\/veritasinfo.org\/wp-content\/uploads\/2025\/08\/IMG_2934.png\",\"width\":1300,\"height\":520},{\"@type\":\"BreadcrumbList\",\"@id\":\"https:\/\/veritasinfo.org\/?p=7664#breadcrumb\",\"itemListElement\":[{\"@type\":\"ListItem\",\"position\":1,\"name\":\"Home\",\"item\":\"https:\/\/veritasinfo.org\/\"},{\"@type\":\"ListItem\",\"position\":2,\"name\":\"FFK-ja mbajti kuvendin e jasht\u00ebzakonsh\u00ebm p\u00ebr ndryshimet e nevojshme statutare\"}]},{\"@type\":\"WebSite\",\"@id\":\"https:\/\/veritasinfo.org\/#website\",\"url\":\"https:\/\/veritasinfo.org\/\",\"name\":\"\",\"description\":\"\",\"potentialAction\":[{\"@type\":\"SearchAction\",\"target\":{\"@type\":\"EntryPoint\",\"urlTemplate\":\"https:\/\/veritasinfo.org\/?s={search_term_string}\"},\"query-input\":{\"@type\":\"PropertyValueSpecification\",\"valueRequired\":true,\"valueName\":\"search_term_string\"}}],\"inLanguage\":\"en-US\"},{\"@type\":\"Person\",\"@id\":\"https:\/\/veritasinfo.org\/#\/schema\/person\/7701f8c088bece422266b100a712374f\",\"name\":\"admin\",\"image\":{\"@type\":\"ImageObject\",\"inLanguage\":\"en-US\",\"@id\":\"https:\/\/veritasinfo.org\/#\/schema\/person\/image\/\",\"url\":\"https:\/\/secure.gravatar.com\/avatar\/ea53aa3bf6c9a12d5fde8ce4deff43fef3885ae33cf60184161a50d6987cfd2f?s=96&d=mm&r=g\",\"contentUrl\":\"https:\/\/secure.gravatar.com\/avatar\/ea53aa3bf6c9a12d5fde8ce4deff43fef3885ae33cf60184161a50d6987cfd2f?s=96&d=mm&r=g\",\"caption\":\"admin\"},\"sameAs\":[\"https:\/\/veritasinfo.org\"],\"url\":\"https:\/\/veritasinfo.org\/?author=1\"}]}<\/script>\n<!-- \/ Yoast SEO plugin. -->","yoast_head_json":{"title":"FFK-ja mbajti kuvendin e jasht\u00ebzakonsh\u00ebm p\u00ebr ndryshimet e nevojshme statutare -","robots":{"index":"index","follow":"follow","max-snippet":"max-snippet:-1","max-image-preview":"max-image-preview:large","max-video-preview":"max-video-preview:-1"},"canonical":"https:\/\/veritasinfo.org\/?p=7664","og_locale":"en_US","og_type":"article","og_title":"FFK-ja mbajti kuvendin e jasht\u00ebzakonsh\u00ebm p\u00ebr ndryshimet e nevojshme statutare -","og_description":"Prishtin\u00eb, 12 Gusht 2025 Federata e Futbollit e Kosov\u00ebs ka mbajtur sot kuvendin e jasht\u00ebzakonsh\u00ebm, n\u00eb t\u00eb cilin delegat\u00ebt votuan p\u00ebr nj\u00eb s\u00ebr\u00eb ndryshimesh statutare,","og_url":"https:\/\/veritasinfo.org\/?p=7664","article_published_time":"2025-08-12T05:20:04+00:00","article_modified_time":"2025-08-12T05:49:53+00:00","og_image":[{"width":1300,"height":520,"url":"https:\/\/veritasinfo.org\/wp-content\/uploads\/2025\/08\/IMG_2934.png","type":"image\/png"}],"author":"admin","twitter_card":"summary_large_image","twitter_misc":{"Written by":"admin","Est. reading time":"4 minutes"},"schema":{"@context":"https:\/\/schema.org","@graph":[{"@type":"WebPage","@id":"https:\/\/veritasinfo.org\/?p=7664","url":"https:\/\/veritasinfo.org\/?p=7664","name":"FFK-ja mbajti kuvendin e jasht\u00ebzakonsh\u00ebm p\u00ebr ndryshimet e nevojshme statutare -","isPartOf":{"@id":"https:\/\/veritasinfo.org\/#website"},"primaryImageOfPage":{"@id":"https:\/\/veritasinfo.org\/?p=7664#primaryimage"},"image":{"@id":"https:\/\/veritasinfo.org\/?p=7664#primaryimage"},"thumbnailUrl":"https:\/\/veritasinfo.org\/wp-content\/uploads\/2025\/08\/IMG_2934.png","datePublished":"2025-08-12T05:20:04+00:00","dateModified":"2025-08-12T05:49:53+00:00","author":{"@id":"https:\/\/veritasinfo.org\/#\/schema\/person\/7701f8c088bece422266b100a712374f"},"breadcrumb":{"@id":"https:\/\/veritasinfo.org\/?p=7664#breadcrumb"},"inLanguage":"en-US","potentialAction":[{"@type":"ReadAction","target":["https:\/\/veritasinfo.org\/?p=7664"]}]},{"@type":"ImageObject","inLanguage":"en-US","@id":"https:\/\/veritasinfo.org\/?p=7664#primaryimage","url":"https:\/\/veritasinfo.org\/wp-content\/uploads\/2025\/08\/IMG_2934.png","contentUrl":"https:\/\/veritasinfo.org\/wp-content\/uploads\/2025\/08\/IMG_2934.png","width":1300,"height":520},{"@type":"BreadcrumbList","@id":"https:\/\/veritasinfo.org\/?p=7664#breadcrumb","itemListElement":[{"@type":"ListItem","position":1,"name":"Home","item":"https:\/\/veritasinfo.org\/"},{"@type":"ListItem","position":2,"name":"FFK-ja mbajti kuvendin e jasht\u00ebzakonsh\u00ebm p\u00ebr ndryshimet e nevojshme statutare"}]},{"@type":"WebSite","@id":"https:\/\/veritasinfo.org\/#website","url":"https:\/\/veritasinfo.org\/","name":"","description":"","potentialAction":[{"@type":"SearchAction","target":{"@type":"EntryPoint","urlTemplate":"https:\/\/veritasinfo.org\/?s={search_term_string}"},"query-input":{"@type":"PropertyValueSpecification","valueRequired":true,"valueName":"search_term_string"}}],"inLanguage":"en-US"},{"@type":"Person","@id":"https:\/\/veritasinfo.org\/#\/schema\/person\/7701f8c088bece422266b100a712374f","name":"admin","image":{"@type":"ImageObject","inLanguage":"en-US","@id":"https:\/\/veritasinfo.org\/#\/schema\/person\/image\/","url":"https:\/\/secure.gravatar.com\/avatar\/ea53aa3bf6c9a12d5fde8ce4deff43fef3885ae33cf60184161a50d6987cfd2f?s=96&d=mm&r=g","contentUrl":"https:\/\/secure.gravatar.com\/avatar\/ea53aa3bf6c9a12d5fde8ce4deff43fef3885ae33cf60184161a50d6987cfd2f?s=96&d=mm&r=g","caption":"admin"},"sameAs":["https:\/\/veritasinfo.org"],"url":"https:\/\/veritasinfo.org\/?author=1"}]}},"featured_image_urls":{"full":["https:\/\/veritasinfo.org\/wp-content\/uploads\/2025\/08\/IMG_2934.png",1300,520,false],"thumbnail":["https:\/\/veritasinfo.org\/wp-content\/uploads\/2025\/08\/IMG_2934-150x150.png",150,150,true],"medium":["https:\/\/veritasinfo.org\/wp-content\/uploads\/2025\/08\/IMG_2934-300x120.png",300,120,true],"medium_large":["https:\/\/veritasinfo.org\/wp-content\/uploads\/2025\/08\/IMG_2934-768x307.png",640,256,true],"large":["https:\/\/veritasinfo.org\/wp-content\/uploads\/2025\/08\/IMG_2934-1024x410.png",640,256,true],"1536x1536":["https:\/\/veritasinfo.org\/wp-content\/uploads\/2025\/08\/IMG_2934.png",1300,520,false],"2048x2048":["https:\/\/veritasinfo.org\/wp-content\/uploads\/2025\/08\/IMG_2934.png",1300,520,false],"kreeti-slider-full":["https:\/\/veritasinfo.org\/wp-content\/uploads\/2025\/08\/IMG_2934.png",1280,512,false],"kreeti-featured":["https:\/\/veritasinfo.org\/wp-content\/uploads\/2025\/08\/IMG_2934.png",1024,410,false],"kreeti-medium":["https:\/\/veritasinfo.org\/wp-content\/uploads\/2025\/08\/IMG_2934.png",720,288,false],"kreeti-medium-square":["https:\/\/veritasinfo.org\/wp-content\/uploads\/2025\/08\/IMG_2934.png",350,140,false]},"author_info":{"info":["admin"]},"category_info":"<a href=\"https:\/\/veritasinfo.org\/?cat=5\" rel=\"category\">Sport<\/a>","tag_info":"Sport","comment_count":"0","_links":{"self":[{"href":"https:\/\/veritasinfo.org\/index.php?rest_route=\/wp\/v2\/posts\/7664","targetHints":{"allow":["GET"]}}],"collection":[{"href":"https:\/\/veritasinfo.org\/index.php?rest_route=\/wp\/v2\/posts"}],"about":[{"href":"https:\/\/veritasinfo.org\/index.php?rest_route=\/wp\/v2\/types\/post"}],"author":[{"embeddable":true,"href":"https:\/\/veritasinfo.org\/index.php?rest_route=\/wp\/v2\/users\/1"}],"replies":[{"embeddable":true,"href":"https:\/\/veritasinfo.org\/index.php?rest_route=%2Fwp%2Fv2%2Fcomments&post=7664"}],"version-history":[{"count":3,"href":"https:\/\/veritasinfo.org\/index.php?rest_route=\/wp\/v2\/posts\/7664\/revisions"}],"predecessor-version":[{"id":7670,"href":"https:\/\/veritasinfo.org\/index.php?rest_route=\/wp\/v2\/posts\/7664\/revisions\/7670"}],"wp:featuredmedia":[{"embeddable":true,"href":"https:\/\/veritasinfo.org\/index.php?rest_route=\/wp\/v2\/media\/7665"}],"wp:attachment":[{"href":"https:\/\/veritasinfo.org\/index.php?rest_route=%2Fwp%2Fv2%2Fmedia&parent=7664"}],"wp:term":[{"taxonomy":"category","embeddable":true,"href":"https:\/\/veritasinfo.org\/index.php?rest_route=%2Fwp%2Fv2%2Fcategories&post=7664"},{"taxonomy":"post_tag","embeddable":true,"href":"https:\/\/veritasinfo.org\/index.php?rest_route=%2Fwp%2Fv2%2Ftags&post=7664"}],"curies":[{"name":"wp","href":"https:\/\/api.w.org\/{rel}","templated":true}]}}