{"id":7620,"date":"2025-08-11T20:44:20","date_gmt":"2025-08-11T18:44:20","guid":{"rendered":"https:\/\/veritasinfo.org\/?p=7620"},"modified":"2025-08-11T20:44:20","modified_gmt":"2025-08-11T18:44:20","slug":"kamberi-policia-multietnike-po-rrezikon-te-zhduket","status":"publish","type":"post","link":"https:\/\/veritasinfo.org\/?p=7620","title":{"rendered":"Kamberi: Policia multietnike po rrezikon t\u00eb zhduket"},"content":{"rendered":"<p>Preshev\u00eb, 11 Gusht 2025<\/p>\n<p>Deputeti shqiptar n\u00eb Kuvendin e Serbis\u00eb, Shaip Kamberi, ka paralajm\u00ebruar se policia multietnike n\u00eb Lugin\u00ebn e Preshev\u00ebs dhe Sanxhak po rrezikon t\u00eb zhduket, p\u00ebr shkak t\u00eb munges\u00ebs s\u00eb p\u00ebrfaq\u00ebsimit t\u00eb drejt\u00eb t\u00eb shqiptar\u00ebve dhe boshnjak\u00ebve n\u00eb strukturat policore.<\/p>\n<p>P\u00ebrmes nj\u00eb postimi n\u00eb rrjetet sociale, Kamberi ka b\u00ebr\u00eb t\u00eb ditur se bashk\u00eb me deputet\u00ebt e Partis\u00eb s\u00eb Veprimit Demokratik (SDA) nga Sanxhaku, Ahmedin Shkrijel dhe Minela Kalender, kan\u00eb iniciuar hartimin e nj\u00eb programi t\u00eb ve\u00e7ant\u00eb p\u00ebr pun\u00ebsimin e t\u00eb rinjve shqiptar\u00eb dhe boshnjak\u00eb n\u00eb polici.<\/p>\n<p>Sipas tij, pun\u00ebsimet e dekad\u00ebs s\u00eb fundit nuk kan\u00eb garantuar p\u00ebrfaq\u00ebsim t\u00eb barabart\u00eb, \u00e7ka ka sjell\u00eb \u201czvog\u00eblim t\u00eb ndjesh\u00ebm t\u00eb numrit t\u00eb shqiptar\u00ebve dhe boshnjak\u00ebve n\u00eb polici\u201d dhe mosp\u00ebrputhje serioze mes p\u00ebrb\u00ebrjes s\u00eb saj dhe struktur\u00ebs komb\u00ebtare t\u00eb popullsis\u00eb lokale.<\/p>\n<p>\u201cPrandaj, n\u00eb iniciativ\u00ebn q\u00eb i kemi d\u00ebrguar Kryeministrit t\u00eb Serbis\u00eb kemi k\u00ebrkuar q\u00eb t\u00eb inicohet program i ve\u00e7ant\u00eb p\u00ebr pun\u00ebsimin e t\u00eb rinjve shqiptar\u00eb dhe boshnjak\u00eb, si parakusht p\u00ebr ekzistimin e policis\u00eb multietnike. Ky program duhet t\u00eb vazhdoj\u00eb derisa p\u00ebrb\u00ebrja e policis\u00eb t\u00eb pasqyroj\u00eb realisht p\u00ebrb\u00ebrjen komb\u00ebtare t\u00eb popullsis\u00eb n\u00eb Lugin\u00ebn e Preshev\u00ebs dhe Sanxhak\u201d, ka theksuar Kamberi.<br \/>\nAi ka kujtuar se n\u00eb vitin 2001, me nd\u00ebrmjet\u00ebsimin e OSBE-s\u00eb, u krijua nj\u00eb model i suksessh\u00ebm i policis\u00eb multietnike, i cili, sipas tij, solli stabilitet dhe besim te qytetar\u00ebt. \u201cSot \u00ebsht\u00eb koha t\u00eb rikthejm\u00eb dhe forcojm\u00eb k\u00ebt\u00eb model. Nj\u00eb program i till\u00eb do t\u00eb p\u00ebrmir\u00ebsonte sigurin\u00eb dhe do t\u00eb pasqyronte n\u00eb m\u00ebnyr\u00eb t\u00eb drejt\u00eb struktur\u00ebn e popull\u00ebsis\u00eb n\u00eb k\u00ebto komuna dhe qytete\u201d, ka shtuar deputeti shqiptar.<\/p>\n<p>&nbsp;<\/p>\n<p>&nbsp;<\/p>\n","protected":false},"excerpt":{"rendered":"<p>Preshev\u00eb, 11 Gusht 2025 Deputeti shqiptar n\u00eb Kuvendin e Serbis\u00eb, Shaip Kamberi, ka paralajm\u00ebruar se policia multietnike n\u00eb Lugin\u00ebn e Preshev\u00ebs dhe Sanxhak po rrezikon<\/p>\n","protected":false},"author":1,"featured_media":5678,"comment_status":"open","ping_status":"open","sticky":false,"template":"","format":"standard","meta":{"footnotes":""},"categories":[93],"tags":[],"class_list":["post-7620","post","type-post","status-publish","format-standard","has-post-thumbnail","hentry","category-politika-sq"],"yoast_head":"<!-- This site is optimized with the Yoast SEO plugin v25.3.1 - https:\/\/yoast.com\/wordpress\/plugins\/seo\/ -->\n<title>Kamberi: Policia multietnike po rrezikon t\u00eb zhduket -<\/title>\n<meta name=\"robots\" content=\"index, follow, max-snippet:-1, max-image-preview:large, max-video-preview:-1\" \/>\n<link rel=\"canonical\" href=\"https:\/\/veritasinfo.org\/?p=7620\" \/>\n<meta property=\"og:locale\" content=\"en_US\" \/>\n<meta property=\"og:type\" content=\"article\" \/>\n<meta property=\"og:title\" content=\"Kamberi: Policia multietnike po rrezikon t\u00eb zhduket -\" \/>\n<meta property=\"og:description\" content=\"Preshev\u00eb, 11 Gusht 2025 Deputeti shqiptar n\u00eb Kuvendin e Serbis\u00eb, Shaip Kamberi, ka paralajm\u00ebruar se policia multietnike n\u00eb Lugin\u00ebn e Preshev\u00ebs dhe Sanxhak po rrezikon\" \/>\n<meta property=\"og:url\" content=\"https:\/\/veritasinfo.org\/?p=7620\" \/>\n<meta property=\"article:published_time\" content=\"2025-08-11T18:44:20+00:00\" \/>\n<meta property=\"og:image\" content=\"https:\/\/veritasinfo.org\/wp-content\/uploads\/2025\/07\/f0852cb5-6658-4917-a9b7-f2e899c2b8ec.webp\" \/>\n\t<meta property=\"og:image:width\" content=\"1360\" \/>\n\t<meta property=\"og:image:height\" content=\"870\" \/>\n\t<meta property=\"og:image:type\" content=\"image\/webp\" \/>\n<meta name=\"author\" content=\"admin\" \/>\n<meta name=\"twitter:card\" content=\"summary_large_image\" \/>\n<meta name=\"twitter:label1\" content=\"Written by\" \/>\n\t<meta name=\"twitter:data1\" content=\"admin\" \/>\n\t<meta name=\"twitter:label2\" content=\"Est. reading time\" \/>\n\t<meta name=\"twitter:data2\" content=\"2 minutes\" \/>\n<script type=\"application\/ld+json\" class=\"yoast-schema-graph\">{\"@context\":\"https:\/\/schema.org\",\"@graph\":[{\"@type\":\"WebPage\",\"@id\":\"https:\/\/veritasinfo.org\/?p=7620\",\"url\":\"https:\/\/veritasinfo.org\/?p=7620\",\"name\":\"Kamberi: Policia multietnike po rrezikon t\u00eb zhduket -\",\"isPartOf\":{\"@id\":\"https:\/\/veritasinfo.org\/#website\"},\"primaryImageOfPage\":{\"@id\":\"https:\/\/veritasinfo.org\/?p=7620#primaryimage\"},\"image\":{\"@id\":\"https:\/\/veritasinfo.org\/?p=7620#primaryimage\"},\"thumbnailUrl\":\"https:\/\/veritasinfo.org\/wp-content\/uploads\/2025\/07\/f0852cb5-6658-4917-a9b7-f2e899c2b8ec.webp\",\"datePublished\":\"2025-08-11T18:44:20+00:00\",\"author\":{\"@id\":\"https:\/\/veritasinfo.org\/#\/schema\/person\/7701f8c088bece422266b100a712374f\"},\"breadcrumb\":{\"@id\":\"https:\/\/veritasinfo.org\/?p=7620#breadcrumb\"},\"inLanguage\":\"en-US\",\"potentialAction\":[{\"@type\":\"ReadAction\",\"target\":[\"https:\/\/veritasinfo.org\/?p=7620\"]}]},{\"@type\":\"ImageObject\",\"inLanguage\":\"en-US\",\"@id\":\"https:\/\/veritasinfo.org\/?p=7620#primaryimage\",\"url\":\"https:\/\/veritasinfo.org\/wp-content\/uploads\/2025\/07\/f0852cb5-6658-4917-a9b7-f2e899c2b8ec.webp\",\"contentUrl\":\"https:\/\/veritasinfo.org\/wp-content\/uploads\/2025\/07\/f0852cb5-6658-4917-a9b7-f2e899c2b8ec.webp\",\"width\":1360,\"height\":870},{\"@type\":\"BreadcrumbList\",\"@id\":\"https:\/\/veritasinfo.org\/?p=7620#breadcrumb\",\"itemListElement\":[{\"@type\":\"ListItem\",\"position\":1,\"name\":\"Home\",\"item\":\"https:\/\/veritasinfo.org\/\"},{\"@type\":\"ListItem\",\"position\":2,\"name\":\"Kamberi: Policia multietnike po rrezikon t\u00eb zhduket\"}]},{\"@type\":\"WebSite\",\"@id\":\"https:\/\/veritasinfo.org\/#website\",\"url\":\"https:\/\/veritasinfo.org\/\",\"name\":\"\",\"description\":\"\",\"potentialAction\":[{\"@type\":\"SearchAction\",\"target\":{\"@type\":\"EntryPoint\",\"urlTemplate\":\"https:\/\/veritasinfo.org\/?s={search_term_string}\"},\"query-input\":{\"@type\":\"PropertyValueSpecification\",\"valueRequired\":true,\"valueName\":\"search_term_string\"}}],\"inLanguage\":\"en-US\"},{\"@type\":\"Person\",\"@id\":\"https:\/\/veritasinfo.org\/#\/schema\/person\/7701f8c088bece422266b100a712374f\",\"name\":\"admin\",\"image\":{\"@type\":\"ImageObject\",\"inLanguage\":\"en-US\",\"@id\":\"https:\/\/veritasinfo.org\/#\/schema\/person\/image\/\",\"url\":\"https:\/\/secure.gravatar.com\/avatar\/ea53aa3bf6c9a12d5fde8ce4deff43fef3885ae33cf60184161a50d6987cfd2f?s=96&d=mm&r=g\",\"contentUrl\":\"https:\/\/secure.gravatar.com\/avatar\/ea53aa3bf6c9a12d5fde8ce4deff43fef3885ae33cf60184161a50d6987cfd2f?s=96&d=mm&r=g\",\"caption\":\"admin\"},\"sameAs\":[\"https:\/\/veritasinfo.org\"],\"url\":\"https:\/\/veritasinfo.org\/?author=1\"}]}<\/script>\n<!-- \/ Yoast SEO plugin. -->","yoast_head_json":{"title":"Kamberi: Policia multietnike po rrezikon t\u00eb zhduket -","robots":{"index":"index","follow":"follow","max-snippet":"max-snippet:-1","max-image-preview":"max-image-preview:large","max-video-preview":"max-video-preview:-1"},"canonical":"https:\/\/veritasinfo.org\/?p=7620","og_locale":"en_US","og_type":"article","og_title":"Kamberi: Policia multietnike po rrezikon t\u00eb zhduket -","og_description":"Preshev\u00eb, 11 Gusht 2025 Deputeti shqiptar n\u00eb Kuvendin e Serbis\u00eb, Shaip Kamberi, ka paralajm\u00ebruar se policia multietnike n\u00eb Lugin\u00ebn e Preshev\u00ebs dhe Sanxhak po rrezikon","og_url":"https:\/\/veritasinfo.org\/?p=7620","article_published_time":"2025-08-11T18:44:20+00:00","og_image":[{"width":1360,"height":870,"url":"https:\/\/veritasinfo.org\/wp-content\/uploads\/2025\/07\/f0852cb5-6658-4917-a9b7-f2e899c2b8ec.webp","type":"image\/webp"}],"author":"admin","twitter_card":"summary_large_image","twitter_misc":{"Written by":"admin","Est. reading time":"2 minutes"},"schema":{"@context":"https:\/\/schema.org","@graph":[{"@type":"WebPage","@id":"https:\/\/veritasinfo.org\/?p=7620","url":"https:\/\/veritasinfo.org\/?p=7620","name":"Kamberi: Policia multietnike po rrezikon t\u00eb zhduket -","isPartOf":{"@id":"https:\/\/veritasinfo.org\/#website"},"primaryImageOfPage":{"@id":"https:\/\/veritasinfo.org\/?p=7620#primaryimage"},"image":{"@id":"https:\/\/veritasinfo.org\/?p=7620#primaryimage"},"thumbnailUrl":"https:\/\/veritasinfo.org\/wp-content\/uploads\/2025\/07\/f0852cb5-6658-4917-a9b7-f2e899c2b8ec.webp","datePublished":"2025-08-11T18:44:20+00:00","author":{"@id":"https:\/\/veritasinfo.org\/#\/schema\/person\/7701f8c088bece422266b100a712374f"},"breadcrumb":{"@id":"https:\/\/veritasinfo.org\/?p=7620#breadcrumb"},"inLanguage":"en-US","potentialAction":[{"@type":"ReadAction","target":["https:\/\/veritasinfo.org\/?p=7620"]}]},{"@type":"ImageObject","inLanguage":"en-US","@id":"https:\/\/veritasinfo.org\/?p=7620#primaryimage","url":"https:\/\/veritasinfo.org\/wp-content\/uploads\/2025\/07\/f0852cb5-6658-4917-a9b7-f2e899c2b8ec.webp","contentUrl":"https:\/\/veritasinfo.org\/wp-content\/uploads\/2025\/07\/f0852cb5-6658-4917-a9b7-f2e899c2b8ec.webp","width":1360,"height":870},{"@type":"BreadcrumbList","@id":"https:\/\/veritasinfo.org\/?p=7620#breadcrumb","itemListElement":[{"@type":"ListItem","position":1,"name":"Home","item":"https:\/\/veritasinfo.org\/"},{"@type":"ListItem","position":2,"name":"Kamberi: Policia multietnike po rrezikon t\u00eb zhduket"}]},{"@type":"WebSite","@id":"https:\/\/veritasinfo.org\/#website","url":"https:\/\/veritasinfo.org\/","name":"","description":"","potentialAction":[{"@type":"SearchAction","target":{"@type":"EntryPoint","urlTemplate":"https:\/\/veritasinfo.org\/?s={search_term_string}"},"query-input":{"@type":"PropertyValueSpecification","valueRequired":true,"valueName":"search_term_string"}}],"inLanguage":"en-US"},{"@type":"Person","@id":"https:\/\/veritasinfo.org\/#\/schema\/person\/7701f8c088bece422266b100a712374f","name":"admin","image":{"@type":"ImageObject","inLanguage":"en-US","@id":"https:\/\/veritasinfo.org\/#\/schema\/person\/image\/","url":"https:\/\/secure.gravatar.com\/avatar\/ea53aa3bf6c9a12d5fde8ce4deff43fef3885ae33cf60184161a50d6987cfd2f?s=96&d=mm&r=g","contentUrl":"https:\/\/secure.gravatar.com\/avatar\/ea53aa3bf6c9a12d5fde8ce4deff43fef3885ae33cf60184161a50d6987cfd2f?s=96&d=mm&r=g","caption":"admin"},"sameAs":["https:\/\/veritasinfo.org"],"url":"https:\/\/veritasinfo.org\/?author=1"}]}},"featured_image_urls":{"full":["https:\/\/veritasinfo.org\/wp-content\/uploads\/2025\/07\/f0852cb5-6658-4917-a9b7-f2e899c2b8ec.webp",1360,870,false],"thumbnail":["https:\/\/veritasinfo.org\/wp-content\/uploads\/2025\/07\/f0852cb5-6658-4917-a9b7-f2e899c2b8ec-150x150.webp",150,150,true],"medium":["https:\/\/veritasinfo.org\/wp-content\/uploads\/2025\/07\/f0852cb5-6658-4917-a9b7-f2e899c2b8ec-300x192.webp",300,192,true],"medium_large":["https:\/\/veritasinfo.org\/wp-content\/uploads\/2025\/07\/f0852cb5-6658-4917-a9b7-f2e899c2b8ec-768x491.webp",640,409,true],"large":["https:\/\/veritasinfo.org\/wp-content\/uploads\/2025\/07\/f0852cb5-6658-4917-a9b7-f2e899c2b8ec-1024x655.webp",640,409,true],"1536x1536":["https:\/\/veritasinfo.org\/wp-content\/uploads\/2025\/07\/f0852cb5-6658-4917-a9b7-f2e899c2b8ec.webp",1360,870,false],"2048x2048":["https:\/\/veritasinfo.org\/wp-content\/uploads\/2025\/07\/f0852cb5-6658-4917-a9b7-f2e899c2b8ec.webp",1360,870,false],"kreeti-slider-full":["https:\/\/veritasinfo.org\/wp-content\/uploads\/2025\/07\/f0852cb5-6658-4917-a9b7-f2e899c2b8ec.webp",1126,720,false],"kreeti-featured":["https:\/\/veritasinfo.org\/wp-content\/uploads\/2025\/07\/f0852cb5-6658-4917-a9b7-f2e899c2b8ec.webp",1024,655,false],"kreeti-medium":["https:\/\/veritasinfo.org\/wp-content\/uploads\/2025\/07\/f0852cb5-6658-4917-a9b7-f2e899c2b8ec.webp",720,461,false],"kreeti-medium-square":["https:\/\/veritasinfo.org\/wp-content\/uploads\/2025\/07\/f0852cb5-6658-4917-a9b7-f2e899c2b8ec.webp",350,224,false]},"author_info":{"info":["admin"]},"category_info":"<a href=\"https:\/\/veritasinfo.org\/?cat=93\" rel=\"category\">Politika<\/a>","tag_info":"Politika","comment_count":"0","_links":{"self":[{"href":"https:\/\/veritasinfo.org\/index.php?rest_route=\/wp\/v2\/posts\/7620","targetHints":{"allow":["GET"]}}],"collection":[{"href":"https:\/\/veritasinfo.org\/index.php?rest_route=\/wp\/v2\/posts"}],"about":[{"href":"https:\/\/veritasinfo.org\/index.php?rest_route=\/wp\/v2\/types\/post"}],"author":[{"embeddable":true,"href":"https:\/\/veritasinfo.org\/index.php?rest_route=\/wp\/v2\/users\/1"}],"replies":[{"embeddable":true,"href":"https:\/\/veritasinfo.org\/index.php?rest_route=%2Fwp%2Fv2%2Fcomments&post=7620"}],"version-history":[{"count":1,"href":"https:\/\/veritasinfo.org\/index.php?rest_route=\/wp\/v2\/posts\/7620\/revisions"}],"predecessor-version":[{"id":7621,"href":"https:\/\/veritasinfo.org\/index.php?rest_route=\/wp\/v2\/posts\/7620\/revisions\/7621"}],"wp:featuredmedia":[{"embeddable":true,"href":"https:\/\/veritasinfo.org\/index.php?rest_route=\/wp\/v2\/media\/5678"}],"wp:attachment":[{"href":"https:\/\/veritasinfo.org\/index.php?rest_route=%2Fwp%2Fv2%2Fmedia&parent=7620"}],"wp:term":[{"taxonomy":"category","embeddable":true,"href":"https:\/\/veritasinfo.org\/index.php?rest_route=%2Fwp%2Fv2%2Fcategories&post=7620"},{"taxonomy":"post_tag","embeddable":true,"href":"https:\/\/veritasinfo.org\/index.php?rest_route=%2Fwp%2Fv2%2Ftags&post=7620"}],"curies":[{"name":"wp","href":"https:\/\/api.w.org\/{rel}","templated":true}]}}