{"id":7615,"date":"2025-08-11T19:36:46","date_gmt":"2025-08-11T17:36:46","guid":{"rendered":"https:\/\/veritasinfo.org\/?p=7615"},"modified":"2025-08-11T19:36:46","modified_gmt":"2025-08-11T17:36:46","slug":"md-kerkon-procedura-disiplinore-per-gjyqtaret-e-rasteve-te-mefail-shkodres","status":"publish","type":"post","link":"https:\/\/veritasinfo.org\/?p=7615","title":{"rendered":"MD k\u00ebrkon procedura disiplinore p\u00ebr gjyqtar\u00ebt e rasteve t\u00eb Mefail Shkodr\u00ebs"},"content":{"rendered":"<p><strong>Prishtin\u00eb, 11 Gusht 2025<br \/>\nMinistria e Drejt\u00ebsis\u00eb ka reaguar duke k\u00ebrkuar procedura disiplinore ndaj t\u00eb gjith\u00eb prokuror\u00ebve e gjyqtar\u00ebve q\u00eb kan\u00eb qen\u00eb t\u00eb p\u00ebrfshir\u00eb n\u00eb rastin e gjykimit t\u00eb dy vras\u00ebsve t\u00eb tri viktimave n\u00eb Gjilan, Mefail dhe Edonis Shkodra.<\/strong><\/p>\n<p>N\u00eb reagimin e institucionit n\u00eb facebook thuhet se vendimi i lirimit t\u00eb tyre nga paraburgimi me vendim t\u00eb Gjykat\u00ebs Themelore n\u00eb Prishtin\u00eb, bazuar n\u00eb k\u00ebrkes\u00ebn e Prokuroris\u00eb Speciale vite m\u00eb par\u00eb, \u00ebsht\u00eb i papranuesh\u00ebm.<\/p>\n<p>\u201cKy vendim \u00ebsht\u00eb i pakuptuesh\u00ebm dhe i papranuesh\u00ebm, sidomos duke pasur parasysh q\u00eb t\u00eb dy t\u00eb dyshuarit ishin subjekt i hetimeve p\u00ebr vepra t\u00eb r\u00ebnda penale si fajdeja dhe detyrimi. Lirimi i tyre p\u00ebrb\u00ebn nj\u00eb neglizhenc\u00eb t\u00eb r\u00ebnd\u00eb institucionale dhe ka prodhuar pasoja tragjike e t\u00eb pariparueshme. Ministria e Drejt\u00ebsis\u00eb i b\u00ebn thirrje K\u00ebshillit Prokurorial t\u00eb Kosov\u00ebs dhe atij Gjyq\u00ebsor, q\u00eb t\u00eb nisin menj\u00ebher\u00eb procedurat disiplinore ndaj t\u00eb gjith\u00eb prokuror\u00ebve e gjyqtar\u00ebve q\u00eb kan\u00eb qen\u00eb t\u00eb p\u00ebrfshir\u00eb\u201d, thuhet n\u00eb reagim.<\/p>\n<p>M\u00eb tej MD ka b\u00ebr\u00eb thirrje ndaj sken\u00ebs politike, q\u00eb sipas tyre, po pengojn\u00eb reformat n\u00eb sistemin e drejt\u00ebsis\u00eb.<\/p>\n<p>\u201cReforma n\u00eb drejt\u00ebsi nuk \u00ebsht\u00eb luks dhe as \u00e7\u00ebshtje e interesit t\u00eb ngusht\u00eb politik por \u00ebsht\u00eb nj\u00eb domosdoshm\u00ebri p\u00ebr t\u00eb garantuar sigurin\u00eb, drejt\u00ebsin\u00eb dhe t\u00eb ardhmen e qytetar\u00ebve t\u00eb Republik\u00ebs s\u00eb Kosov\u00ebs. Drejt\u00ebsia nuk \u00ebsht\u00eb pron\u00eb e askujt. Ajo duhet t\u00eb jet\u00eb n\u00eb sh\u00ebrbim t\u00eb qytetar\u00ebve dhe t\u00eb shtetit ligjor. Kjo ngjarje tragjike duhet t\u00eb sh\u00ebrbej\u00eb si alarm p\u00ebr t\u00eb gjith\u00eb, pa nj\u00eb drejt\u00ebsi funksionale, nuk mund t\u00eb ket\u00eb siguri, drejt\u00ebsi apo paqe sociale\u201d, vazhdon reagimi.<\/p>\n<p>Tre persona kan\u00eb mbetur t\u00eb vrar\u00eb si pasoj\u00eb e t\u00eb sht\u00ebnave me arm\u00eb zjarr n\u00eb Gjilan. T\u00eb dyshuarit p\u00ebr kryerjen e rastit jan\u00eb Mefail Shkodra, 53 vje\u00e7, si dhe djemt\u00eb e tij, Edonis Shkodra, 25 vje\u00e7, dhe Engjull Shkodra, 22 vje\u00e7, t\u00eb cil\u00ebt po k\u00ebrkohen nga institucionet e siguris\u00eb.<\/p>\n","protected":false},"excerpt":{"rendered":"<p>Prishtin\u00eb, 11 Gusht 2025 Ministria e Drejt\u00ebsis\u00eb ka reaguar duke k\u00ebrkuar procedura disiplinore ndaj t\u00eb gjith\u00eb prokuror\u00ebve e gjyqtar\u00ebve q\u00eb kan\u00eb qen\u00eb t\u00eb p\u00ebrfshir\u00eb n\u00eb<\/p>\n","protected":false},"author":1,"featured_media":7616,"comment_status":"open","ping_status":"open","sticky":false,"template":"","format":"standard","meta":{"footnotes":""},"categories":[60],"tags":[],"class_list":["post-7615","post","type-post","status-publish","format-standard","has-post-thumbnail","hentry","category-shoqerore-sq"],"yoast_head":"<!-- This site is optimized with the Yoast SEO plugin v25.3.1 - https:\/\/yoast.com\/wordpress\/plugins\/seo\/ -->\n<title>MD k\u00ebrkon procedura disiplinore p\u00ebr gjyqtar\u00ebt e rasteve t\u00eb Mefail Shkodr\u00ebs -<\/title>\n<meta name=\"robots\" content=\"index, follow, max-snippet:-1, max-image-preview:large, max-video-preview:-1\" \/>\n<link rel=\"canonical\" href=\"https:\/\/veritasinfo.org\/?p=7615\" \/>\n<meta property=\"og:locale\" content=\"en_US\" \/>\n<meta property=\"og:type\" content=\"article\" \/>\n<meta property=\"og:title\" content=\"MD k\u00ebrkon procedura disiplinore p\u00ebr gjyqtar\u00ebt e rasteve t\u00eb Mefail Shkodr\u00ebs -\" \/>\n<meta property=\"og:description\" content=\"Prishtin\u00eb, 11 Gusht 2025 Ministria e Drejt\u00ebsis\u00eb ka reaguar duke k\u00ebrkuar procedura disiplinore ndaj t\u00eb gjith\u00eb prokuror\u00ebve e gjyqtar\u00ebve q\u00eb kan\u00eb qen\u00eb t\u00eb p\u00ebrfshir\u00eb n\u00eb\" \/>\n<meta property=\"og:url\" content=\"https:\/\/veritasinfo.org\/?p=7615\" \/>\n<meta property=\"article:published_time\" content=\"2025-08-11T17:36:46+00:00\" \/>\n<meta property=\"og:image\" content=\"https:\/\/veritasinfo.org\/wp-content\/uploads\/2025\/08\/IMG_2927.jpeg\" \/>\n\t<meta property=\"og:image:width\" content=\"780\" \/>\n\t<meta property=\"og:image:height\" content=\"500\" \/>\n\t<meta property=\"og:image:type\" content=\"image\/jpeg\" \/>\n<meta name=\"author\" content=\"admin\" \/>\n<meta name=\"twitter:card\" content=\"summary_large_image\" \/>\n<meta name=\"twitter:label1\" content=\"Written by\" \/>\n\t<meta name=\"twitter:data1\" content=\"admin\" \/>\n\t<meta name=\"twitter:label2\" content=\"Est. reading time\" \/>\n\t<meta name=\"twitter:data2\" content=\"2 minutes\" \/>\n<script type=\"application\/ld+json\" class=\"yoast-schema-graph\">{\"@context\":\"https:\/\/schema.org\",\"@graph\":[{\"@type\":\"WebPage\",\"@id\":\"https:\/\/veritasinfo.org\/?p=7615\",\"url\":\"https:\/\/veritasinfo.org\/?p=7615\",\"name\":\"MD k\u00ebrkon procedura disiplinore p\u00ebr gjyqtar\u00ebt e rasteve t\u00eb Mefail Shkodr\u00ebs -\",\"isPartOf\":{\"@id\":\"https:\/\/veritasinfo.org\/#website\"},\"primaryImageOfPage\":{\"@id\":\"https:\/\/veritasinfo.org\/?p=7615#primaryimage\"},\"image\":{\"@id\":\"https:\/\/veritasinfo.org\/?p=7615#primaryimage\"},\"thumbnailUrl\":\"https:\/\/veritasinfo.org\/wp-content\/uploads\/2025\/08\/IMG_2927.jpeg\",\"datePublished\":\"2025-08-11T17:36:46+00:00\",\"author\":{\"@id\":\"https:\/\/veritasinfo.org\/#\/schema\/person\/7701f8c088bece422266b100a712374f\"},\"breadcrumb\":{\"@id\":\"https:\/\/veritasinfo.org\/?p=7615#breadcrumb\"},\"inLanguage\":\"en-US\",\"potentialAction\":[{\"@type\":\"ReadAction\",\"target\":[\"https:\/\/veritasinfo.org\/?p=7615\"]}]},{\"@type\":\"ImageObject\",\"inLanguage\":\"en-US\",\"@id\":\"https:\/\/veritasinfo.org\/?p=7615#primaryimage\",\"url\":\"https:\/\/veritasinfo.org\/wp-content\/uploads\/2025\/08\/IMG_2927.jpeg\",\"contentUrl\":\"https:\/\/veritasinfo.org\/wp-content\/uploads\/2025\/08\/IMG_2927.jpeg\",\"width\":780,\"height\":500},{\"@type\":\"BreadcrumbList\",\"@id\":\"https:\/\/veritasinfo.org\/?p=7615#breadcrumb\",\"itemListElement\":[{\"@type\":\"ListItem\",\"position\":1,\"name\":\"Home\",\"item\":\"https:\/\/veritasinfo.org\/\"},{\"@type\":\"ListItem\",\"position\":2,\"name\":\"MD k\u00ebrkon procedura disiplinore p\u00ebr gjyqtar\u00ebt e rasteve t\u00eb Mefail Shkodr\u00ebs\"}]},{\"@type\":\"WebSite\",\"@id\":\"https:\/\/veritasinfo.org\/#website\",\"url\":\"https:\/\/veritasinfo.org\/\",\"name\":\"\",\"description\":\"\",\"potentialAction\":[{\"@type\":\"SearchAction\",\"target\":{\"@type\":\"EntryPoint\",\"urlTemplate\":\"https:\/\/veritasinfo.org\/?s={search_term_string}\"},\"query-input\":{\"@type\":\"PropertyValueSpecification\",\"valueRequired\":true,\"valueName\":\"search_term_string\"}}],\"inLanguage\":\"en-US\"},{\"@type\":\"Person\",\"@id\":\"https:\/\/veritasinfo.org\/#\/schema\/person\/7701f8c088bece422266b100a712374f\",\"name\":\"admin\",\"image\":{\"@type\":\"ImageObject\",\"inLanguage\":\"en-US\",\"@id\":\"https:\/\/veritasinfo.org\/#\/schema\/person\/image\/\",\"url\":\"https:\/\/secure.gravatar.com\/avatar\/ea53aa3bf6c9a12d5fde8ce4deff43fef3885ae33cf60184161a50d6987cfd2f?s=96&d=mm&r=g\",\"contentUrl\":\"https:\/\/secure.gravatar.com\/avatar\/ea53aa3bf6c9a12d5fde8ce4deff43fef3885ae33cf60184161a50d6987cfd2f?s=96&d=mm&r=g\",\"caption\":\"admin\"},\"sameAs\":[\"https:\/\/veritasinfo.org\"],\"url\":\"https:\/\/veritasinfo.org\/?author=1\"}]}<\/script>\n<!-- \/ Yoast SEO plugin. -->","yoast_head_json":{"title":"MD k\u00ebrkon procedura disiplinore p\u00ebr gjyqtar\u00ebt e rasteve t\u00eb Mefail Shkodr\u00ebs -","robots":{"index":"index","follow":"follow","max-snippet":"max-snippet:-1","max-image-preview":"max-image-preview:large","max-video-preview":"max-video-preview:-1"},"canonical":"https:\/\/veritasinfo.org\/?p=7615","og_locale":"en_US","og_type":"article","og_title":"MD k\u00ebrkon procedura disiplinore p\u00ebr gjyqtar\u00ebt e rasteve t\u00eb Mefail Shkodr\u00ebs -","og_description":"Prishtin\u00eb, 11 Gusht 2025 Ministria e Drejt\u00ebsis\u00eb ka reaguar duke k\u00ebrkuar procedura disiplinore ndaj t\u00eb gjith\u00eb prokuror\u00ebve e gjyqtar\u00ebve q\u00eb kan\u00eb qen\u00eb t\u00eb p\u00ebrfshir\u00eb n\u00eb","og_url":"https:\/\/veritasinfo.org\/?p=7615","article_published_time":"2025-08-11T17:36:46+00:00","og_image":[{"width":780,"height":500,"url":"https:\/\/veritasinfo.org\/wp-content\/uploads\/2025\/08\/IMG_2927.jpeg","type":"image\/jpeg"}],"author":"admin","twitter_card":"summary_large_image","twitter_misc":{"Written by":"admin","Est. reading time":"2 minutes"},"schema":{"@context":"https:\/\/schema.org","@graph":[{"@type":"WebPage","@id":"https:\/\/veritasinfo.org\/?p=7615","url":"https:\/\/veritasinfo.org\/?p=7615","name":"MD k\u00ebrkon procedura disiplinore p\u00ebr gjyqtar\u00ebt e rasteve t\u00eb Mefail Shkodr\u00ebs -","isPartOf":{"@id":"https:\/\/veritasinfo.org\/#website"},"primaryImageOfPage":{"@id":"https:\/\/veritasinfo.org\/?p=7615#primaryimage"},"image":{"@id":"https:\/\/veritasinfo.org\/?p=7615#primaryimage"},"thumbnailUrl":"https:\/\/veritasinfo.org\/wp-content\/uploads\/2025\/08\/IMG_2927.jpeg","datePublished":"2025-08-11T17:36:46+00:00","author":{"@id":"https:\/\/veritasinfo.org\/#\/schema\/person\/7701f8c088bece422266b100a712374f"},"breadcrumb":{"@id":"https:\/\/veritasinfo.org\/?p=7615#breadcrumb"},"inLanguage":"en-US","potentialAction":[{"@type":"ReadAction","target":["https:\/\/veritasinfo.org\/?p=7615"]}]},{"@type":"ImageObject","inLanguage":"en-US","@id":"https:\/\/veritasinfo.org\/?p=7615#primaryimage","url":"https:\/\/veritasinfo.org\/wp-content\/uploads\/2025\/08\/IMG_2927.jpeg","contentUrl":"https:\/\/veritasinfo.org\/wp-content\/uploads\/2025\/08\/IMG_2927.jpeg","width":780,"height":500},{"@type":"BreadcrumbList","@id":"https:\/\/veritasinfo.org\/?p=7615#breadcrumb","itemListElement":[{"@type":"ListItem","position":1,"name":"Home","item":"https:\/\/veritasinfo.org\/"},{"@type":"ListItem","position":2,"name":"MD k\u00ebrkon procedura disiplinore p\u00ebr gjyqtar\u00ebt e rasteve t\u00eb Mefail Shkodr\u00ebs"}]},{"@type":"WebSite","@id":"https:\/\/veritasinfo.org\/#website","url":"https:\/\/veritasinfo.org\/","name":"","description":"","potentialAction":[{"@type":"SearchAction","target":{"@type":"EntryPoint","urlTemplate":"https:\/\/veritasinfo.org\/?s={search_term_string}"},"query-input":{"@type":"PropertyValueSpecification","valueRequired":true,"valueName":"search_term_string"}}],"inLanguage":"en-US"},{"@type":"Person","@id":"https:\/\/veritasinfo.org\/#\/schema\/person\/7701f8c088bece422266b100a712374f","name":"admin","image":{"@type":"ImageObject","inLanguage":"en-US","@id":"https:\/\/veritasinfo.org\/#\/schema\/person\/image\/","url":"https:\/\/secure.gravatar.com\/avatar\/ea53aa3bf6c9a12d5fde8ce4deff43fef3885ae33cf60184161a50d6987cfd2f?s=96&d=mm&r=g","contentUrl":"https:\/\/secure.gravatar.com\/avatar\/ea53aa3bf6c9a12d5fde8ce4deff43fef3885ae33cf60184161a50d6987cfd2f?s=96&d=mm&r=g","caption":"admin"},"sameAs":["https:\/\/veritasinfo.org"],"url":"https:\/\/veritasinfo.org\/?author=1"}]}},"featured_image_urls":{"full":["https:\/\/veritasinfo.org\/wp-content\/uploads\/2025\/08\/IMG_2927.jpeg",780,500,false],"thumbnail":["https:\/\/veritasinfo.org\/wp-content\/uploads\/2025\/08\/IMG_2927-150x150.jpeg",150,150,true],"medium":["https:\/\/veritasinfo.org\/wp-content\/uploads\/2025\/08\/IMG_2927-300x192.jpeg",300,192,true],"medium_large":["https:\/\/veritasinfo.org\/wp-content\/uploads\/2025\/08\/IMG_2927-768x492.jpeg",640,410,true],"large":["https:\/\/veritasinfo.org\/wp-content\/uploads\/2025\/08\/IMG_2927.jpeg",640,410,false],"1536x1536":["https:\/\/veritasinfo.org\/wp-content\/uploads\/2025\/08\/IMG_2927.jpeg",780,500,false],"2048x2048":["https:\/\/veritasinfo.org\/wp-content\/uploads\/2025\/08\/IMG_2927.jpeg",780,500,false],"kreeti-slider-full":["https:\/\/veritasinfo.org\/wp-content\/uploads\/2025\/08\/IMG_2927.jpeg",780,500,false],"kreeti-featured":["https:\/\/veritasinfo.org\/wp-content\/uploads\/2025\/08\/IMG_2927.jpeg",780,500,false],"kreeti-medium":["https:\/\/veritasinfo.org\/wp-content\/uploads\/2025\/08\/IMG_2927.jpeg",720,462,false],"kreeti-medium-square":["https:\/\/veritasinfo.org\/wp-content\/uploads\/2025\/08\/IMG_2927.jpeg",350,224,false]},"author_info":{"info":["admin"]},"category_info":"<a href=\"https:\/\/veritasinfo.org\/?cat=60\" rel=\"category\">Shoq\u00ebrore<\/a>","tag_info":"Shoq\u00ebrore","comment_count":"0","_links":{"self":[{"href":"https:\/\/veritasinfo.org\/index.php?rest_route=\/wp\/v2\/posts\/7615","targetHints":{"allow":["GET"]}}],"collection":[{"href":"https:\/\/veritasinfo.org\/index.php?rest_route=\/wp\/v2\/posts"}],"about":[{"href":"https:\/\/veritasinfo.org\/index.php?rest_route=\/wp\/v2\/types\/post"}],"author":[{"embeddable":true,"href":"https:\/\/veritasinfo.org\/index.php?rest_route=\/wp\/v2\/users\/1"}],"replies":[{"embeddable":true,"href":"https:\/\/veritasinfo.org\/index.php?rest_route=%2Fwp%2Fv2%2Fcomments&post=7615"}],"version-history":[{"count":1,"href":"https:\/\/veritasinfo.org\/index.php?rest_route=\/wp\/v2\/posts\/7615\/revisions"}],"predecessor-version":[{"id":7617,"href":"https:\/\/veritasinfo.org\/index.php?rest_route=\/wp\/v2\/posts\/7615\/revisions\/7617"}],"wp:featuredmedia":[{"embeddable":true,"href":"https:\/\/veritasinfo.org\/index.php?rest_route=\/wp\/v2\/media\/7616"}],"wp:attachment":[{"href":"https:\/\/veritasinfo.org\/index.php?rest_route=%2Fwp%2Fv2%2Fmedia&parent=7615"}],"wp:term":[{"taxonomy":"category","embeddable":true,"href":"https:\/\/veritasinfo.org\/index.php?rest_route=%2Fwp%2Fv2%2Fcategories&post=7615"},{"taxonomy":"post_tag","embeddable":true,"href":"https:\/\/veritasinfo.org\/index.php?rest_route=%2Fwp%2Fv2%2Ftags&post=7615"}],"curies":[{"name":"wp","href":"https:\/\/api.w.org\/{rel}","templated":true}]}}