{"id":7610,"date":"2025-08-11T19:15:46","date_gmt":"2025-08-11T17:15:46","guid":{"rendered":"https:\/\/veritasinfo.org\/?p=7610"},"modified":"2025-08-11T19:15:46","modified_gmt":"2025-08-11T17:15:46","slug":"ftesa-ndaj-llabanit-reagon-presidenca-presidentja-as-nuk-merret-me-lista-protokollare","status":"publish","type":"post","link":"https:\/\/veritasinfo.org\/?p=7610","title":{"rendered":"Ftesa ndaj Llabanit, reagon presidenca: Presidentja as nuk merret me lista protokollare"},"content":{"rendered":"<p>Prishtin\u00eb, 11 Gusht 2025<\/p>\n<p><strong>K\u00ebshilltari i Presidentes Vjosa Osmani, Bekim Kupina, ka faj\u00ebsuar Protokollin p\u00ebr ftes\u00ebn e d\u00ebrguar Radomir Llabanit me rastin e festimit t\u00eb 17-vjetorit t\u00eb Pavar\u00ebsis\u00eb.<\/strong><\/p>\n<p>Ai ka deklaruar se Presidentja nuk \u00ebsht\u00eb ajo q\u00eb p\u00ebrpilon listat protokollare. Sipas tij, me k\u00ebt\u00eb merret Protokolli institucional.<\/p>\n<p>\u201cPresidentja as nuk p\u00ebrpilon, as nuk merret me lista protokollare. Do t\u00eb ishte absurde t\u00eb mendohej se ajo merret me lista e ftesa. Me protokoll merret Protokolli, e jo Presidentja. Ne nuk e dim\u00eb kush \u00ebsht\u00eb n\u00eb list\u00eb, sepse me k\u00ebto \u00e7\u00ebshtje merret Protokolli, duke u bazuar n\u00eb listat protokollare ekzistuese,\u201d \u2013 ka deklaruar Kupina.<\/p>\n<p>Ai shtoi se Protokolli \u00ebsht\u00eb dashur ta marr\u00eb parasysh deklarat\u00ebn publike t\u00eb Presidentes Osmani t\u00eb vitit 2024, kur ajo ishte shprehur p\u00ebr gjyqtarin serb Radomir Llaban.<\/p>\n<p>\u201cPresidentja as nuk p\u00ebrpilon as nuk merret me lista protokollare. Do t\u00eb ishte absurde t\u00eb mendohej se ajo merret me lista e ftesa. Me protokoll merret Protokolli e jo Presidentja. Ne nuk e dijm\u00eb se kush \u00ebsht\u00eb n\u00eb list\u00eb sepse protokolli merret me k\u00ebto \u00e7\u00ebshtje duke shfryt\u00ebzuar lista protokollare. Presidentja ka b\u00ebr\u00eb deklarat\u00eb publike rreth z Llaban edhe n\u00eb vitin 2024. Protokolli do t\u00eb duhej ta merrte at\u00eb deklarat\u00eb publike parasysh gjat\u00eb perpilimit t\u00eb listave t\u00eb organizimeve t\u00eb tilla. Presidentja \u00ebsht\u00eb siguruar q\u00eb dosja e z.Llaban, n\u00ebp\u00ebrmjet AKI-s\u00eb, t\u2019i d\u00ebrgohet edhe Gjykat\u00ebs Kushtetuese, edhe Prokuroris\u00eb, edhe Policis\u00eb. Kjo ka qen\u00eb detyra e saj, e jo detyra e p\u00ebrpilimit t\u00eb listave protokollare\u201d, ka th\u00ebn\u00eb Bekim Kupina, k\u00ebshilltar p\u00ebr Media.<\/p>\n<p>&nbsp;<\/p>\n<p>&nbsp;<\/p>\n<p>&nbsp;<\/p>\n","protected":false},"excerpt":{"rendered":"<p>Prishtin\u00eb, 11 Gusht 2025 K\u00ebshilltari i Presidentes Vjosa Osmani, Bekim Kupina, ka faj\u00ebsuar Protokollin p\u00ebr ftes\u00ebn e d\u00ebrguar Radomir Llabanit me rastin e festimit t\u00eb<\/p>\n","protected":false},"author":1,"featured_media":7611,"comment_status":"open","ping_status":"open","sticky":false,"template":"","format":"standard","meta":{"footnotes":""},"categories":[60],"tags":[],"class_list":["post-7610","post","type-post","status-publish","format-standard","has-post-thumbnail","hentry","category-shoqerore-sq"],"yoast_head":"<!-- This site is optimized with the Yoast SEO plugin v25.3.1 - https:\/\/yoast.com\/wordpress\/plugins\/seo\/ -->\n<title>Ftesa ndaj Llabanit, reagon presidenca: Presidentja as nuk merret me lista protokollare -<\/title>\n<meta name=\"robots\" content=\"index, follow, max-snippet:-1, max-image-preview:large, max-video-preview:-1\" \/>\n<link rel=\"canonical\" href=\"https:\/\/veritasinfo.org\/?p=7610\" \/>\n<meta property=\"og:locale\" content=\"en_US\" \/>\n<meta property=\"og:type\" content=\"article\" \/>\n<meta property=\"og:title\" content=\"Ftesa ndaj Llabanit, reagon presidenca: Presidentja as nuk merret me lista protokollare -\" \/>\n<meta property=\"og:description\" content=\"Prishtin\u00eb, 11 Gusht 2025 K\u00ebshilltari i Presidentes Vjosa Osmani, Bekim Kupina, ka faj\u00ebsuar Protokollin p\u00ebr ftes\u00ebn e d\u00ebrguar Radomir Llabanit me rastin e festimit t\u00eb\" \/>\n<meta property=\"og:url\" content=\"https:\/\/veritasinfo.org\/?p=7610\" \/>\n<meta property=\"article:published_time\" content=\"2025-08-11T17:15:46+00:00\" \/>\n<meta property=\"og:image\" content=\"https:\/\/veritasinfo.org\/wp-content\/uploads\/2025\/08\/IMG_2926.jpeg\" \/>\n\t<meta property=\"og:image:width\" content=\"720\" \/>\n\t<meta property=\"og:image:height\" content=\"480\" \/>\n\t<meta property=\"og:image:type\" content=\"image\/jpeg\" \/>\n<meta name=\"author\" content=\"admin\" \/>\n<meta name=\"twitter:card\" content=\"summary_large_image\" \/>\n<meta name=\"twitter:label1\" content=\"Written by\" \/>\n\t<meta name=\"twitter:data1\" content=\"admin\" \/>\n\t<meta name=\"twitter:label2\" content=\"Est. reading time\" \/>\n\t<meta name=\"twitter:data2\" content=\"2 minutes\" \/>\n<script type=\"application\/ld+json\" class=\"yoast-schema-graph\">{\"@context\":\"https:\/\/schema.org\",\"@graph\":[{\"@type\":\"WebPage\",\"@id\":\"https:\/\/veritasinfo.org\/?p=7610\",\"url\":\"https:\/\/veritasinfo.org\/?p=7610\",\"name\":\"Ftesa ndaj Llabanit, reagon presidenca: Presidentja as nuk merret me lista protokollare -\",\"isPartOf\":{\"@id\":\"https:\/\/veritasinfo.org\/#website\"},\"primaryImageOfPage\":{\"@id\":\"https:\/\/veritasinfo.org\/?p=7610#primaryimage\"},\"image\":{\"@id\":\"https:\/\/veritasinfo.org\/?p=7610#primaryimage\"},\"thumbnailUrl\":\"https:\/\/veritasinfo.org\/wp-content\/uploads\/2025\/08\/IMG_2926.jpeg\",\"datePublished\":\"2025-08-11T17:15:46+00:00\",\"author\":{\"@id\":\"https:\/\/veritasinfo.org\/#\/schema\/person\/7701f8c088bece422266b100a712374f\"},\"breadcrumb\":{\"@id\":\"https:\/\/veritasinfo.org\/?p=7610#breadcrumb\"},\"inLanguage\":\"en-US\",\"potentialAction\":[{\"@type\":\"ReadAction\",\"target\":[\"https:\/\/veritasinfo.org\/?p=7610\"]}]},{\"@type\":\"ImageObject\",\"inLanguage\":\"en-US\",\"@id\":\"https:\/\/veritasinfo.org\/?p=7610#primaryimage\",\"url\":\"https:\/\/veritasinfo.org\/wp-content\/uploads\/2025\/08\/IMG_2926.jpeg\",\"contentUrl\":\"https:\/\/veritasinfo.org\/wp-content\/uploads\/2025\/08\/IMG_2926.jpeg\",\"width\":720,\"height\":480},{\"@type\":\"BreadcrumbList\",\"@id\":\"https:\/\/veritasinfo.org\/?p=7610#breadcrumb\",\"itemListElement\":[{\"@type\":\"ListItem\",\"position\":1,\"name\":\"Home\",\"item\":\"https:\/\/veritasinfo.org\/\"},{\"@type\":\"ListItem\",\"position\":2,\"name\":\"Ftesa ndaj Llabanit, reagon presidenca: Presidentja as nuk merret me lista protokollare\"}]},{\"@type\":\"WebSite\",\"@id\":\"https:\/\/veritasinfo.org\/#website\",\"url\":\"https:\/\/veritasinfo.org\/\",\"name\":\"\",\"description\":\"\",\"potentialAction\":[{\"@type\":\"SearchAction\",\"target\":{\"@type\":\"EntryPoint\",\"urlTemplate\":\"https:\/\/veritasinfo.org\/?s={search_term_string}\"},\"query-input\":{\"@type\":\"PropertyValueSpecification\",\"valueRequired\":true,\"valueName\":\"search_term_string\"}}],\"inLanguage\":\"en-US\"},{\"@type\":\"Person\",\"@id\":\"https:\/\/veritasinfo.org\/#\/schema\/person\/7701f8c088bece422266b100a712374f\",\"name\":\"admin\",\"image\":{\"@type\":\"ImageObject\",\"inLanguage\":\"en-US\",\"@id\":\"https:\/\/veritasinfo.org\/#\/schema\/person\/image\/\",\"url\":\"https:\/\/secure.gravatar.com\/avatar\/ea53aa3bf6c9a12d5fde8ce4deff43fef3885ae33cf60184161a50d6987cfd2f?s=96&d=mm&r=g\",\"contentUrl\":\"https:\/\/secure.gravatar.com\/avatar\/ea53aa3bf6c9a12d5fde8ce4deff43fef3885ae33cf60184161a50d6987cfd2f?s=96&d=mm&r=g\",\"caption\":\"admin\"},\"sameAs\":[\"https:\/\/veritasinfo.org\"],\"url\":\"https:\/\/veritasinfo.org\/?author=1\"}]}<\/script>\n<!-- \/ Yoast SEO plugin. -->","yoast_head_json":{"title":"Ftesa ndaj Llabanit, reagon presidenca: Presidentja as nuk merret me lista protokollare -","robots":{"index":"index","follow":"follow","max-snippet":"max-snippet:-1","max-image-preview":"max-image-preview:large","max-video-preview":"max-video-preview:-1"},"canonical":"https:\/\/veritasinfo.org\/?p=7610","og_locale":"en_US","og_type":"article","og_title":"Ftesa ndaj Llabanit, reagon presidenca: Presidentja as nuk merret me lista protokollare -","og_description":"Prishtin\u00eb, 11 Gusht 2025 K\u00ebshilltari i Presidentes Vjosa Osmani, Bekim Kupina, ka faj\u00ebsuar Protokollin p\u00ebr ftes\u00ebn e d\u00ebrguar Radomir Llabanit me rastin e festimit t\u00eb","og_url":"https:\/\/veritasinfo.org\/?p=7610","article_published_time":"2025-08-11T17:15:46+00:00","og_image":[{"width":720,"height":480,"url":"https:\/\/veritasinfo.org\/wp-content\/uploads\/2025\/08\/IMG_2926.jpeg","type":"image\/jpeg"}],"author":"admin","twitter_card":"summary_large_image","twitter_misc":{"Written by":"admin","Est. reading time":"2 minutes"},"schema":{"@context":"https:\/\/schema.org","@graph":[{"@type":"WebPage","@id":"https:\/\/veritasinfo.org\/?p=7610","url":"https:\/\/veritasinfo.org\/?p=7610","name":"Ftesa ndaj Llabanit, reagon presidenca: Presidentja as nuk merret me lista protokollare -","isPartOf":{"@id":"https:\/\/veritasinfo.org\/#website"},"primaryImageOfPage":{"@id":"https:\/\/veritasinfo.org\/?p=7610#primaryimage"},"image":{"@id":"https:\/\/veritasinfo.org\/?p=7610#primaryimage"},"thumbnailUrl":"https:\/\/veritasinfo.org\/wp-content\/uploads\/2025\/08\/IMG_2926.jpeg","datePublished":"2025-08-11T17:15:46+00:00","author":{"@id":"https:\/\/veritasinfo.org\/#\/schema\/person\/7701f8c088bece422266b100a712374f"},"breadcrumb":{"@id":"https:\/\/veritasinfo.org\/?p=7610#breadcrumb"},"inLanguage":"en-US","potentialAction":[{"@type":"ReadAction","target":["https:\/\/veritasinfo.org\/?p=7610"]}]},{"@type":"ImageObject","inLanguage":"en-US","@id":"https:\/\/veritasinfo.org\/?p=7610#primaryimage","url":"https:\/\/veritasinfo.org\/wp-content\/uploads\/2025\/08\/IMG_2926.jpeg","contentUrl":"https:\/\/veritasinfo.org\/wp-content\/uploads\/2025\/08\/IMG_2926.jpeg","width":720,"height":480},{"@type":"BreadcrumbList","@id":"https:\/\/veritasinfo.org\/?p=7610#breadcrumb","itemListElement":[{"@type":"ListItem","position":1,"name":"Home","item":"https:\/\/veritasinfo.org\/"},{"@type":"ListItem","position":2,"name":"Ftesa ndaj Llabanit, reagon presidenca: Presidentja as nuk merret me lista protokollare"}]},{"@type":"WebSite","@id":"https:\/\/veritasinfo.org\/#website","url":"https:\/\/veritasinfo.org\/","name":"","description":"","potentialAction":[{"@type":"SearchAction","target":{"@type":"EntryPoint","urlTemplate":"https:\/\/veritasinfo.org\/?s={search_term_string}"},"query-input":{"@type":"PropertyValueSpecification","valueRequired":true,"valueName":"search_term_string"}}],"inLanguage":"en-US"},{"@type":"Person","@id":"https:\/\/veritasinfo.org\/#\/schema\/person\/7701f8c088bece422266b100a712374f","name":"admin","image":{"@type":"ImageObject","inLanguage":"en-US","@id":"https:\/\/veritasinfo.org\/#\/schema\/person\/image\/","url":"https:\/\/secure.gravatar.com\/avatar\/ea53aa3bf6c9a12d5fde8ce4deff43fef3885ae33cf60184161a50d6987cfd2f?s=96&d=mm&r=g","contentUrl":"https:\/\/secure.gravatar.com\/avatar\/ea53aa3bf6c9a12d5fde8ce4deff43fef3885ae33cf60184161a50d6987cfd2f?s=96&d=mm&r=g","caption":"admin"},"sameAs":["https:\/\/veritasinfo.org"],"url":"https:\/\/veritasinfo.org\/?author=1"}]}},"featured_image_urls":{"full":["https:\/\/veritasinfo.org\/wp-content\/uploads\/2025\/08\/IMG_2926.jpeg",720,480,false],"thumbnail":["https:\/\/veritasinfo.org\/wp-content\/uploads\/2025\/08\/IMG_2926-150x150.jpeg",150,150,true],"medium":["https:\/\/veritasinfo.org\/wp-content\/uploads\/2025\/08\/IMG_2926-300x200.jpeg",300,200,true],"medium_large":["https:\/\/veritasinfo.org\/wp-content\/uploads\/2025\/08\/IMG_2926.jpeg",640,427,false],"large":["https:\/\/veritasinfo.org\/wp-content\/uploads\/2025\/08\/IMG_2926.jpeg",640,427,false],"1536x1536":["https:\/\/veritasinfo.org\/wp-content\/uploads\/2025\/08\/IMG_2926.jpeg",720,480,false],"2048x2048":["https:\/\/veritasinfo.org\/wp-content\/uploads\/2025\/08\/IMG_2926.jpeg",720,480,false],"kreeti-slider-full":["https:\/\/veritasinfo.org\/wp-content\/uploads\/2025\/08\/IMG_2926.jpeg",720,480,false],"kreeti-featured":["https:\/\/veritasinfo.org\/wp-content\/uploads\/2025\/08\/IMG_2926.jpeg",720,480,false],"kreeti-medium":["https:\/\/veritasinfo.org\/wp-content\/uploads\/2025\/08\/IMG_2926.jpeg",720,480,false],"kreeti-medium-square":["https:\/\/veritasinfo.org\/wp-content\/uploads\/2025\/08\/IMG_2926.jpeg",350,233,false]},"author_info":{"info":["admin"]},"category_info":"<a href=\"https:\/\/veritasinfo.org\/?cat=60\" rel=\"category\">Shoq\u00ebrore<\/a>","tag_info":"Shoq\u00ebrore","comment_count":"0","_links":{"self":[{"href":"https:\/\/veritasinfo.org\/index.php?rest_route=\/wp\/v2\/posts\/7610","targetHints":{"allow":["GET"]}}],"collection":[{"href":"https:\/\/veritasinfo.org\/index.php?rest_route=\/wp\/v2\/posts"}],"about":[{"href":"https:\/\/veritasinfo.org\/index.php?rest_route=\/wp\/v2\/types\/post"}],"author":[{"embeddable":true,"href":"https:\/\/veritasinfo.org\/index.php?rest_route=\/wp\/v2\/users\/1"}],"replies":[{"embeddable":true,"href":"https:\/\/veritasinfo.org\/index.php?rest_route=%2Fwp%2Fv2%2Fcomments&post=7610"}],"version-history":[{"count":1,"href":"https:\/\/veritasinfo.org\/index.php?rest_route=\/wp\/v2\/posts\/7610\/revisions"}],"predecessor-version":[{"id":7612,"href":"https:\/\/veritasinfo.org\/index.php?rest_route=\/wp\/v2\/posts\/7610\/revisions\/7612"}],"wp:featuredmedia":[{"embeddable":true,"href":"https:\/\/veritasinfo.org\/index.php?rest_route=\/wp\/v2\/media\/7611"}],"wp:attachment":[{"href":"https:\/\/veritasinfo.org\/index.php?rest_route=%2Fwp%2Fv2%2Fmedia&parent=7610"}],"wp:term":[{"taxonomy":"category","embeddable":true,"href":"https:\/\/veritasinfo.org\/index.php?rest_route=%2Fwp%2Fv2%2Fcategories&post=7610"},{"taxonomy":"post_tag","embeddable":true,"href":"https:\/\/veritasinfo.org\/index.php?rest_route=%2Fwp%2Fv2%2Ftags&post=7610"}],"curies":[{"name":"wp","href":"https:\/\/api.w.org\/{rel}","templated":true}]}}