{"id":7591,"date":"2025-08-11T15:42:47","date_gmt":"2025-08-11T13:42:47","guid":{"rendered":"https:\/\/veritasinfo.org\/?p=7591"},"modified":"2025-08-11T15:44:28","modified_gmt":"2025-08-11T13:44:28","slug":"kksh-shqiptaret-po-perjashtohen-nga-institucionet-publike-ne-lugine","status":"publish","type":"post","link":"https:\/\/veritasinfo.org\/?p=7591","title":{"rendered":"KKSH: Shqiptar\u00ebt po p\u00ebrjashtohen nga institucionet publike n\u00eb Lugin\u00eb"},"content":{"rendered":"<p>Preshev\u00eb 11 Gusht 2025<\/p>\n<p>K\u00ebshilli Komb\u00ebtar Shqiptar (KKSH) n\u00eb Lugin\u00ebn e Preshev\u00ebs ka reaguar ashp\u00ebr ndaj vendimit p\u00ebr em\u00ebrimin e kat\u00ebr personave nga komuniteti serb, p\u00ebrfshir\u00eb nj\u00eb nga Vranja, n\u00eb Administrat\u00ebn tatimore n\u00eb Bujanoc, komun\u00eb ku shqiptar\u00ebt p\u00ebrb\u00ebjn\u00eb rreth 63% t\u00eb popullsis\u00eb.<\/p>\n<div class=\"code-block code-block-8\">\n<div id=\"futureads_d773fe1afb07405e8d2f0e46933877d3_zone_104122_sect_47401_site_41437\" data-sender=\"futureads\">Sipas kryetarit t\u00eb K\u00ebshillit Komb\u00ebtar, Enkel Rexhepi, ky veprim p\u00ebrb\u00ebn nj\u00eb rast t\u00eb qart\u00eb diskriminimi dhe p\u00ebrjashtimi t\u00eb shqiptar\u00ebve nga jeta publike dhe institucionale.<\/div>\n<\/div>\n<p>N\u00eb reagimin e Rexhepit thuhet se vazhdimi i p\u00ebrjashtimit t\u00eb shqiptar\u00ebve nga pun\u00ebsimi dhe p\u00ebrfaq\u00ebsimi n\u00eb institucionet publike t\u00eb nivelit republikan d\u00ebshmon se qeveria nuk po respekton Kushtetut\u00ebn, ligjet dhe marr\u00ebveshjet e arritura, p\u00ebrfshir\u00eb Marr\u00ebveshjen e Kon\u00e7ulit, planin me 7 pika t\u00eb vitit 2013 dhe Planin e integrimit t\u00eb pjes\u00ebtar\u00ebve t\u00eb pakic\u00ebs komb\u00ebtare shqiptare n\u00eb sektorin publik p\u00ebr periudh\u00ebn 2023\u20132026.<\/p>\n<p>Rexhepi njofton se k\u00ebt\u00eb \u00e7\u00ebshtje do ta adresoj\u00eb edhe para faktor\u00ebve nd\u00ebrkomb\u00ebtar\u00eb, duke e cil\u00ebsuar si shembull t\u00eb past\u00ebr t\u00eb diskriminimit ndaj shqiptar\u00ebve n\u00eb Bujanoc.<\/p>\n<p>&nbsp;<\/p>\n","protected":false},"excerpt":{"rendered":"<p>Preshev\u00eb 11 Gusht 2025 K\u00ebshilli Komb\u00ebtar Shqiptar (KKSH) n\u00eb Lugin\u00ebn e Preshev\u00ebs ka reaguar ashp\u00ebr ndaj vendimit p\u00ebr em\u00ebrimin e kat\u00ebr personave nga komuniteti serb,<\/p>\n","protected":false},"author":1,"featured_media":7593,"comment_status":"open","ping_status":"open","sticky":false,"template":"","format":"standard","meta":{"footnotes":""},"categories":[58],"tags":[],"class_list":["post-7591","post","type-post","status-publish","format-standard","has-post-thumbnail","hentry","category-politike-sq"],"yoast_head":"<!-- This site is optimized with the Yoast SEO plugin v25.3.1 - https:\/\/yoast.com\/wordpress\/plugins\/seo\/ -->\n<title>KKSH: Shqiptar\u00ebt po p\u00ebrjashtohen nga institucionet publike n\u00eb Lugin\u00eb -<\/title>\n<meta name=\"robots\" content=\"index, follow, max-snippet:-1, max-image-preview:large, max-video-preview:-1\" \/>\n<link rel=\"canonical\" href=\"https:\/\/veritasinfo.org\/?p=7591\" \/>\n<meta property=\"og:locale\" content=\"en_US\" \/>\n<meta property=\"og:type\" content=\"article\" \/>\n<meta property=\"og:title\" content=\"KKSH: Shqiptar\u00ebt po p\u00ebrjashtohen nga institucionet publike n\u00eb Lugin\u00eb -\" \/>\n<meta property=\"og:description\" content=\"Preshev\u00eb 11 Gusht 2025 K\u00ebshilli Komb\u00ebtar Shqiptar (KKSH) n\u00eb Lugin\u00ebn e Preshev\u00ebs ka reaguar ashp\u00ebr ndaj vendimit p\u00ebr em\u00ebrimin e kat\u00ebr personave nga komuniteti serb,\" \/>\n<meta property=\"og:url\" content=\"https:\/\/veritasinfo.org\/?p=7591\" \/>\n<meta property=\"article:published_time\" content=\"2025-08-11T13:42:47+00:00\" \/>\n<meta property=\"article:modified_time\" content=\"2025-08-11T13:44:28+00:00\" \/>\n<meta property=\"og:image\" content=\"https:\/\/veritasinfo.org\/wp-content\/uploads\/2025\/08\/IMG_2920.jpeg\" \/>\n\t<meta property=\"og:image:width\" content=\"1536\" \/>\n\t<meta property=\"og:image:height\" content=\"841\" \/>\n\t<meta property=\"og:image:type\" content=\"image\/jpeg\" \/>\n<meta name=\"author\" content=\"admin\" \/>\n<meta name=\"twitter:card\" content=\"summary_large_image\" \/>\n<meta name=\"twitter:label1\" content=\"Written by\" \/>\n\t<meta name=\"twitter:data1\" content=\"admin\" \/>\n\t<meta name=\"twitter:label2\" content=\"Est. reading time\" \/>\n\t<meta name=\"twitter:data2\" content=\"1 minute\" \/>\n<script type=\"application\/ld+json\" class=\"yoast-schema-graph\">{\"@context\":\"https:\/\/schema.org\",\"@graph\":[{\"@type\":\"WebPage\",\"@id\":\"https:\/\/veritasinfo.org\/?p=7591\",\"url\":\"https:\/\/veritasinfo.org\/?p=7591\",\"name\":\"KKSH: Shqiptar\u00ebt po p\u00ebrjashtohen nga institucionet publike n\u00eb Lugin\u00eb -\",\"isPartOf\":{\"@id\":\"https:\/\/veritasinfo.org\/#website\"},\"primaryImageOfPage\":{\"@id\":\"https:\/\/veritasinfo.org\/?p=7591#primaryimage\"},\"image\":{\"@id\":\"https:\/\/veritasinfo.org\/?p=7591#primaryimage\"},\"thumbnailUrl\":\"https:\/\/veritasinfo.org\/wp-content\/uploads\/2025\/08\/IMG_2920.jpeg\",\"datePublished\":\"2025-08-11T13:42:47+00:00\",\"dateModified\":\"2025-08-11T13:44:28+00:00\",\"author\":{\"@id\":\"https:\/\/veritasinfo.org\/#\/schema\/person\/7701f8c088bece422266b100a712374f\"},\"breadcrumb\":{\"@id\":\"https:\/\/veritasinfo.org\/?p=7591#breadcrumb\"},\"inLanguage\":\"en-US\",\"potentialAction\":[{\"@type\":\"ReadAction\",\"target\":[\"https:\/\/veritasinfo.org\/?p=7591\"]}]},{\"@type\":\"ImageObject\",\"inLanguage\":\"en-US\",\"@id\":\"https:\/\/veritasinfo.org\/?p=7591#primaryimage\",\"url\":\"https:\/\/veritasinfo.org\/wp-content\/uploads\/2025\/08\/IMG_2920.jpeg\",\"contentUrl\":\"https:\/\/veritasinfo.org\/wp-content\/uploads\/2025\/08\/IMG_2920.jpeg\",\"width\":1536,\"height\":841},{\"@type\":\"BreadcrumbList\",\"@id\":\"https:\/\/veritasinfo.org\/?p=7591#breadcrumb\",\"itemListElement\":[{\"@type\":\"ListItem\",\"position\":1,\"name\":\"Home\",\"item\":\"https:\/\/veritasinfo.org\/\"},{\"@type\":\"ListItem\",\"position\":2,\"name\":\"KKSH: Shqiptar\u00ebt po p\u00ebrjashtohen nga institucionet publike n\u00eb Lugin\u00eb\"}]},{\"@type\":\"WebSite\",\"@id\":\"https:\/\/veritasinfo.org\/#website\",\"url\":\"https:\/\/veritasinfo.org\/\",\"name\":\"\",\"description\":\"\",\"potentialAction\":[{\"@type\":\"SearchAction\",\"target\":{\"@type\":\"EntryPoint\",\"urlTemplate\":\"https:\/\/veritasinfo.org\/?s={search_term_string}\"},\"query-input\":{\"@type\":\"PropertyValueSpecification\",\"valueRequired\":true,\"valueName\":\"search_term_string\"}}],\"inLanguage\":\"en-US\"},{\"@type\":\"Person\",\"@id\":\"https:\/\/veritasinfo.org\/#\/schema\/person\/7701f8c088bece422266b100a712374f\",\"name\":\"admin\",\"image\":{\"@type\":\"ImageObject\",\"inLanguage\":\"en-US\",\"@id\":\"https:\/\/veritasinfo.org\/#\/schema\/person\/image\/\",\"url\":\"https:\/\/secure.gravatar.com\/avatar\/ea53aa3bf6c9a12d5fde8ce4deff43fef3885ae33cf60184161a50d6987cfd2f?s=96&d=mm&r=g\",\"contentUrl\":\"https:\/\/secure.gravatar.com\/avatar\/ea53aa3bf6c9a12d5fde8ce4deff43fef3885ae33cf60184161a50d6987cfd2f?s=96&d=mm&r=g\",\"caption\":\"admin\"},\"sameAs\":[\"https:\/\/veritasinfo.org\"],\"url\":\"https:\/\/veritasinfo.org\/?author=1\"}]}<\/script>\n<!-- \/ Yoast SEO plugin. -->","yoast_head_json":{"title":"KKSH: Shqiptar\u00ebt po p\u00ebrjashtohen nga institucionet publike n\u00eb Lugin\u00eb -","robots":{"index":"index","follow":"follow","max-snippet":"max-snippet:-1","max-image-preview":"max-image-preview:large","max-video-preview":"max-video-preview:-1"},"canonical":"https:\/\/veritasinfo.org\/?p=7591","og_locale":"en_US","og_type":"article","og_title":"KKSH: Shqiptar\u00ebt po p\u00ebrjashtohen nga institucionet publike n\u00eb Lugin\u00eb -","og_description":"Preshev\u00eb 11 Gusht 2025 K\u00ebshilli Komb\u00ebtar Shqiptar (KKSH) n\u00eb Lugin\u00ebn e Preshev\u00ebs ka reaguar ashp\u00ebr ndaj vendimit p\u00ebr em\u00ebrimin e kat\u00ebr personave nga komuniteti serb,","og_url":"https:\/\/veritasinfo.org\/?p=7591","article_published_time":"2025-08-11T13:42:47+00:00","article_modified_time":"2025-08-11T13:44:28+00:00","og_image":[{"width":1536,"height":841,"url":"https:\/\/veritasinfo.org\/wp-content\/uploads\/2025\/08\/IMG_2920.jpeg","type":"image\/jpeg"}],"author":"admin","twitter_card":"summary_large_image","twitter_misc":{"Written by":"admin","Est. reading time":"1 minute"},"schema":{"@context":"https:\/\/schema.org","@graph":[{"@type":"WebPage","@id":"https:\/\/veritasinfo.org\/?p=7591","url":"https:\/\/veritasinfo.org\/?p=7591","name":"KKSH: Shqiptar\u00ebt po p\u00ebrjashtohen nga institucionet publike n\u00eb Lugin\u00eb -","isPartOf":{"@id":"https:\/\/veritasinfo.org\/#website"},"primaryImageOfPage":{"@id":"https:\/\/veritasinfo.org\/?p=7591#primaryimage"},"image":{"@id":"https:\/\/veritasinfo.org\/?p=7591#primaryimage"},"thumbnailUrl":"https:\/\/veritasinfo.org\/wp-content\/uploads\/2025\/08\/IMG_2920.jpeg","datePublished":"2025-08-11T13:42:47+00:00","dateModified":"2025-08-11T13:44:28+00:00","author":{"@id":"https:\/\/veritasinfo.org\/#\/schema\/person\/7701f8c088bece422266b100a712374f"},"breadcrumb":{"@id":"https:\/\/veritasinfo.org\/?p=7591#breadcrumb"},"inLanguage":"en-US","potentialAction":[{"@type":"ReadAction","target":["https:\/\/veritasinfo.org\/?p=7591"]}]},{"@type":"ImageObject","inLanguage":"en-US","@id":"https:\/\/veritasinfo.org\/?p=7591#primaryimage","url":"https:\/\/veritasinfo.org\/wp-content\/uploads\/2025\/08\/IMG_2920.jpeg","contentUrl":"https:\/\/veritasinfo.org\/wp-content\/uploads\/2025\/08\/IMG_2920.jpeg","width":1536,"height":841},{"@type":"BreadcrumbList","@id":"https:\/\/veritasinfo.org\/?p=7591#breadcrumb","itemListElement":[{"@type":"ListItem","position":1,"name":"Home","item":"https:\/\/veritasinfo.org\/"},{"@type":"ListItem","position":2,"name":"KKSH: Shqiptar\u00ebt po p\u00ebrjashtohen nga institucionet publike n\u00eb Lugin\u00eb"}]},{"@type":"WebSite","@id":"https:\/\/veritasinfo.org\/#website","url":"https:\/\/veritasinfo.org\/","name":"","description":"","potentialAction":[{"@type":"SearchAction","target":{"@type":"EntryPoint","urlTemplate":"https:\/\/veritasinfo.org\/?s={search_term_string}"},"query-input":{"@type":"PropertyValueSpecification","valueRequired":true,"valueName":"search_term_string"}}],"inLanguage":"en-US"},{"@type":"Person","@id":"https:\/\/veritasinfo.org\/#\/schema\/person\/7701f8c088bece422266b100a712374f","name":"admin","image":{"@type":"ImageObject","inLanguage":"en-US","@id":"https:\/\/veritasinfo.org\/#\/schema\/person\/image\/","url":"https:\/\/secure.gravatar.com\/avatar\/ea53aa3bf6c9a12d5fde8ce4deff43fef3885ae33cf60184161a50d6987cfd2f?s=96&d=mm&r=g","contentUrl":"https:\/\/secure.gravatar.com\/avatar\/ea53aa3bf6c9a12d5fde8ce4deff43fef3885ae33cf60184161a50d6987cfd2f?s=96&d=mm&r=g","caption":"admin"},"sameAs":["https:\/\/veritasinfo.org"],"url":"https:\/\/veritasinfo.org\/?author=1"}]}},"featured_image_urls":{"full":["https:\/\/veritasinfo.org\/wp-content\/uploads\/2025\/08\/IMG_2920.jpeg",1536,841,false],"thumbnail":["https:\/\/veritasinfo.org\/wp-content\/uploads\/2025\/08\/IMG_2920-150x150.jpeg",150,150,true],"medium":["https:\/\/veritasinfo.org\/wp-content\/uploads\/2025\/08\/IMG_2920-300x164.jpeg",300,164,true],"medium_large":["https:\/\/veritasinfo.org\/wp-content\/uploads\/2025\/08\/IMG_2920-768x421.jpeg",640,351,true],"large":["https:\/\/veritasinfo.org\/wp-content\/uploads\/2025\/08\/IMG_2920-1024x561.jpeg",640,351,true],"1536x1536":["https:\/\/veritasinfo.org\/wp-content\/uploads\/2025\/08\/IMG_2920.jpeg",1536,841,false],"2048x2048":["https:\/\/veritasinfo.org\/wp-content\/uploads\/2025\/08\/IMG_2920.jpeg",1536,841,false],"kreeti-slider-full":["https:\/\/veritasinfo.org\/wp-content\/uploads\/2025\/08\/IMG_2920.jpeg",1280,701,false],"kreeti-featured":["https:\/\/veritasinfo.org\/wp-content\/uploads\/2025\/08\/IMG_2920.jpeg",1024,561,false],"kreeti-medium":["https:\/\/veritasinfo.org\/wp-content\/uploads\/2025\/08\/IMG_2920.jpeg",720,394,false],"kreeti-medium-square":["https:\/\/veritasinfo.org\/wp-content\/uploads\/2025\/08\/IMG_2920.jpeg",350,192,false]},"author_info":{"info":["admin"]},"category_info":"<a href=\"https:\/\/veritasinfo.org\/?cat=58\" rel=\"category\">Politik\u00eb<\/a>","tag_info":"Politik\u00eb","comment_count":"0","_links":{"self":[{"href":"https:\/\/veritasinfo.org\/index.php?rest_route=\/wp\/v2\/posts\/7591","targetHints":{"allow":["GET"]}}],"collection":[{"href":"https:\/\/veritasinfo.org\/index.php?rest_route=\/wp\/v2\/posts"}],"about":[{"href":"https:\/\/veritasinfo.org\/index.php?rest_route=\/wp\/v2\/types\/post"}],"author":[{"embeddable":true,"href":"https:\/\/veritasinfo.org\/index.php?rest_route=\/wp\/v2\/users\/1"}],"replies":[{"embeddable":true,"href":"https:\/\/veritasinfo.org\/index.php?rest_route=%2Fwp%2Fv2%2Fcomments&post=7591"}],"version-history":[{"count":3,"href":"https:\/\/veritasinfo.org\/index.php?rest_route=\/wp\/v2\/posts\/7591\/revisions"}],"predecessor-version":[{"id":7596,"href":"https:\/\/veritasinfo.org\/index.php?rest_route=\/wp\/v2\/posts\/7591\/revisions\/7596"}],"wp:featuredmedia":[{"embeddable":true,"href":"https:\/\/veritasinfo.org\/index.php?rest_route=\/wp\/v2\/media\/7593"}],"wp:attachment":[{"href":"https:\/\/veritasinfo.org\/index.php?rest_route=%2Fwp%2Fv2%2Fmedia&parent=7591"}],"wp:term":[{"taxonomy":"category","embeddable":true,"href":"https:\/\/veritasinfo.org\/index.php?rest_route=%2Fwp%2Fv2%2Fcategories&post=7591"},{"taxonomy":"post_tag","embeddable":true,"href":"https:\/\/veritasinfo.org\/index.php?rest_route=%2Fwp%2Fv2%2Ftags&post=7591"}],"curies":[{"name":"wp","href":"https:\/\/api.w.org\/{rel}","templated":true}]}}