{"id":7585,"date":"2025-08-11T15:35:02","date_gmt":"2025-08-11T13:35:02","guid":{"rendered":"https:\/\/veritasinfo.org\/?p=7585"},"modified":"2025-08-11T15:35:02","modified_gmt":"2025-08-11T13:35:02","slug":"kryetari-kdtp-dhe-ministri-ne-detyre-per-zhvillim-rajonal-u-takua-me-ministrin-e-mbrojtjes-se-republikes-se-turqise-yasar-guler","status":"publish","type":"post","link":"https:\/\/veritasinfo.org\/?p=7585","title":{"rendered":"Kryetari KDTP dhe ministri n\u00eb detyr\u00eb p\u00ebr Zhvillim Rajonal,  u takua me Ministrin e Mbrojtjes s\u00eb Republik\u00ebs s\u00eb Turqis\u00eb, Ya\u015far G\u00fcler"},"content":{"rendered":"<p>Ankara, 11 Gusht 2025<\/p>\n<p class=\"p1\"><span class=\"s1\">Kryetari i Partis\u00eb Demokratike Turke t\u00eb Kosov\u00ebs (KDTP) dhe ministri n\u00eb detyr\u00eb p\u00ebr Zhvillim Rajonal, Fikrim Damka, gjat\u00eb vizit\u00ebs s\u00eb tij zyrtare n\u00eb Ankara u takua me Ministrin e Mbrojtjes s\u00eb Republik\u00ebs s\u00eb Turqis\u00eb, Ya\u015far G\u00fcler. Gjat\u00eb takimit u diskutuan \u00e7\u00ebshtje t\u00eb bashk\u00ebpunimit n\u00eb fush\u00ebn e mbrojtjes dhe zhvillimeve rajonale.<\/span><\/p>\n<p class=\"p1\"><span class=\"s1\">N\u00eb t\u00eb nj\u00ebjt\u00ebn vizit\u00eb, Damka u takua edhe me ministrin e Pun\u00ebve t\u00eb Jashtme t\u00eb Republik\u00ebs s\u00eb Turqis\u00eb, Hakan Fidan, ku u bisedua p\u00ebr marr\u00ebdh\u00ebniet dypal\u00ebshe dhe zhvillimet rajonale.<\/span><\/p>\n<p class=\"p1\"><span class=\"s1\">K\u00ebto takime kan\u00eb p\u00ebr q\u00ebllim forcimin e bashk\u00ebpunimit mes Kosov\u00ebs dhe Turqis\u00eb, duke rritur mir\u00ebkuptimin dhe bashk\u00ebpunimin reciprok. <\/span><\/p>\n","protected":false},"excerpt":{"rendered":"<p>Ankara, 11 Gusht 2025 Kryetari i Partis\u00eb Demokratike Turke t\u00eb Kosov\u00ebs (KDTP) dhe ministri n\u00eb detyr\u00eb p\u00ebr Zhvillim Rajonal, Fikrim Damka, gjat\u00eb vizit\u00ebs s\u00eb tij<\/p>\n","protected":false},"author":1,"featured_media":7586,"comment_status":"open","ping_status":"open","sticky":false,"template":"","format":"standard","meta":{"footnotes":""},"categories":[93],"tags":[],"class_list":["post-7585","post","type-post","status-publish","format-standard","has-post-thumbnail","hentry","category-politika-sq"],"yoast_head":"<!-- This site is optimized with the Yoast SEO plugin v25.3.1 - https:\/\/yoast.com\/wordpress\/plugins\/seo\/ -->\n<title>Kryetari KDTP dhe ministri n\u00eb detyr\u00eb p\u00ebr Zhvillim Rajonal, u takua me Ministrin e Mbrojtjes s\u00eb Republik\u00ebs s\u00eb Turqis\u00eb, Ya\u015far G\u00fcler -<\/title>\n<meta name=\"robots\" content=\"index, follow, max-snippet:-1, max-image-preview:large, max-video-preview:-1\" \/>\n<link rel=\"canonical\" href=\"https:\/\/veritasinfo.org\/?p=7585\" \/>\n<meta property=\"og:locale\" content=\"en_US\" \/>\n<meta property=\"og:type\" content=\"article\" \/>\n<meta property=\"og:title\" content=\"Kryetari KDTP dhe ministri n\u00eb detyr\u00eb p\u00ebr Zhvillim Rajonal, u takua me Ministrin e Mbrojtjes s\u00eb Republik\u00ebs s\u00eb Turqis\u00eb, Ya\u015far G\u00fcler -\" \/>\n<meta property=\"og:description\" content=\"Ankara, 11 Gusht 2025 Kryetari i Partis\u00eb Demokratike Turke t\u00eb Kosov\u00ebs (KDTP) dhe ministri n\u00eb detyr\u00eb p\u00ebr Zhvillim Rajonal, Fikrim Damka, gjat\u00eb vizit\u00ebs s\u00eb tij\" \/>\n<meta property=\"og:url\" content=\"https:\/\/veritasinfo.org\/?p=7585\" \/>\n<meta property=\"article:published_time\" content=\"2025-08-11T13:35:02+00:00\" \/>\n<meta property=\"og:image\" content=\"https:\/\/veritasinfo.org\/wp-content\/uploads\/2025\/08\/IMG_2919.jpeg\" \/>\n\t<meta property=\"og:image:width\" content=\"1595\" \/>\n\t<meta property=\"og:image:height\" content=\"826\" \/>\n\t<meta property=\"og:image:type\" content=\"image\/jpeg\" \/>\n<meta name=\"author\" content=\"admin\" \/>\n<meta name=\"twitter:card\" content=\"summary_large_image\" \/>\n<meta name=\"twitter:label1\" content=\"Written by\" \/>\n\t<meta name=\"twitter:data1\" content=\"admin\" \/>\n\t<meta name=\"twitter:label2\" content=\"Est. reading time\" \/>\n\t<meta name=\"twitter:data2\" content=\"1 minute\" \/>\n<script type=\"application\/ld+json\" class=\"yoast-schema-graph\">{\"@context\":\"https:\/\/schema.org\",\"@graph\":[{\"@type\":\"WebPage\",\"@id\":\"https:\/\/veritasinfo.org\/?p=7585\",\"url\":\"https:\/\/veritasinfo.org\/?p=7585\",\"name\":\"Kryetari KDTP dhe ministri n\u00eb detyr\u00eb p\u00ebr Zhvillim Rajonal, u takua me Ministrin e Mbrojtjes s\u00eb Republik\u00ebs s\u00eb Turqis\u00eb, Ya\u015far G\u00fcler -\",\"isPartOf\":{\"@id\":\"https:\/\/veritasinfo.org\/#website\"},\"primaryImageOfPage\":{\"@id\":\"https:\/\/veritasinfo.org\/?p=7585#primaryimage\"},\"image\":{\"@id\":\"https:\/\/veritasinfo.org\/?p=7585#primaryimage\"},\"thumbnailUrl\":\"https:\/\/veritasinfo.org\/wp-content\/uploads\/2025\/08\/IMG_2919.jpeg\",\"datePublished\":\"2025-08-11T13:35:02+00:00\",\"author\":{\"@id\":\"https:\/\/veritasinfo.org\/#\/schema\/person\/7701f8c088bece422266b100a712374f\"},\"breadcrumb\":{\"@id\":\"https:\/\/veritasinfo.org\/?p=7585#breadcrumb\"},\"inLanguage\":\"en-US\",\"potentialAction\":[{\"@type\":\"ReadAction\",\"target\":[\"https:\/\/veritasinfo.org\/?p=7585\"]}]},{\"@type\":\"ImageObject\",\"inLanguage\":\"en-US\",\"@id\":\"https:\/\/veritasinfo.org\/?p=7585#primaryimage\",\"url\":\"https:\/\/veritasinfo.org\/wp-content\/uploads\/2025\/08\/IMG_2919.jpeg\",\"contentUrl\":\"https:\/\/veritasinfo.org\/wp-content\/uploads\/2025\/08\/IMG_2919.jpeg\",\"width\":1595,\"height\":826},{\"@type\":\"BreadcrumbList\",\"@id\":\"https:\/\/veritasinfo.org\/?p=7585#breadcrumb\",\"itemListElement\":[{\"@type\":\"ListItem\",\"position\":1,\"name\":\"Home\",\"item\":\"https:\/\/veritasinfo.org\/\"},{\"@type\":\"ListItem\",\"position\":2,\"name\":\"Kryetari KDTP dhe ministri n\u00eb detyr\u00eb p\u00ebr Zhvillim Rajonal, u takua me Ministrin e Mbrojtjes s\u00eb Republik\u00ebs s\u00eb Turqis\u00eb, Ya\u015far G\u00fcler\"}]},{\"@type\":\"WebSite\",\"@id\":\"https:\/\/veritasinfo.org\/#website\",\"url\":\"https:\/\/veritasinfo.org\/\",\"name\":\"\",\"description\":\"\",\"potentialAction\":[{\"@type\":\"SearchAction\",\"target\":{\"@type\":\"EntryPoint\",\"urlTemplate\":\"https:\/\/veritasinfo.org\/?s={search_term_string}\"},\"query-input\":{\"@type\":\"PropertyValueSpecification\",\"valueRequired\":true,\"valueName\":\"search_term_string\"}}],\"inLanguage\":\"en-US\"},{\"@type\":\"Person\",\"@id\":\"https:\/\/veritasinfo.org\/#\/schema\/person\/7701f8c088bece422266b100a712374f\",\"name\":\"admin\",\"image\":{\"@type\":\"ImageObject\",\"inLanguage\":\"en-US\",\"@id\":\"https:\/\/veritasinfo.org\/#\/schema\/person\/image\/\",\"url\":\"https:\/\/secure.gravatar.com\/avatar\/ea53aa3bf6c9a12d5fde8ce4deff43fef3885ae33cf60184161a50d6987cfd2f?s=96&d=mm&r=g\",\"contentUrl\":\"https:\/\/secure.gravatar.com\/avatar\/ea53aa3bf6c9a12d5fde8ce4deff43fef3885ae33cf60184161a50d6987cfd2f?s=96&d=mm&r=g\",\"caption\":\"admin\"},\"sameAs\":[\"https:\/\/veritasinfo.org\"],\"url\":\"https:\/\/veritasinfo.org\/?author=1\"}]}<\/script>\n<!-- \/ Yoast SEO plugin. -->","yoast_head_json":{"title":"Kryetari KDTP dhe ministri n\u00eb detyr\u00eb p\u00ebr Zhvillim Rajonal, u takua me Ministrin e Mbrojtjes s\u00eb Republik\u00ebs s\u00eb Turqis\u00eb, Ya\u015far G\u00fcler -","robots":{"index":"index","follow":"follow","max-snippet":"max-snippet:-1","max-image-preview":"max-image-preview:large","max-video-preview":"max-video-preview:-1"},"canonical":"https:\/\/veritasinfo.org\/?p=7585","og_locale":"en_US","og_type":"article","og_title":"Kryetari KDTP dhe ministri n\u00eb detyr\u00eb p\u00ebr Zhvillim Rajonal, u takua me Ministrin e Mbrojtjes s\u00eb Republik\u00ebs s\u00eb Turqis\u00eb, Ya\u015far G\u00fcler -","og_description":"Ankara, 11 Gusht 2025 Kryetari i Partis\u00eb Demokratike Turke t\u00eb Kosov\u00ebs (KDTP) dhe ministri n\u00eb detyr\u00eb p\u00ebr Zhvillim Rajonal, Fikrim Damka, gjat\u00eb vizit\u00ebs s\u00eb tij","og_url":"https:\/\/veritasinfo.org\/?p=7585","article_published_time":"2025-08-11T13:35:02+00:00","og_image":[{"width":1595,"height":826,"url":"https:\/\/veritasinfo.org\/wp-content\/uploads\/2025\/08\/IMG_2919.jpeg","type":"image\/jpeg"}],"author":"admin","twitter_card":"summary_large_image","twitter_misc":{"Written by":"admin","Est. reading time":"1 minute"},"schema":{"@context":"https:\/\/schema.org","@graph":[{"@type":"WebPage","@id":"https:\/\/veritasinfo.org\/?p=7585","url":"https:\/\/veritasinfo.org\/?p=7585","name":"Kryetari KDTP dhe ministri n\u00eb detyr\u00eb p\u00ebr Zhvillim Rajonal, u takua me Ministrin e Mbrojtjes s\u00eb Republik\u00ebs s\u00eb Turqis\u00eb, Ya\u015far G\u00fcler -","isPartOf":{"@id":"https:\/\/veritasinfo.org\/#website"},"primaryImageOfPage":{"@id":"https:\/\/veritasinfo.org\/?p=7585#primaryimage"},"image":{"@id":"https:\/\/veritasinfo.org\/?p=7585#primaryimage"},"thumbnailUrl":"https:\/\/veritasinfo.org\/wp-content\/uploads\/2025\/08\/IMG_2919.jpeg","datePublished":"2025-08-11T13:35:02+00:00","author":{"@id":"https:\/\/veritasinfo.org\/#\/schema\/person\/7701f8c088bece422266b100a712374f"},"breadcrumb":{"@id":"https:\/\/veritasinfo.org\/?p=7585#breadcrumb"},"inLanguage":"en-US","potentialAction":[{"@type":"ReadAction","target":["https:\/\/veritasinfo.org\/?p=7585"]}]},{"@type":"ImageObject","inLanguage":"en-US","@id":"https:\/\/veritasinfo.org\/?p=7585#primaryimage","url":"https:\/\/veritasinfo.org\/wp-content\/uploads\/2025\/08\/IMG_2919.jpeg","contentUrl":"https:\/\/veritasinfo.org\/wp-content\/uploads\/2025\/08\/IMG_2919.jpeg","width":1595,"height":826},{"@type":"BreadcrumbList","@id":"https:\/\/veritasinfo.org\/?p=7585#breadcrumb","itemListElement":[{"@type":"ListItem","position":1,"name":"Home","item":"https:\/\/veritasinfo.org\/"},{"@type":"ListItem","position":2,"name":"Kryetari KDTP dhe ministri n\u00eb detyr\u00eb p\u00ebr Zhvillim Rajonal, u takua me Ministrin e Mbrojtjes s\u00eb Republik\u00ebs s\u00eb Turqis\u00eb, Ya\u015far G\u00fcler"}]},{"@type":"WebSite","@id":"https:\/\/veritasinfo.org\/#website","url":"https:\/\/veritasinfo.org\/","name":"","description":"","potentialAction":[{"@type":"SearchAction","target":{"@type":"EntryPoint","urlTemplate":"https:\/\/veritasinfo.org\/?s={search_term_string}"},"query-input":{"@type":"PropertyValueSpecification","valueRequired":true,"valueName":"search_term_string"}}],"inLanguage":"en-US"},{"@type":"Person","@id":"https:\/\/veritasinfo.org\/#\/schema\/person\/7701f8c088bece422266b100a712374f","name":"admin","image":{"@type":"ImageObject","inLanguage":"en-US","@id":"https:\/\/veritasinfo.org\/#\/schema\/person\/image\/","url":"https:\/\/secure.gravatar.com\/avatar\/ea53aa3bf6c9a12d5fde8ce4deff43fef3885ae33cf60184161a50d6987cfd2f?s=96&d=mm&r=g","contentUrl":"https:\/\/secure.gravatar.com\/avatar\/ea53aa3bf6c9a12d5fde8ce4deff43fef3885ae33cf60184161a50d6987cfd2f?s=96&d=mm&r=g","caption":"admin"},"sameAs":["https:\/\/veritasinfo.org"],"url":"https:\/\/veritasinfo.org\/?author=1"}]}},"featured_image_urls":{"full":["https:\/\/veritasinfo.org\/wp-content\/uploads\/2025\/08\/IMG_2919.jpeg",1595,826,false],"thumbnail":["https:\/\/veritasinfo.org\/wp-content\/uploads\/2025\/08\/IMG_2919-150x150.jpeg",150,150,true],"medium":["https:\/\/veritasinfo.org\/wp-content\/uploads\/2025\/08\/IMG_2919-300x155.jpeg",300,155,true],"medium_large":["https:\/\/veritasinfo.org\/wp-content\/uploads\/2025\/08\/IMG_2919-768x398.jpeg",640,332,true],"large":["https:\/\/veritasinfo.org\/wp-content\/uploads\/2025\/08\/IMG_2919-1024x530.jpeg",640,331,true],"1536x1536":["https:\/\/veritasinfo.org\/wp-content\/uploads\/2025\/08\/IMG_2919-1536x795.jpeg",1536,795,true],"2048x2048":["https:\/\/veritasinfo.org\/wp-content\/uploads\/2025\/08\/IMG_2919.jpeg",1595,826,false],"kreeti-slider-full":["https:\/\/veritasinfo.org\/wp-content\/uploads\/2025\/08\/IMG_2919.jpeg",1280,663,false],"kreeti-featured":["https:\/\/veritasinfo.org\/wp-content\/uploads\/2025\/08\/IMG_2919.jpeg",1024,530,false],"kreeti-medium":["https:\/\/veritasinfo.org\/wp-content\/uploads\/2025\/08\/IMG_2919.jpeg",720,373,false],"kreeti-medium-square":["https:\/\/veritasinfo.org\/wp-content\/uploads\/2025\/08\/IMG_2919.jpeg",350,181,false]},"author_info":{"info":["admin"]},"category_info":"<a href=\"https:\/\/veritasinfo.org\/?cat=93\" rel=\"category\">Politika<\/a>","tag_info":"Politika","comment_count":"0","_links":{"self":[{"href":"https:\/\/veritasinfo.org\/index.php?rest_route=\/wp\/v2\/posts\/7585","targetHints":{"allow":["GET"]}}],"collection":[{"href":"https:\/\/veritasinfo.org\/index.php?rest_route=\/wp\/v2\/posts"}],"about":[{"href":"https:\/\/veritasinfo.org\/index.php?rest_route=\/wp\/v2\/types\/post"}],"author":[{"embeddable":true,"href":"https:\/\/veritasinfo.org\/index.php?rest_route=\/wp\/v2\/users\/1"}],"replies":[{"embeddable":true,"href":"https:\/\/veritasinfo.org\/index.php?rest_route=%2Fwp%2Fv2%2Fcomments&post=7585"}],"version-history":[{"count":1,"href":"https:\/\/veritasinfo.org\/index.php?rest_route=\/wp\/v2\/posts\/7585\/revisions"}],"predecessor-version":[{"id":7587,"href":"https:\/\/veritasinfo.org\/index.php?rest_route=\/wp\/v2\/posts\/7585\/revisions\/7587"}],"wp:featuredmedia":[{"embeddable":true,"href":"https:\/\/veritasinfo.org\/index.php?rest_route=\/wp\/v2\/media\/7586"}],"wp:attachment":[{"href":"https:\/\/veritasinfo.org\/index.php?rest_route=%2Fwp%2Fv2%2Fmedia&parent=7585"}],"wp:term":[{"taxonomy":"category","embeddable":true,"href":"https:\/\/veritasinfo.org\/index.php?rest_route=%2Fwp%2Fv2%2Fcategories&post=7585"},{"taxonomy":"post_tag","embeddable":true,"href":"https:\/\/veritasinfo.org\/index.php?rest_route=%2Fwp%2Fv2%2Ftags&post=7585"}],"curies":[{"name":"wp","href":"https:\/\/api.w.org\/{rel}","templated":true}]}}