{"id":7573,"date":"2025-08-11T13:57:17","date_gmt":"2025-08-11T11:57:17","guid":{"rendered":"https:\/\/veritasinfo.org\/?p=7573"},"modified":"2025-08-11T13:57:17","modified_gmt":"2025-08-11T11:57:17","slug":"igor-popoviq-e-ndryshoi-deklaraten-sapo-hyri-ne-serbi-si-u-mashtrua-publiku-serb","status":"publish","type":"post","link":"https:\/\/veritasinfo.org\/?p=7573","title":{"rendered":"Igor Popoviq e ndryshoi deklarat\u00ebn sapo hyri n\u00eb Serbi \u2013 si u mashtrua publiku serb"},"content":{"rendered":"<p>11 gusht 2025<\/p>\n<p>Rasti i z\u00ebvend\u00ebsdrejtorit t\u00eb ashtuquajtur Zyr\u00ebs p\u00ebr Kosov\u00eb n\u00eb Qeverin\u00eb e Serbis\u00eb, Igor Popoviq, ka zbuluar kontradikta serioze n\u00eb q\u00ebndrimet e zyrtar\u00ebve serb\u00eb dhe p\u00ebrpjekjet e qeveris\u00eb p\u00ebr t\u00eb manipuluar opinionin publik.<\/p>\n<p>Popoviq u arrestua m\u00eb 18 korrik n\u00eb pik\u00ebkalimin administrativ n\u00eb B\u00ebrnjak, pas nj\u00eb deklarate n\u00eb Ho\u00e7\u00ebn e Madhe ku e quajti U\u00c7K-n\u00eb \u201corganizat\u00eb terroriste\u201d. Gjykata Themelore n\u00eb Prishtin\u00eb e d\u00ebnoi me gjob\u00eb prej 3 mij\u00eb eurosh, ndalim hyrjeje p\u00ebr dy vjet dhe shpenzime gjyq\u00ebsore.<\/p>\n<p>Sipas dokumenteve zyrtare, Popoviq e pranoi faj\u00ebsin\u00eb vullnetarisht para gjykat\u00ebs, nd\u00ebrsa avokati i tij deklaroi se nuk do t\u00eb kishte ankes\u00eb ndaj vendimit. Marr\u00ebveshja p\u00ebr pranimin e faj\u00ebsis\u00eb u b\u00eb qart\u00eb dhe formalisht.<\/p>\n<p>Mir\u00ebpo, sapo kaloi kufirin dhe hyri n\u00eb territorin e Serbis\u00eb, Popoviq e ndryshoi plot\u00ebsisht narrativ\u00ebn. Ndryshe nga ajo q\u00eb tha para trupit gjykues, n\u00eb Serbi ai deklaroi se \u201cnuk ka pasur marr\u00ebveshje me drejt\u00ebsin\u00eb e Kosov\u00ebs\u201d dhe se \u201cnuk pranon asnj\u00eb faj p\u00ebr at\u00eb q\u00eb ka th\u00ebn\u00eb\u201d. Ai fal\u00ebnderoi shtetin serb dhe presidentin Aleksandar Vu\u00e7iq p\u00ebr mb\u00ebshtetjen, duke u paraqitur si viktim\u00eb e nj\u00eb procesi politik t\u00eb montuar.<\/p>\n<p>Ministria e Drejt\u00ebsis\u00eb s\u00eb Serbis\u00eb doli me nj\u00eb deklarat\u00eb duke pretenduar se marr\u00ebveshja ishte b\u00ebr\u00eb \u201cn\u00ebn presion\u201d dhe nuk ka efekt juridik p\u00ebr Serbin\u00eb apo t\u00eb drejt\u00ebn nd\u00ebrkomb\u00ebtare. Por ekspert\u00ebt juridik\u00eb e kund\u00ebrshtojn\u00eb k\u00ebt\u00eb.<\/p>\n<p>Profesori i s\u00eb drejt\u00ebs, Dejan Miroviq, e cil\u00ebson k\u00ebt\u00eb si \u201cmanipulim t\u00eb hapur t\u00eb publikut serb\u201d, me q\u00ebllim ruajtjen e imazhit t\u00eb \u201cluft\u00ebs p\u00ebr Kosov\u00ebn\u201d, nd\u00ebrkoh\u00eb q\u00eb n\u00eb prapasken\u00eb b\u00ebhen kompromise.<\/p>\n<p>\u201cMarr\u00ebveshja e n\u00ebnshkruar nga Popoviq ka fuqi t\u00eb plot\u00eb ligjore, nj\u00ebsoj si Marr\u00ebveshja e Ohrit, t\u00eb cil\u00ebn Serbia zyrtarisht thot\u00eb se nuk e ka pranuar, por q\u00eb tashm\u00eb \u00ebsht\u00eb pjes\u00eb e kapitullit 35 n\u00eb negociatat me BE-n\u00eb,\u201d thekson Miroviq. Ai shton se Popoviq nuk e ka pranuar faj\u00ebsin\u00eb vet\u00ebm n\u00eb emrin e tij personal, por me miratimin e Vu\u00e7iqit, dhe se rasti tregon nj\u00eb strategji p\u00ebr t\u00eb \u201cmashtruar opinionin dhe p\u00ebr t\u00eb fshehur marr\u00ebveshjet e b\u00ebra n\u00ebn tryez\u00eb\u201d.<\/p>\n<p>Edhe Nikola Stankoviq nga l\u00ebvizja \u201cKreni-Promeni\u201d e sheh k\u00ebt\u00eb rast si \u201cshembull tipik t\u00eb propagand\u00ebs shtet\u00ebrore\u201d.<\/p>\n<p>\u201cShteti e paraqet Popoviqin si hero q\u00eb u p\u00ebrball me drejt\u00ebsin\u00eb e Kosov\u00ebs, nd\u00ebrkoh\u00eb q\u00eb ai e ka pranuar faj\u00ebsin\u00eb. Kjo \u00ebsht\u00eb politik\u00eb me dy fytyra: nj\u00eb p\u00ebr Prishtin\u00ebn dhe nj\u00eb p\u00ebr Beogradin,\u201d tha ai. Sipas Stankoviqit, q\u00ebllimi i pushtetit \u00ebsht\u00eb t\u00eb mbaj\u00eb qytetar\u00ebt n\u00eb iluzionin se Serbia po \u201clufton p\u00ebr Kosov\u00ebn\u201d, nd\u00ebrsa n\u00eb realitet n\u00ebnshkruhen marr\u00ebveshje q\u00eb p\u00ebrb\u00ebjn\u00eb kapitullim t\u00eb heshtur.<\/p>\n<p>T\u00eb premten, Gjykata Themelore n\u00eb Prishtin\u00eb e d\u00ebnoi Popoviqin me gjasht\u00eb muaj burg p\u00ebr nxitje t\u00eb urrejtjes dhe mosdurimit, por d\u00ebnimi iu z\u00ebvend\u00ebsua me gjob\u00eb prej 3 mij\u00eb eurosh dhe ndalim hyrjeje n\u00eb Kosov\u00eb p\u00ebr dy vjet. Gjykata miratoi marr\u00ebveshjen mes Prokuroris\u00eb Speciale dhe Popoviqit, me t\u00eb cil\u00ebn ai pranoi faj\u00ebsin\u00eb.<\/p>\n<p>&nbsp;<\/p>\n<p>&nbsp;<\/p>\n","protected":false},"excerpt":{"rendered":"<p>11 gusht 2025 Rasti i z\u00ebvend\u00ebsdrejtorit t\u00eb ashtuquajtur Zyr\u00ebs p\u00ebr Kosov\u00eb n\u00eb Qeverin\u00eb e Serbis\u00eb, Igor Popoviq, ka zbuluar kontradikta serioze n\u00eb q\u00ebndrimet e zyrtar\u00ebve<\/p>\n","protected":false},"author":1,"featured_media":4434,"comment_status":"open","ping_status":"open","sticky":false,"template":"","format":"standard","meta":{"footnotes":""},"categories":[60],"tags":[],"class_list":["post-7573","post","type-post","status-publish","format-standard","has-post-thumbnail","hentry","category-shoqerore-sq"],"yoast_head":"<!-- This site is optimized with the Yoast SEO plugin v25.3.1 - https:\/\/yoast.com\/wordpress\/plugins\/seo\/ -->\n<title>Igor Popoviq e ndryshoi deklarat\u00ebn sapo hyri n\u00eb Serbi \u2013 si u mashtrua publiku serb -<\/title>\n<meta name=\"robots\" content=\"index, follow, max-snippet:-1, max-image-preview:large, max-video-preview:-1\" \/>\n<link rel=\"canonical\" href=\"https:\/\/veritasinfo.org\/?p=7573\" \/>\n<meta property=\"og:locale\" content=\"en_US\" \/>\n<meta property=\"og:type\" content=\"article\" \/>\n<meta property=\"og:title\" content=\"Igor Popoviq e ndryshoi deklarat\u00ebn sapo hyri n\u00eb Serbi \u2013 si u mashtrua publiku serb -\" \/>\n<meta property=\"og:description\" content=\"11 gusht 2025 Rasti i z\u00ebvend\u00ebsdrejtorit t\u00eb ashtuquajtur Zyr\u00ebs p\u00ebr Kosov\u00eb n\u00eb Qeverin\u00eb e Serbis\u00eb, Igor Popoviq, ka zbuluar kontradikta serioze n\u00eb q\u00ebndrimet e zyrtar\u00ebve\" \/>\n<meta property=\"og:url\" content=\"https:\/\/veritasinfo.org\/?p=7573\" \/>\n<meta property=\"article:published_time\" content=\"2025-08-11T11:57:17+00:00\" \/>\n<meta property=\"og:image\" content=\"https:\/\/veritasinfo.org\/wp-content\/uploads\/2025\/07\/Igor.jpg\" \/>\n\t<meta property=\"og:image:width\" content=\"1550\" \/>\n\t<meta property=\"og:image:height\" content=\"1023\" \/>\n\t<meta property=\"og:image:type\" content=\"image\/jpeg\" \/>\n<meta name=\"author\" content=\"admin\" \/>\n<meta name=\"twitter:card\" content=\"summary_large_image\" \/>\n<meta name=\"twitter:label1\" content=\"Written by\" \/>\n\t<meta name=\"twitter:data1\" content=\"admin\" \/>\n\t<meta name=\"twitter:label2\" content=\"Est. reading time\" \/>\n\t<meta name=\"twitter:data2\" content=\"3 minutes\" \/>\n<script type=\"application\/ld+json\" class=\"yoast-schema-graph\">{\"@context\":\"https:\/\/schema.org\",\"@graph\":[{\"@type\":\"WebPage\",\"@id\":\"https:\/\/veritasinfo.org\/?p=7573\",\"url\":\"https:\/\/veritasinfo.org\/?p=7573\",\"name\":\"Igor Popoviq e ndryshoi deklarat\u00ebn sapo hyri n\u00eb Serbi \u2013 si u mashtrua publiku serb -\",\"isPartOf\":{\"@id\":\"https:\/\/veritasinfo.org\/#website\"},\"primaryImageOfPage\":{\"@id\":\"https:\/\/veritasinfo.org\/?p=7573#primaryimage\"},\"image\":{\"@id\":\"https:\/\/veritasinfo.org\/?p=7573#primaryimage\"},\"thumbnailUrl\":\"https:\/\/veritasinfo.org\/wp-content\/uploads\/2025\/07\/Igor.jpg\",\"datePublished\":\"2025-08-11T11:57:17+00:00\",\"author\":{\"@id\":\"https:\/\/veritasinfo.org\/#\/schema\/person\/7701f8c088bece422266b100a712374f\"},\"breadcrumb\":{\"@id\":\"https:\/\/veritasinfo.org\/?p=7573#breadcrumb\"},\"inLanguage\":\"en-US\",\"potentialAction\":[{\"@type\":\"ReadAction\",\"target\":[\"https:\/\/veritasinfo.org\/?p=7573\"]}]},{\"@type\":\"ImageObject\",\"inLanguage\":\"en-US\",\"@id\":\"https:\/\/veritasinfo.org\/?p=7573#primaryimage\",\"url\":\"https:\/\/veritasinfo.org\/wp-content\/uploads\/2025\/07\/Igor.jpg\",\"contentUrl\":\"https:\/\/veritasinfo.org\/wp-content\/uploads\/2025\/07\/Igor.jpg\",\"width\":1550,\"height\":1023},{\"@type\":\"BreadcrumbList\",\"@id\":\"https:\/\/veritasinfo.org\/?p=7573#breadcrumb\",\"itemListElement\":[{\"@type\":\"ListItem\",\"position\":1,\"name\":\"Home\",\"item\":\"https:\/\/veritasinfo.org\/\"},{\"@type\":\"ListItem\",\"position\":2,\"name\":\"Igor Popoviq e ndryshoi deklarat\u00ebn sapo hyri n\u00eb Serbi \u2013 si u mashtrua publiku serb\"}]},{\"@type\":\"WebSite\",\"@id\":\"https:\/\/veritasinfo.org\/#website\",\"url\":\"https:\/\/veritasinfo.org\/\",\"name\":\"\",\"description\":\"\",\"potentialAction\":[{\"@type\":\"SearchAction\",\"target\":{\"@type\":\"EntryPoint\",\"urlTemplate\":\"https:\/\/veritasinfo.org\/?s={search_term_string}\"},\"query-input\":{\"@type\":\"PropertyValueSpecification\",\"valueRequired\":true,\"valueName\":\"search_term_string\"}}],\"inLanguage\":\"en-US\"},{\"@type\":\"Person\",\"@id\":\"https:\/\/veritasinfo.org\/#\/schema\/person\/7701f8c088bece422266b100a712374f\",\"name\":\"admin\",\"image\":{\"@type\":\"ImageObject\",\"inLanguage\":\"en-US\",\"@id\":\"https:\/\/veritasinfo.org\/#\/schema\/person\/image\/\",\"url\":\"https:\/\/secure.gravatar.com\/avatar\/ea53aa3bf6c9a12d5fde8ce4deff43fef3885ae33cf60184161a50d6987cfd2f?s=96&d=mm&r=g\",\"contentUrl\":\"https:\/\/secure.gravatar.com\/avatar\/ea53aa3bf6c9a12d5fde8ce4deff43fef3885ae33cf60184161a50d6987cfd2f?s=96&d=mm&r=g\",\"caption\":\"admin\"},\"sameAs\":[\"https:\/\/veritasinfo.org\"],\"url\":\"https:\/\/veritasinfo.org\/?author=1\"}]}<\/script>\n<!-- \/ Yoast SEO plugin. -->","yoast_head_json":{"title":"Igor Popoviq e ndryshoi deklarat\u00ebn sapo hyri n\u00eb Serbi \u2013 si u mashtrua publiku serb -","robots":{"index":"index","follow":"follow","max-snippet":"max-snippet:-1","max-image-preview":"max-image-preview:large","max-video-preview":"max-video-preview:-1"},"canonical":"https:\/\/veritasinfo.org\/?p=7573","og_locale":"en_US","og_type":"article","og_title":"Igor Popoviq e ndryshoi deklarat\u00ebn sapo hyri n\u00eb Serbi \u2013 si u mashtrua publiku serb -","og_description":"11 gusht 2025 Rasti i z\u00ebvend\u00ebsdrejtorit t\u00eb ashtuquajtur Zyr\u00ebs p\u00ebr Kosov\u00eb n\u00eb Qeverin\u00eb e Serbis\u00eb, Igor Popoviq, ka zbuluar kontradikta serioze n\u00eb q\u00ebndrimet e zyrtar\u00ebve","og_url":"https:\/\/veritasinfo.org\/?p=7573","article_published_time":"2025-08-11T11:57:17+00:00","og_image":[{"width":1550,"height":1023,"url":"https:\/\/veritasinfo.org\/wp-content\/uploads\/2025\/07\/Igor.jpg","type":"image\/jpeg"}],"author":"admin","twitter_card":"summary_large_image","twitter_misc":{"Written by":"admin","Est. reading time":"3 minutes"},"schema":{"@context":"https:\/\/schema.org","@graph":[{"@type":"WebPage","@id":"https:\/\/veritasinfo.org\/?p=7573","url":"https:\/\/veritasinfo.org\/?p=7573","name":"Igor Popoviq e ndryshoi deklarat\u00ebn sapo hyri n\u00eb Serbi \u2013 si u mashtrua publiku serb -","isPartOf":{"@id":"https:\/\/veritasinfo.org\/#website"},"primaryImageOfPage":{"@id":"https:\/\/veritasinfo.org\/?p=7573#primaryimage"},"image":{"@id":"https:\/\/veritasinfo.org\/?p=7573#primaryimage"},"thumbnailUrl":"https:\/\/veritasinfo.org\/wp-content\/uploads\/2025\/07\/Igor.jpg","datePublished":"2025-08-11T11:57:17+00:00","author":{"@id":"https:\/\/veritasinfo.org\/#\/schema\/person\/7701f8c088bece422266b100a712374f"},"breadcrumb":{"@id":"https:\/\/veritasinfo.org\/?p=7573#breadcrumb"},"inLanguage":"en-US","potentialAction":[{"@type":"ReadAction","target":["https:\/\/veritasinfo.org\/?p=7573"]}]},{"@type":"ImageObject","inLanguage":"en-US","@id":"https:\/\/veritasinfo.org\/?p=7573#primaryimage","url":"https:\/\/veritasinfo.org\/wp-content\/uploads\/2025\/07\/Igor.jpg","contentUrl":"https:\/\/veritasinfo.org\/wp-content\/uploads\/2025\/07\/Igor.jpg","width":1550,"height":1023},{"@type":"BreadcrumbList","@id":"https:\/\/veritasinfo.org\/?p=7573#breadcrumb","itemListElement":[{"@type":"ListItem","position":1,"name":"Home","item":"https:\/\/veritasinfo.org\/"},{"@type":"ListItem","position":2,"name":"Igor Popoviq e ndryshoi deklarat\u00ebn sapo hyri n\u00eb Serbi \u2013 si u mashtrua publiku serb"}]},{"@type":"WebSite","@id":"https:\/\/veritasinfo.org\/#website","url":"https:\/\/veritasinfo.org\/","name":"","description":"","potentialAction":[{"@type":"SearchAction","target":{"@type":"EntryPoint","urlTemplate":"https:\/\/veritasinfo.org\/?s={search_term_string}"},"query-input":{"@type":"PropertyValueSpecification","valueRequired":true,"valueName":"search_term_string"}}],"inLanguage":"en-US"},{"@type":"Person","@id":"https:\/\/veritasinfo.org\/#\/schema\/person\/7701f8c088bece422266b100a712374f","name":"admin","image":{"@type":"ImageObject","inLanguage":"en-US","@id":"https:\/\/veritasinfo.org\/#\/schema\/person\/image\/","url":"https:\/\/secure.gravatar.com\/avatar\/ea53aa3bf6c9a12d5fde8ce4deff43fef3885ae33cf60184161a50d6987cfd2f?s=96&d=mm&r=g","contentUrl":"https:\/\/secure.gravatar.com\/avatar\/ea53aa3bf6c9a12d5fde8ce4deff43fef3885ae33cf60184161a50d6987cfd2f?s=96&d=mm&r=g","caption":"admin"},"sameAs":["https:\/\/veritasinfo.org"],"url":"https:\/\/veritasinfo.org\/?author=1"}]}},"featured_image_urls":{"full":["https:\/\/veritasinfo.org\/wp-content\/uploads\/2025\/07\/Igor.jpg",1550,1023,false],"thumbnail":["https:\/\/veritasinfo.org\/wp-content\/uploads\/2025\/07\/Igor-150x150.jpg",150,150,true],"medium":["https:\/\/veritasinfo.org\/wp-content\/uploads\/2025\/07\/Igor-300x198.jpg",300,198,true],"medium_large":["https:\/\/veritasinfo.org\/wp-content\/uploads\/2025\/07\/Igor-768x507.jpg",640,423,true],"large":["https:\/\/veritasinfo.org\/wp-content\/uploads\/2025\/07\/Igor-1024x676.jpg",640,423,true],"1536x1536":["https:\/\/veritasinfo.org\/wp-content\/uploads\/2025\/07\/Igor-1536x1014.jpg",1536,1014,true],"2048x2048":["https:\/\/veritasinfo.org\/wp-content\/uploads\/2025\/07\/Igor.jpg",1550,1023,false],"kreeti-slider-full":["https:\/\/veritasinfo.org\/wp-content\/uploads\/2025\/07\/Igor.jpg",1091,720,false],"kreeti-featured":["https:\/\/veritasinfo.org\/wp-content\/uploads\/2025\/07\/Igor.jpg",1024,676,false],"kreeti-medium":["https:\/\/veritasinfo.org\/wp-content\/uploads\/2025\/07\/Igor.jpg",720,475,false],"kreeti-medium-square":["https:\/\/veritasinfo.org\/wp-content\/uploads\/2025\/07\/Igor.jpg",350,231,false]},"author_info":{"info":["admin"]},"category_info":"<a href=\"https:\/\/veritasinfo.org\/?cat=60\" rel=\"category\">Shoq\u00ebrore<\/a>","tag_info":"Shoq\u00ebrore","comment_count":"0","_links":{"self":[{"href":"https:\/\/veritasinfo.org\/index.php?rest_route=\/wp\/v2\/posts\/7573","targetHints":{"allow":["GET"]}}],"collection":[{"href":"https:\/\/veritasinfo.org\/index.php?rest_route=\/wp\/v2\/posts"}],"about":[{"href":"https:\/\/veritasinfo.org\/index.php?rest_route=\/wp\/v2\/types\/post"}],"author":[{"embeddable":true,"href":"https:\/\/veritasinfo.org\/index.php?rest_route=\/wp\/v2\/users\/1"}],"replies":[{"embeddable":true,"href":"https:\/\/veritasinfo.org\/index.php?rest_route=%2Fwp%2Fv2%2Fcomments&post=7573"}],"version-history":[{"count":1,"href":"https:\/\/veritasinfo.org\/index.php?rest_route=\/wp\/v2\/posts\/7573\/revisions"}],"predecessor-version":[{"id":7575,"href":"https:\/\/veritasinfo.org\/index.php?rest_route=\/wp\/v2\/posts\/7573\/revisions\/7575"}],"wp:featuredmedia":[{"embeddable":true,"href":"https:\/\/veritasinfo.org\/index.php?rest_route=\/wp\/v2\/media\/4434"}],"wp:attachment":[{"href":"https:\/\/veritasinfo.org\/index.php?rest_route=%2Fwp%2Fv2%2Fmedia&parent=7573"}],"wp:term":[{"taxonomy":"category","embeddable":true,"href":"https:\/\/veritasinfo.org\/index.php?rest_route=%2Fwp%2Fv2%2Fcategories&post=7573"},{"taxonomy":"post_tag","embeddable":true,"href":"https:\/\/veritasinfo.org\/index.php?rest_route=%2Fwp%2Fv2%2Ftags&post=7573"}],"curies":[{"name":"wp","href":"https:\/\/api.w.org\/{rel}","templated":true}]}}