{"id":7562,"date":"2025-08-11T12:16:56","date_gmt":"2025-08-11T10:16:56","guid":{"rendered":"https:\/\/veritasinfo.org\/?p=7562"},"modified":"2025-08-11T12:16:56","modified_gmt":"2025-08-11T10:16:56","slug":"eljsani-se-oglasio-povodom-incidenta-u-leposavicu","status":"publish","type":"post","link":"https:\/\/veritasinfo.org\/?p=7562&lang=sr","title":{"rendered":"Elj\u0161ani se oglasio povodom incidenta u Leposavi\u0107u"},"content":{"rendered":"<p>Leposavi\u0107, 11. avgust 2025.<\/p>\n<p>Policija Kosova saop\u0161tila je da je ju\u010de, ne\u0161to pre 15:00 \u010dasova, u selu Vu\u010da, op\u0161tina Leposavi\u0107, tokom redovne patrole grani\u010dne policije, zaustavljen automobil marke Golf koji se kretao u njihovom pravcu i koji nije imao registarske tablice.<\/p>\n<p>Zamenik direktora Policije Kosova za sever, Veton Elj\u0161ani, izjavio je da je nakon zaustavljanja vozila, provere dokumenata i zahteva policajaca da dve osobe iza\u0111u iz vozila, jedan od njih iskoristio teren i pobegao.<\/p>\n<p>\u201ePolicija je krenula u poteru, i nakon izvesnog vremena, osoba se zaustavila, izvadila ne\u0161to iz pojasa i uperila prema policajcima. Jedan policajac je ispalio hitac iz svog oru\u017eja, dok je osoba pobegla. Kasnije se isti pojavio u policijskoj stanici zajedno sa svojim advokatom i oba lica su nepovre\u0111ena. Istragu sprovodi Inspektorat Policije Kosova (IPK) uz ovla\u0161\u0107enje dr\u017eavnog tu\u017eioca. Na kraju, osoba je pu\u0161tena, a izdata mu je nov\u010dana kazna zbog neposjedovanja voza\u010dke dozvole i nepo\u0161tovanja zakonitih naredbi\u201c, rekao je Elj\u0161ani.<\/p>\n","protected":false},"excerpt":{"rendered":"<p>Leposavi\u0107, 11. avgust 2025. Policija Kosova saop\u0161tila je da je ju\u010de, ne\u0161to pre 15:00 \u010dasova, u selu Vu\u010da, op\u0161tina Leposavi\u0107, tokom redovne patrole grani\u010dne policije,<\/p>\n","protected":false},"author":1,"featured_media":7267,"comment_status":"open","ping_status":"open","sticky":false,"template":"","format":"standard","meta":{"footnotes":""},"categories":[32],"tags":[],"class_list":["post-7562","post","type-post","status-publish","format-standard","has-post-thumbnail","hentry","category-opstine"],"yoast_head":"<!-- This site is optimized with the Yoast SEO plugin v25.3.1 - https:\/\/yoast.com\/wordpress\/plugins\/seo\/ -->\n<title>Elj\u0161ani se oglasio povodom incidenta u Leposavi\u0107u -<\/title>\n<meta name=\"robots\" content=\"index, follow, max-snippet:-1, max-image-preview:large, max-video-preview:-1\" \/>\n<link rel=\"canonical\" href=\"https:\/\/veritasinfo.org\/?p=7562&lang=sr\" \/>\n<meta property=\"og:locale\" content=\"en_US\" \/>\n<meta property=\"og:type\" content=\"article\" \/>\n<meta property=\"og:title\" content=\"Elj\u0161ani se oglasio povodom incidenta u Leposavi\u0107u -\" \/>\n<meta property=\"og:description\" content=\"Leposavi\u0107, 11. avgust 2025. Policija Kosova saop\u0161tila je da je ju\u010de, ne\u0161to pre 15:00 \u010dasova, u selu Vu\u010da, op\u0161tina Leposavi\u0107, tokom redovne patrole grani\u010dne policije,\" \/>\n<meta property=\"og:url\" content=\"https:\/\/veritasinfo.org\/?p=7562&amp;lang=sr\" \/>\n<meta property=\"article:published_time\" content=\"2025-08-11T10:16:56+00:00\" \/>\n<meta property=\"og:image\" content=\"https:\/\/veritasinfo.org\/wp-content\/uploads\/2025\/08\/Screenshot-2025-08-08-200554-600x360-1.png\" \/>\n\t<meta property=\"og:image:width\" content=\"600\" \/>\n\t<meta property=\"og:image:height\" content=\"360\" \/>\n\t<meta property=\"og:image:type\" content=\"image\/png\" \/>\n<meta name=\"author\" content=\"admin\" \/>\n<meta name=\"twitter:card\" content=\"summary_large_image\" \/>\n<meta name=\"twitter:label1\" content=\"Written by\" \/>\n\t<meta name=\"twitter:data1\" content=\"admin\" \/>\n\t<meta name=\"twitter:label2\" content=\"Est. reading time\" \/>\n\t<meta name=\"twitter:data2\" content=\"1 minute\" \/>\n<script type=\"application\/ld+json\" class=\"yoast-schema-graph\">{\"@context\":\"https:\/\/schema.org\",\"@graph\":[{\"@type\":\"WebPage\",\"@id\":\"https:\/\/veritasinfo.org\/?p=7562&lang=sr\",\"url\":\"https:\/\/veritasinfo.org\/?p=7562&lang=sr\",\"name\":\"Elj\u0161ani se oglasio povodom incidenta u Leposavi\u0107u -\",\"isPartOf\":{\"@id\":\"https:\/\/veritasinfo.org\/#website\"},\"primaryImageOfPage\":{\"@id\":\"https:\/\/veritasinfo.org\/?p=7562&lang=sr#primaryimage\"},\"image\":{\"@id\":\"https:\/\/veritasinfo.org\/?p=7562&lang=sr#primaryimage\"},\"thumbnailUrl\":\"https:\/\/veritasinfo.org\/wp-content\/uploads\/2025\/08\/Screenshot-2025-08-08-200554-600x360-1.png\",\"datePublished\":\"2025-08-11T10:16:56+00:00\",\"author\":{\"@id\":\"https:\/\/veritasinfo.org\/#\/schema\/person\/7701f8c088bece422266b100a712374f\"},\"breadcrumb\":{\"@id\":\"https:\/\/veritasinfo.org\/?p=7562&lang=sr#breadcrumb\"},\"inLanguage\":\"en-US\",\"potentialAction\":[{\"@type\":\"ReadAction\",\"target\":[\"https:\/\/veritasinfo.org\/?p=7562&lang=sr\"]}]},{\"@type\":\"ImageObject\",\"inLanguage\":\"en-US\",\"@id\":\"https:\/\/veritasinfo.org\/?p=7562&lang=sr#primaryimage\",\"url\":\"https:\/\/veritasinfo.org\/wp-content\/uploads\/2025\/08\/Screenshot-2025-08-08-200554-600x360-1.png\",\"contentUrl\":\"https:\/\/veritasinfo.org\/wp-content\/uploads\/2025\/08\/Screenshot-2025-08-08-200554-600x360-1.png\",\"width\":600,\"height\":360},{\"@type\":\"BreadcrumbList\",\"@id\":\"https:\/\/veritasinfo.org\/?p=7562&lang=sr#breadcrumb\",\"itemListElement\":[{\"@type\":\"ListItem\",\"position\":1,\"name\":\"Home\",\"item\":\"https:\/\/veritasinfo.org\/\"},{\"@type\":\"ListItem\",\"position\":2,\"name\":\"Elj\u0161ani se oglasio povodom incidenta u Leposavi\u0107u\"}]},{\"@type\":\"WebSite\",\"@id\":\"https:\/\/veritasinfo.org\/#website\",\"url\":\"https:\/\/veritasinfo.org\/\",\"name\":\"\",\"description\":\"\",\"potentialAction\":[{\"@type\":\"SearchAction\",\"target\":{\"@type\":\"EntryPoint\",\"urlTemplate\":\"https:\/\/veritasinfo.org\/?s={search_term_string}\"},\"query-input\":{\"@type\":\"PropertyValueSpecification\",\"valueRequired\":true,\"valueName\":\"search_term_string\"}}],\"inLanguage\":\"en-US\"},{\"@type\":\"Person\",\"@id\":\"https:\/\/veritasinfo.org\/#\/schema\/person\/7701f8c088bece422266b100a712374f\",\"name\":\"admin\",\"image\":{\"@type\":\"ImageObject\",\"inLanguage\":\"en-US\",\"@id\":\"https:\/\/veritasinfo.org\/#\/schema\/person\/image\/\",\"url\":\"https:\/\/secure.gravatar.com\/avatar\/ea53aa3bf6c9a12d5fde8ce4deff43fef3885ae33cf60184161a50d6987cfd2f?s=96&d=mm&r=g\",\"contentUrl\":\"https:\/\/secure.gravatar.com\/avatar\/ea53aa3bf6c9a12d5fde8ce4deff43fef3885ae33cf60184161a50d6987cfd2f?s=96&d=mm&r=g\",\"caption\":\"admin\"},\"sameAs\":[\"https:\/\/veritasinfo.org\"],\"url\":\"https:\/\/veritasinfo.org\/?author=1\"}]}<\/script>\n<!-- \/ Yoast SEO plugin. -->","yoast_head_json":{"title":"Elj\u0161ani se oglasio povodom incidenta u Leposavi\u0107u -","robots":{"index":"index","follow":"follow","max-snippet":"max-snippet:-1","max-image-preview":"max-image-preview:large","max-video-preview":"max-video-preview:-1"},"canonical":"https:\/\/veritasinfo.org\/?p=7562&lang=sr","og_locale":"en_US","og_type":"article","og_title":"Elj\u0161ani se oglasio povodom incidenta u Leposavi\u0107u -","og_description":"Leposavi\u0107, 11. avgust 2025. Policija Kosova saop\u0161tila je da je ju\u010de, ne\u0161to pre 15:00 \u010dasova, u selu Vu\u010da, op\u0161tina Leposavi\u0107, tokom redovne patrole grani\u010dne policije,","og_url":"https:\/\/veritasinfo.org\/?p=7562&lang=sr","article_published_time":"2025-08-11T10:16:56+00:00","og_image":[{"width":600,"height":360,"url":"https:\/\/veritasinfo.org\/wp-content\/uploads\/2025\/08\/Screenshot-2025-08-08-200554-600x360-1.png","type":"image\/png"}],"author":"admin","twitter_card":"summary_large_image","twitter_misc":{"Written by":"admin","Est. reading time":"1 minute"},"schema":{"@context":"https:\/\/schema.org","@graph":[{"@type":"WebPage","@id":"https:\/\/veritasinfo.org\/?p=7562&lang=sr","url":"https:\/\/veritasinfo.org\/?p=7562&lang=sr","name":"Elj\u0161ani se oglasio povodom incidenta u Leposavi\u0107u -","isPartOf":{"@id":"https:\/\/veritasinfo.org\/#website"},"primaryImageOfPage":{"@id":"https:\/\/veritasinfo.org\/?p=7562&lang=sr#primaryimage"},"image":{"@id":"https:\/\/veritasinfo.org\/?p=7562&lang=sr#primaryimage"},"thumbnailUrl":"https:\/\/veritasinfo.org\/wp-content\/uploads\/2025\/08\/Screenshot-2025-08-08-200554-600x360-1.png","datePublished":"2025-08-11T10:16:56+00:00","author":{"@id":"https:\/\/veritasinfo.org\/#\/schema\/person\/7701f8c088bece422266b100a712374f"},"breadcrumb":{"@id":"https:\/\/veritasinfo.org\/?p=7562&lang=sr#breadcrumb"},"inLanguage":"en-US","potentialAction":[{"@type":"ReadAction","target":["https:\/\/veritasinfo.org\/?p=7562&lang=sr"]}]},{"@type":"ImageObject","inLanguage":"en-US","@id":"https:\/\/veritasinfo.org\/?p=7562&lang=sr#primaryimage","url":"https:\/\/veritasinfo.org\/wp-content\/uploads\/2025\/08\/Screenshot-2025-08-08-200554-600x360-1.png","contentUrl":"https:\/\/veritasinfo.org\/wp-content\/uploads\/2025\/08\/Screenshot-2025-08-08-200554-600x360-1.png","width":600,"height":360},{"@type":"BreadcrumbList","@id":"https:\/\/veritasinfo.org\/?p=7562&lang=sr#breadcrumb","itemListElement":[{"@type":"ListItem","position":1,"name":"Home","item":"https:\/\/veritasinfo.org\/"},{"@type":"ListItem","position":2,"name":"Elj\u0161ani se oglasio povodom incidenta u Leposavi\u0107u"}]},{"@type":"WebSite","@id":"https:\/\/veritasinfo.org\/#website","url":"https:\/\/veritasinfo.org\/","name":"","description":"","potentialAction":[{"@type":"SearchAction","target":{"@type":"EntryPoint","urlTemplate":"https:\/\/veritasinfo.org\/?s={search_term_string}"},"query-input":{"@type":"PropertyValueSpecification","valueRequired":true,"valueName":"search_term_string"}}],"inLanguage":"en-US"},{"@type":"Person","@id":"https:\/\/veritasinfo.org\/#\/schema\/person\/7701f8c088bece422266b100a712374f","name":"admin","image":{"@type":"ImageObject","inLanguage":"en-US","@id":"https:\/\/veritasinfo.org\/#\/schema\/person\/image\/","url":"https:\/\/secure.gravatar.com\/avatar\/ea53aa3bf6c9a12d5fde8ce4deff43fef3885ae33cf60184161a50d6987cfd2f?s=96&d=mm&r=g","contentUrl":"https:\/\/secure.gravatar.com\/avatar\/ea53aa3bf6c9a12d5fde8ce4deff43fef3885ae33cf60184161a50d6987cfd2f?s=96&d=mm&r=g","caption":"admin"},"sameAs":["https:\/\/veritasinfo.org"],"url":"https:\/\/veritasinfo.org\/?author=1"}]}},"featured_image_urls":{"full":["https:\/\/veritasinfo.org\/wp-content\/uploads\/2025\/08\/Screenshot-2025-08-08-200554-600x360-1.png",600,360,false],"thumbnail":["https:\/\/veritasinfo.org\/wp-content\/uploads\/2025\/08\/Screenshot-2025-08-08-200554-600x360-1-150x150.png",150,150,true],"medium":["https:\/\/veritasinfo.org\/wp-content\/uploads\/2025\/08\/Screenshot-2025-08-08-200554-600x360-1-300x180.png",300,180,true],"medium_large":["https:\/\/veritasinfo.org\/wp-content\/uploads\/2025\/08\/Screenshot-2025-08-08-200554-600x360-1.png",600,360,false],"large":["https:\/\/veritasinfo.org\/wp-content\/uploads\/2025\/08\/Screenshot-2025-08-08-200554-600x360-1.png",600,360,false],"1536x1536":["https:\/\/veritasinfo.org\/wp-content\/uploads\/2025\/08\/Screenshot-2025-08-08-200554-600x360-1.png",600,360,false],"2048x2048":["https:\/\/veritasinfo.org\/wp-content\/uploads\/2025\/08\/Screenshot-2025-08-08-200554-600x360-1.png",600,360,false],"kreeti-slider-full":["https:\/\/veritasinfo.org\/wp-content\/uploads\/2025\/08\/Screenshot-2025-08-08-200554-600x360-1.png",600,360,false],"kreeti-featured":["https:\/\/veritasinfo.org\/wp-content\/uploads\/2025\/08\/Screenshot-2025-08-08-200554-600x360-1.png",600,360,false],"kreeti-medium":["https:\/\/veritasinfo.org\/wp-content\/uploads\/2025\/08\/Screenshot-2025-08-08-200554-600x360-1.png",600,360,false],"kreeti-medium-square":["https:\/\/veritasinfo.org\/wp-content\/uploads\/2025\/08\/Screenshot-2025-08-08-200554-600x360-1.png",350,210,false]},"author_info":{"info":["admin"]},"category_info":"<a href=\"https:\/\/veritasinfo.org\/?cat=32&#038;lang=sr\" rel=\"category\">Op\u0161tine<\/a>","tag_info":"Op\u0161tine","comment_count":"0","_links":{"self":[{"href":"https:\/\/veritasinfo.org\/index.php?rest_route=\/wp\/v2\/posts\/7562","targetHints":{"allow":["GET"]}}],"collection":[{"href":"https:\/\/veritasinfo.org\/index.php?rest_route=\/wp\/v2\/posts"}],"about":[{"href":"https:\/\/veritasinfo.org\/index.php?rest_route=\/wp\/v2\/types\/post"}],"author":[{"embeddable":true,"href":"https:\/\/veritasinfo.org\/index.php?rest_route=\/wp\/v2\/users\/1"}],"replies":[{"embeddable":true,"href":"https:\/\/veritasinfo.org\/index.php?rest_route=%2Fwp%2Fv2%2Fcomments&post=7562"}],"version-history":[{"count":1,"href":"https:\/\/veritasinfo.org\/index.php?rest_route=\/wp\/v2\/posts\/7562\/revisions"}],"predecessor-version":[{"id":7563,"href":"https:\/\/veritasinfo.org\/index.php?rest_route=\/wp\/v2\/posts\/7562\/revisions\/7563"}],"wp:featuredmedia":[{"embeddable":true,"href":"https:\/\/veritasinfo.org\/index.php?rest_route=\/wp\/v2\/media\/7267"}],"wp:attachment":[{"href":"https:\/\/veritasinfo.org\/index.php?rest_route=%2Fwp%2Fv2%2Fmedia&parent=7562"}],"wp:term":[{"taxonomy":"category","embeddable":true,"href":"https:\/\/veritasinfo.org\/index.php?rest_route=%2Fwp%2Fv2%2Fcategories&post=7562"},{"taxonomy":"post_tag","embeddable":true,"href":"https:\/\/veritasinfo.org\/index.php?rest_route=%2Fwp%2Fv2%2Ftags&post=7562"}],"curies":[{"name":"wp","href":"https:\/\/api.w.org\/{rel}","templated":true}]}}