{"id":756,"date":"2025-06-16T20:35:18","date_gmt":"2025-06-16T18:35:18","guid":{"rendered":"https:\/\/veritasinfo.org\/?p=756"},"modified":"2025-06-16T20:35:18","modified_gmt":"2025-06-16T18:35:18","slug":"draskovic-ubistvo-sestoro-srpske-dece-u-peci-izvrsili-su-milosevicev-rezim-i-udba","status":"publish","type":"post","link":"https:\/\/veritasinfo.org\/?p=756&lang=sr","title":{"rendered":"Dra\u0161kovi\u0107: Ubistvo \u0161estoro srpske dece u Pe\u0107i izvr\u0161ili su Milo\u0161evi\u0107ev re\u017eim i UDBA"},"content":{"rendered":"<p>Biv\u0161i politi\u010dar i pisac Vuk Dra\u0161kovi\u0107 izjavio je da Srpska pravoslavna crkva nije osudila nijedan zlo\u010din koji su po\u010dinili Srbi, po\u010dev od ratova koji su doveli do raspada biv\u0161e Jugoslavije.<\/p>\n<p>U emisiji \u201eBez cenzure\u201c, Dra\u0161kovi\u0107 je rekao da Srpska pravoslavna crkva \u010dak nije osudila ni ubistvo mladih Srba u kafi\u0107u \u201ePanda\u201c u Pe\u0107i, 14. decembra 1998. godine, isti\u010du\u0107i da je taj zlo\u010din izvr\u0161en od strane Srba i da mu je cilj bio da se krivica pripi\u0161e Albancima.<\/p>\n<p>\u201eOno \u0161to sam rekao, \u0161to je jo\u0161 uznemiruju\u0107e \u2013 na\u0161a crkva nije osudila nijedan jedini zlo\u010din koji su po\u010dinili Srbi, u tim ratovima u kojima je ubijena i Jugoslavija. Nije osudila ni veliki zlo\u010din protiv Ukrajine, a \u010dak nije osudila ni ubistvo na\u0161e dece u kafi\u0107u \u2018Panda\u2019 u Pe\u0107i. Na\u0161u decu su ubili Vermaht 1941. u Kragujevcu i re\u017eim Slobodana Milo\u0161evi\u0107a i UDBA 1998. u kafi\u0107u \u2018Panda\u2019 u Pe\u0107i. Za\u0161to? Da bi se taj zlo\u010din \u2013 stra\u0161an zlo\u010din, ubistvo \u0161estoro srpske dece u kafi\u0107u \u2013 pripisao Albancima i time podstakla mr\u017enja u Srbiji prema Albancima. To je bio cilj\u201c, rekao je Dra\u0161kovi\u0107.<\/p>\n<p>Dana 14. decembra 1998. godine, naoru\u017eani napada\u010di su u\u0161li u kafi\u0107 \u201ePanda\u201c u Pe\u0107i i ubili \u0161est mladih Srba.<\/p>\n<p>Povodom tog slu\u010daja, u po\u010detku je uhap\u0161eno vi\u0161e od 150 Albanaca u Pe\u0107i, a 17. decembra 1998. godine uhap\u0161eno je \u0161est mladih Albanaca uzrasta od 17 do 22 godine. Mladi\u0107i su bili podvrgnuti torturi, a jedan od njih je pod prisilom priznao ubistvo. Na sudu su progla\u0161eni nevinima jer nije bilo dokaza za njihovu ume\u0161anost, ali su osu\u0111eni na po godinu dana zatvora zbog naru\u0161avanja javnog reda i mira.<\/p>\n<p>Predsednik Srbije Aleksandar Vu\u010di\u0107 je u izjavi za \u201eTV Pink\u201c pre skoro 11 godina \u2013 u vreme kada nije obavljao funkciju predsednika \u2013 rekao da ne postoje dokazi da su zlo\u010din po\u010dinili Albanci.<\/p>\n<p>\u201ePostoje mnoge stra\u0161ne stvari sa kojima moramo da se suo\u010dimo, kao \u0161to je ubistvo Srba u kafi\u0107u \u2018Panda\u2019 na Kosovu 1998. godine, za koje ne postoje dokazi da su ga po\u010dinili Albanci, kako se ranije verovalo\u201c, rekao je tada Vu\u010di\u0107.<\/p>\n<p>Tu\u017eila\u0161tvo za organizovani kriminal u Srbiji je krajem avgusta 2023. godine prihvatilo zahtev da se predsednik Vu\u010di\u0107 ispita kao svedok u vezi sa slu\u010dajem \u201ePanda\u201c.<\/p>\n<p>Zahtev je podneo advokat Ivan Nini\u0107 u ime roditelja \u017ertava.<\/p>\n<p>U zahtevu upu\u0107enom Tu\u017eila\u0161tvu za organizovani kriminal, advokat Nini\u0107 je naveo da roditelji \u017ertava tra\u017ee da Vu\u010di\u0107 bude saslu\u0161an u vezi sa slu\u010dajem \u201ePanda\u201c, u kontekstu njegovih izjava koje je dao u vi\u0161e navrata u medijima u periodu od 2013. do 2018. godine.<\/p>\n","protected":false},"excerpt":{"rendered":"<p>Biv\u0161i politi\u010dar i pisac Vuk Dra\u0161kovi\u0107 izjavio je da Srpska pravoslavna crkva nije osudila nijedan zlo\u010din koji su po\u010dinili Srbi, po\u010dev od ratova koji su<\/p>\n","protected":false},"author":1,"featured_media":752,"comment_status":"open","ping_status":"open","sticky":false,"template":"","format":"standard","meta":{"footnotes":""},"categories":[28],"tags":[],"class_list":["post-756","post","type-post","status-publish","format-standard","has-post-thumbnail","hentry","category-politika"],"yoast_head":"<!-- This site is optimized with the Yoast SEO plugin v25.3.1 - https:\/\/yoast.com\/wordpress\/plugins\/seo\/ -->\n<title>Dra\u0161kovi\u0107: Ubistvo \u0161estoro srpske dece u Pe\u0107i izvr\u0161ili su Milo\u0161evi\u0107ev re\u017eim i UDBA -<\/title>\n<meta name=\"robots\" content=\"index, follow, max-snippet:-1, max-image-preview:large, max-video-preview:-1\" \/>\n<link rel=\"canonical\" href=\"https:\/\/veritasinfo.org\/?p=756&lang=sr\" \/>\n<meta property=\"og:locale\" content=\"en_US\" \/>\n<meta property=\"og:type\" content=\"article\" \/>\n<meta property=\"og:title\" content=\"Dra\u0161kovi\u0107: Ubistvo \u0161estoro srpske dece u Pe\u0107i izvr\u0161ili su Milo\u0161evi\u0107ev re\u017eim i UDBA -\" \/>\n<meta property=\"og:description\" content=\"Biv\u0161i politi\u010dar i pisac Vuk Dra\u0161kovi\u0107 izjavio je da Srpska pravoslavna crkva nije osudila nijedan zlo\u010din koji su po\u010dinili Srbi, po\u010dev od ratova koji su\" \/>\n<meta property=\"og:url\" content=\"https:\/\/veritasinfo.org\/?p=756&amp;lang=sr\" \/>\n<meta property=\"article:published_time\" content=\"2025-06-16T18:35:18+00:00\" \/>\n<meta property=\"og:image\" content=\"https:\/\/veritasinfo.org\/wp-content\/uploads\/2025\/06\/IMG_9926.jpeg\" \/>\n\t<meta property=\"og:image:width\" content=\"1242\" \/>\n\t<meta property=\"og:image:height\" content=\"669\" \/>\n\t<meta property=\"og:image:type\" content=\"image\/jpeg\" \/>\n<meta name=\"author\" content=\"admin\" \/>\n<meta name=\"twitter:card\" content=\"summary_large_image\" \/>\n<meta name=\"twitter:label1\" content=\"Written by\" \/>\n\t<meta name=\"twitter:data1\" content=\"admin\" \/>\n\t<meta name=\"twitter:label2\" content=\"Est. reading time\" \/>\n\t<meta name=\"twitter:data2\" content=\"3 minutes\" \/>\n<script type=\"application\/ld+json\" class=\"yoast-schema-graph\">{\"@context\":\"https:\/\/schema.org\",\"@graph\":[{\"@type\":\"WebPage\",\"@id\":\"https:\/\/veritasinfo.org\/?p=756&lang=sr\",\"url\":\"https:\/\/veritasinfo.org\/?p=756&lang=sr\",\"name\":\"Dra\u0161kovi\u0107: Ubistvo \u0161estoro srpske dece u Pe\u0107i izvr\u0161ili su Milo\u0161evi\u0107ev re\u017eim i UDBA -\",\"isPartOf\":{\"@id\":\"https:\/\/veritasinfo.org\/#website\"},\"primaryImageOfPage\":{\"@id\":\"https:\/\/veritasinfo.org\/?p=756&lang=sr#primaryimage\"},\"image\":{\"@id\":\"https:\/\/veritasinfo.org\/?p=756&lang=sr#primaryimage\"},\"thumbnailUrl\":\"https:\/\/veritasinfo.org\/wp-content\/uploads\/2025\/06\/IMG_9926.jpeg\",\"datePublished\":\"2025-06-16T18:35:18+00:00\",\"author\":{\"@id\":\"https:\/\/veritasinfo.org\/#\/schema\/person\/7701f8c088bece422266b100a712374f\"},\"breadcrumb\":{\"@id\":\"https:\/\/veritasinfo.org\/?p=756&lang=sr#breadcrumb\"},\"inLanguage\":\"en-US\",\"potentialAction\":[{\"@type\":\"ReadAction\",\"target\":[\"https:\/\/veritasinfo.org\/?p=756&lang=sr\"]}]},{\"@type\":\"ImageObject\",\"inLanguage\":\"en-US\",\"@id\":\"https:\/\/veritasinfo.org\/?p=756&lang=sr#primaryimage\",\"url\":\"https:\/\/veritasinfo.org\/wp-content\/uploads\/2025\/06\/IMG_9926.jpeg\",\"contentUrl\":\"https:\/\/veritasinfo.org\/wp-content\/uploads\/2025\/06\/IMG_9926.jpeg\",\"width\":1242,\"height\":669},{\"@type\":\"BreadcrumbList\",\"@id\":\"https:\/\/veritasinfo.org\/?p=756&lang=sr#breadcrumb\",\"itemListElement\":[{\"@type\":\"ListItem\",\"position\":1,\"name\":\"Home\",\"item\":\"https:\/\/veritasinfo.org\/\"},{\"@type\":\"ListItem\",\"position\":2,\"name\":\"Dra\u0161kovi\u0107: Ubistvo \u0161estoro srpske dece u Pe\u0107i izvr\u0161ili su Milo\u0161evi\u0107ev re\u017eim i UDBA\"}]},{\"@type\":\"WebSite\",\"@id\":\"https:\/\/veritasinfo.org\/#website\",\"url\":\"https:\/\/veritasinfo.org\/\",\"name\":\"\",\"description\":\"\",\"potentialAction\":[{\"@type\":\"SearchAction\",\"target\":{\"@type\":\"EntryPoint\",\"urlTemplate\":\"https:\/\/veritasinfo.org\/?s={search_term_string}\"},\"query-input\":{\"@type\":\"PropertyValueSpecification\",\"valueRequired\":true,\"valueName\":\"search_term_string\"}}],\"inLanguage\":\"en-US\"},{\"@type\":\"Person\",\"@id\":\"https:\/\/veritasinfo.org\/#\/schema\/person\/7701f8c088bece422266b100a712374f\",\"name\":\"admin\",\"image\":{\"@type\":\"ImageObject\",\"inLanguage\":\"en-US\",\"@id\":\"https:\/\/veritasinfo.org\/#\/schema\/person\/image\/\",\"url\":\"https:\/\/secure.gravatar.com\/avatar\/ea53aa3bf6c9a12d5fde8ce4deff43fef3885ae33cf60184161a50d6987cfd2f?s=96&d=mm&r=g\",\"contentUrl\":\"https:\/\/secure.gravatar.com\/avatar\/ea53aa3bf6c9a12d5fde8ce4deff43fef3885ae33cf60184161a50d6987cfd2f?s=96&d=mm&r=g\",\"caption\":\"admin\"},\"sameAs\":[\"https:\/\/veritasinfo.org\"],\"url\":\"https:\/\/veritasinfo.org\/?author=1\"}]}<\/script>\n<!-- \/ Yoast SEO plugin. -->","yoast_head_json":{"title":"Dra\u0161kovi\u0107: Ubistvo \u0161estoro srpske dece u Pe\u0107i izvr\u0161ili su Milo\u0161evi\u0107ev re\u017eim i UDBA -","robots":{"index":"index","follow":"follow","max-snippet":"max-snippet:-1","max-image-preview":"max-image-preview:large","max-video-preview":"max-video-preview:-1"},"canonical":"https:\/\/veritasinfo.org\/?p=756&lang=sr","og_locale":"en_US","og_type":"article","og_title":"Dra\u0161kovi\u0107: Ubistvo \u0161estoro srpske dece u Pe\u0107i izvr\u0161ili su Milo\u0161evi\u0107ev re\u017eim i UDBA -","og_description":"Biv\u0161i politi\u010dar i pisac Vuk Dra\u0161kovi\u0107 izjavio je da Srpska pravoslavna crkva nije osudila nijedan zlo\u010din koji su po\u010dinili Srbi, po\u010dev od ratova koji su","og_url":"https:\/\/veritasinfo.org\/?p=756&lang=sr","article_published_time":"2025-06-16T18:35:18+00:00","og_image":[{"width":1242,"height":669,"url":"https:\/\/veritasinfo.org\/wp-content\/uploads\/2025\/06\/IMG_9926.jpeg","type":"image\/jpeg"}],"author":"admin","twitter_card":"summary_large_image","twitter_misc":{"Written by":"admin","Est. reading time":"3 minutes"},"schema":{"@context":"https:\/\/schema.org","@graph":[{"@type":"WebPage","@id":"https:\/\/veritasinfo.org\/?p=756&lang=sr","url":"https:\/\/veritasinfo.org\/?p=756&lang=sr","name":"Dra\u0161kovi\u0107: Ubistvo \u0161estoro srpske dece u Pe\u0107i izvr\u0161ili su Milo\u0161evi\u0107ev re\u017eim i UDBA -","isPartOf":{"@id":"https:\/\/veritasinfo.org\/#website"},"primaryImageOfPage":{"@id":"https:\/\/veritasinfo.org\/?p=756&lang=sr#primaryimage"},"image":{"@id":"https:\/\/veritasinfo.org\/?p=756&lang=sr#primaryimage"},"thumbnailUrl":"https:\/\/veritasinfo.org\/wp-content\/uploads\/2025\/06\/IMG_9926.jpeg","datePublished":"2025-06-16T18:35:18+00:00","author":{"@id":"https:\/\/veritasinfo.org\/#\/schema\/person\/7701f8c088bece422266b100a712374f"},"breadcrumb":{"@id":"https:\/\/veritasinfo.org\/?p=756&lang=sr#breadcrumb"},"inLanguage":"en-US","potentialAction":[{"@type":"ReadAction","target":["https:\/\/veritasinfo.org\/?p=756&lang=sr"]}]},{"@type":"ImageObject","inLanguage":"en-US","@id":"https:\/\/veritasinfo.org\/?p=756&lang=sr#primaryimage","url":"https:\/\/veritasinfo.org\/wp-content\/uploads\/2025\/06\/IMG_9926.jpeg","contentUrl":"https:\/\/veritasinfo.org\/wp-content\/uploads\/2025\/06\/IMG_9926.jpeg","width":1242,"height":669},{"@type":"BreadcrumbList","@id":"https:\/\/veritasinfo.org\/?p=756&lang=sr#breadcrumb","itemListElement":[{"@type":"ListItem","position":1,"name":"Home","item":"https:\/\/veritasinfo.org\/"},{"@type":"ListItem","position":2,"name":"Dra\u0161kovi\u0107: Ubistvo \u0161estoro srpske dece u Pe\u0107i izvr\u0161ili su Milo\u0161evi\u0107ev re\u017eim i UDBA"}]},{"@type":"WebSite","@id":"https:\/\/veritasinfo.org\/#website","url":"https:\/\/veritasinfo.org\/","name":"","description":"","potentialAction":[{"@type":"SearchAction","target":{"@type":"EntryPoint","urlTemplate":"https:\/\/veritasinfo.org\/?s={search_term_string}"},"query-input":{"@type":"PropertyValueSpecification","valueRequired":true,"valueName":"search_term_string"}}],"inLanguage":"en-US"},{"@type":"Person","@id":"https:\/\/veritasinfo.org\/#\/schema\/person\/7701f8c088bece422266b100a712374f","name":"admin","image":{"@type":"ImageObject","inLanguage":"en-US","@id":"https:\/\/veritasinfo.org\/#\/schema\/person\/image\/","url":"https:\/\/secure.gravatar.com\/avatar\/ea53aa3bf6c9a12d5fde8ce4deff43fef3885ae33cf60184161a50d6987cfd2f?s=96&d=mm&r=g","contentUrl":"https:\/\/secure.gravatar.com\/avatar\/ea53aa3bf6c9a12d5fde8ce4deff43fef3885ae33cf60184161a50d6987cfd2f?s=96&d=mm&r=g","caption":"admin"},"sameAs":["https:\/\/veritasinfo.org"],"url":"https:\/\/veritasinfo.org\/?author=1"}]}},"featured_image_urls":{"full":["https:\/\/veritasinfo.org\/wp-content\/uploads\/2025\/06\/IMG_9926.jpeg",1242,669,false],"thumbnail":["https:\/\/veritasinfo.org\/wp-content\/uploads\/2025\/06\/IMG_9926-150x150.jpeg",150,150,true],"medium":["https:\/\/veritasinfo.org\/wp-content\/uploads\/2025\/06\/IMG_9926-300x162.jpeg",300,162,true],"medium_large":["https:\/\/veritasinfo.org\/wp-content\/uploads\/2025\/06\/IMG_9926-768x414.jpeg",640,345,true],"large":["https:\/\/veritasinfo.org\/wp-content\/uploads\/2025\/06\/IMG_9926-1024x552.jpeg",640,345,true],"1536x1536":["https:\/\/veritasinfo.org\/wp-content\/uploads\/2025\/06\/IMG_9926.jpeg",1242,669,false],"2048x2048":["https:\/\/veritasinfo.org\/wp-content\/uploads\/2025\/06\/IMG_9926.jpeg",1242,669,false],"kreeti-slider-full":["https:\/\/veritasinfo.org\/wp-content\/uploads\/2025\/06\/IMG_9926.jpeg",1242,669,false],"kreeti-featured":["https:\/\/veritasinfo.org\/wp-content\/uploads\/2025\/06\/IMG_9926.jpeg",1024,552,false],"kreeti-medium":["https:\/\/veritasinfo.org\/wp-content\/uploads\/2025\/06\/IMG_9926.jpeg",720,388,false],"kreeti-medium-square":["https:\/\/veritasinfo.org\/wp-content\/uploads\/2025\/06\/IMG_9926.jpeg",350,189,false]},"author_info":{"info":["admin"]},"category_info":"<a href=\"https:\/\/veritasinfo.org\/?cat=28&#038;lang=sr\" rel=\"category\">Politika<\/a>","tag_info":"Politika","comment_count":"0","_links":{"self":[{"href":"https:\/\/veritasinfo.org\/index.php?rest_route=\/wp\/v2\/posts\/756","targetHints":{"allow":["GET"]}}],"collection":[{"href":"https:\/\/veritasinfo.org\/index.php?rest_route=\/wp\/v2\/posts"}],"about":[{"href":"https:\/\/veritasinfo.org\/index.php?rest_route=\/wp\/v2\/types\/post"}],"author":[{"embeddable":true,"href":"https:\/\/veritasinfo.org\/index.php?rest_route=\/wp\/v2\/users\/1"}],"replies":[{"embeddable":true,"href":"https:\/\/veritasinfo.org\/index.php?rest_route=%2Fwp%2Fv2%2Fcomments&post=756"}],"version-history":[{"count":1,"href":"https:\/\/veritasinfo.org\/index.php?rest_route=\/wp\/v2\/posts\/756\/revisions"}],"predecessor-version":[{"id":757,"href":"https:\/\/veritasinfo.org\/index.php?rest_route=\/wp\/v2\/posts\/756\/revisions\/757"}],"wp:featuredmedia":[{"embeddable":true,"href":"https:\/\/veritasinfo.org\/index.php?rest_route=\/wp\/v2\/media\/752"}],"wp:attachment":[{"href":"https:\/\/veritasinfo.org\/index.php?rest_route=%2Fwp%2Fv2%2Fmedia&parent=756"}],"wp:term":[{"taxonomy":"category","embeddable":true,"href":"https:\/\/veritasinfo.org\/index.php?rest_route=%2Fwp%2Fv2%2Fcategories&post=756"},{"taxonomy":"post_tag","embeddable":true,"href":"https:\/\/veritasinfo.org\/index.php?rest_route=%2Fwp%2Fv2%2Ftags&post=756"}],"curies":[{"name":"wp","href":"https:\/\/api.w.org\/{rel}","templated":true}]}}