{"id":7542,"date":"2025-08-11T11:22:42","date_gmt":"2025-08-11T09:22:42","guid":{"rendered":"https:\/\/veritasinfo.org\/?p=7542"},"modified":"2025-08-11T11:22:42","modified_gmt":"2025-08-11T09:22:42","slug":"gervalla-qeverisja-jone-e-ka-forcuar-poziten-nderkombetare-te-kosoves","status":"publish","type":"post","link":"https:\/\/veritasinfo.org\/?p=7542","title":{"rendered":"G\u00ebrvalla: Qeverisja jon\u00eb e ka forcuar pozit\u00ebn nd\u00ebrkomb\u00ebtare t\u00eb Kosov\u00ebs"},"content":{"rendered":"<p>Prishtin\u00eb, 11 Gusht 2025<\/p>\n<p><strong>Ministrja n\u00eb detyr\u00eb e Pun\u00ebve t\u00eb Jashtme dhe Diaspor\u00ebs, Donika G\u00ebrvalla, n\u00eb edicionin e 8-t\u00eb t\u00eb Konferenc\u00ebs s\u00eb Ambasador\u00ebve, ka folur p\u00ebr reformat thelb\u00ebsore n\u00eb k\u00ebt\u00eb ministri, duke theksuar vendosjen e standardeve t\u00eb reja t\u00eb transparenc\u00ebs dhe t\u00eb menaxhimit t\u00eb p\u00ebrgjegjsh\u00ebm financiar.<\/strong><\/p>\n<p>Sipas saj, \u00e7do euro e buxhetit shpenzohet me plan t\u00eb qart\u00eb, t\u00eb argumentuar dhe me kontroll t\u00eb plot\u00eb. Ajo shtoi se jan\u00eb ulur shpenzimet dhe fondet jan\u00eb riorientuar drejt prioriteteve strategjike dhe forcimit t\u00eb llogaridh\u00ebnies n\u00eb \u00e7do mision diplomatik. Kjo, sipas saj, ka mund\u00ebsuar avancimin e diplomacis\u00eb ekonomike e publike, me mb\u00ebshtetje nga bizneset kosovare n\u00eb tregjet e huaja, si dhe promovimin e imazhit t\u00eb vendit n\u00eb aren\u00ebn nd\u00ebrkomb\u00ebtare.<\/p>\n<p>\u201cN\u00eb k\u00ebt\u00eb kuad\u00ebr, kemi organizuar jav\u00eb t\u00eb kultur\u00ebs dhe aktivitete t\u00eb ndryshme n\u00eb vende t\u00eb ndryshme t\u00eb bot\u00ebs, duke prezantuar Kosov\u00ebn si nj\u00eb shtet t\u00eb ri, me trash\u00ebgimi t\u00eb pasur kulturore dhe krijimtari bashk\u00ebkohore, plot energji t\u00eb pashtershme,\u201d tha G\u00ebrvalla.<\/p>\n<p>Ajo vuri n\u00eb dukje se, n\u00eb kuad\u00ebr t\u00eb diplomacis\u00eb nd\u00ebrkomb\u00ebtare, gjat\u00eb k\u00ebtyre viteve jan\u00eb arritur edhe dy njohje t\u00eb reja shtet\u00ebrore, duke forcuar pozit\u00ebn nd\u00ebrkomb\u00ebtare t\u00eb Kosov\u00ebs dhe duke d\u00ebshmuar rezultate konkrete p\u00ebrmes koordinimit diplomatik.<\/p>\n<p>\u201cGjithashtu kemi siguruar an\u00ebtar\u00ebsimin e Kosov\u00ebs n\u00eb nj\u00eb num\u00ebr t\u00eb konsideruesh\u00ebm organizatash nd\u00ebrkomb\u00ebtare, duke zgjeruar hap\u00ebsir\u00ebn ku vendi yn\u00eb \u00ebsht\u00eb i pranish\u00ebm dhe aktiv,\u201d theksoi ajo.<\/p>\n<p>G\u00ebrvalla foli edhe p\u00ebr konkursin e stafit diplomatik e konsullor, i cili, sipas saj, \u00ebsht\u00eb zhvilluar mbi parimin e meritokracis\u00eb, ku p\u00ebrzgjedhja \u00ebsht\u00eb b\u00ebr\u00eb vet\u00ebm mbi baz\u00ebn e aft\u00ebsive, p\u00ebrvoj\u00ebs dhe integritetit profesional.<\/p>\n<p>Ajo theksoi se sh\u00ebrbimet konsullore jan\u00eb p\u00ebrmir\u00ebsuar ndjesh\u00ebm, fal\u00eb dixhitalizimit t\u00eb procedurave dhe vendosjes s\u00eb sistemit t\u00eb takimeve t\u00eb programuara, duke u mund\u00ebsuar shtetasve t\u00eb Kosov\u00ebs marrjen e sh\u00ebrbimeve m\u00eb shpejt dhe me transparenc\u00eb m\u00eb t\u00eb madhe.<\/p>\n<p>N\u00eb p\u00ebrfundim, G\u00ebrvalla e cil\u00ebsoi m\u00ebrgat\u00ebn si nj\u00eb nga asetet m\u00eb t\u00eb \u00e7muara t\u00eb vendit.<\/p>\n","protected":false},"excerpt":{"rendered":"<p>Prishtin\u00eb, 11 Gusht 2025 Ministrja n\u00eb detyr\u00eb e Pun\u00ebve t\u00eb Jashtme dhe Diaspor\u00ebs, Donika G\u00ebrvalla, n\u00eb edicionin e 8-t\u00eb t\u00eb Konferenc\u00ebs s\u00eb Ambasador\u00ebve, ka folur<\/p>\n","protected":false},"author":1,"featured_media":7543,"comment_status":"open","ping_status":"open","sticky":false,"template":"","format":"standard","meta":{"footnotes":""},"categories":[58],"tags":[],"class_list":["post-7542","post","type-post","status-publish","format-standard","has-post-thumbnail","hentry","category-politike-sq"],"yoast_head":"<!-- This site is optimized with the Yoast SEO plugin v25.3.1 - https:\/\/yoast.com\/wordpress\/plugins\/seo\/ -->\n<title>G\u00ebrvalla: Qeverisja jon\u00eb e ka forcuar pozit\u00ebn nd\u00ebrkomb\u00ebtare t\u00eb Kosov\u00ebs -<\/title>\n<meta name=\"robots\" content=\"index, follow, max-snippet:-1, max-image-preview:large, max-video-preview:-1\" \/>\n<link rel=\"canonical\" href=\"https:\/\/veritasinfo.org\/?p=7542\" \/>\n<meta property=\"og:locale\" content=\"en_US\" \/>\n<meta property=\"og:type\" content=\"article\" \/>\n<meta property=\"og:title\" content=\"G\u00ebrvalla: Qeverisja jon\u00eb e ka forcuar pozit\u00ebn nd\u00ebrkomb\u00ebtare t\u00eb Kosov\u00ebs -\" \/>\n<meta property=\"og:description\" content=\"Prishtin\u00eb, 11 Gusht 2025 Ministrja n\u00eb detyr\u00eb e Pun\u00ebve t\u00eb Jashtme dhe Diaspor\u00ebs, Donika G\u00ebrvalla, n\u00eb edicionin e 8-t\u00eb t\u00eb Konferenc\u00ebs s\u00eb Ambasador\u00ebve, ka folur\" \/>\n<meta property=\"og:url\" content=\"https:\/\/veritasinfo.org\/?p=7542\" \/>\n<meta property=\"article:published_time\" content=\"2025-08-11T09:22:42+00:00\" \/>\n<meta property=\"og:image\" content=\"https:\/\/veritasinfo.org\/wp-content\/uploads\/2025\/08\/IMG_2406.jpeg\" \/>\n\t<meta property=\"og:image:width\" content=\"1024\" \/>\n\t<meta property=\"og:image:height\" content=\"682\" \/>\n\t<meta property=\"og:image:type\" content=\"image\/jpeg\" \/>\n<meta name=\"author\" content=\"admin\" \/>\n<meta name=\"twitter:card\" content=\"summary_large_image\" \/>\n<meta name=\"twitter:label1\" content=\"Written by\" \/>\n\t<meta name=\"twitter:data1\" content=\"admin\" \/>\n\t<meta name=\"twitter:label2\" content=\"Est. reading time\" \/>\n\t<meta name=\"twitter:data2\" content=\"2 minutes\" \/>\n<script type=\"application\/ld+json\" class=\"yoast-schema-graph\">{\"@context\":\"https:\/\/schema.org\",\"@graph\":[{\"@type\":\"WebPage\",\"@id\":\"https:\/\/veritasinfo.org\/?p=7542\",\"url\":\"https:\/\/veritasinfo.org\/?p=7542\",\"name\":\"G\u00ebrvalla: Qeverisja jon\u00eb e ka forcuar pozit\u00ebn nd\u00ebrkomb\u00ebtare t\u00eb Kosov\u00ebs -\",\"isPartOf\":{\"@id\":\"https:\/\/veritasinfo.org\/#website\"},\"primaryImageOfPage\":{\"@id\":\"https:\/\/veritasinfo.org\/?p=7542#primaryimage\"},\"image\":{\"@id\":\"https:\/\/veritasinfo.org\/?p=7542#primaryimage\"},\"thumbnailUrl\":\"https:\/\/veritasinfo.org\/wp-content\/uploads\/2025\/08\/IMG_2406.jpeg\",\"datePublished\":\"2025-08-11T09:22:42+00:00\",\"author\":{\"@id\":\"https:\/\/veritasinfo.org\/#\/schema\/person\/7701f8c088bece422266b100a712374f\"},\"breadcrumb\":{\"@id\":\"https:\/\/veritasinfo.org\/?p=7542#breadcrumb\"},\"inLanguage\":\"en-US\",\"potentialAction\":[{\"@type\":\"ReadAction\",\"target\":[\"https:\/\/veritasinfo.org\/?p=7542\"]}]},{\"@type\":\"ImageObject\",\"inLanguage\":\"en-US\",\"@id\":\"https:\/\/veritasinfo.org\/?p=7542#primaryimage\",\"url\":\"https:\/\/veritasinfo.org\/wp-content\/uploads\/2025\/08\/IMG_2406.jpeg\",\"contentUrl\":\"https:\/\/veritasinfo.org\/wp-content\/uploads\/2025\/08\/IMG_2406.jpeg\",\"width\":1024,\"height\":682},{\"@type\":\"BreadcrumbList\",\"@id\":\"https:\/\/veritasinfo.org\/?p=7542#breadcrumb\",\"itemListElement\":[{\"@type\":\"ListItem\",\"position\":1,\"name\":\"Home\",\"item\":\"https:\/\/veritasinfo.org\/\"},{\"@type\":\"ListItem\",\"position\":2,\"name\":\"G\u00ebrvalla: Qeverisja jon\u00eb e ka forcuar pozit\u00ebn nd\u00ebrkomb\u00ebtare t\u00eb Kosov\u00ebs\"}]},{\"@type\":\"WebSite\",\"@id\":\"https:\/\/veritasinfo.org\/#website\",\"url\":\"https:\/\/veritasinfo.org\/\",\"name\":\"\",\"description\":\"\",\"potentialAction\":[{\"@type\":\"SearchAction\",\"target\":{\"@type\":\"EntryPoint\",\"urlTemplate\":\"https:\/\/veritasinfo.org\/?s={search_term_string}\"},\"query-input\":{\"@type\":\"PropertyValueSpecification\",\"valueRequired\":true,\"valueName\":\"search_term_string\"}}],\"inLanguage\":\"en-US\"},{\"@type\":\"Person\",\"@id\":\"https:\/\/veritasinfo.org\/#\/schema\/person\/7701f8c088bece422266b100a712374f\",\"name\":\"admin\",\"image\":{\"@type\":\"ImageObject\",\"inLanguage\":\"en-US\",\"@id\":\"https:\/\/veritasinfo.org\/#\/schema\/person\/image\/\",\"url\":\"https:\/\/secure.gravatar.com\/avatar\/ea53aa3bf6c9a12d5fde8ce4deff43fef3885ae33cf60184161a50d6987cfd2f?s=96&d=mm&r=g\",\"contentUrl\":\"https:\/\/secure.gravatar.com\/avatar\/ea53aa3bf6c9a12d5fde8ce4deff43fef3885ae33cf60184161a50d6987cfd2f?s=96&d=mm&r=g\",\"caption\":\"admin\"},\"sameAs\":[\"https:\/\/veritasinfo.org\"],\"url\":\"https:\/\/veritasinfo.org\/?author=1\"}]}<\/script>\n<!-- \/ Yoast SEO plugin. -->","yoast_head_json":{"title":"G\u00ebrvalla: Qeverisja jon\u00eb e ka forcuar pozit\u00ebn nd\u00ebrkomb\u00ebtare t\u00eb Kosov\u00ebs -","robots":{"index":"index","follow":"follow","max-snippet":"max-snippet:-1","max-image-preview":"max-image-preview:large","max-video-preview":"max-video-preview:-1"},"canonical":"https:\/\/veritasinfo.org\/?p=7542","og_locale":"en_US","og_type":"article","og_title":"G\u00ebrvalla: Qeverisja jon\u00eb e ka forcuar pozit\u00ebn nd\u00ebrkomb\u00ebtare t\u00eb Kosov\u00ebs -","og_description":"Prishtin\u00eb, 11 Gusht 2025 Ministrja n\u00eb detyr\u00eb e Pun\u00ebve t\u00eb Jashtme dhe Diaspor\u00ebs, Donika G\u00ebrvalla, n\u00eb edicionin e 8-t\u00eb t\u00eb Konferenc\u00ebs s\u00eb Ambasador\u00ebve, ka folur","og_url":"https:\/\/veritasinfo.org\/?p=7542","article_published_time":"2025-08-11T09:22:42+00:00","og_image":[{"width":1024,"height":682,"url":"https:\/\/veritasinfo.org\/wp-content\/uploads\/2025\/08\/IMG_2406.jpeg","type":"image\/jpeg"}],"author":"admin","twitter_card":"summary_large_image","twitter_misc":{"Written by":"admin","Est. reading time":"2 minutes"},"schema":{"@context":"https:\/\/schema.org","@graph":[{"@type":"WebPage","@id":"https:\/\/veritasinfo.org\/?p=7542","url":"https:\/\/veritasinfo.org\/?p=7542","name":"G\u00ebrvalla: Qeverisja jon\u00eb e ka forcuar pozit\u00ebn nd\u00ebrkomb\u00ebtare t\u00eb Kosov\u00ebs -","isPartOf":{"@id":"https:\/\/veritasinfo.org\/#website"},"primaryImageOfPage":{"@id":"https:\/\/veritasinfo.org\/?p=7542#primaryimage"},"image":{"@id":"https:\/\/veritasinfo.org\/?p=7542#primaryimage"},"thumbnailUrl":"https:\/\/veritasinfo.org\/wp-content\/uploads\/2025\/08\/IMG_2406.jpeg","datePublished":"2025-08-11T09:22:42+00:00","author":{"@id":"https:\/\/veritasinfo.org\/#\/schema\/person\/7701f8c088bece422266b100a712374f"},"breadcrumb":{"@id":"https:\/\/veritasinfo.org\/?p=7542#breadcrumb"},"inLanguage":"en-US","potentialAction":[{"@type":"ReadAction","target":["https:\/\/veritasinfo.org\/?p=7542"]}]},{"@type":"ImageObject","inLanguage":"en-US","@id":"https:\/\/veritasinfo.org\/?p=7542#primaryimage","url":"https:\/\/veritasinfo.org\/wp-content\/uploads\/2025\/08\/IMG_2406.jpeg","contentUrl":"https:\/\/veritasinfo.org\/wp-content\/uploads\/2025\/08\/IMG_2406.jpeg","width":1024,"height":682},{"@type":"BreadcrumbList","@id":"https:\/\/veritasinfo.org\/?p=7542#breadcrumb","itemListElement":[{"@type":"ListItem","position":1,"name":"Home","item":"https:\/\/veritasinfo.org\/"},{"@type":"ListItem","position":2,"name":"G\u00ebrvalla: Qeverisja jon\u00eb e ka forcuar pozit\u00ebn nd\u00ebrkomb\u00ebtare t\u00eb Kosov\u00ebs"}]},{"@type":"WebSite","@id":"https:\/\/veritasinfo.org\/#website","url":"https:\/\/veritasinfo.org\/","name":"","description":"","potentialAction":[{"@type":"SearchAction","target":{"@type":"EntryPoint","urlTemplate":"https:\/\/veritasinfo.org\/?s={search_term_string}"},"query-input":{"@type":"PropertyValueSpecification","valueRequired":true,"valueName":"search_term_string"}}],"inLanguage":"en-US"},{"@type":"Person","@id":"https:\/\/veritasinfo.org\/#\/schema\/person\/7701f8c088bece422266b100a712374f","name":"admin","image":{"@type":"ImageObject","inLanguage":"en-US","@id":"https:\/\/veritasinfo.org\/#\/schema\/person\/image\/","url":"https:\/\/secure.gravatar.com\/avatar\/ea53aa3bf6c9a12d5fde8ce4deff43fef3885ae33cf60184161a50d6987cfd2f?s=96&d=mm&r=g","contentUrl":"https:\/\/secure.gravatar.com\/avatar\/ea53aa3bf6c9a12d5fde8ce4deff43fef3885ae33cf60184161a50d6987cfd2f?s=96&d=mm&r=g","caption":"admin"},"sameAs":["https:\/\/veritasinfo.org"],"url":"https:\/\/veritasinfo.org\/?author=1"}]}},"featured_image_urls":{"full":["https:\/\/veritasinfo.org\/wp-content\/uploads\/2025\/08\/IMG_2406.jpeg",1024,682,false],"thumbnail":["https:\/\/veritasinfo.org\/wp-content\/uploads\/2025\/08\/IMG_2406-150x150.jpeg",150,150,true],"medium":["https:\/\/veritasinfo.org\/wp-content\/uploads\/2025\/08\/IMG_2406-300x200.jpeg",300,200,true],"medium_large":["https:\/\/veritasinfo.org\/wp-content\/uploads\/2025\/08\/IMG_2406-768x512.jpeg",640,427,true],"large":["https:\/\/veritasinfo.org\/wp-content\/uploads\/2025\/08\/IMG_2406.jpeg",640,426,false],"1536x1536":["https:\/\/veritasinfo.org\/wp-content\/uploads\/2025\/08\/IMG_2406.jpeg",1024,682,false],"2048x2048":["https:\/\/veritasinfo.org\/wp-content\/uploads\/2025\/08\/IMG_2406.jpeg",1024,682,false],"kreeti-slider-full":["https:\/\/veritasinfo.org\/wp-content\/uploads\/2025\/08\/IMG_2406.jpeg",1024,682,false],"kreeti-featured":["https:\/\/veritasinfo.org\/wp-content\/uploads\/2025\/08\/IMG_2406.jpeg",1024,682,false],"kreeti-medium":["https:\/\/veritasinfo.org\/wp-content\/uploads\/2025\/08\/IMG_2406.jpeg",720,480,false],"kreeti-medium-square":["https:\/\/veritasinfo.org\/wp-content\/uploads\/2025\/08\/IMG_2406.jpeg",350,233,false]},"author_info":{"info":["admin"]},"category_info":"<a href=\"https:\/\/veritasinfo.org\/?cat=58\" rel=\"category\">Politik\u00eb<\/a>","tag_info":"Politik\u00eb","comment_count":"0","_links":{"self":[{"href":"https:\/\/veritasinfo.org\/index.php?rest_route=\/wp\/v2\/posts\/7542","targetHints":{"allow":["GET"]}}],"collection":[{"href":"https:\/\/veritasinfo.org\/index.php?rest_route=\/wp\/v2\/posts"}],"about":[{"href":"https:\/\/veritasinfo.org\/index.php?rest_route=\/wp\/v2\/types\/post"}],"author":[{"embeddable":true,"href":"https:\/\/veritasinfo.org\/index.php?rest_route=\/wp\/v2\/users\/1"}],"replies":[{"embeddable":true,"href":"https:\/\/veritasinfo.org\/index.php?rest_route=%2Fwp%2Fv2%2Fcomments&post=7542"}],"version-history":[{"count":1,"href":"https:\/\/veritasinfo.org\/index.php?rest_route=\/wp\/v2\/posts\/7542\/revisions"}],"predecessor-version":[{"id":7544,"href":"https:\/\/veritasinfo.org\/index.php?rest_route=\/wp\/v2\/posts\/7542\/revisions\/7544"}],"wp:featuredmedia":[{"embeddable":true,"href":"https:\/\/veritasinfo.org\/index.php?rest_route=\/wp\/v2\/media\/7543"}],"wp:attachment":[{"href":"https:\/\/veritasinfo.org\/index.php?rest_route=%2Fwp%2Fv2%2Fmedia&parent=7542"}],"wp:term":[{"taxonomy":"category","embeddable":true,"href":"https:\/\/veritasinfo.org\/index.php?rest_route=%2Fwp%2Fv2%2Fcategories&post=7542"},{"taxonomy":"post_tag","embeddable":true,"href":"https:\/\/veritasinfo.org\/index.php?rest_route=%2Fwp%2Fv2%2Ftags&post=7542"}],"curies":[{"name":"wp","href":"https:\/\/api.w.org\/{rel}","templated":true}]}}