{"id":7533,"date":"2025-08-11T08:45:43","date_gmt":"2025-08-11T06:45:43","guid":{"rendered":"https:\/\/veritasinfo.org\/?p=7533"},"modified":"2025-08-11T08:45:43","modified_gmt":"2025-08-11T06:45:43","slug":"tri-dite-para-afatit-nuk-ka-pjesemarres-te-regjistruar-ne-zgjedhjet-lokale-ne-veri-te-kosoves-nga-komuniteti-serb","status":"publish","type":"post","link":"https:\/\/veritasinfo.org\/?p=7533","title":{"rendered":"Tri dit\u00eb para afatit, nuk ka pjes\u00ebmarr\u00ebs t\u00eb regjistruar n\u00eb zgjedhjet lokale n\u00eb veri t\u00eb Kosov\u00ebs nga komuniteti serb"},"content":{"rendered":"<p class=\"p1\">Mitrovic\u00eb Veriore, 11 Gusht 2025<\/p>\n<p class=\"p1\"><span class=\"s1\">Tri dit\u00eb para afatit t\u00eb fundit p\u00ebr regjistrimin p\u00ebr t\u00eb marr\u00eb pjes\u00eb n\u00eb zgjedhjet e ardhshme lokale n\u00eb kat\u00ebr komuna n\u00eb veri t\u00eb Kosov\u00ebs &#8211; Mitrovica e Veriut, Zve\u00e7ani, Leposaviqi dhe Zubin Potoku &#8211; asnj\u00eb parti politike, grup qytetar\u00ebsh apo kandidat i pavarur nuk \u00ebsht\u00eb regjistruar ende. E vetmja parti q\u00eb paraqiti kandidat\u00ebt e saj p\u00ebr kryetar komunash \u00ebsht\u00eb L\u00ebvizja Vet\u00ebvendosje.<\/span><\/p>\n<p class=\"p1\"><span class=\"s1\">Komisioni Qendror i Zgjedhjeve (KQZ) njoftoi se afati p\u00ebr aplikim \u00ebsht\u00eb i hapur deri n\u00eb mesnat\u00eb t\u00eb 13 gushtit, por deri m\u00eb tani nuk jan\u00eb pranuar aplikime nga k\u00ebto komuna. Analist\u00ebt politik\u00eb vler\u00ebsojn\u00eb se \u00ebsht\u00eb nj\u00eb lloj pritjeje p\u00ebr momentin e fundit, nd\u00ebrsa nuk ka deklarata zyrtare nga struktura t\u00eb caktuara politike, p\u00ebrve\u00e7 deklaratave p\u00ebr pamund\u00ebsin\u00eb e veprimit t\u00eb p\u00ebrbashk\u00ebt (koalicionit).<\/span><\/p>\n<p class=\"p1\"><span class=\"s1\">Sipas rregullave, pas afatit, KQZ do t\u00eb publikoj\u00eb list\u00ebn e pjes\u00ebmarr\u00ebsve t\u00eb autorizuar, dhe nj\u00eb zgjatje e mundshme e afatit \u00ebsht\u00eb e mundur vet\u00ebm n\u00ebse Qeveria e Kosov\u00ebs merr nj\u00eb vendim t\u00eb ri. Zgjedhjet lokale u caktuan nga Presidentja e Kosov\u00ebs Vjosa Osmani dhe jan\u00eb t\u00eb vlefshme p\u00ebr t\u00eb gjitha 38 komunat n\u00eb Kosov\u00eb.<\/span><\/p>\n<p class=\"p1\"><span class=\"s1\">B\u00ebhet fjal\u00eb p\u00ebr zgjedhje t\u00eb rregullta lokale.<\/span><\/p>\n<p class=\"p1\"><span class=\"s1\">Qytetar\u00ebt nga veriu, me t\u00eb cil\u00ebt ka biseduar ekipi i \u201cVeritasinfo\u201d theksojn\u00eb se jan\u00eb skeptik\u00eb p\u00ebr daljen n\u00eb votime.<\/span><\/p>\n<p class=\"p1\"><span class=\"s1\">&#8220;Nuk e shoh se kush do t\u00eb kandidonte p\u00ebr post tani, kur asnj\u00eb nga k\u00ebrkesat tona nuk \u00ebsht\u00eb p\u00ebrmbushur. Si zakonisht, t\u00eb nj\u00ebjt\u00ebt njer\u00ebz do t\u00eb kandidojn\u00eb p\u00ebrs\u00ebri p\u00ebr poste dhe do t\u00eb vazhdojn\u00eb t\u00eb marrin paga pa shum\u00eb shqet\u00ebsim p\u00ebr vet\u00eb qytetar\u00ebt&#8221;, thot\u00eb Marko nga Zve\u00e7ani.<\/span><\/p>\n<p class=\"p1\"><span class=\"s1\">Milena nga Mitrovica e Veriut \u00ebsht\u00eb e nj\u00eb mendimi t\u00eb ngjash\u00ebm: &#8220;Pa nj\u00eb marr\u00ebveshje midis Beogradit dhe Prishtin\u00ebs, nuk ka kuptim t\u00eb flitet p\u00ebr zgjedhje. T\u00ebrheqja e serb\u00ebve nga institucionet la pasoja t\u00eb paparashikueshme. Si\u00e7 d\u00ebgjova, do t\u00eb ket\u00eb m\u00eb shum\u00eb kandidat\u00eb q\u00eb nuk jan\u00eb pjes\u00eb e list\u00ebs serbe, gj\u00eb q\u00eb m\u00eb b\u00ebn t\u00eb lumtur t&#8217;ju them sinqerisht.&#8221;<\/span><\/p>\n<p class=\"p1\"><span class=\"s1\">Pritet q\u00eb n\u00eb dit\u00ebt n\u00eb vijim shumica e subjekteve politike t\u00eb paraqesin kandidaturat e tyre.<\/span><\/p>\n<p class=\"p1\"><span class=\"s1\">Qytetar\u00ebt duhet t\u00eb presin deri m\u00eb 13 gusht p\u00ebr t\u00eb par\u00eb se kush kandidon, dhe pastaj m\u00eb 12 tetor t\u00eb vendosin se kujt do t&#8217;i besojn\u00eb dhe t&#8217;i japin atij mund\u00ebsin\u00eb t&#8217;i p\u00ebrfaq\u00ebsoj\u00eb n\u00eb nivel lokal p\u00ebr 4 vitet e ardhshme.<\/span><\/p>\n","protected":false},"excerpt":{"rendered":"<p>Mitrovic\u00eb Veriore, 11 Gusht 2025 Tri dit\u00eb para afatit t\u00eb fundit p\u00ebr regjistrimin p\u00ebr t\u00eb marr\u00eb pjes\u00eb n\u00eb zgjedhjet e ardhshme lokale n\u00eb kat\u00ebr komuna<\/p>\n","protected":false},"author":1,"featured_media":5144,"comment_status":"open","ping_status":"open","sticky":false,"template":"","format":"standard","meta":{"footnotes":""},"categories":[93],"tags":[],"class_list":["post-7533","post","type-post","status-publish","format-standard","has-post-thumbnail","hentry","category-politika-sq"],"yoast_head":"<!-- This site is optimized with the Yoast SEO plugin v25.3.1 - https:\/\/yoast.com\/wordpress\/plugins\/seo\/ -->\n<title>Tri dit\u00eb para afatit, nuk ka pjes\u00ebmarr\u00ebs t\u00eb regjistruar n\u00eb zgjedhjet lokale n\u00eb veri t\u00eb Kosov\u00ebs nga komuniteti serb -<\/title>\n<meta name=\"robots\" content=\"index, follow, max-snippet:-1, max-image-preview:large, max-video-preview:-1\" \/>\n<link rel=\"canonical\" href=\"https:\/\/veritasinfo.org\/?p=7533\" \/>\n<meta property=\"og:locale\" content=\"en_US\" \/>\n<meta property=\"og:type\" content=\"article\" \/>\n<meta property=\"og:title\" content=\"Tri dit\u00eb para afatit, nuk ka pjes\u00ebmarr\u00ebs t\u00eb regjistruar n\u00eb zgjedhjet lokale n\u00eb veri t\u00eb Kosov\u00ebs nga komuniteti serb -\" \/>\n<meta property=\"og:description\" content=\"Mitrovic\u00eb Veriore, 11 Gusht 2025 Tri dit\u00eb para afatit t\u00eb fundit p\u00ebr regjistrimin p\u00ebr t\u00eb marr\u00eb pjes\u00eb n\u00eb zgjedhjet e ardhshme lokale n\u00eb kat\u00ebr komuna\" \/>\n<meta property=\"og:url\" content=\"https:\/\/veritasinfo.org\/?p=7533\" \/>\n<meta property=\"article:published_time\" content=\"2025-08-11T06:45:43+00:00\" \/>\n<meta property=\"og:image\" content=\"https:\/\/veritasinfo.org\/wp-content\/uploads\/2025\/07\/Mitrovica-e-Veriut-1.jpg\" \/>\n\t<meta property=\"og:image:width\" content=\"800\" \/>\n\t<meta property=\"og:image:height\" content=\"532\" \/>\n\t<meta property=\"og:image:type\" content=\"image\/jpeg\" \/>\n<meta name=\"author\" content=\"admin\" \/>\n<meta name=\"twitter:card\" content=\"summary_large_image\" \/>\n<meta name=\"twitter:label1\" content=\"Written by\" \/>\n\t<meta name=\"twitter:data1\" content=\"admin\" \/>\n\t<meta name=\"twitter:label2\" content=\"Est. reading time\" \/>\n\t<meta name=\"twitter:data2\" content=\"2 minutes\" \/>\n<script type=\"application\/ld+json\" class=\"yoast-schema-graph\">{\"@context\":\"https:\/\/schema.org\",\"@graph\":[{\"@type\":\"WebPage\",\"@id\":\"https:\/\/veritasinfo.org\/?p=7533\",\"url\":\"https:\/\/veritasinfo.org\/?p=7533\",\"name\":\"Tri dit\u00eb para afatit, nuk ka pjes\u00ebmarr\u00ebs t\u00eb regjistruar n\u00eb zgjedhjet lokale n\u00eb veri t\u00eb Kosov\u00ebs nga komuniteti serb -\",\"isPartOf\":{\"@id\":\"https:\/\/veritasinfo.org\/#website\"},\"primaryImageOfPage\":{\"@id\":\"https:\/\/veritasinfo.org\/?p=7533#primaryimage\"},\"image\":{\"@id\":\"https:\/\/veritasinfo.org\/?p=7533#primaryimage\"},\"thumbnailUrl\":\"https:\/\/veritasinfo.org\/wp-content\/uploads\/2025\/07\/Mitrovica-e-Veriut-1.jpg\",\"datePublished\":\"2025-08-11T06:45:43+00:00\",\"author\":{\"@id\":\"https:\/\/veritasinfo.org\/#\/schema\/person\/7701f8c088bece422266b100a712374f\"},\"breadcrumb\":{\"@id\":\"https:\/\/veritasinfo.org\/?p=7533#breadcrumb\"},\"inLanguage\":\"en-US\",\"potentialAction\":[{\"@type\":\"ReadAction\",\"target\":[\"https:\/\/veritasinfo.org\/?p=7533\"]}]},{\"@type\":\"ImageObject\",\"inLanguage\":\"en-US\",\"@id\":\"https:\/\/veritasinfo.org\/?p=7533#primaryimage\",\"url\":\"https:\/\/veritasinfo.org\/wp-content\/uploads\/2025\/07\/Mitrovica-e-Veriut-1.jpg\",\"contentUrl\":\"https:\/\/veritasinfo.org\/wp-content\/uploads\/2025\/07\/Mitrovica-e-Veriut-1.jpg\",\"width\":800,\"height\":532},{\"@type\":\"BreadcrumbList\",\"@id\":\"https:\/\/veritasinfo.org\/?p=7533#breadcrumb\",\"itemListElement\":[{\"@type\":\"ListItem\",\"position\":1,\"name\":\"Home\",\"item\":\"https:\/\/veritasinfo.org\/\"},{\"@type\":\"ListItem\",\"position\":2,\"name\":\"Tri dit\u00eb para afatit, nuk ka pjes\u00ebmarr\u00ebs t\u00eb regjistruar n\u00eb zgjedhjet lokale n\u00eb veri t\u00eb Kosov\u00ebs nga komuniteti serb\"}]},{\"@type\":\"WebSite\",\"@id\":\"https:\/\/veritasinfo.org\/#website\",\"url\":\"https:\/\/veritasinfo.org\/\",\"name\":\"\",\"description\":\"\",\"potentialAction\":[{\"@type\":\"SearchAction\",\"target\":{\"@type\":\"EntryPoint\",\"urlTemplate\":\"https:\/\/veritasinfo.org\/?s={search_term_string}\"},\"query-input\":{\"@type\":\"PropertyValueSpecification\",\"valueRequired\":true,\"valueName\":\"search_term_string\"}}],\"inLanguage\":\"en-US\"},{\"@type\":\"Person\",\"@id\":\"https:\/\/veritasinfo.org\/#\/schema\/person\/7701f8c088bece422266b100a712374f\",\"name\":\"admin\",\"image\":{\"@type\":\"ImageObject\",\"inLanguage\":\"en-US\",\"@id\":\"https:\/\/veritasinfo.org\/#\/schema\/person\/image\/\",\"url\":\"https:\/\/secure.gravatar.com\/avatar\/ea53aa3bf6c9a12d5fde8ce4deff43fef3885ae33cf60184161a50d6987cfd2f?s=96&d=mm&r=g\",\"contentUrl\":\"https:\/\/secure.gravatar.com\/avatar\/ea53aa3bf6c9a12d5fde8ce4deff43fef3885ae33cf60184161a50d6987cfd2f?s=96&d=mm&r=g\",\"caption\":\"admin\"},\"sameAs\":[\"https:\/\/veritasinfo.org\"],\"url\":\"https:\/\/veritasinfo.org\/?author=1\"}]}<\/script>\n<!-- \/ Yoast SEO plugin. -->","yoast_head_json":{"title":"Tri dit\u00eb para afatit, nuk ka pjes\u00ebmarr\u00ebs t\u00eb regjistruar n\u00eb zgjedhjet lokale n\u00eb veri t\u00eb Kosov\u00ebs nga komuniteti serb -","robots":{"index":"index","follow":"follow","max-snippet":"max-snippet:-1","max-image-preview":"max-image-preview:large","max-video-preview":"max-video-preview:-1"},"canonical":"https:\/\/veritasinfo.org\/?p=7533","og_locale":"en_US","og_type":"article","og_title":"Tri dit\u00eb para afatit, nuk ka pjes\u00ebmarr\u00ebs t\u00eb regjistruar n\u00eb zgjedhjet lokale n\u00eb veri t\u00eb Kosov\u00ebs nga komuniteti serb -","og_description":"Mitrovic\u00eb Veriore, 11 Gusht 2025 Tri dit\u00eb para afatit t\u00eb fundit p\u00ebr regjistrimin p\u00ebr t\u00eb marr\u00eb pjes\u00eb n\u00eb zgjedhjet e ardhshme lokale n\u00eb kat\u00ebr komuna","og_url":"https:\/\/veritasinfo.org\/?p=7533","article_published_time":"2025-08-11T06:45:43+00:00","og_image":[{"width":800,"height":532,"url":"https:\/\/veritasinfo.org\/wp-content\/uploads\/2025\/07\/Mitrovica-e-Veriut-1.jpg","type":"image\/jpeg"}],"author":"admin","twitter_card":"summary_large_image","twitter_misc":{"Written by":"admin","Est. reading time":"2 minutes"},"schema":{"@context":"https:\/\/schema.org","@graph":[{"@type":"WebPage","@id":"https:\/\/veritasinfo.org\/?p=7533","url":"https:\/\/veritasinfo.org\/?p=7533","name":"Tri dit\u00eb para afatit, nuk ka pjes\u00ebmarr\u00ebs t\u00eb regjistruar n\u00eb zgjedhjet lokale n\u00eb veri t\u00eb Kosov\u00ebs nga komuniteti serb -","isPartOf":{"@id":"https:\/\/veritasinfo.org\/#website"},"primaryImageOfPage":{"@id":"https:\/\/veritasinfo.org\/?p=7533#primaryimage"},"image":{"@id":"https:\/\/veritasinfo.org\/?p=7533#primaryimage"},"thumbnailUrl":"https:\/\/veritasinfo.org\/wp-content\/uploads\/2025\/07\/Mitrovica-e-Veriut-1.jpg","datePublished":"2025-08-11T06:45:43+00:00","author":{"@id":"https:\/\/veritasinfo.org\/#\/schema\/person\/7701f8c088bece422266b100a712374f"},"breadcrumb":{"@id":"https:\/\/veritasinfo.org\/?p=7533#breadcrumb"},"inLanguage":"en-US","potentialAction":[{"@type":"ReadAction","target":["https:\/\/veritasinfo.org\/?p=7533"]}]},{"@type":"ImageObject","inLanguage":"en-US","@id":"https:\/\/veritasinfo.org\/?p=7533#primaryimage","url":"https:\/\/veritasinfo.org\/wp-content\/uploads\/2025\/07\/Mitrovica-e-Veriut-1.jpg","contentUrl":"https:\/\/veritasinfo.org\/wp-content\/uploads\/2025\/07\/Mitrovica-e-Veriut-1.jpg","width":800,"height":532},{"@type":"BreadcrumbList","@id":"https:\/\/veritasinfo.org\/?p=7533#breadcrumb","itemListElement":[{"@type":"ListItem","position":1,"name":"Home","item":"https:\/\/veritasinfo.org\/"},{"@type":"ListItem","position":2,"name":"Tri dit\u00eb para afatit, nuk ka pjes\u00ebmarr\u00ebs t\u00eb regjistruar n\u00eb zgjedhjet lokale n\u00eb veri t\u00eb Kosov\u00ebs nga komuniteti serb"}]},{"@type":"WebSite","@id":"https:\/\/veritasinfo.org\/#website","url":"https:\/\/veritasinfo.org\/","name":"","description":"","potentialAction":[{"@type":"SearchAction","target":{"@type":"EntryPoint","urlTemplate":"https:\/\/veritasinfo.org\/?s={search_term_string}"},"query-input":{"@type":"PropertyValueSpecification","valueRequired":true,"valueName":"search_term_string"}}],"inLanguage":"en-US"},{"@type":"Person","@id":"https:\/\/veritasinfo.org\/#\/schema\/person\/7701f8c088bece422266b100a712374f","name":"admin","image":{"@type":"ImageObject","inLanguage":"en-US","@id":"https:\/\/veritasinfo.org\/#\/schema\/person\/image\/","url":"https:\/\/secure.gravatar.com\/avatar\/ea53aa3bf6c9a12d5fde8ce4deff43fef3885ae33cf60184161a50d6987cfd2f?s=96&d=mm&r=g","contentUrl":"https:\/\/secure.gravatar.com\/avatar\/ea53aa3bf6c9a12d5fde8ce4deff43fef3885ae33cf60184161a50d6987cfd2f?s=96&d=mm&r=g","caption":"admin"},"sameAs":["https:\/\/veritasinfo.org"],"url":"https:\/\/veritasinfo.org\/?author=1"}]}},"featured_image_urls":{"full":["https:\/\/veritasinfo.org\/wp-content\/uploads\/2025\/07\/Mitrovica-e-Veriut-1.jpg",800,532,false],"thumbnail":["https:\/\/veritasinfo.org\/wp-content\/uploads\/2025\/07\/Mitrovica-e-Veriut-1-150x150.jpg",150,150,true],"medium":["https:\/\/veritasinfo.org\/wp-content\/uploads\/2025\/07\/Mitrovica-e-Veriut-1-300x200.jpg",300,200,true],"medium_large":["https:\/\/veritasinfo.org\/wp-content\/uploads\/2025\/07\/Mitrovica-e-Veriut-1-768x511.jpg",640,426,true],"large":["https:\/\/veritasinfo.org\/wp-content\/uploads\/2025\/07\/Mitrovica-e-Veriut-1.jpg",640,426,false],"1536x1536":["https:\/\/veritasinfo.org\/wp-content\/uploads\/2025\/07\/Mitrovica-e-Veriut-1.jpg",800,532,false],"2048x2048":["https:\/\/veritasinfo.org\/wp-content\/uploads\/2025\/07\/Mitrovica-e-Veriut-1.jpg",800,532,false],"kreeti-slider-full":["https:\/\/veritasinfo.org\/wp-content\/uploads\/2025\/07\/Mitrovica-e-Veriut-1.jpg",800,532,false],"kreeti-featured":["https:\/\/veritasinfo.org\/wp-content\/uploads\/2025\/07\/Mitrovica-e-Veriut-1.jpg",800,532,false],"kreeti-medium":["https:\/\/veritasinfo.org\/wp-content\/uploads\/2025\/07\/Mitrovica-e-Veriut-1.jpg",720,479,false],"kreeti-medium-square":["https:\/\/veritasinfo.org\/wp-content\/uploads\/2025\/07\/Mitrovica-e-Veriut-1.jpg",350,233,false]},"author_info":{"info":["admin"]},"category_info":"<a href=\"https:\/\/veritasinfo.org\/?cat=93\" rel=\"category\">Politika<\/a>","tag_info":"Politika","comment_count":"0","_links":{"self":[{"href":"https:\/\/veritasinfo.org\/index.php?rest_route=\/wp\/v2\/posts\/7533","targetHints":{"allow":["GET"]}}],"collection":[{"href":"https:\/\/veritasinfo.org\/index.php?rest_route=\/wp\/v2\/posts"}],"about":[{"href":"https:\/\/veritasinfo.org\/index.php?rest_route=\/wp\/v2\/types\/post"}],"author":[{"embeddable":true,"href":"https:\/\/veritasinfo.org\/index.php?rest_route=\/wp\/v2\/users\/1"}],"replies":[{"embeddable":true,"href":"https:\/\/veritasinfo.org\/index.php?rest_route=%2Fwp%2Fv2%2Fcomments&post=7533"}],"version-history":[{"count":1,"href":"https:\/\/veritasinfo.org\/index.php?rest_route=\/wp\/v2\/posts\/7533\/revisions"}],"predecessor-version":[{"id":7534,"href":"https:\/\/veritasinfo.org\/index.php?rest_route=\/wp\/v2\/posts\/7533\/revisions\/7534"}],"wp:featuredmedia":[{"embeddable":true,"href":"https:\/\/veritasinfo.org\/index.php?rest_route=\/wp\/v2\/media\/5144"}],"wp:attachment":[{"href":"https:\/\/veritasinfo.org\/index.php?rest_route=%2Fwp%2Fv2%2Fmedia&parent=7533"}],"wp:term":[{"taxonomy":"category","embeddable":true,"href":"https:\/\/veritasinfo.org\/index.php?rest_route=%2Fwp%2Fv2%2Fcategories&post=7533"},{"taxonomy":"post_tag","embeddable":true,"href":"https:\/\/veritasinfo.org\/index.php?rest_route=%2Fwp%2Fv2%2Ftags&post=7533"}],"curies":[{"name":"wp","href":"https:\/\/api.w.org\/{rel}","templated":true}]}}