{"id":7530,"date":"2025-08-11T08:33:56","date_gmt":"2025-08-11T06:33:56","guid":{"rendered":"https:\/\/veritasinfo.org\/?p=7530"},"modified":"2025-08-11T08:33:56","modified_gmt":"2025-08-11T06:33:56","slug":"termeti-ne-turqi-ambasada-e-kosoves-apel-per-kujdes","status":"publish","type":"post","link":"https:\/\/veritasinfo.org\/?p=7530","title":{"rendered":"T\u00ebrmeti n\u00eb Turqi, Ambasada e Kosov\u00ebs apel p\u00ebr kujdes"},"content":{"rendered":"<p>T\u00eb diel\u00ebn, m\u00eb 10 gusht 2025, n\u00eb or\u00ebn 19:53 sipas koh\u00ebs lokale, n\u00eb rrethin Sind\u0131rg\u0131 t\u00eb qytetit Bal\u0131kesir ka ndodhur nj\u00eb t\u00ebrmet me magnitud\u00eb 6.1 t\u00eb shkall\u00ebs Rihter. L\u00ebkundjet jan\u00eb ndjer\u00eb gjithashtu n\u00eb qytetet Manisa, Izmir, U\u015fak dhe Bursa. Autoritetet kompetente po vazhdojn\u00eb inspektimet dhe vler\u00ebsimet n\u00eb terren.<\/p>\n<p>Ambasada dhe Konsullata e P\u00ebrgjithshme e Republik\u00ebs s\u00eb Kosov\u00ebs n\u00eb Turqi u b\u00ebjn\u00eb thirrje t\u00eb gjith\u00eb qytetar\u00ebve q\u00eb ndodhen n\u00eb zonat e prekura t\u00eb tregojn\u00eb kujdes maksimal, t\u00eb ndjekin udh\u00ebzimet e autoriteteve vendore dhe, n\u00eb rast nevoje, t\u00eb kontaktojn\u00eb menj\u00ebher\u00eb n\u00eb:<\/p>\n<p>\ud83d\udccd Adresa: Vali Kona\u011f\u0131 Cad. No: 74 D 3, Ni\u015fanta\u015f\u0131, Stamboll<\/p>\n<p>\ud83d\udcde Tel: +90 (531) 105 63 91<\/p>\n<p>\ud83d\udce7 Email: consulgeneral.ist@rks-gov.net<\/p>\n","protected":false},"excerpt":{"rendered":"<p>T\u00eb diel\u00ebn, m\u00eb 10 gusht 2025, n\u00eb or\u00ebn 19:53 sipas koh\u00ebs lokale, n\u00eb rrethin Sind\u0131rg\u0131 t\u00eb qytetit Bal\u0131kesir ka ndodhur nj\u00eb t\u00ebrmet me magnitud\u00eb 6.1<\/p>\n","protected":false},"author":1,"featured_media":7527,"comment_status":"open","ping_status":"open","sticky":false,"template":"","format":"standard","meta":{"footnotes":""},"categories":[72],"tags":[],"class_list":["post-7530","post","type-post","status-publish","format-standard","has-post-thumbnail","hentry","category-bota"],"yoast_head":"<!-- This site is optimized with the Yoast SEO plugin v25.3.1 - https:\/\/yoast.com\/wordpress\/plugins\/seo\/ -->\n<title>T\u00ebrmeti n\u00eb Turqi, Ambasada e Kosov\u00ebs apel p\u00ebr kujdes -<\/title>\n<meta name=\"robots\" content=\"index, follow, max-snippet:-1, max-image-preview:large, max-video-preview:-1\" \/>\n<link rel=\"canonical\" href=\"https:\/\/veritasinfo.org\/?p=7530\" \/>\n<meta property=\"og:locale\" content=\"en_US\" \/>\n<meta property=\"og:type\" content=\"article\" \/>\n<meta property=\"og:title\" content=\"T\u00ebrmeti n\u00eb Turqi, Ambasada e Kosov\u00ebs apel p\u00ebr kujdes -\" \/>\n<meta property=\"og:description\" content=\"T\u00eb diel\u00ebn, m\u00eb 10 gusht 2025, n\u00eb or\u00ebn 19:53 sipas koh\u00ebs lokale, n\u00eb rrethin Sind\u0131rg\u0131 t\u00eb qytetit Bal\u0131kesir ka ndodhur nj\u00eb t\u00ebrmet me magnitud\u00eb 6.1\" \/>\n<meta property=\"og:url\" content=\"https:\/\/veritasinfo.org\/?p=7530\" \/>\n<meta property=\"article:published_time\" content=\"2025-08-11T06:33:56+00:00\" \/>\n<meta property=\"og:image\" content=\"https:\/\/veritasinfo.org\/wp-content\/uploads\/2025\/08\/FB_IMG_1754893704188.jpg\" \/>\n\t<meta property=\"og:image:width\" content=\"960\" \/>\n\t<meta property=\"og:image:height\" content=\"958\" \/>\n\t<meta property=\"og:image:type\" content=\"image\/jpeg\" \/>\n<meta name=\"author\" content=\"admin\" \/>\n<meta name=\"twitter:card\" content=\"summary_large_image\" \/>\n<meta name=\"twitter:label1\" content=\"Written by\" \/>\n\t<meta name=\"twitter:data1\" content=\"admin\" \/>\n\t<meta name=\"twitter:label2\" content=\"Est. reading time\" \/>\n\t<meta name=\"twitter:data2\" content=\"1 minute\" \/>\n<script type=\"application\/ld+json\" class=\"yoast-schema-graph\">{\"@context\":\"https:\/\/schema.org\",\"@graph\":[{\"@type\":\"WebPage\",\"@id\":\"https:\/\/veritasinfo.org\/?p=7530\",\"url\":\"https:\/\/veritasinfo.org\/?p=7530\",\"name\":\"T\u00ebrmeti n\u00eb Turqi, Ambasada e Kosov\u00ebs apel p\u00ebr kujdes -\",\"isPartOf\":{\"@id\":\"https:\/\/veritasinfo.org\/#website\"},\"primaryImageOfPage\":{\"@id\":\"https:\/\/veritasinfo.org\/?p=7530#primaryimage\"},\"image\":{\"@id\":\"https:\/\/veritasinfo.org\/?p=7530#primaryimage\"},\"thumbnailUrl\":\"https:\/\/veritasinfo.org\/wp-content\/uploads\/2025\/08\/FB_IMG_1754893704188.jpg\",\"datePublished\":\"2025-08-11T06:33:56+00:00\",\"author\":{\"@id\":\"https:\/\/veritasinfo.org\/#\/schema\/person\/7701f8c088bece422266b100a712374f\"},\"breadcrumb\":{\"@id\":\"https:\/\/veritasinfo.org\/?p=7530#breadcrumb\"},\"inLanguage\":\"en-US\",\"potentialAction\":[{\"@type\":\"ReadAction\",\"target\":[\"https:\/\/veritasinfo.org\/?p=7530\"]}]},{\"@type\":\"ImageObject\",\"inLanguage\":\"en-US\",\"@id\":\"https:\/\/veritasinfo.org\/?p=7530#primaryimage\",\"url\":\"https:\/\/veritasinfo.org\/wp-content\/uploads\/2025\/08\/FB_IMG_1754893704188.jpg\",\"contentUrl\":\"https:\/\/veritasinfo.org\/wp-content\/uploads\/2025\/08\/FB_IMG_1754893704188.jpg\",\"width\":960,\"height\":958},{\"@type\":\"BreadcrumbList\",\"@id\":\"https:\/\/veritasinfo.org\/?p=7530#breadcrumb\",\"itemListElement\":[{\"@type\":\"ListItem\",\"position\":1,\"name\":\"Home\",\"item\":\"https:\/\/veritasinfo.org\/\"},{\"@type\":\"ListItem\",\"position\":2,\"name\":\"T\u00ebrmeti n\u00eb Turqi, Ambasada e Kosov\u00ebs apel p\u00ebr kujdes\"}]},{\"@type\":\"WebSite\",\"@id\":\"https:\/\/veritasinfo.org\/#website\",\"url\":\"https:\/\/veritasinfo.org\/\",\"name\":\"\",\"description\":\"\",\"potentialAction\":[{\"@type\":\"SearchAction\",\"target\":{\"@type\":\"EntryPoint\",\"urlTemplate\":\"https:\/\/veritasinfo.org\/?s={search_term_string}\"},\"query-input\":{\"@type\":\"PropertyValueSpecification\",\"valueRequired\":true,\"valueName\":\"search_term_string\"}}],\"inLanguage\":\"en-US\"},{\"@type\":\"Person\",\"@id\":\"https:\/\/veritasinfo.org\/#\/schema\/person\/7701f8c088bece422266b100a712374f\",\"name\":\"admin\",\"image\":{\"@type\":\"ImageObject\",\"inLanguage\":\"en-US\",\"@id\":\"https:\/\/veritasinfo.org\/#\/schema\/person\/image\/\",\"url\":\"https:\/\/secure.gravatar.com\/avatar\/ea53aa3bf6c9a12d5fde8ce4deff43fef3885ae33cf60184161a50d6987cfd2f?s=96&d=mm&r=g\",\"contentUrl\":\"https:\/\/secure.gravatar.com\/avatar\/ea53aa3bf6c9a12d5fde8ce4deff43fef3885ae33cf60184161a50d6987cfd2f?s=96&d=mm&r=g\",\"caption\":\"admin\"},\"sameAs\":[\"https:\/\/veritasinfo.org\"],\"url\":\"https:\/\/veritasinfo.org\/?author=1\"}]}<\/script>\n<!-- \/ Yoast SEO plugin. -->","yoast_head_json":{"title":"T\u00ebrmeti n\u00eb Turqi, Ambasada e Kosov\u00ebs apel p\u00ebr kujdes -","robots":{"index":"index","follow":"follow","max-snippet":"max-snippet:-1","max-image-preview":"max-image-preview:large","max-video-preview":"max-video-preview:-1"},"canonical":"https:\/\/veritasinfo.org\/?p=7530","og_locale":"en_US","og_type":"article","og_title":"T\u00ebrmeti n\u00eb Turqi, Ambasada e Kosov\u00ebs apel p\u00ebr kujdes -","og_description":"T\u00eb diel\u00ebn, m\u00eb 10 gusht 2025, n\u00eb or\u00ebn 19:53 sipas koh\u00ebs lokale, n\u00eb rrethin Sind\u0131rg\u0131 t\u00eb qytetit Bal\u0131kesir ka ndodhur nj\u00eb t\u00ebrmet me magnitud\u00eb 6.1","og_url":"https:\/\/veritasinfo.org\/?p=7530","article_published_time":"2025-08-11T06:33:56+00:00","og_image":[{"width":960,"height":958,"url":"https:\/\/veritasinfo.org\/wp-content\/uploads\/2025\/08\/FB_IMG_1754893704188.jpg","type":"image\/jpeg"}],"author":"admin","twitter_card":"summary_large_image","twitter_misc":{"Written by":"admin","Est. reading time":"1 minute"},"schema":{"@context":"https:\/\/schema.org","@graph":[{"@type":"WebPage","@id":"https:\/\/veritasinfo.org\/?p=7530","url":"https:\/\/veritasinfo.org\/?p=7530","name":"T\u00ebrmeti n\u00eb Turqi, Ambasada e Kosov\u00ebs apel p\u00ebr kujdes -","isPartOf":{"@id":"https:\/\/veritasinfo.org\/#website"},"primaryImageOfPage":{"@id":"https:\/\/veritasinfo.org\/?p=7530#primaryimage"},"image":{"@id":"https:\/\/veritasinfo.org\/?p=7530#primaryimage"},"thumbnailUrl":"https:\/\/veritasinfo.org\/wp-content\/uploads\/2025\/08\/FB_IMG_1754893704188.jpg","datePublished":"2025-08-11T06:33:56+00:00","author":{"@id":"https:\/\/veritasinfo.org\/#\/schema\/person\/7701f8c088bece422266b100a712374f"},"breadcrumb":{"@id":"https:\/\/veritasinfo.org\/?p=7530#breadcrumb"},"inLanguage":"en-US","potentialAction":[{"@type":"ReadAction","target":["https:\/\/veritasinfo.org\/?p=7530"]}]},{"@type":"ImageObject","inLanguage":"en-US","@id":"https:\/\/veritasinfo.org\/?p=7530#primaryimage","url":"https:\/\/veritasinfo.org\/wp-content\/uploads\/2025\/08\/FB_IMG_1754893704188.jpg","contentUrl":"https:\/\/veritasinfo.org\/wp-content\/uploads\/2025\/08\/FB_IMG_1754893704188.jpg","width":960,"height":958},{"@type":"BreadcrumbList","@id":"https:\/\/veritasinfo.org\/?p=7530#breadcrumb","itemListElement":[{"@type":"ListItem","position":1,"name":"Home","item":"https:\/\/veritasinfo.org\/"},{"@type":"ListItem","position":2,"name":"T\u00ebrmeti n\u00eb Turqi, Ambasada e Kosov\u00ebs apel p\u00ebr kujdes"}]},{"@type":"WebSite","@id":"https:\/\/veritasinfo.org\/#website","url":"https:\/\/veritasinfo.org\/","name":"","description":"","potentialAction":[{"@type":"SearchAction","target":{"@type":"EntryPoint","urlTemplate":"https:\/\/veritasinfo.org\/?s={search_term_string}"},"query-input":{"@type":"PropertyValueSpecification","valueRequired":true,"valueName":"search_term_string"}}],"inLanguage":"en-US"},{"@type":"Person","@id":"https:\/\/veritasinfo.org\/#\/schema\/person\/7701f8c088bece422266b100a712374f","name":"admin","image":{"@type":"ImageObject","inLanguage":"en-US","@id":"https:\/\/veritasinfo.org\/#\/schema\/person\/image\/","url":"https:\/\/secure.gravatar.com\/avatar\/ea53aa3bf6c9a12d5fde8ce4deff43fef3885ae33cf60184161a50d6987cfd2f?s=96&d=mm&r=g","contentUrl":"https:\/\/secure.gravatar.com\/avatar\/ea53aa3bf6c9a12d5fde8ce4deff43fef3885ae33cf60184161a50d6987cfd2f?s=96&d=mm&r=g","caption":"admin"},"sameAs":["https:\/\/veritasinfo.org"],"url":"https:\/\/veritasinfo.org\/?author=1"}]}},"featured_image_urls":{"full":["https:\/\/veritasinfo.org\/wp-content\/uploads\/2025\/08\/FB_IMG_1754893704188.jpg",960,958,false],"thumbnail":["https:\/\/veritasinfo.org\/wp-content\/uploads\/2025\/08\/FB_IMG_1754893704188-150x150.jpg",150,150,true],"medium":["https:\/\/veritasinfo.org\/wp-content\/uploads\/2025\/08\/FB_IMG_1754893704188-300x300.jpg",300,300,true],"medium_large":["https:\/\/veritasinfo.org\/wp-content\/uploads\/2025\/08\/FB_IMG_1754893704188-768x766.jpg",640,638,true],"large":["https:\/\/veritasinfo.org\/wp-content\/uploads\/2025\/08\/FB_IMG_1754893704188.jpg",640,639,false],"1536x1536":["https:\/\/veritasinfo.org\/wp-content\/uploads\/2025\/08\/FB_IMG_1754893704188.jpg",960,958,false],"2048x2048":["https:\/\/veritasinfo.org\/wp-content\/uploads\/2025\/08\/FB_IMG_1754893704188.jpg",960,958,false],"kreeti-slider-full":["https:\/\/veritasinfo.org\/wp-content\/uploads\/2025\/08\/FB_IMG_1754893704188.jpg",722,720,false],"kreeti-featured":["https:\/\/veritasinfo.org\/wp-content\/uploads\/2025\/08\/FB_IMG_1754893704188.jpg",960,958,false],"kreeti-medium":["https:\/\/veritasinfo.org\/wp-content\/uploads\/2025\/08\/FB_IMG_1754893704188.jpg",531,530,false],"kreeti-medium-square":["https:\/\/veritasinfo.org\/wp-content\/uploads\/2025\/08\/FB_IMG_1754893704188.jpg",350,350,false]},"author_info":{"info":["admin"]},"category_info":"<a href=\"https:\/\/veritasinfo.org\/?cat=72\" rel=\"category\">Bota<\/a>","tag_info":"Bota","comment_count":"0","_links":{"self":[{"href":"https:\/\/veritasinfo.org\/index.php?rest_route=\/wp\/v2\/posts\/7530","targetHints":{"allow":["GET"]}}],"collection":[{"href":"https:\/\/veritasinfo.org\/index.php?rest_route=\/wp\/v2\/posts"}],"about":[{"href":"https:\/\/veritasinfo.org\/index.php?rest_route=\/wp\/v2\/types\/post"}],"author":[{"embeddable":true,"href":"https:\/\/veritasinfo.org\/index.php?rest_route=\/wp\/v2\/users\/1"}],"replies":[{"embeddable":true,"href":"https:\/\/veritasinfo.org\/index.php?rest_route=%2Fwp%2Fv2%2Fcomments&post=7530"}],"version-history":[{"count":1,"href":"https:\/\/veritasinfo.org\/index.php?rest_route=\/wp\/v2\/posts\/7530\/revisions"}],"predecessor-version":[{"id":7531,"href":"https:\/\/veritasinfo.org\/index.php?rest_route=\/wp\/v2\/posts\/7530\/revisions\/7531"}],"wp:featuredmedia":[{"embeddable":true,"href":"https:\/\/veritasinfo.org\/index.php?rest_route=\/wp\/v2\/media\/7527"}],"wp:attachment":[{"href":"https:\/\/veritasinfo.org\/index.php?rest_route=%2Fwp%2Fv2%2Fmedia&parent=7530"}],"wp:term":[{"taxonomy":"category","embeddable":true,"href":"https:\/\/veritasinfo.org\/index.php?rest_route=%2Fwp%2Fv2%2Fcategories&post=7530"},{"taxonomy":"post_tag","embeddable":true,"href":"https:\/\/veritasinfo.org\/index.php?rest_route=%2Fwp%2Fv2%2Ftags&post=7530"}],"curies":[{"name":"wp","href":"https:\/\/api.w.org\/{rel}","templated":true}]}}