{"id":7499,"date":"2025-08-11T08:06:23","date_gmt":"2025-08-11T06:06:23","guid":{"rendered":"https:\/\/veritasinfo.org\/?p=7499"},"modified":"2025-08-11T08:05:47","modified_gmt":"2025-08-11T06:05:47","slug":"macedonci-per-marreveshjet-ushtarake-me-shba-ne-dhe-rrugen-e-kosoves-drejt-anetaresimit-ne-nato","status":"publish","type":"post","link":"https:\/\/veritasinfo.org\/?p=7499","title":{"rendered":"Ma\u00e7edonci p\u00ebr marr\u00ebveshjet ushtarake me SHBA-n\u00eb dhe rrug\u00ebn e Kosov\u00ebs drejt an\u00ebtar\u00ebsimit n\u00eb NATO"},"content":{"rendered":"<p>Ministri i Mbrojtjes s\u00eb Kosov\u00ebs, Ejup Ma\u00e7edonci, ka deklaruar se Shtetet e Bashkuara t\u00eb Amerik\u00ebs jan\u00eb faktor ky\u00e7 n\u00eb aspektin e mbrojtjes dhe siguris\u00eb s\u00eb Forc\u00ebs s\u00eb Siguris\u00eb s\u00eb Kosov\u00ebs (FSK).<\/p>\n<p>N\u00eb nj\u00eb intervist\u00eb p\u00ebr emisionin \u201cBalkan Talks\u201d n\u00eb Euronews Albania, Ma\u00e7edonci foli p\u00ebr bashk\u00ebpunimin ushtarak mes Kosov\u00ebs dhe SHBA-s\u00eb, duke zbuluar detaje t\u00eb marr\u00ebveshjes s\u00eb par\u00eb korniz\u00eb p\u00ebr mbrojtje mes dy vendeve, si dhe p\u00ebr vizitat e tij n\u00eb Uashington.<\/p>\n<p>Sipas tij, marr\u00ebveshjet dypal\u00ebshe thellojn\u00eb dhe zgjerojn\u00eb bashk\u00ebpunimin n\u00eb fush\u00ebn e mbrojtjes dhe siguris\u00eb. \u201cQ\u00eb nga koha kur mora detyr\u00ebn e ministrit, para dy vitesh, kam zhvilluar tre vizita n\u00eb Departamentin e Mbrojtjes t\u00eb SHBA-s\u00eb. Gjat\u00eb vizit\u00ebs s\u00eb fundit, s\u00eb bashku me z\u00ebvend\u00ebssekretarin e Mbrojtjes, u dakorduam p\u00ebr disa pika konkrete bashk\u00ebpunimi, p\u00ebrfshir\u00eb st\u00ebrvitje e trajnime t\u00eb p\u00ebrbashk\u00ebta dhe pjes\u00ebmarrje n\u00eb misione jasht\u00eb vendit, si n\u00eb Kuvajt. Gjithashtu, kemi dy fusha t\u00eb ve\u00e7anta \u2013 zhvillimin e industris\u00eb s\u00eb mbrojtjes dhe forcimin e kapaciteteve t\u00eb shoq\u00ebris\u00eb p\u00ebr t\u00eb mb\u00ebshtetur institucionet e siguris\u00eb n\u00eb rast lufte. Planifikojm\u00eb nd\u00ebrtimin e nj\u00eb fabrike shtet\u00ebrore ushtarake dhe kemi zhvilluar takim n\u00eb Prishtin\u00eb p\u00ebr sinkronizimin e investitor\u00ebve amerikan\u00eb me kompanit\u00eb tona\u201d, tha Ma\u00e7edonci.<\/p>\n<p>Ai shtoi se bashk\u00ebpunimi me aleat\u00ebt \u00ebsht\u00eb i fuqish\u00ebm, duke p\u00ebrmendur ekipin k\u00ebshillues t\u00eb NATO-s, t\u00eb udh\u00ebhequr nga nj\u00eb gjeneral gjerman, q\u00eb mb\u00ebshtet Ministrin\u00eb e Mbrojtjes dhe FSK-n\u00eb n\u00eb p\u00ebrmbushjen e objektivave p\u00ebr afrimin me NATO-n. \u201cSHBA ka trupa t\u00eb stacionuara n\u00eb Kosov\u00eb jasht\u00eb mandatit t\u00eb KFOR-it, t\u00eb cilat bashk\u00ebpunojn\u00eb dhe ndihmojn\u00eb n\u00eb trajnime. Po ashtu, ushtria amerikane na ka dhuruar nj\u00eb prej poligoneve m\u00eb moderne p\u00ebr qitje me arm\u00eb t\u00eb lehta n\u00eb rajon, me vler\u00eb prej 2 milion\u00eb euro, si dhe nj\u00eb kontingjent automjetesh t\u00eb blinduara, t\u00eb blera me nj\u00eb \u00e7mim simbolik\u201d, theksoi ministri.<\/p>\n<p>Lidhur me procesin e an\u00ebtar\u00ebsimit n\u00eb NATO, Ma\u00e7edonci u shpreh se Kosova po punon p\u00ebr t\u2019u b\u00ebr\u00eb an\u00ebtare me t\u00eb drejta t\u00eb plota, por p\u00ebrballet me sfid\u00ebn diplomatike p\u00ebr shkak t\u00eb kat\u00ebr vendeve q\u00eb ende nuk e kan\u00eb njohur pavar\u00ebsin\u00eb e saj. \u201cShpresoj q\u00eb k\u00ebto vende shum\u00eb shpejt do t\u00eb kuptojn\u00eb se shteti i Kosov\u00ebs \u00ebsht\u00eb realitet dhe se Ushtria e Kosov\u00ebs \u00ebsht\u00eb nj\u00eb forc\u00eb profesionale, e gatshme t\u00eb kontribuoj\u00eb p\u00ebr paqen dhe sigurin\u00eb n\u00eb mbar\u00eb bot\u00ebn\u201d, p\u00ebrfundoi Ma\u00e7edonci.<\/p>\n<p>&nbsp;<\/p>\n<p>&nbsp;<\/p>\n","protected":false},"excerpt":{"rendered":"<p>Ministri i Mbrojtjes s\u00eb Kosov\u00ebs, Ejup Ma\u00e7edonci, ka deklaruar se Shtetet e Bashkuara t\u00eb Amerik\u00ebs jan\u00eb faktor ky\u00e7 n\u00eb aspektin e mbrojtjes dhe siguris\u00eb s\u00eb<\/p>\n","protected":false},"author":1,"featured_media":7497,"comment_status":"open","ping_status":"open","sticky":false,"template":"","format":"standard","meta":{"footnotes":""},"categories":[15],"tags":[],"class_list":["post-7499","post","type-post","status-publish","format-standard","has-post-thumbnail","hentry","category-uncategorized-sq"],"yoast_head":"<!-- This site is optimized with the Yoast SEO plugin v25.3.1 - https:\/\/yoast.com\/wordpress\/plugins\/seo\/ -->\n<title>Ma\u00e7edonci p\u00ebr marr\u00ebveshjet ushtarake me SHBA-n\u00eb dhe rrug\u00ebn e Kosov\u00ebs drejt an\u00ebtar\u00ebsimit n\u00eb NATO -<\/title>\n<meta name=\"robots\" content=\"index, follow, max-snippet:-1, max-image-preview:large, max-video-preview:-1\" \/>\n<link rel=\"canonical\" href=\"https:\/\/veritasinfo.org\/?p=7499\" \/>\n<meta property=\"og:locale\" content=\"en_US\" \/>\n<meta property=\"og:type\" content=\"article\" \/>\n<meta property=\"og:title\" content=\"Ma\u00e7edonci p\u00ebr marr\u00ebveshjet ushtarake me SHBA-n\u00eb dhe rrug\u00ebn e Kosov\u00ebs drejt an\u00ebtar\u00ebsimit n\u00eb NATO -\" \/>\n<meta property=\"og:description\" content=\"Ministri i Mbrojtjes s\u00eb Kosov\u00ebs, Ejup Ma\u00e7edonci, ka deklaruar se Shtetet e Bashkuara t\u00eb Amerik\u00ebs jan\u00eb faktor ky\u00e7 n\u00eb aspektin e mbrojtjes dhe siguris\u00eb s\u00eb\" \/>\n<meta property=\"og:url\" content=\"https:\/\/veritasinfo.org\/?p=7499\" \/>\n<meta property=\"article:published_time\" content=\"2025-08-11T06:06:23+00:00\" \/>\n<meta property=\"og:image\" content=\"https:\/\/veritasinfo.org\/wp-content\/uploads\/2025\/08\/Ejup_Maqedonci_Minister_of_Defense_Republic_of_Kosovo.jpg\" \/>\n\t<meta property=\"og:image:width\" content=\"500\" \/>\n\t<meta property=\"og:image:height\" content=\"496\" \/>\n\t<meta property=\"og:image:type\" content=\"image\/jpeg\" \/>\n<meta name=\"author\" content=\"admin\" \/>\n<meta name=\"twitter:card\" content=\"summary_large_image\" \/>\n<meta name=\"twitter:label1\" content=\"Written by\" \/>\n\t<meta name=\"twitter:data1\" content=\"admin\" \/>\n\t<meta name=\"twitter:label2\" content=\"Est. reading time\" \/>\n\t<meta name=\"twitter:data2\" content=\"2 minutes\" \/>\n<script type=\"application\/ld+json\" class=\"yoast-schema-graph\">{\"@context\":\"https:\/\/schema.org\",\"@graph\":[{\"@type\":\"WebPage\",\"@id\":\"https:\/\/veritasinfo.org\/?p=7499\",\"url\":\"https:\/\/veritasinfo.org\/?p=7499\",\"name\":\"Ma\u00e7edonci p\u00ebr marr\u00ebveshjet ushtarake me SHBA-n\u00eb dhe rrug\u00ebn e Kosov\u00ebs drejt an\u00ebtar\u00ebsimit n\u00eb NATO -\",\"isPartOf\":{\"@id\":\"https:\/\/veritasinfo.org\/#website\"},\"primaryImageOfPage\":{\"@id\":\"https:\/\/veritasinfo.org\/?p=7499#primaryimage\"},\"image\":{\"@id\":\"https:\/\/veritasinfo.org\/?p=7499#primaryimage\"},\"thumbnailUrl\":\"https:\/\/veritasinfo.org\/wp-content\/uploads\/2025\/08\/Ejup_Maqedonci_Minister_of_Defense_Republic_of_Kosovo.jpg\",\"datePublished\":\"2025-08-11T06:06:23+00:00\",\"author\":{\"@id\":\"https:\/\/veritasinfo.org\/#\/schema\/person\/7701f8c088bece422266b100a712374f\"},\"breadcrumb\":{\"@id\":\"https:\/\/veritasinfo.org\/?p=7499#breadcrumb\"},\"inLanguage\":\"en-US\",\"potentialAction\":[{\"@type\":\"ReadAction\",\"target\":[\"https:\/\/veritasinfo.org\/?p=7499\"]}]},{\"@type\":\"ImageObject\",\"inLanguage\":\"en-US\",\"@id\":\"https:\/\/veritasinfo.org\/?p=7499#primaryimage\",\"url\":\"https:\/\/veritasinfo.org\/wp-content\/uploads\/2025\/08\/Ejup_Maqedonci_Minister_of_Defense_Republic_of_Kosovo.jpg\",\"contentUrl\":\"https:\/\/veritasinfo.org\/wp-content\/uploads\/2025\/08\/Ejup_Maqedonci_Minister_of_Defense_Republic_of_Kosovo.jpg\",\"width\":500,\"height\":496},{\"@type\":\"BreadcrumbList\",\"@id\":\"https:\/\/veritasinfo.org\/?p=7499#breadcrumb\",\"itemListElement\":[{\"@type\":\"ListItem\",\"position\":1,\"name\":\"Home\",\"item\":\"https:\/\/veritasinfo.org\/\"},{\"@type\":\"ListItem\",\"position\":2,\"name\":\"Ma\u00e7edonci p\u00ebr marr\u00ebveshjet ushtarake me SHBA-n\u00eb dhe rrug\u00ebn e Kosov\u00ebs drejt an\u00ebtar\u00ebsimit n\u00eb NATO\"}]},{\"@type\":\"WebSite\",\"@id\":\"https:\/\/veritasinfo.org\/#website\",\"url\":\"https:\/\/veritasinfo.org\/\",\"name\":\"\",\"description\":\"\",\"potentialAction\":[{\"@type\":\"SearchAction\",\"target\":{\"@type\":\"EntryPoint\",\"urlTemplate\":\"https:\/\/veritasinfo.org\/?s={search_term_string}\"},\"query-input\":{\"@type\":\"PropertyValueSpecification\",\"valueRequired\":true,\"valueName\":\"search_term_string\"}}],\"inLanguage\":\"en-US\"},{\"@type\":\"Person\",\"@id\":\"https:\/\/veritasinfo.org\/#\/schema\/person\/7701f8c088bece422266b100a712374f\",\"name\":\"admin\",\"image\":{\"@type\":\"ImageObject\",\"inLanguage\":\"en-US\",\"@id\":\"https:\/\/veritasinfo.org\/#\/schema\/person\/image\/\",\"url\":\"https:\/\/secure.gravatar.com\/avatar\/ea53aa3bf6c9a12d5fde8ce4deff43fef3885ae33cf60184161a50d6987cfd2f?s=96&d=mm&r=g\",\"contentUrl\":\"https:\/\/secure.gravatar.com\/avatar\/ea53aa3bf6c9a12d5fde8ce4deff43fef3885ae33cf60184161a50d6987cfd2f?s=96&d=mm&r=g\",\"caption\":\"admin\"},\"sameAs\":[\"https:\/\/veritasinfo.org\"],\"url\":\"https:\/\/veritasinfo.org\/?author=1\"}]}<\/script>\n<!-- \/ Yoast SEO plugin. -->","yoast_head_json":{"title":"Ma\u00e7edonci p\u00ebr marr\u00ebveshjet ushtarake me SHBA-n\u00eb dhe rrug\u00ebn e Kosov\u00ebs drejt an\u00ebtar\u00ebsimit n\u00eb NATO -","robots":{"index":"index","follow":"follow","max-snippet":"max-snippet:-1","max-image-preview":"max-image-preview:large","max-video-preview":"max-video-preview:-1"},"canonical":"https:\/\/veritasinfo.org\/?p=7499","og_locale":"en_US","og_type":"article","og_title":"Ma\u00e7edonci p\u00ebr marr\u00ebveshjet ushtarake me SHBA-n\u00eb dhe rrug\u00ebn e Kosov\u00ebs drejt an\u00ebtar\u00ebsimit n\u00eb NATO -","og_description":"Ministri i Mbrojtjes s\u00eb Kosov\u00ebs, Ejup Ma\u00e7edonci, ka deklaruar se Shtetet e Bashkuara t\u00eb Amerik\u00ebs jan\u00eb faktor ky\u00e7 n\u00eb aspektin e mbrojtjes dhe siguris\u00eb s\u00eb","og_url":"https:\/\/veritasinfo.org\/?p=7499","article_published_time":"2025-08-11T06:06:23+00:00","og_image":[{"width":500,"height":496,"url":"https:\/\/veritasinfo.org\/wp-content\/uploads\/2025\/08\/Ejup_Maqedonci_Minister_of_Defense_Republic_of_Kosovo.jpg","type":"image\/jpeg"}],"author":"admin","twitter_card":"summary_large_image","twitter_misc":{"Written by":"admin","Est. reading time":"2 minutes"},"schema":{"@context":"https:\/\/schema.org","@graph":[{"@type":"WebPage","@id":"https:\/\/veritasinfo.org\/?p=7499","url":"https:\/\/veritasinfo.org\/?p=7499","name":"Ma\u00e7edonci p\u00ebr marr\u00ebveshjet ushtarake me SHBA-n\u00eb dhe rrug\u00ebn e Kosov\u00ebs drejt an\u00ebtar\u00ebsimit n\u00eb NATO -","isPartOf":{"@id":"https:\/\/veritasinfo.org\/#website"},"primaryImageOfPage":{"@id":"https:\/\/veritasinfo.org\/?p=7499#primaryimage"},"image":{"@id":"https:\/\/veritasinfo.org\/?p=7499#primaryimage"},"thumbnailUrl":"https:\/\/veritasinfo.org\/wp-content\/uploads\/2025\/08\/Ejup_Maqedonci_Minister_of_Defense_Republic_of_Kosovo.jpg","datePublished":"2025-08-11T06:06:23+00:00","author":{"@id":"https:\/\/veritasinfo.org\/#\/schema\/person\/7701f8c088bece422266b100a712374f"},"breadcrumb":{"@id":"https:\/\/veritasinfo.org\/?p=7499#breadcrumb"},"inLanguage":"en-US","potentialAction":[{"@type":"ReadAction","target":["https:\/\/veritasinfo.org\/?p=7499"]}]},{"@type":"ImageObject","inLanguage":"en-US","@id":"https:\/\/veritasinfo.org\/?p=7499#primaryimage","url":"https:\/\/veritasinfo.org\/wp-content\/uploads\/2025\/08\/Ejup_Maqedonci_Minister_of_Defense_Republic_of_Kosovo.jpg","contentUrl":"https:\/\/veritasinfo.org\/wp-content\/uploads\/2025\/08\/Ejup_Maqedonci_Minister_of_Defense_Republic_of_Kosovo.jpg","width":500,"height":496},{"@type":"BreadcrumbList","@id":"https:\/\/veritasinfo.org\/?p=7499#breadcrumb","itemListElement":[{"@type":"ListItem","position":1,"name":"Home","item":"https:\/\/veritasinfo.org\/"},{"@type":"ListItem","position":2,"name":"Ma\u00e7edonci p\u00ebr marr\u00ebveshjet ushtarake me SHBA-n\u00eb dhe rrug\u00ebn e Kosov\u00ebs drejt an\u00ebtar\u00ebsimit n\u00eb NATO"}]},{"@type":"WebSite","@id":"https:\/\/veritasinfo.org\/#website","url":"https:\/\/veritasinfo.org\/","name":"","description":"","potentialAction":[{"@type":"SearchAction","target":{"@type":"EntryPoint","urlTemplate":"https:\/\/veritasinfo.org\/?s={search_term_string}"},"query-input":{"@type":"PropertyValueSpecification","valueRequired":true,"valueName":"search_term_string"}}],"inLanguage":"en-US"},{"@type":"Person","@id":"https:\/\/veritasinfo.org\/#\/schema\/person\/7701f8c088bece422266b100a712374f","name":"admin","image":{"@type":"ImageObject","inLanguage":"en-US","@id":"https:\/\/veritasinfo.org\/#\/schema\/person\/image\/","url":"https:\/\/secure.gravatar.com\/avatar\/ea53aa3bf6c9a12d5fde8ce4deff43fef3885ae33cf60184161a50d6987cfd2f?s=96&d=mm&r=g","contentUrl":"https:\/\/secure.gravatar.com\/avatar\/ea53aa3bf6c9a12d5fde8ce4deff43fef3885ae33cf60184161a50d6987cfd2f?s=96&d=mm&r=g","caption":"admin"},"sameAs":["https:\/\/veritasinfo.org"],"url":"https:\/\/veritasinfo.org\/?author=1"}]}},"featured_image_urls":{"full":["https:\/\/veritasinfo.org\/wp-content\/uploads\/2025\/08\/Ejup_Maqedonci_Minister_of_Defense_Republic_of_Kosovo.jpg",500,496,false],"thumbnail":["https:\/\/veritasinfo.org\/wp-content\/uploads\/2025\/08\/Ejup_Maqedonci_Minister_of_Defense_Republic_of_Kosovo-150x150.jpg",150,150,true],"medium":["https:\/\/veritasinfo.org\/wp-content\/uploads\/2025\/08\/Ejup_Maqedonci_Minister_of_Defense_Republic_of_Kosovo-300x298.jpg",300,298,true],"medium_large":["https:\/\/veritasinfo.org\/wp-content\/uploads\/2025\/08\/Ejup_Maqedonci_Minister_of_Defense_Republic_of_Kosovo.jpg",500,496,false],"large":["https:\/\/veritasinfo.org\/wp-content\/uploads\/2025\/08\/Ejup_Maqedonci_Minister_of_Defense_Republic_of_Kosovo.jpg",500,496,false],"1536x1536":["https:\/\/veritasinfo.org\/wp-content\/uploads\/2025\/08\/Ejup_Maqedonci_Minister_of_Defense_Republic_of_Kosovo.jpg",500,496,false],"2048x2048":["https:\/\/veritasinfo.org\/wp-content\/uploads\/2025\/08\/Ejup_Maqedonci_Minister_of_Defense_Republic_of_Kosovo.jpg",500,496,false],"kreeti-slider-full":["https:\/\/veritasinfo.org\/wp-content\/uploads\/2025\/08\/Ejup_Maqedonci_Minister_of_Defense_Republic_of_Kosovo.jpg",500,496,false],"kreeti-featured":["https:\/\/veritasinfo.org\/wp-content\/uploads\/2025\/08\/Ejup_Maqedonci_Minister_of_Defense_Republic_of_Kosovo.jpg",500,496,false],"kreeti-medium":["https:\/\/veritasinfo.org\/wp-content\/uploads\/2025\/08\/Ejup_Maqedonci_Minister_of_Defense_Republic_of_Kosovo.jpg",500,496,false],"kreeti-medium-square":["https:\/\/veritasinfo.org\/wp-content\/uploads\/2025\/08\/Ejup_Maqedonci_Minister_of_Defense_Republic_of_Kosovo.jpg",350,347,false]},"author_info":{"info":["admin"]},"category_info":"<a href=\"https:\/\/veritasinfo.org\/?cat=15\" rel=\"category\">Uncategorized<\/a>","tag_info":"Uncategorized","comment_count":"0","_links":{"self":[{"href":"https:\/\/veritasinfo.org\/index.php?rest_route=\/wp\/v2\/posts\/7499","targetHints":{"allow":["GET"]}}],"collection":[{"href":"https:\/\/veritasinfo.org\/index.php?rest_route=\/wp\/v2\/posts"}],"about":[{"href":"https:\/\/veritasinfo.org\/index.php?rest_route=\/wp\/v2\/types\/post"}],"author":[{"embeddable":true,"href":"https:\/\/veritasinfo.org\/index.php?rest_route=\/wp\/v2\/users\/1"}],"replies":[{"embeddable":true,"href":"https:\/\/veritasinfo.org\/index.php?rest_route=%2Fwp%2Fv2%2Fcomments&post=7499"}],"version-history":[{"count":1,"href":"https:\/\/veritasinfo.org\/index.php?rest_route=\/wp\/v2\/posts\/7499\/revisions"}],"predecessor-version":[{"id":7500,"href":"https:\/\/veritasinfo.org\/index.php?rest_route=\/wp\/v2\/posts\/7499\/revisions\/7500"}],"wp:featuredmedia":[{"embeddable":true,"href":"https:\/\/veritasinfo.org\/index.php?rest_route=\/wp\/v2\/media\/7497"}],"wp:attachment":[{"href":"https:\/\/veritasinfo.org\/index.php?rest_route=%2Fwp%2Fv2%2Fmedia&parent=7499"}],"wp:term":[{"taxonomy":"category","embeddable":true,"href":"https:\/\/veritasinfo.org\/index.php?rest_route=%2Fwp%2Fv2%2Fcategories&post=7499"},{"taxonomy":"post_tag","embeddable":true,"href":"https:\/\/veritasinfo.org\/index.php?rest_route=%2Fwp%2Fv2%2Ftags&post=7499"}],"curies":[{"name":"wp","href":"https:\/\/api.w.org\/{rel}","templated":true}]}}