{"id":7494,"date":"2025-08-11T08:08:42","date_gmt":"2025-08-11T06:08:42","guid":{"rendered":"https:\/\/veritasinfo.org\/?p=7494"},"modified":"2025-08-12T16:58:18","modified_gmt":"2025-08-12T14:58:18","slug":"74-vatra-zjarri-ne-mbare-kosoven-situata-me-e-renduar-ne-kciq-te-vogel-kerkohet-ndihma-e-kfor-it","status":"publish","type":"post","link":"https:\/\/veritasinfo.org\/?p=7494","title":{"rendered":"74 vatra zjarri n\u00eb mbar\u00eb Kosov\u00ebn, situata m\u00eb e r\u00ebnduar n\u00eb K\u00e7iq t\u00eb Vog\u00ebl \u2013 k\u00ebrkohet ndihma e KFOR-it"},"content":{"rendered":"<p>Sipas raportit t\u00eb fundit t\u00eb Agjencis\u00eb p\u00ebr Menaxhimin e Emergjencave, deri n\u00eb or\u00ebn 22:00 t\u00eb s\u00eb diel\u00ebs, 10 gusht, n\u00eb territorin e Kosov\u00ebs jan\u00eb regjistruar gjithsej 74 vatra zjarri. Nga ky num\u00ebr, 22 jan\u00eb ende aktive, nd\u00ebrsa 52 jan\u00eb lokalizuar.<\/p>\n<p>Situata m\u00eb kritike \u00ebsht\u00eb n\u00eb fshatin K\u00e7iq i Vog\u00ebl, komuna e Mitrovic\u00ebs, ku \u00ebsht\u00eb k\u00ebrkuar ndihma nga KFOR-i, Forca e Siguris\u00eb s\u00eb Kosov\u00ebs dhe Policia e Kosov\u00ebs. N\u00eb shuarjen e zjarrit jan\u00eb angazhuar nj\u00ebsit\u00eb nga Mitrovica e Jugut dhe Veriu, Zubin Potoku, Prishtina, Vushtrria, si dhe Nj\u00ebsia Komb\u00ebtare p\u00ebr shuarjen e zjarreve nga toka (GFFF).<\/p>\n<p>Sipas Agjencis\u00eb, komunikimi me Qendrat Operative Emergjente (QOE-112) dhe me Nj\u00ebsit\u00eb Profesionale t\u00eb Zjarrfik\u00ebs dhe Shp\u00ebtimit po zhvillohet pa nd\u00ebrprerje, nd\u00ebrsa nd\u00ebrhyrjet po b\u00ebhen sipas prioriteteve n\u00eb terren.<\/p>\n<p>Menaxhimi i situat\u00ebs po koordinohet nga Qendra Operative e Agjencis\u00eb, e cila ka shprehur mir\u00ebnjohje p\u00ebr p\u00ebrkushtimin dhe angazhimin e zjarrfik\u00ebsve n\u00eb p\u00ebrballjen me flak\u00ebt.<\/p>\n<p>Agjencia njofton se publiku dhe institucionet p\u00ebrgjegj\u00ebse do t\u00eb informohen me koh\u00eb p\u00ebr \u00e7do ndryshim t\u00eb situat\u00ebs n\u00eb terren.<\/p>\n<p>&nbsp;<\/p>\n<p>&nbsp;<\/p>\n","protected":false},"excerpt":{"rendered":"<p>Sipas raportit t\u00eb fundit t\u00eb Agjencis\u00eb p\u00ebr Menaxhimin e Emergjencave, deri n\u00eb or\u00ebn 22:00 t\u00eb s\u00eb diel\u00ebs, 10 gusht, n\u00eb territorin e Kosov\u00ebs jan\u00eb regjistruar<\/p>\n","protected":false},"author":1,"featured_media":7778,"comment_status":"open","ping_status":"open","sticky":false,"template":"","format":"standard","meta":{"footnotes":""},"categories":[52],"tags":[],"class_list":["post-7494","post","type-post","status-publish","format-standard","has-post-thumbnail","hentry","category-komunat-sq"],"yoast_head":"<!-- This site is optimized with the Yoast SEO plugin v25.3.1 - https:\/\/yoast.com\/wordpress\/plugins\/seo\/ -->\n<title>74 vatra zjarri n\u00eb mbar\u00eb Kosov\u00ebn, situata m\u00eb e r\u00ebnduar n\u00eb K\u00e7iq t\u00eb Vog\u00ebl \u2013 k\u00ebrkohet ndihma e KFOR-it -<\/title>\n<meta name=\"robots\" content=\"index, follow, max-snippet:-1, max-image-preview:large, max-video-preview:-1\" \/>\n<link rel=\"canonical\" href=\"https:\/\/veritasinfo.org\/?p=7494\" \/>\n<meta property=\"og:locale\" content=\"en_US\" \/>\n<meta property=\"og:type\" content=\"article\" \/>\n<meta property=\"og:title\" content=\"74 vatra zjarri n\u00eb mbar\u00eb Kosov\u00ebn, situata m\u00eb e r\u00ebnduar n\u00eb K\u00e7iq t\u00eb Vog\u00ebl \u2013 k\u00ebrkohet ndihma e KFOR-it -\" \/>\n<meta property=\"og:description\" content=\"Sipas raportit t\u00eb fundit t\u00eb Agjencis\u00eb p\u00ebr Menaxhimin e Emergjencave, deri n\u00eb or\u00ebn 22:00 t\u00eb s\u00eb diel\u00ebs, 10 gusht, n\u00eb territorin e Kosov\u00ebs jan\u00eb regjistruar\" \/>\n<meta property=\"og:url\" content=\"https:\/\/veritasinfo.org\/?p=7494\" \/>\n<meta property=\"article:published_time\" content=\"2025-08-11T06:08:42+00:00\" \/>\n<meta property=\"article:modified_time\" content=\"2025-08-12T14:58:18+00:00\" \/>\n<meta property=\"og:image\" content=\"https:\/\/veritasinfo.org\/wp-content\/uploads\/2025\/08\/Fashion-1024x576.png\" \/>\n\t<meta property=\"og:image:width\" content=\"1024\" \/>\n\t<meta property=\"og:image:height\" content=\"576\" \/>\n\t<meta property=\"og:image:type\" content=\"image\/png\" \/>\n<meta name=\"author\" content=\"admin\" \/>\n<meta name=\"twitter:card\" content=\"summary_large_image\" \/>\n<meta name=\"twitter:label1\" content=\"Written by\" \/>\n\t<meta name=\"twitter:data1\" content=\"admin\" \/>\n\t<meta name=\"twitter:label2\" content=\"Est. reading time\" \/>\n\t<meta name=\"twitter:data2\" content=\"1 minute\" \/>\n<script type=\"application\/ld+json\" class=\"yoast-schema-graph\">{\"@context\":\"https:\/\/schema.org\",\"@graph\":[{\"@type\":\"WebPage\",\"@id\":\"https:\/\/veritasinfo.org\/?p=7494\",\"url\":\"https:\/\/veritasinfo.org\/?p=7494\",\"name\":\"74 vatra zjarri n\u00eb mbar\u00eb Kosov\u00ebn, situata m\u00eb e r\u00ebnduar n\u00eb K\u00e7iq t\u00eb Vog\u00ebl \u2013 k\u00ebrkohet ndihma e KFOR-it -\",\"isPartOf\":{\"@id\":\"https:\/\/veritasinfo.org\/#website\"},\"primaryImageOfPage\":{\"@id\":\"https:\/\/veritasinfo.org\/?p=7494#primaryimage\"},\"image\":{\"@id\":\"https:\/\/veritasinfo.org\/?p=7494#primaryimage\"},\"thumbnailUrl\":\"https:\/\/veritasinfo.org\/wp-content\/uploads\/2025\/08\/Fashion.png\",\"datePublished\":\"2025-08-11T06:08:42+00:00\",\"dateModified\":\"2025-08-12T14:58:18+00:00\",\"author\":{\"@id\":\"https:\/\/veritasinfo.org\/#\/schema\/person\/7701f8c088bece422266b100a712374f\"},\"breadcrumb\":{\"@id\":\"https:\/\/veritasinfo.org\/?p=7494#breadcrumb\"},\"inLanguage\":\"en-US\",\"potentialAction\":[{\"@type\":\"ReadAction\",\"target\":[\"https:\/\/veritasinfo.org\/?p=7494\"]}]},{\"@type\":\"ImageObject\",\"inLanguage\":\"en-US\",\"@id\":\"https:\/\/veritasinfo.org\/?p=7494#primaryimage\",\"url\":\"https:\/\/veritasinfo.org\/wp-content\/uploads\/2025\/08\/Fashion.png\",\"contentUrl\":\"https:\/\/veritasinfo.org\/wp-content\/uploads\/2025\/08\/Fashion.png\",\"width\":1920,\"height\":1080},{\"@type\":\"BreadcrumbList\",\"@id\":\"https:\/\/veritasinfo.org\/?p=7494#breadcrumb\",\"itemListElement\":[{\"@type\":\"ListItem\",\"position\":1,\"name\":\"Home\",\"item\":\"https:\/\/veritasinfo.org\/\"},{\"@type\":\"ListItem\",\"position\":2,\"name\":\"74 vatra zjarri n\u00eb mbar\u00eb Kosov\u00ebn, situata m\u00eb e r\u00ebnduar n\u00eb K\u00e7iq t\u00eb Vog\u00ebl \u2013 k\u00ebrkohet ndihma e KFOR-it\"}]},{\"@type\":\"WebSite\",\"@id\":\"https:\/\/veritasinfo.org\/#website\",\"url\":\"https:\/\/veritasinfo.org\/\",\"name\":\"\",\"description\":\"\",\"potentialAction\":[{\"@type\":\"SearchAction\",\"target\":{\"@type\":\"EntryPoint\",\"urlTemplate\":\"https:\/\/veritasinfo.org\/?s={search_term_string}\"},\"query-input\":{\"@type\":\"PropertyValueSpecification\",\"valueRequired\":true,\"valueName\":\"search_term_string\"}}],\"inLanguage\":\"en-US\"},{\"@type\":\"Person\",\"@id\":\"https:\/\/veritasinfo.org\/#\/schema\/person\/7701f8c088bece422266b100a712374f\",\"name\":\"admin\",\"image\":{\"@type\":\"ImageObject\",\"inLanguage\":\"en-US\",\"@id\":\"https:\/\/veritasinfo.org\/#\/schema\/person\/image\/\",\"url\":\"https:\/\/secure.gravatar.com\/avatar\/ea53aa3bf6c9a12d5fde8ce4deff43fef3885ae33cf60184161a50d6987cfd2f?s=96&d=mm&r=g\",\"contentUrl\":\"https:\/\/secure.gravatar.com\/avatar\/ea53aa3bf6c9a12d5fde8ce4deff43fef3885ae33cf60184161a50d6987cfd2f?s=96&d=mm&r=g\",\"caption\":\"admin\"},\"sameAs\":[\"https:\/\/veritasinfo.org\"],\"url\":\"https:\/\/veritasinfo.org\/?author=1\"}]}<\/script>\n<!-- \/ Yoast SEO plugin. -->","yoast_head_json":{"title":"74 vatra zjarri n\u00eb mbar\u00eb Kosov\u00ebn, situata m\u00eb e r\u00ebnduar n\u00eb K\u00e7iq t\u00eb Vog\u00ebl \u2013 k\u00ebrkohet ndihma e KFOR-it -","robots":{"index":"index","follow":"follow","max-snippet":"max-snippet:-1","max-image-preview":"max-image-preview:large","max-video-preview":"max-video-preview:-1"},"canonical":"https:\/\/veritasinfo.org\/?p=7494","og_locale":"en_US","og_type":"article","og_title":"74 vatra zjarri n\u00eb mbar\u00eb Kosov\u00ebn, situata m\u00eb e r\u00ebnduar n\u00eb K\u00e7iq t\u00eb Vog\u00ebl \u2013 k\u00ebrkohet ndihma e KFOR-it -","og_description":"Sipas raportit t\u00eb fundit t\u00eb Agjencis\u00eb p\u00ebr Menaxhimin e Emergjencave, deri n\u00eb or\u00ebn 22:00 t\u00eb s\u00eb diel\u00ebs, 10 gusht, n\u00eb territorin e Kosov\u00ebs jan\u00eb regjistruar","og_url":"https:\/\/veritasinfo.org\/?p=7494","article_published_time":"2025-08-11T06:08:42+00:00","article_modified_time":"2025-08-12T14:58:18+00:00","og_image":[{"width":1024,"height":576,"url":"https:\/\/veritasinfo.org\/wp-content\/uploads\/2025\/08\/Fashion-1024x576.png","type":"image\/png"}],"author":"admin","twitter_card":"summary_large_image","twitter_misc":{"Written by":"admin","Est. reading time":"1 minute"},"schema":{"@context":"https:\/\/schema.org","@graph":[{"@type":"WebPage","@id":"https:\/\/veritasinfo.org\/?p=7494","url":"https:\/\/veritasinfo.org\/?p=7494","name":"74 vatra zjarri n\u00eb mbar\u00eb Kosov\u00ebn, situata m\u00eb e r\u00ebnduar n\u00eb K\u00e7iq t\u00eb Vog\u00ebl \u2013 k\u00ebrkohet ndihma e KFOR-it -","isPartOf":{"@id":"https:\/\/veritasinfo.org\/#website"},"primaryImageOfPage":{"@id":"https:\/\/veritasinfo.org\/?p=7494#primaryimage"},"image":{"@id":"https:\/\/veritasinfo.org\/?p=7494#primaryimage"},"thumbnailUrl":"https:\/\/veritasinfo.org\/wp-content\/uploads\/2025\/08\/Fashion.png","datePublished":"2025-08-11T06:08:42+00:00","dateModified":"2025-08-12T14:58:18+00:00","author":{"@id":"https:\/\/veritasinfo.org\/#\/schema\/person\/7701f8c088bece422266b100a712374f"},"breadcrumb":{"@id":"https:\/\/veritasinfo.org\/?p=7494#breadcrumb"},"inLanguage":"en-US","potentialAction":[{"@type":"ReadAction","target":["https:\/\/veritasinfo.org\/?p=7494"]}]},{"@type":"ImageObject","inLanguage":"en-US","@id":"https:\/\/veritasinfo.org\/?p=7494#primaryimage","url":"https:\/\/veritasinfo.org\/wp-content\/uploads\/2025\/08\/Fashion.png","contentUrl":"https:\/\/veritasinfo.org\/wp-content\/uploads\/2025\/08\/Fashion.png","width":1920,"height":1080},{"@type":"BreadcrumbList","@id":"https:\/\/veritasinfo.org\/?p=7494#breadcrumb","itemListElement":[{"@type":"ListItem","position":1,"name":"Home","item":"https:\/\/veritasinfo.org\/"},{"@type":"ListItem","position":2,"name":"74 vatra zjarri n\u00eb mbar\u00eb Kosov\u00ebn, situata m\u00eb e r\u00ebnduar n\u00eb K\u00e7iq t\u00eb Vog\u00ebl \u2013 k\u00ebrkohet ndihma e KFOR-it"}]},{"@type":"WebSite","@id":"https:\/\/veritasinfo.org\/#website","url":"https:\/\/veritasinfo.org\/","name":"","description":"","potentialAction":[{"@type":"SearchAction","target":{"@type":"EntryPoint","urlTemplate":"https:\/\/veritasinfo.org\/?s={search_term_string}"},"query-input":{"@type":"PropertyValueSpecification","valueRequired":true,"valueName":"search_term_string"}}],"inLanguage":"en-US"},{"@type":"Person","@id":"https:\/\/veritasinfo.org\/#\/schema\/person\/7701f8c088bece422266b100a712374f","name":"admin","image":{"@type":"ImageObject","inLanguage":"en-US","@id":"https:\/\/veritasinfo.org\/#\/schema\/person\/image\/","url":"https:\/\/secure.gravatar.com\/avatar\/ea53aa3bf6c9a12d5fde8ce4deff43fef3885ae33cf60184161a50d6987cfd2f?s=96&d=mm&r=g","contentUrl":"https:\/\/secure.gravatar.com\/avatar\/ea53aa3bf6c9a12d5fde8ce4deff43fef3885ae33cf60184161a50d6987cfd2f?s=96&d=mm&r=g","caption":"admin"},"sameAs":["https:\/\/veritasinfo.org"],"url":"https:\/\/veritasinfo.org\/?author=1"}]}},"featured_image_urls":{"full":["https:\/\/veritasinfo.org\/wp-content\/uploads\/2025\/08\/Fashion.png",1920,1080,false],"thumbnail":["https:\/\/veritasinfo.org\/wp-content\/uploads\/2025\/08\/Fashion-150x150.png",150,150,true],"medium":["https:\/\/veritasinfo.org\/wp-content\/uploads\/2025\/08\/Fashion-300x169.png",300,169,true],"medium_large":["https:\/\/veritasinfo.org\/wp-content\/uploads\/2025\/08\/Fashion-768x432.png",640,360,true],"large":["https:\/\/veritasinfo.org\/wp-content\/uploads\/2025\/08\/Fashion-1024x576.png",640,360,true],"1536x1536":["https:\/\/veritasinfo.org\/wp-content\/uploads\/2025\/08\/Fashion-1536x864.png",1536,864,true],"2048x2048":["https:\/\/veritasinfo.org\/wp-content\/uploads\/2025\/08\/Fashion.png",1920,1080,false],"kreeti-slider-full":["https:\/\/veritasinfo.org\/wp-content\/uploads\/2025\/08\/Fashion.png",1280,720,false],"kreeti-featured":["https:\/\/veritasinfo.org\/wp-content\/uploads\/2025\/08\/Fashion.png",1024,576,false],"kreeti-medium":["https:\/\/veritasinfo.org\/wp-content\/uploads\/2025\/08\/Fashion.png",720,405,false],"kreeti-medium-square":["https:\/\/veritasinfo.org\/wp-content\/uploads\/2025\/08\/Fashion.png",350,197,false]},"author_info":{"info":["admin"]},"category_info":"<a href=\"https:\/\/veritasinfo.org\/?cat=52\" rel=\"category\">Komunat<\/a>","tag_info":"Komunat","comment_count":"0","_links":{"self":[{"href":"https:\/\/veritasinfo.org\/index.php?rest_route=\/wp\/v2\/posts\/7494","targetHints":{"allow":["GET"]}}],"collection":[{"href":"https:\/\/veritasinfo.org\/index.php?rest_route=\/wp\/v2\/posts"}],"about":[{"href":"https:\/\/veritasinfo.org\/index.php?rest_route=\/wp\/v2\/types\/post"}],"author":[{"embeddable":true,"href":"https:\/\/veritasinfo.org\/index.php?rest_route=\/wp\/v2\/users\/1"}],"replies":[{"embeddable":true,"href":"https:\/\/veritasinfo.org\/index.php?rest_route=%2Fwp%2Fv2%2Fcomments&post=7494"}],"version-history":[{"count":2,"href":"https:\/\/veritasinfo.org\/index.php?rest_route=\/wp\/v2\/posts\/7494\/revisions"}],"predecessor-version":[{"id":7777,"href":"https:\/\/veritasinfo.org\/index.php?rest_route=\/wp\/v2\/posts\/7494\/revisions\/7777"}],"wp:featuredmedia":[{"embeddable":true,"href":"https:\/\/veritasinfo.org\/index.php?rest_route=\/wp\/v2\/media\/7778"}],"wp:attachment":[{"href":"https:\/\/veritasinfo.org\/index.php?rest_route=%2Fwp%2Fv2%2Fmedia&parent=7494"}],"wp:term":[{"taxonomy":"category","embeddable":true,"href":"https:\/\/veritasinfo.org\/index.php?rest_route=%2Fwp%2Fv2%2Fcategories&post=7494"},{"taxonomy":"post_tag","embeddable":true,"href":"https:\/\/veritasinfo.org\/index.php?rest_route=%2Fwp%2Fv2%2Ftags&post=7494"}],"curies":[{"name":"wp","href":"https:\/\/api.w.org\/{rel}","templated":true}]}}