{"id":7491,"date":"2025-08-11T08:08:20","date_gmt":"2025-08-11T06:08:20","guid":{"rendered":"https:\/\/veritasinfo.org\/?p=7491"},"modified":"2025-08-11T08:06:59","modified_gmt":"2025-08-11T06:06:59","slug":"74-pozara-sirom-kosova-najteza-situacija-u-malom-kicicu-zatrazena-pomoc-kfor-a","status":"publish","type":"post","link":"https:\/\/veritasinfo.org\/?p=7491&lang=sr","title":{"rendered":"74 po\u017eara \u0161irom Kosova, najte\u017ea situacija u Malom Ki\u010di\u0107u \u2013 zatra\u017eena pomo\u0107 KFOR-a"},"content":{"rendered":"<p>Prema poslednjem izve\u0161taju Agencije za upravljanje vanrednim situacijama, do 22 \u010dasa u nedelju, 10. avgusta, na teritoriji Kosova registrovano je ukupno 74 po\u017eari\u0161ta. Od tog broja, 22 su i dalje aktivna, dok su 52 lokalizovana.<\/p>\n<p>Najkriti\u010dnija situacija je u selu Mali Ki\u010di\u0107, op\u0161tina Mitrovica, gde je zatra\u017eena pomo\u0107 od KFOR-a, Kosovskih bezbednosnih snaga i Policije Kosova. U ga\u0161enju po\u017eara anga\u017eovane su jedinice iz Ju\u017ene i Severne Mitrovice, Zubinog Potoka, Pri\u0161tine, Vu\u010ditrna, kao i Nacionalna jedinica za ga\u0161enje po\u017eara sa zemlje (GFFF).<\/p>\n<p>Kako navode iz Agencije, komunikacija sa Operativnim centrima za vanredne situacije (QOE-112) i Profesionalnim vatrogasno-spasila\u010dkim jedinicama odvija se bez prekida, a intervencije se sprovode prema prioritetima na terenu.<\/p>\n<p>Menad\u017ement situacije koordinira se iz Operativnog centra Agencije, koja je izrazila zahvalnost vatrogascima na njihovoj posve\u0107enosti i naporima u borbi sa vatrenom stihijom.<\/p>\n<p>Agencija poru\u010duje da \u0107e javnost i nadle\u017ene institucije blagovremeno biti obave\u0161tavane o svim promenama na terenu.<\/p>\n<p>&nbsp;<\/p>\n<p>&nbsp;<\/p>\n","protected":false},"excerpt":{"rendered":"<p>Prema poslednjem izve\u0161taju Agencije za upravljanje vanrednim situacijama, do 22 \u010dasa u nedelju, 10. avgusta, na teritoriji Kosova registrovano je ukupno 74 po\u017eari\u0161ta. Od tog<\/p>\n","protected":false},"author":1,"featured_media":7492,"comment_status":"open","ping_status":"open","sticky":false,"template":"","format":"standard","meta":{"footnotes":""},"categories":[32],"tags":[],"class_list":["post-7491","post","type-post","status-publish","format-standard","has-post-thumbnail","hentry","category-opstine"],"yoast_head":"<!-- This site is optimized with the Yoast SEO plugin v25.3.1 - https:\/\/yoast.com\/wordpress\/plugins\/seo\/ -->\n<title>74 po\u017eara \u0161irom Kosova, najte\u017ea situacija u Malom Ki\u010di\u0107u \u2013 zatra\u017eena pomo\u0107 KFOR-a -<\/title>\n<meta name=\"robots\" content=\"index, follow, max-snippet:-1, max-image-preview:large, max-video-preview:-1\" \/>\n<link rel=\"canonical\" href=\"https:\/\/veritasinfo.org\/?p=7491&lang=sr\" \/>\n<meta property=\"og:locale\" content=\"en_US\" \/>\n<meta property=\"og:type\" content=\"article\" \/>\n<meta property=\"og:title\" content=\"74 po\u017eara \u0161irom Kosova, najte\u017ea situacija u Malom Ki\u010di\u0107u \u2013 zatra\u017eena pomo\u0107 KFOR-a -\" \/>\n<meta property=\"og:description\" content=\"Prema poslednjem izve\u0161taju Agencije za upravljanje vanrednim situacijama, do 22 \u010dasa u nedelju, 10. avgusta, na teritoriji Kosova registrovano je ukupno 74 po\u017eari\u0161ta. Od tog\" \/>\n<meta property=\"og:url\" content=\"https:\/\/veritasinfo.org\/?p=7491&amp;lang=sr\" \/>\n<meta property=\"article:published_time\" content=\"2025-08-11T06:08:20+00:00\" \/>\n<meta property=\"og:image\" content=\"https:\/\/veritasinfo.org\/wp-content\/uploads\/2025\/08\/FB_IMG_1754864096094.jpg\" \/>\n\t<meta property=\"og:image:width\" content=\"1661\" \/>\n\t<meta property=\"og:image:height\" content=\"2048\" \/>\n\t<meta property=\"og:image:type\" content=\"image\/jpeg\" \/>\n<meta name=\"author\" content=\"admin\" \/>\n<meta name=\"twitter:card\" content=\"summary_large_image\" \/>\n<meta name=\"twitter:label1\" content=\"Written by\" \/>\n\t<meta name=\"twitter:data1\" content=\"admin\" \/>\n\t<meta name=\"twitter:label2\" content=\"Est. reading time\" \/>\n\t<meta name=\"twitter:data2\" content=\"1 minute\" \/>\n<script type=\"application\/ld+json\" class=\"yoast-schema-graph\">{\"@context\":\"https:\/\/schema.org\",\"@graph\":[{\"@type\":\"WebPage\",\"@id\":\"https:\/\/veritasinfo.org\/?p=7491&lang=sr\",\"url\":\"https:\/\/veritasinfo.org\/?p=7491&lang=sr\",\"name\":\"74 po\u017eara \u0161irom Kosova, najte\u017ea situacija u Malom Ki\u010di\u0107u \u2013 zatra\u017eena pomo\u0107 KFOR-a -\",\"isPartOf\":{\"@id\":\"https:\/\/veritasinfo.org\/#website\"},\"primaryImageOfPage\":{\"@id\":\"https:\/\/veritasinfo.org\/?p=7491&lang=sr#primaryimage\"},\"image\":{\"@id\":\"https:\/\/veritasinfo.org\/?p=7491&lang=sr#primaryimage\"},\"thumbnailUrl\":\"https:\/\/veritasinfo.org\/wp-content\/uploads\/2025\/08\/FB_IMG_1754864096094.jpg\",\"datePublished\":\"2025-08-11T06:08:20+00:00\",\"author\":{\"@id\":\"https:\/\/veritasinfo.org\/#\/schema\/person\/7701f8c088bece422266b100a712374f\"},\"breadcrumb\":{\"@id\":\"https:\/\/veritasinfo.org\/?p=7491&lang=sr#breadcrumb\"},\"inLanguage\":\"en-US\",\"potentialAction\":[{\"@type\":\"ReadAction\",\"target\":[\"https:\/\/veritasinfo.org\/?p=7491&lang=sr\"]}]},{\"@type\":\"ImageObject\",\"inLanguage\":\"en-US\",\"@id\":\"https:\/\/veritasinfo.org\/?p=7491&lang=sr#primaryimage\",\"url\":\"https:\/\/veritasinfo.org\/wp-content\/uploads\/2025\/08\/FB_IMG_1754864096094.jpg\",\"contentUrl\":\"https:\/\/veritasinfo.org\/wp-content\/uploads\/2025\/08\/FB_IMG_1754864096094.jpg\",\"width\":1661,\"height\":2048},{\"@type\":\"BreadcrumbList\",\"@id\":\"https:\/\/veritasinfo.org\/?p=7491&lang=sr#breadcrumb\",\"itemListElement\":[{\"@type\":\"ListItem\",\"position\":1,\"name\":\"Home\",\"item\":\"https:\/\/veritasinfo.org\/\"},{\"@type\":\"ListItem\",\"position\":2,\"name\":\"74 po\u017eara \u0161irom Kosova, najte\u017ea situacija u Malom Ki\u010di\u0107u \u2013 zatra\u017eena pomo\u0107 KFOR-a\"}]},{\"@type\":\"WebSite\",\"@id\":\"https:\/\/veritasinfo.org\/#website\",\"url\":\"https:\/\/veritasinfo.org\/\",\"name\":\"\",\"description\":\"\",\"potentialAction\":[{\"@type\":\"SearchAction\",\"target\":{\"@type\":\"EntryPoint\",\"urlTemplate\":\"https:\/\/veritasinfo.org\/?s={search_term_string}\"},\"query-input\":{\"@type\":\"PropertyValueSpecification\",\"valueRequired\":true,\"valueName\":\"search_term_string\"}}],\"inLanguage\":\"en-US\"},{\"@type\":\"Person\",\"@id\":\"https:\/\/veritasinfo.org\/#\/schema\/person\/7701f8c088bece422266b100a712374f\",\"name\":\"admin\",\"image\":{\"@type\":\"ImageObject\",\"inLanguage\":\"en-US\",\"@id\":\"https:\/\/veritasinfo.org\/#\/schema\/person\/image\/\",\"url\":\"https:\/\/secure.gravatar.com\/avatar\/ea53aa3bf6c9a12d5fde8ce4deff43fef3885ae33cf60184161a50d6987cfd2f?s=96&d=mm&r=g\",\"contentUrl\":\"https:\/\/secure.gravatar.com\/avatar\/ea53aa3bf6c9a12d5fde8ce4deff43fef3885ae33cf60184161a50d6987cfd2f?s=96&d=mm&r=g\",\"caption\":\"admin\"},\"sameAs\":[\"https:\/\/veritasinfo.org\"],\"url\":\"https:\/\/veritasinfo.org\/?author=1\"}]}<\/script>\n<!-- \/ Yoast SEO plugin. -->","yoast_head_json":{"title":"74 po\u017eara \u0161irom Kosova, najte\u017ea situacija u Malom Ki\u010di\u0107u \u2013 zatra\u017eena pomo\u0107 KFOR-a -","robots":{"index":"index","follow":"follow","max-snippet":"max-snippet:-1","max-image-preview":"max-image-preview:large","max-video-preview":"max-video-preview:-1"},"canonical":"https:\/\/veritasinfo.org\/?p=7491&lang=sr","og_locale":"en_US","og_type":"article","og_title":"74 po\u017eara \u0161irom Kosova, najte\u017ea situacija u Malom Ki\u010di\u0107u \u2013 zatra\u017eena pomo\u0107 KFOR-a -","og_description":"Prema poslednjem izve\u0161taju Agencije za upravljanje vanrednim situacijama, do 22 \u010dasa u nedelju, 10. avgusta, na teritoriji Kosova registrovano je ukupno 74 po\u017eari\u0161ta. Od tog","og_url":"https:\/\/veritasinfo.org\/?p=7491&lang=sr","article_published_time":"2025-08-11T06:08:20+00:00","og_image":[{"width":1661,"height":2048,"url":"https:\/\/veritasinfo.org\/wp-content\/uploads\/2025\/08\/FB_IMG_1754864096094.jpg","type":"image\/jpeg"}],"author":"admin","twitter_card":"summary_large_image","twitter_misc":{"Written by":"admin","Est. reading time":"1 minute"},"schema":{"@context":"https:\/\/schema.org","@graph":[{"@type":"WebPage","@id":"https:\/\/veritasinfo.org\/?p=7491&lang=sr","url":"https:\/\/veritasinfo.org\/?p=7491&lang=sr","name":"74 po\u017eara \u0161irom Kosova, najte\u017ea situacija u Malom Ki\u010di\u0107u \u2013 zatra\u017eena pomo\u0107 KFOR-a -","isPartOf":{"@id":"https:\/\/veritasinfo.org\/#website"},"primaryImageOfPage":{"@id":"https:\/\/veritasinfo.org\/?p=7491&lang=sr#primaryimage"},"image":{"@id":"https:\/\/veritasinfo.org\/?p=7491&lang=sr#primaryimage"},"thumbnailUrl":"https:\/\/veritasinfo.org\/wp-content\/uploads\/2025\/08\/FB_IMG_1754864096094.jpg","datePublished":"2025-08-11T06:08:20+00:00","author":{"@id":"https:\/\/veritasinfo.org\/#\/schema\/person\/7701f8c088bece422266b100a712374f"},"breadcrumb":{"@id":"https:\/\/veritasinfo.org\/?p=7491&lang=sr#breadcrumb"},"inLanguage":"en-US","potentialAction":[{"@type":"ReadAction","target":["https:\/\/veritasinfo.org\/?p=7491&lang=sr"]}]},{"@type":"ImageObject","inLanguage":"en-US","@id":"https:\/\/veritasinfo.org\/?p=7491&lang=sr#primaryimage","url":"https:\/\/veritasinfo.org\/wp-content\/uploads\/2025\/08\/FB_IMG_1754864096094.jpg","contentUrl":"https:\/\/veritasinfo.org\/wp-content\/uploads\/2025\/08\/FB_IMG_1754864096094.jpg","width":1661,"height":2048},{"@type":"BreadcrumbList","@id":"https:\/\/veritasinfo.org\/?p=7491&lang=sr#breadcrumb","itemListElement":[{"@type":"ListItem","position":1,"name":"Home","item":"https:\/\/veritasinfo.org\/"},{"@type":"ListItem","position":2,"name":"74 po\u017eara \u0161irom Kosova, najte\u017ea situacija u Malom Ki\u010di\u0107u \u2013 zatra\u017eena pomo\u0107 KFOR-a"}]},{"@type":"WebSite","@id":"https:\/\/veritasinfo.org\/#website","url":"https:\/\/veritasinfo.org\/","name":"","description":"","potentialAction":[{"@type":"SearchAction","target":{"@type":"EntryPoint","urlTemplate":"https:\/\/veritasinfo.org\/?s={search_term_string}"},"query-input":{"@type":"PropertyValueSpecification","valueRequired":true,"valueName":"search_term_string"}}],"inLanguage":"en-US"},{"@type":"Person","@id":"https:\/\/veritasinfo.org\/#\/schema\/person\/7701f8c088bece422266b100a712374f","name":"admin","image":{"@type":"ImageObject","inLanguage":"en-US","@id":"https:\/\/veritasinfo.org\/#\/schema\/person\/image\/","url":"https:\/\/secure.gravatar.com\/avatar\/ea53aa3bf6c9a12d5fde8ce4deff43fef3885ae33cf60184161a50d6987cfd2f?s=96&d=mm&r=g","contentUrl":"https:\/\/secure.gravatar.com\/avatar\/ea53aa3bf6c9a12d5fde8ce4deff43fef3885ae33cf60184161a50d6987cfd2f?s=96&d=mm&r=g","caption":"admin"},"sameAs":["https:\/\/veritasinfo.org"],"url":"https:\/\/veritasinfo.org\/?author=1"}]}},"featured_image_urls":{"full":["https:\/\/veritasinfo.org\/wp-content\/uploads\/2025\/08\/FB_IMG_1754864096094.jpg",1661,2048,false],"thumbnail":["https:\/\/veritasinfo.org\/wp-content\/uploads\/2025\/08\/FB_IMG_1754864096094-150x150.jpg",150,150,true],"medium":["https:\/\/veritasinfo.org\/wp-content\/uploads\/2025\/08\/FB_IMG_1754864096094-243x300.jpg",243,300,true],"medium_large":["https:\/\/veritasinfo.org\/wp-content\/uploads\/2025\/08\/FB_IMG_1754864096094-768x947.jpg",640,789,true],"large":["https:\/\/veritasinfo.org\/wp-content\/uploads\/2025\/08\/FB_IMG_1754864096094-831x1024.jpg",640,789,true],"1536x1536":["https:\/\/veritasinfo.org\/wp-content\/uploads\/2025\/08\/FB_IMG_1754864096094-1246x1536.jpg",1246,1536,true],"2048x2048":["https:\/\/veritasinfo.org\/wp-content\/uploads\/2025\/08\/FB_IMG_1754864096094.jpg",1661,2048,false],"kreeti-slider-full":["https:\/\/veritasinfo.org\/wp-content\/uploads\/2025\/08\/FB_IMG_1754864096094.jpg",584,720,false],"kreeti-featured":["https:\/\/veritasinfo.org\/wp-content\/uploads\/2025\/08\/FB_IMG_1754864096094.jpg",1024,1263,false],"kreeti-medium":["https:\/\/veritasinfo.org\/wp-content\/uploads\/2025\/08\/FB_IMG_1754864096094.jpg",430,530,false],"kreeti-medium-square":["https:\/\/veritasinfo.org\/wp-content\/uploads\/2025\/08\/FB_IMG_1754864096094.jpg",284,350,false]},"author_info":{"info":["admin"]},"category_info":"<a href=\"https:\/\/veritasinfo.org\/?cat=32&#038;lang=sr\" rel=\"category\">Op\u0161tine<\/a>","tag_info":"Op\u0161tine","comment_count":"0","_links":{"self":[{"href":"https:\/\/veritasinfo.org\/index.php?rest_route=\/wp\/v2\/posts\/7491","targetHints":{"allow":["GET"]}}],"collection":[{"href":"https:\/\/veritasinfo.org\/index.php?rest_route=\/wp\/v2\/posts"}],"about":[{"href":"https:\/\/veritasinfo.org\/index.php?rest_route=\/wp\/v2\/types\/post"}],"author":[{"embeddable":true,"href":"https:\/\/veritasinfo.org\/index.php?rest_route=\/wp\/v2\/users\/1"}],"replies":[{"embeddable":true,"href":"https:\/\/veritasinfo.org\/index.php?rest_route=%2Fwp%2Fv2%2Fcomments&post=7491"}],"version-history":[{"count":1,"href":"https:\/\/veritasinfo.org\/index.php?rest_route=\/wp\/v2\/posts\/7491\/revisions"}],"predecessor-version":[{"id":7493,"href":"https:\/\/veritasinfo.org\/index.php?rest_route=\/wp\/v2\/posts\/7491\/revisions\/7493"}],"wp:featuredmedia":[{"embeddable":true,"href":"https:\/\/veritasinfo.org\/index.php?rest_route=\/wp\/v2\/media\/7492"}],"wp:attachment":[{"href":"https:\/\/veritasinfo.org\/index.php?rest_route=%2Fwp%2Fv2%2Fmedia&parent=7491"}],"wp:term":[{"taxonomy":"category","embeddable":true,"href":"https:\/\/veritasinfo.org\/index.php?rest_route=%2Fwp%2Fv2%2Fcategories&post=7491"},{"taxonomy":"post_tag","embeddable":true,"href":"https:\/\/veritasinfo.org\/index.php?rest_route=%2Fwp%2Fv2%2Ftags&post=7491"}],"curies":[{"name":"wp","href":"https:\/\/api.w.org\/{rel}","templated":true}]}}