{"id":7484,"date":"2025-08-11T08:00:49","date_gmt":"2025-08-11T06:00:49","guid":{"rendered":"https:\/\/veritasinfo.org\/?p=7484"},"modified":"2025-08-10T23:52:14","modified_gmt":"2025-08-10T21:52:14","slug":"protesta-ne-gjithe-serbine-qytetaret-kerkojne-zgjedhje-te-parakohshme-dhe-drejtesi","status":"publish","type":"post","link":"https:\/\/veritasinfo.org\/?p=7484","title":{"rendered":"Protesta n\u00eb gjith\u00eb Serbin\u00eb \u2013 qytetar\u00ebt k\u00ebrkojn\u00eb zgjedhje t\u00eb parakohshme dhe drejt\u00ebsi"},"content":{"rendered":"<p>Rrug\u00ebt e Beogradit prej muajsh nuk pushojn\u00eb \u2013 protestat jan\u00eb b\u00ebr\u00eb p\u00ebrditshm\u00ebri. Qytetar\u00eb, student\u00eb, profesor\u00eb e pensionist\u00eb, \u00e7do dit\u00eb k\u00ebrkojn\u00eb ndryshime politike, drejt\u00ebsi dhe p\u00ebrgjegj\u00ebsi.<\/p>\n<p>Shkak p\u00ebr tubimin e fundit ishte p\u00ebrkujtimi i viktimave t\u00eb tragjedis\u00eb n\u00eb Novi Sad, kur shembja e nj\u00eb strehe n\u00eb stacionin hekurudhor u mori jet\u00ebn 16 personave. Pjes\u00ebmarr\u00ebsit e konsiderojn\u00eb k\u00ebt\u00eb fatkeq\u00ebsi si pasoj\u00eb t\u00eb korrupsionit sistematik, paaft\u00ebsis\u00eb institucionale dhe ndikimit politik. Ecjet paq\u00ebsore dhe bllokadat jan\u00eb shnd\u00ebrruar n\u00eb form\u00eb t\u00eb rezistenc\u00ebs qytetare.<\/p>\n<p>\u201cKam b\u00ebr\u00eb nj\u00eb pankart\u00eb me mesazhin se nj\u00eb dit\u00eb, si popull, do ta shkat\u00ebrrojm\u00eb korrupsionin n\u00eb k\u00ebt\u00eb vend\u201d, tha nj\u00eb studente.<\/p>\n<p>\u201cPres q\u00eb t\u00eb ndodh\u00eb drejt\u00ebsia dhe secili t\u00eb marr\u00eb at\u00eb q\u00eb i takon. Vet\u00ebm ligji \u2013 kjo na duhet, dhe gjith\u00e7ka do t\u00eb jet\u00eb n\u00eb rregull\u201d, tha nj\u00eb student tjet\u00ebr.<\/p>\n<p>Protesta po mbahen anemban\u00eb Serbis\u00eb, me k\u00ebrkes\u00eb p\u00ebr shp\u00ebrndarjen e Parlamentit, shpalljen e zgjedhjeve t\u00eb parakohshme dhe lirimin e protestuesve t\u00eb arrestuar. Qytetar\u00ebt thon\u00eb se po luftojn\u00eb p\u00ebr nj\u00eb vend ku f\u00ebmij\u00ebt e tyre do t\u00eb d\u00ebshirojn\u00eb t\u00eb jetojn\u00eb.<\/p>\n<p>\u201cPresim shpalljen e zgjedhjeve dhe t\u00eb shohim m\u00eb n\u00eb fund largimin e k\u00ebtij regjimi. Kjo \u00ebsht\u00eb e gjitha. Askush nuk e duron m\u00eb k\u00ebt\u00eb gjendje\u201d, tha nj\u00eb qytetare.<\/p>\n<p>\u201cUn\u00eb personalisht pres q\u00eb ky regjim t\u00eb bjer\u00eb \u2013 duhej t\u00eb kishte r\u00ebn\u00eb para gjasht\u00eb muajsh, por as tani nuk \u00ebsht\u00eb von\u00eb\u201d, tha nj\u00eb qytetar.<\/p>\n<p>\u201cDuam zgjedhje, kjo \u00ebsht\u00eb kryesorja. Pastaj, t\u00eb d\u00ebnohen t\u00eb gjith\u00eb ata q\u00eb mbajn\u00eb p\u00ebrgjegj\u00ebsi p\u00ebr tragjedin\u00eb n\u00eb Novi Sad, t\u00eb plot\u00ebsohen k\u00ebrkesat e student\u00ebve dhe t\u00eb lirohen t\u00eb gjith\u00eb student\u00ebt e arrestuar\u201d, tha nj\u00eb qytetare tjet\u00ebr.<\/p>\n<p>Prej muajsh, atmosfera n\u00eb Serbi \u00ebsht\u00eb e tensionuar. Pavar\u00ebsisht represionit, arrestimeve dhe p\u00ebrpjekjeve p\u00ebr frik\u00ebsim, qytetar\u00ebt mbeten t\u00eb vendosur. Ata thon\u00eb se ndryshimet nuk vijn\u00eb brenda nat\u00ebs, prandaj mbeten n\u00eb rrug\u00eb \u2013 sepse, sipas tyre, beteja p\u00ebr drejt\u00ebsi \u00ebsht\u00eb e p\u00ebrditshme dhe e p\u00ebrbashk\u00ebt.<\/p>\n<p>&nbsp;<\/p>\n<p>&nbsp;<\/p>\n","protected":false},"excerpt":{"rendered":"<p>Rrug\u00ebt e Beogradit prej muajsh nuk pushojn\u00eb \u2013 protestat jan\u00eb b\u00ebr\u00eb p\u00ebrditshm\u00ebri. Qytetar\u00eb, student\u00eb, profesor\u00eb e pensionist\u00eb, \u00e7do dit\u00eb k\u00ebrkojn\u00eb ndryshime politike, drejt\u00ebsi dhe p\u00ebrgjegj\u00ebsi.<\/p>\n","protected":false},"author":1,"featured_media":7482,"comment_status":"open","ping_status":"open","sticky":false,"template":"","format":"standard","meta":{"footnotes":""},"categories":[58],"tags":[],"class_list":["post-7484","post","type-post","status-publish","format-standard","has-post-thumbnail","hentry","category-politike-sq"],"yoast_head":"<!-- This site is optimized with the Yoast SEO plugin v25.3.1 - https:\/\/yoast.com\/wordpress\/plugins\/seo\/ -->\n<title>Protesta n\u00eb gjith\u00eb Serbin\u00eb \u2013 qytetar\u00ebt k\u00ebrkojn\u00eb zgjedhje t\u00eb parakohshme dhe drejt\u00ebsi -<\/title>\n<meta name=\"robots\" content=\"index, follow, max-snippet:-1, max-image-preview:large, max-video-preview:-1\" \/>\n<link rel=\"canonical\" href=\"https:\/\/veritasinfo.org\/?p=7484\" \/>\n<meta property=\"og:locale\" content=\"en_US\" \/>\n<meta property=\"og:type\" content=\"article\" \/>\n<meta property=\"og:title\" content=\"Protesta n\u00eb gjith\u00eb Serbin\u00eb \u2013 qytetar\u00ebt k\u00ebrkojn\u00eb zgjedhje t\u00eb parakohshme dhe drejt\u00ebsi -\" \/>\n<meta property=\"og:description\" content=\"Rrug\u00ebt e Beogradit prej muajsh nuk pushojn\u00eb \u2013 protestat jan\u00eb b\u00ebr\u00eb p\u00ebrditshm\u00ebri. Qytetar\u00eb, student\u00eb, profesor\u00eb e pensionist\u00eb, \u00e7do dit\u00eb k\u00ebrkojn\u00eb ndryshime politike, drejt\u00ebsi dhe p\u00ebrgjegj\u00ebsi.\" \/>\n<meta property=\"og:url\" content=\"https:\/\/veritasinfo.org\/?p=7484\" \/>\n<meta property=\"article:published_time\" content=\"2025-08-11T06:00:49+00:00\" \/>\n<meta property=\"og:image\" content=\"https:\/\/veritasinfo.org\/wp-content\/uploads\/2025\/08\/image_1742372100_584292.png\" \/>\n\t<meta property=\"og:image:width\" content=\"983\" \/>\n\t<meta property=\"og:image:height\" content=\"625\" \/>\n\t<meta property=\"og:image:type\" content=\"image\/png\" \/>\n<meta name=\"author\" content=\"admin\" \/>\n<meta name=\"twitter:card\" content=\"summary_large_image\" \/>\n<meta name=\"twitter:label1\" content=\"Written by\" \/>\n\t<meta name=\"twitter:data1\" content=\"admin\" \/>\n\t<meta name=\"twitter:label2\" content=\"Est. reading time\" \/>\n\t<meta name=\"twitter:data2\" content=\"2 minutes\" \/>\n<script type=\"application\/ld+json\" class=\"yoast-schema-graph\">{\"@context\":\"https:\/\/schema.org\",\"@graph\":[{\"@type\":\"WebPage\",\"@id\":\"https:\/\/veritasinfo.org\/?p=7484\",\"url\":\"https:\/\/veritasinfo.org\/?p=7484\",\"name\":\"Protesta n\u00eb gjith\u00eb Serbin\u00eb \u2013 qytetar\u00ebt k\u00ebrkojn\u00eb zgjedhje t\u00eb parakohshme dhe drejt\u00ebsi -\",\"isPartOf\":{\"@id\":\"https:\/\/veritasinfo.org\/#website\"},\"primaryImageOfPage\":{\"@id\":\"https:\/\/veritasinfo.org\/?p=7484#primaryimage\"},\"image\":{\"@id\":\"https:\/\/veritasinfo.org\/?p=7484#primaryimage\"},\"thumbnailUrl\":\"https:\/\/veritasinfo.org\/wp-content\/uploads\/2025\/08\/image_1742372100_584292.png\",\"datePublished\":\"2025-08-11T06:00:49+00:00\",\"author\":{\"@id\":\"https:\/\/veritasinfo.org\/#\/schema\/person\/7701f8c088bece422266b100a712374f\"},\"breadcrumb\":{\"@id\":\"https:\/\/veritasinfo.org\/?p=7484#breadcrumb\"},\"inLanguage\":\"en-US\",\"potentialAction\":[{\"@type\":\"ReadAction\",\"target\":[\"https:\/\/veritasinfo.org\/?p=7484\"]}]},{\"@type\":\"ImageObject\",\"inLanguage\":\"en-US\",\"@id\":\"https:\/\/veritasinfo.org\/?p=7484#primaryimage\",\"url\":\"https:\/\/veritasinfo.org\/wp-content\/uploads\/2025\/08\/image_1742372100_584292.png\",\"contentUrl\":\"https:\/\/veritasinfo.org\/wp-content\/uploads\/2025\/08\/image_1742372100_584292.png\",\"width\":983,\"height\":625},{\"@type\":\"BreadcrumbList\",\"@id\":\"https:\/\/veritasinfo.org\/?p=7484#breadcrumb\",\"itemListElement\":[{\"@type\":\"ListItem\",\"position\":1,\"name\":\"Home\",\"item\":\"https:\/\/veritasinfo.org\/\"},{\"@type\":\"ListItem\",\"position\":2,\"name\":\"Protesta n\u00eb gjith\u00eb Serbin\u00eb \u2013 qytetar\u00ebt k\u00ebrkojn\u00eb zgjedhje t\u00eb parakohshme dhe drejt\u00ebsi\"}]},{\"@type\":\"WebSite\",\"@id\":\"https:\/\/veritasinfo.org\/#website\",\"url\":\"https:\/\/veritasinfo.org\/\",\"name\":\"\",\"description\":\"\",\"potentialAction\":[{\"@type\":\"SearchAction\",\"target\":{\"@type\":\"EntryPoint\",\"urlTemplate\":\"https:\/\/veritasinfo.org\/?s={search_term_string}\"},\"query-input\":{\"@type\":\"PropertyValueSpecification\",\"valueRequired\":true,\"valueName\":\"search_term_string\"}}],\"inLanguage\":\"en-US\"},{\"@type\":\"Person\",\"@id\":\"https:\/\/veritasinfo.org\/#\/schema\/person\/7701f8c088bece422266b100a712374f\",\"name\":\"admin\",\"image\":{\"@type\":\"ImageObject\",\"inLanguage\":\"en-US\",\"@id\":\"https:\/\/veritasinfo.org\/#\/schema\/person\/image\/\",\"url\":\"https:\/\/secure.gravatar.com\/avatar\/ea53aa3bf6c9a12d5fde8ce4deff43fef3885ae33cf60184161a50d6987cfd2f?s=96&d=mm&r=g\",\"contentUrl\":\"https:\/\/secure.gravatar.com\/avatar\/ea53aa3bf6c9a12d5fde8ce4deff43fef3885ae33cf60184161a50d6987cfd2f?s=96&d=mm&r=g\",\"caption\":\"admin\"},\"sameAs\":[\"https:\/\/veritasinfo.org\"],\"url\":\"https:\/\/veritasinfo.org\/?author=1\"}]}<\/script>\n<!-- \/ Yoast SEO plugin. -->","yoast_head_json":{"title":"Protesta n\u00eb gjith\u00eb Serbin\u00eb \u2013 qytetar\u00ebt k\u00ebrkojn\u00eb zgjedhje t\u00eb parakohshme dhe drejt\u00ebsi -","robots":{"index":"index","follow":"follow","max-snippet":"max-snippet:-1","max-image-preview":"max-image-preview:large","max-video-preview":"max-video-preview:-1"},"canonical":"https:\/\/veritasinfo.org\/?p=7484","og_locale":"en_US","og_type":"article","og_title":"Protesta n\u00eb gjith\u00eb Serbin\u00eb \u2013 qytetar\u00ebt k\u00ebrkojn\u00eb zgjedhje t\u00eb parakohshme dhe drejt\u00ebsi -","og_description":"Rrug\u00ebt e Beogradit prej muajsh nuk pushojn\u00eb \u2013 protestat jan\u00eb b\u00ebr\u00eb p\u00ebrditshm\u00ebri. Qytetar\u00eb, student\u00eb, profesor\u00eb e pensionist\u00eb, \u00e7do dit\u00eb k\u00ebrkojn\u00eb ndryshime politike, drejt\u00ebsi dhe p\u00ebrgjegj\u00ebsi.","og_url":"https:\/\/veritasinfo.org\/?p=7484","article_published_time":"2025-08-11T06:00:49+00:00","og_image":[{"width":983,"height":625,"url":"https:\/\/veritasinfo.org\/wp-content\/uploads\/2025\/08\/image_1742372100_584292.png","type":"image\/png"}],"author":"admin","twitter_card":"summary_large_image","twitter_misc":{"Written by":"admin","Est. reading time":"2 minutes"},"schema":{"@context":"https:\/\/schema.org","@graph":[{"@type":"WebPage","@id":"https:\/\/veritasinfo.org\/?p=7484","url":"https:\/\/veritasinfo.org\/?p=7484","name":"Protesta n\u00eb gjith\u00eb Serbin\u00eb \u2013 qytetar\u00ebt k\u00ebrkojn\u00eb zgjedhje t\u00eb parakohshme dhe drejt\u00ebsi -","isPartOf":{"@id":"https:\/\/veritasinfo.org\/#website"},"primaryImageOfPage":{"@id":"https:\/\/veritasinfo.org\/?p=7484#primaryimage"},"image":{"@id":"https:\/\/veritasinfo.org\/?p=7484#primaryimage"},"thumbnailUrl":"https:\/\/veritasinfo.org\/wp-content\/uploads\/2025\/08\/image_1742372100_584292.png","datePublished":"2025-08-11T06:00:49+00:00","author":{"@id":"https:\/\/veritasinfo.org\/#\/schema\/person\/7701f8c088bece422266b100a712374f"},"breadcrumb":{"@id":"https:\/\/veritasinfo.org\/?p=7484#breadcrumb"},"inLanguage":"en-US","potentialAction":[{"@type":"ReadAction","target":["https:\/\/veritasinfo.org\/?p=7484"]}]},{"@type":"ImageObject","inLanguage":"en-US","@id":"https:\/\/veritasinfo.org\/?p=7484#primaryimage","url":"https:\/\/veritasinfo.org\/wp-content\/uploads\/2025\/08\/image_1742372100_584292.png","contentUrl":"https:\/\/veritasinfo.org\/wp-content\/uploads\/2025\/08\/image_1742372100_584292.png","width":983,"height":625},{"@type":"BreadcrumbList","@id":"https:\/\/veritasinfo.org\/?p=7484#breadcrumb","itemListElement":[{"@type":"ListItem","position":1,"name":"Home","item":"https:\/\/veritasinfo.org\/"},{"@type":"ListItem","position":2,"name":"Protesta n\u00eb gjith\u00eb Serbin\u00eb \u2013 qytetar\u00ebt k\u00ebrkojn\u00eb zgjedhje t\u00eb parakohshme dhe drejt\u00ebsi"}]},{"@type":"WebSite","@id":"https:\/\/veritasinfo.org\/#website","url":"https:\/\/veritasinfo.org\/","name":"","description":"","potentialAction":[{"@type":"SearchAction","target":{"@type":"EntryPoint","urlTemplate":"https:\/\/veritasinfo.org\/?s={search_term_string}"},"query-input":{"@type":"PropertyValueSpecification","valueRequired":true,"valueName":"search_term_string"}}],"inLanguage":"en-US"},{"@type":"Person","@id":"https:\/\/veritasinfo.org\/#\/schema\/person\/7701f8c088bece422266b100a712374f","name":"admin","image":{"@type":"ImageObject","inLanguage":"en-US","@id":"https:\/\/veritasinfo.org\/#\/schema\/person\/image\/","url":"https:\/\/secure.gravatar.com\/avatar\/ea53aa3bf6c9a12d5fde8ce4deff43fef3885ae33cf60184161a50d6987cfd2f?s=96&d=mm&r=g","contentUrl":"https:\/\/secure.gravatar.com\/avatar\/ea53aa3bf6c9a12d5fde8ce4deff43fef3885ae33cf60184161a50d6987cfd2f?s=96&d=mm&r=g","caption":"admin"},"sameAs":["https:\/\/veritasinfo.org"],"url":"https:\/\/veritasinfo.org\/?author=1"}]}},"featured_image_urls":{"full":["https:\/\/veritasinfo.org\/wp-content\/uploads\/2025\/08\/image_1742372100_584292.png",983,625,false],"thumbnail":["https:\/\/veritasinfo.org\/wp-content\/uploads\/2025\/08\/image_1742372100_584292-150x150.png",150,150,true],"medium":["https:\/\/veritasinfo.org\/wp-content\/uploads\/2025\/08\/image_1742372100_584292-300x191.png",300,191,true],"medium_large":["https:\/\/veritasinfo.org\/wp-content\/uploads\/2025\/08\/image_1742372100_584292-768x488.png",640,407,true],"large":["https:\/\/veritasinfo.org\/wp-content\/uploads\/2025\/08\/image_1742372100_584292.png",640,407,false],"1536x1536":["https:\/\/veritasinfo.org\/wp-content\/uploads\/2025\/08\/image_1742372100_584292.png",983,625,false],"2048x2048":["https:\/\/veritasinfo.org\/wp-content\/uploads\/2025\/08\/image_1742372100_584292.png",983,625,false],"kreeti-slider-full":["https:\/\/veritasinfo.org\/wp-content\/uploads\/2025\/08\/image_1742372100_584292.png",983,625,false],"kreeti-featured":["https:\/\/veritasinfo.org\/wp-content\/uploads\/2025\/08\/image_1742372100_584292.png",983,625,false],"kreeti-medium":["https:\/\/veritasinfo.org\/wp-content\/uploads\/2025\/08\/image_1742372100_584292.png",720,458,false],"kreeti-medium-square":["https:\/\/veritasinfo.org\/wp-content\/uploads\/2025\/08\/image_1742372100_584292.png",350,223,false]},"author_info":{"info":["admin"]},"category_info":"<a href=\"https:\/\/veritasinfo.org\/?cat=58\" rel=\"category\">Politik\u00eb<\/a>","tag_info":"Politik\u00eb","comment_count":"0","_links":{"self":[{"href":"https:\/\/veritasinfo.org\/index.php?rest_route=\/wp\/v2\/posts\/7484","targetHints":{"allow":["GET"]}}],"collection":[{"href":"https:\/\/veritasinfo.org\/index.php?rest_route=\/wp\/v2\/posts"}],"about":[{"href":"https:\/\/veritasinfo.org\/index.php?rest_route=\/wp\/v2\/types\/post"}],"author":[{"embeddable":true,"href":"https:\/\/veritasinfo.org\/index.php?rest_route=\/wp\/v2\/users\/1"}],"replies":[{"embeddable":true,"href":"https:\/\/veritasinfo.org\/index.php?rest_route=%2Fwp%2Fv2%2Fcomments&post=7484"}],"version-history":[{"count":1,"href":"https:\/\/veritasinfo.org\/index.php?rest_route=\/wp\/v2\/posts\/7484\/revisions"}],"predecessor-version":[{"id":7485,"href":"https:\/\/veritasinfo.org\/index.php?rest_route=\/wp\/v2\/posts\/7484\/revisions\/7485"}],"wp:featuredmedia":[{"embeddable":true,"href":"https:\/\/veritasinfo.org\/index.php?rest_route=\/wp\/v2\/media\/7482"}],"wp:attachment":[{"href":"https:\/\/veritasinfo.org\/index.php?rest_route=%2Fwp%2Fv2%2Fmedia&parent=7484"}],"wp:term":[{"taxonomy":"category","embeddable":true,"href":"https:\/\/veritasinfo.org\/index.php?rest_route=%2Fwp%2Fv2%2Fcategories&post=7484"},{"taxonomy":"post_tag","embeddable":true,"href":"https:\/\/veritasinfo.org\/index.php?rest_route=%2Fwp%2Fv2%2Ftags&post=7484"}],"curies":[{"name":"wp","href":"https:\/\/api.w.org\/{rel}","templated":true}]}}