{"id":7479,"date":"2025-08-10T22:16:46","date_gmt":"2025-08-10T20:16:46","guid":{"rendered":"https:\/\/veritasinfo.org\/?p=7479"},"modified":"2025-08-10T22:16:46","modified_gmt":"2025-08-10T20:16:46","slug":"osmani-u-ben-thirrje-organeve-te-drejtesise-per-veprim-urgjent-pas-vrasjes-se-trefishte-ne-gjilan","status":"publish","type":"post","link":"https:\/\/veritasinfo.org\/?p=7479","title":{"rendered":"Osmani u b\u00ebn thirrje organeve t\u00eb drejt\u00ebsis\u00eb p\u00ebr veprim urgjent pas vrasjes s\u00eb trefisht\u00eb n\u00eb Gjilan"},"content":{"rendered":"<p>Osmani u b\u00ebn thirrje organeve t\u00eb drejt\u00ebsis\u00eb p\u00ebr veprim urgjent pas vrasjes s\u00eb trefisht\u00eb n\u00eb Gjilan<\/p>\n<p>Presidentja e Kosov\u00ebs, Vjosa Osmani, u ka b\u00ebr\u00eb thirrje organeve t\u00eb rendit dhe drejt\u00ebsis\u00eb q\u00eb t\u00eb kapin sa m\u00eb shpejt autor\u00ebt e vrasjes s\u00eb trefisht\u00eb n\u00eb Gjilan dhe t\u2019i sjellin para drejt\u00ebsis\u00eb.<\/p>\n<p>Ajo ka shprehur keqardhje q\u00eb t\u00eb dyshuarit p\u00ebr k\u00ebt\u00eb krim, vitin e kaluar, jan\u00eb liruar nga institucionet e drejt\u00ebsis\u00eb pas nj\u00eb kohe t\u00eb shkurt\u00ebr n\u00eb paraburgim, ndon\u00ebse akuzoheshin p\u00ebr vepra t\u00eb r\u00ebnda penale.<\/p>\n<p>\u201cPresidentja p\u00ebrcjell ngush\u00ebllimet m\u00eb t\u00eb sinqerta p\u00ebr familjet e viktimave dhe k\u00ebrkon nga organet kompetente q\u00eb autor\u00ebt e k\u00ebtij akti makab\u00ebr t\u00eb dalin para drejt\u00ebsis\u00eb dhe t\u00eb p\u00ebrballen me p\u00ebrgjegj\u00ebsin\u00eb e plot\u00eb ligjore. \u00cbsht\u00eb p\u00ebr keqardhje q\u00eb vitin e kaluar t\u00eb nj\u00ebjtit persona u liruan nga paraburgimi pas nj\u00eb kohe shum\u00eb t\u00eb shkurt\u00ebr, p\u00ebrkund\u00ebr akuzave p\u00ebr vepra t\u00eb r\u00ebnda\u201d, thuhet n\u00eb reagimin e Presidenc\u00ebs.<\/p>\n<p>Nga Kabineti i Presidentes kan\u00eb reaguar edhe p\u00ebr publikimin n\u00eb media t\u00eb nj\u00eb fotografie ku Osmani shihet me t\u00eb dyshuarin Mefail Shkodra.<\/p>\n<p>\u201c\u00cbsht\u00eb shqet\u00ebsues manipulimi me q\u00ebllim dezinformimin e opinionit publik, duke p\u00ebrdorur fotografi t\u00eb realizuara n\u00eb ngjarje publike, ku autori i k\u00ebtyre veprave ka pozuar me shum\u00eb figura publike. K\u00ebto imazhe jan\u00eb b\u00ebr\u00eb gjat\u00eb nj\u00eb aktiviteti festiv t\u00eb Ambasad\u00ebs s\u00eb Republik\u00ebs s\u00eb Shqip\u00ebris\u00eb n\u00eb Kosov\u00eb, ku mor\u00ebn pjes\u00eb p\u00ebrfaq\u00ebsues institucional\u00eb, personalitete nga politika, t\u00eb ftuar t\u00eb tjer\u00eb dhe qytetar\u00eb. Brenda vitit, Presidentja del n\u00eb fotografi me mij\u00ebra pjes\u00ebmarr\u00ebs n\u00eb aktivitete publike, t\u00eb cil\u00ebt nuk i njeh dhe nuk mund t\u00eb dij\u00eb p\u00ebr veprimtarin\u00eb e tyre. Prandaj, aludimet p\u00ebr kinse \u2018shoq\u00ebrim\u2019 jan\u00eb shpifje. Presidentja p\u00ebrs\u00ebrit thirrjen q\u00eb organet e rendit dhe drejt\u00ebsis\u00eb t\u00eb veprojn\u00eb sipas ligjit dhe t\u00eb sigurojn\u00eb q\u00eb vras\u00ebsi t\u00eb marr\u00eb d\u00ebnimin e merituar\u201d, thuhet n\u00eb reagim.<\/p>\n<p>&nbsp;<\/p>\n<p>&nbsp;<\/p>\n","protected":false},"excerpt":{"rendered":"<p>Osmani u b\u00ebn thirrje organeve t\u00eb drejt\u00ebsis\u00eb p\u00ebr veprim urgjent pas vrasjes s\u00eb trefisht\u00eb n\u00eb Gjilan Presidentja e Kosov\u00ebs, Vjosa Osmani, u ka b\u00ebr\u00eb thirrje<\/p>\n","protected":false},"author":1,"featured_media":7477,"comment_status":"open","ping_status":"open","sticky":false,"template":"","format":"standard","meta":{"footnotes":""},"categories":[60],"tags":[],"class_list":["post-7479","post","type-post","status-publish","format-standard","has-post-thumbnail","hentry","category-shoqerore-sq"],"yoast_head":"<!-- This site is optimized with the Yoast SEO plugin v25.3.1 - https:\/\/yoast.com\/wordpress\/plugins\/seo\/ -->\n<title>Osmani u b\u00ebn thirrje organeve t\u00eb drejt\u00ebsis\u00eb p\u00ebr veprim urgjent pas vrasjes s\u00eb trefisht\u00eb n\u00eb Gjilan -<\/title>\n<meta name=\"robots\" content=\"index, follow, max-snippet:-1, max-image-preview:large, max-video-preview:-1\" \/>\n<link rel=\"canonical\" href=\"https:\/\/veritasinfo.org\/?p=7479\" \/>\n<meta property=\"og:locale\" content=\"en_US\" \/>\n<meta property=\"og:type\" content=\"article\" \/>\n<meta property=\"og:title\" content=\"Osmani u b\u00ebn thirrje organeve t\u00eb drejt\u00ebsis\u00eb p\u00ebr veprim urgjent pas vrasjes s\u00eb trefisht\u00eb n\u00eb Gjilan -\" \/>\n<meta property=\"og:description\" content=\"Osmani u b\u00ebn thirrje organeve t\u00eb drejt\u00ebsis\u00eb p\u00ebr veprim urgjent pas vrasjes s\u00eb trefisht\u00eb n\u00eb Gjilan Presidentja e Kosov\u00ebs, Vjosa Osmani, u ka b\u00ebr\u00eb thirrje\" \/>\n<meta property=\"og:url\" content=\"https:\/\/veritasinfo.org\/?p=7479\" \/>\n<meta property=\"article:published_time\" content=\"2025-08-10T20:16:46+00:00\" \/>\n<meta property=\"og:image\" content=\"https:\/\/veritasinfo.org\/wp-content\/uploads\/2025\/08\/FB_IMG_1754856036896.jpg\" \/>\n\t<meta property=\"og:image:width\" content=\"1200\" \/>\n\t<meta property=\"og:image:height\" content=\"799\" \/>\n\t<meta property=\"og:image:type\" content=\"image\/jpeg\" \/>\n<meta name=\"author\" content=\"admin\" \/>\n<meta name=\"twitter:card\" content=\"summary_large_image\" \/>\n<meta name=\"twitter:label1\" content=\"Written by\" \/>\n\t<meta name=\"twitter:data1\" content=\"admin\" \/>\n\t<meta name=\"twitter:label2\" content=\"Est. reading time\" \/>\n\t<meta name=\"twitter:data2\" content=\"2 minutes\" \/>\n<script type=\"application\/ld+json\" class=\"yoast-schema-graph\">{\"@context\":\"https:\/\/schema.org\",\"@graph\":[{\"@type\":\"WebPage\",\"@id\":\"https:\/\/veritasinfo.org\/?p=7479\",\"url\":\"https:\/\/veritasinfo.org\/?p=7479\",\"name\":\"Osmani u b\u00ebn thirrje organeve t\u00eb drejt\u00ebsis\u00eb p\u00ebr veprim urgjent pas vrasjes s\u00eb trefisht\u00eb n\u00eb Gjilan -\",\"isPartOf\":{\"@id\":\"https:\/\/veritasinfo.org\/#website\"},\"primaryImageOfPage\":{\"@id\":\"https:\/\/veritasinfo.org\/?p=7479#primaryimage\"},\"image\":{\"@id\":\"https:\/\/veritasinfo.org\/?p=7479#primaryimage\"},\"thumbnailUrl\":\"https:\/\/veritasinfo.org\/wp-content\/uploads\/2025\/08\/FB_IMG_1754856036896.jpg\",\"datePublished\":\"2025-08-10T20:16:46+00:00\",\"author\":{\"@id\":\"https:\/\/veritasinfo.org\/#\/schema\/person\/7701f8c088bece422266b100a712374f\"},\"breadcrumb\":{\"@id\":\"https:\/\/veritasinfo.org\/?p=7479#breadcrumb\"},\"inLanguage\":\"en-US\",\"potentialAction\":[{\"@type\":\"ReadAction\",\"target\":[\"https:\/\/veritasinfo.org\/?p=7479\"]}]},{\"@type\":\"ImageObject\",\"inLanguage\":\"en-US\",\"@id\":\"https:\/\/veritasinfo.org\/?p=7479#primaryimage\",\"url\":\"https:\/\/veritasinfo.org\/wp-content\/uploads\/2025\/08\/FB_IMG_1754856036896.jpg\",\"contentUrl\":\"https:\/\/veritasinfo.org\/wp-content\/uploads\/2025\/08\/FB_IMG_1754856036896.jpg\",\"width\":1200,\"height\":799},{\"@type\":\"BreadcrumbList\",\"@id\":\"https:\/\/veritasinfo.org\/?p=7479#breadcrumb\",\"itemListElement\":[{\"@type\":\"ListItem\",\"position\":1,\"name\":\"Home\",\"item\":\"https:\/\/veritasinfo.org\/\"},{\"@type\":\"ListItem\",\"position\":2,\"name\":\"Osmani u b\u00ebn thirrje organeve t\u00eb drejt\u00ebsis\u00eb p\u00ebr veprim urgjent pas vrasjes s\u00eb trefisht\u00eb n\u00eb Gjilan\"}]},{\"@type\":\"WebSite\",\"@id\":\"https:\/\/veritasinfo.org\/#website\",\"url\":\"https:\/\/veritasinfo.org\/\",\"name\":\"\",\"description\":\"\",\"potentialAction\":[{\"@type\":\"SearchAction\",\"target\":{\"@type\":\"EntryPoint\",\"urlTemplate\":\"https:\/\/veritasinfo.org\/?s={search_term_string}\"},\"query-input\":{\"@type\":\"PropertyValueSpecification\",\"valueRequired\":true,\"valueName\":\"search_term_string\"}}],\"inLanguage\":\"en-US\"},{\"@type\":\"Person\",\"@id\":\"https:\/\/veritasinfo.org\/#\/schema\/person\/7701f8c088bece422266b100a712374f\",\"name\":\"admin\",\"image\":{\"@type\":\"ImageObject\",\"inLanguage\":\"en-US\",\"@id\":\"https:\/\/veritasinfo.org\/#\/schema\/person\/image\/\",\"url\":\"https:\/\/secure.gravatar.com\/avatar\/ea53aa3bf6c9a12d5fde8ce4deff43fef3885ae33cf60184161a50d6987cfd2f?s=96&d=mm&r=g\",\"contentUrl\":\"https:\/\/secure.gravatar.com\/avatar\/ea53aa3bf6c9a12d5fde8ce4deff43fef3885ae33cf60184161a50d6987cfd2f?s=96&d=mm&r=g\",\"caption\":\"admin\"},\"sameAs\":[\"https:\/\/veritasinfo.org\"],\"url\":\"https:\/\/veritasinfo.org\/?author=1\"}]}<\/script>\n<!-- \/ Yoast SEO plugin. -->","yoast_head_json":{"title":"Osmani u b\u00ebn thirrje organeve t\u00eb drejt\u00ebsis\u00eb p\u00ebr veprim urgjent pas vrasjes s\u00eb trefisht\u00eb n\u00eb Gjilan -","robots":{"index":"index","follow":"follow","max-snippet":"max-snippet:-1","max-image-preview":"max-image-preview:large","max-video-preview":"max-video-preview:-1"},"canonical":"https:\/\/veritasinfo.org\/?p=7479","og_locale":"en_US","og_type":"article","og_title":"Osmani u b\u00ebn thirrje organeve t\u00eb drejt\u00ebsis\u00eb p\u00ebr veprim urgjent pas vrasjes s\u00eb trefisht\u00eb n\u00eb Gjilan -","og_description":"Osmani u b\u00ebn thirrje organeve t\u00eb drejt\u00ebsis\u00eb p\u00ebr veprim urgjent pas vrasjes s\u00eb trefisht\u00eb n\u00eb Gjilan Presidentja e Kosov\u00ebs, Vjosa Osmani, u ka b\u00ebr\u00eb thirrje","og_url":"https:\/\/veritasinfo.org\/?p=7479","article_published_time":"2025-08-10T20:16:46+00:00","og_image":[{"width":1200,"height":799,"url":"https:\/\/veritasinfo.org\/wp-content\/uploads\/2025\/08\/FB_IMG_1754856036896.jpg","type":"image\/jpeg"}],"author":"admin","twitter_card":"summary_large_image","twitter_misc":{"Written by":"admin","Est. reading time":"2 minutes"},"schema":{"@context":"https:\/\/schema.org","@graph":[{"@type":"WebPage","@id":"https:\/\/veritasinfo.org\/?p=7479","url":"https:\/\/veritasinfo.org\/?p=7479","name":"Osmani u b\u00ebn thirrje organeve t\u00eb drejt\u00ebsis\u00eb p\u00ebr veprim urgjent pas vrasjes s\u00eb trefisht\u00eb n\u00eb Gjilan -","isPartOf":{"@id":"https:\/\/veritasinfo.org\/#website"},"primaryImageOfPage":{"@id":"https:\/\/veritasinfo.org\/?p=7479#primaryimage"},"image":{"@id":"https:\/\/veritasinfo.org\/?p=7479#primaryimage"},"thumbnailUrl":"https:\/\/veritasinfo.org\/wp-content\/uploads\/2025\/08\/FB_IMG_1754856036896.jpg","datePublished":"2025-08-10T20:16:46+00:00","author":{"@id":"https:\/\/veritasinfo.org\/#\/schema\/person\/7701f8c088bece422266b100a712374f"},"breadcrumb":{"@id":"https:\/\/veritasinfo.org\/?p=7479#breadcrumb"},"inLanguage":"en-US","potentialAction":[{"@type":"ReadAction","target":["https:\/\/veritasinfo.org\/?p=7479"]}]},{"@type":"ImageObject","inLanguage":"en-US","@id":"https:\/\/veritasinfo.org\/?p=7479#primaryimage","url":"https:\/\/veritasinfo.org\/wp-content\/uploads\/2025\/08\/FB_IMG_1754856036896.jpg","contentUrl":"https:\/\/veritasinfo.org\/wp-content\/uploads\/2025\/08\/FB_IMG_1754856036896.jpg","width":1200,"height":799},{"@type":"BreadcrumbList","@id":"https:\/\/veritasinfo.org\/?p=7479#breadcrumb","itemListElement":[{"@type":"ListItem","position":1,"name":"Home","item":"https:\/\/veritasinfo.org\/"},{"@type":"ListItem","position":2,"name":"Osmani u b\u00ebn thirrje organeve t\u00eb drejt\u00ebsis\u00eb p\u00ebr veprim urgjent pas vrasjes s\u00eb trefisht\u00eb n\u00eb Gjilan"}]},{"@type":"WebSite","@id":"https:\/\/veritasinfo.org\/#website","url":"https:\/\/veritasinfo.org\/","name":"","description":"","potentialAction":[{"@type":"SearchAction","target":{"@type":"EntryPoint","urlTemplate":"https:\/\/veritasinfo.org\/?s={search_term_string}"},"query-input":{"@type":"PropertyValueSpecification","valueRequired":true,"valueName":"search_term_string"}}],"inLanguage":"en-US"},{"@type":"Person","@id":"https:\/\/veritasinfo.org\/#\/schema\/person\/7701f8c088bece422266b100a712374f","name":"admin","image":{"@type":"ImageObject","inLanguage":"en-US","@id":"https:\/\/veritasinfo.org\/#\/schema\/person\/image\/","url":"https:\/\/secure.gravatar.com\/avatar\/ea53aa3bf6c9a12d5fde8ce4deff43fef3885ae33cf60184161a50d6987cfd2f?s=96&d=mm&r=g","contentUrl":"https:\/\/secure.gravatar.com\/avatar\/ea53aa3bf6c9a12d5fde8ce4deff43fef3885ae33cf60184161a50d6987cfd2f?s=96&d=mm&r=g","caption":"admin"},"sameAs":["https:\/\/veritasinfo.org"],"url":"https:\/\/veritasinfo.org\/?author=1"}]}},"featured_image_urls":{"full":["https:\/\/veritasinfo.org\/wp-content\/uploads\/2025\/08\/FB_IMG_1754856036896.jpg",1200,799,false],"thumbnail":["https:\/\/veritasinfo.org\/wp-content\/uploads\/2025\/08\/FB_IMG_1754856036896-150x150.jpg",150,150,true],"medium":["https:\/\/veritasinfo.org\/wp-content\/uploads\/2025\/08\/FB_IMG_1754856036896-300x200.jpg",300,200,true],"medium_large":["https:\/\/veritasinfo.org\/wp-content\/uploads\/2025\/08\/FB_IMG_1754856036896-768x511.jpg",640,426,true],"large":["https:\/\/veritasinfo.org\/wp-content\/uploads\/2025\/08\/FB_IMG_1754856036896-1024x682.jpg",640,426,true],"1536x1536":["https:\/\/veritasinfo.org\/wp-content\/uploads\/2025\/08\/FB_IMG_1754856036896.jpg",1200,799,false],"2048x2048":["https:\/\/veritasinfo.org\/wp-content\/uploads\/2025\/08\/FB_IMG_1754856036896.jpg",1200,799,false],"kreeti-slider-full":["https:\/\/veritasinfo.org\/wp-content\/uploads\/2025\/08\/FB_IMG_1754856036896.jpg",1081,720,false],"kreeti-featured":["https:\/\/veritasinfo.org\/wp-content\/uploads\/2025\/08\/FB_IMG_1754856036896.jpg",1024,682,false],"kreeti-medium":["https:\/\/veritasinfo.org\/wp-content\/uploads\/2025\/08\/FB_IMG_1754856036896.jpg",720,479,false],"kreeti-medium-square":["https:\/\/veritasinfo.org\/wp-content\/uploads\/2025\/08\/FB_IMG_1754856036896.jpg",350,233,false]},"author_info":{"info":["admin"]},"category_info":"<a href=\"https:\/\/veritasinfo.org\/?cat=60\" rel=\"category\">Shoq\u00ebrore<\/a>","tag_info":"Shoq\u00ebrore","comment_count":"0","_links":{"self":[{"href":"https:\/\/veritasinfo.org\/index.php?rest_route=\/wp\/v2\/posts\/7479","targetHints":{"allow":["GET"]}}],"collection":[{"href":"https:\/\/veritasinfo.org\/index.php?rest_route=\/wp\/v2\/posts"}],"about":[{"href":"https:\/\/veritasinfo.org\/index.php?rest_route=\/wp\/v2\/types\/post"}],"author":[{"embeddable":true,"href":"https:\/\/veritasinfo.org\/index.php?rest_route=\/wp\/v2\/users\/1"}],"replies":[{"embeddable":true,"href":"https:\/\/veritasinfo.org\/index.php?rest_route=%2Fwp%2Fv2%2Fcomments&post=7479"}],"version-history":[{"count":1,"href":"https:\/\/veritasinfo.org\/index.php?rest_route=\/wp\/v2\/posts\/7479\/revisions"}],"predecessor-version":[{"id":7480,"href":"https:\/\/veritasinfo.org\/index.php?rest_route=\/wp\/v2\/posts\/7479\/revisions\/7480"}],"wp:featuredmedia":[{"embeddable":true,"href":"https:\/\/veritasinfo.org\/index.php?rest_route=\/wp\/v2\/media\/7477"}],"wp:attachment":[{"href":"https:\/\/veritasinfo.org\/index.php?rest_route=%2Fwp%2Fv2%2Fmedia&parent=7479"}],"wp:term":[{"taxonomy":"category","embeddable":true,"href":"https:\/\/veritasinfo.org\/index.php?rest_route=%2Fwp%2Fv2%2Fcategories&post=7479"},{"taxonomy":"post_tag","embeddable":true,"href":"https:\/\/veritasinfo.org\/index.php?rest_route=%2Fwp%2Fv2%2Ftags&post=7479"}],"curies":[{"name":"wp","href":"https:\/\/api.w.org\/{rel}","templated":true}]}}