{"id":747,"date":"2025-06-16T19:13:21","date_gmt":"2025-06-16T17:13:21","guid":{"rendered":"https:\/\/veritasinfo.org\/?p=747"},"modified":"2025-06-16T19:13:21","modified_gmt":"2025-06-16T17:13:21","slug":"u-srbiji-raste-broj-optuznica-protiv-albanaca-sa-kosova","status":"publish","type":"post","link":"https:\/\/veritasinfo.org\/?p=747&lang=sr","title":{"rendered":"U Srbiji raste broj optu\u017enica protiv Albanaca sa Kosova"},"content":{"rendered":"<p>Za razliku od prethodnih godina, Tu\u017eila\u0161tvo za ratne zlo\u010dine u Srbiji zna\u010dajno je pove\u0107alo broj optu\u017enica tokom 2024. godine.<\/p>\n<p>Ve\u0107ina njih podignuta je protiv Albanaca sa Kosova, a prema Fondu za humanitarno pravo (FHP), to je rezultat politi\u010dkog pritiska od strane vlasti i provladinih medija u Srbiji.<\/p>\n<p>Iako je Srbija nastavila sa hap\u0161enjima dr\u017eavljana Kosova na grani\u010dnim prelazima i tokom 2024. godine, ve\u0107ina optu\u017enica je podignuta protiv lica koja nisu dostupna pravosudnom sistemu Srbije.<\/p>\n<p>Prema Fondu, umesto unapre\u0111enja saradnje sa Kosovom, u praksi se sprovode su\u0111enja u odsustvu.<\/p>\n<p>Godina 2024. tako\u0111e je bila obele\u017eena nedostatkom saradnje sa susednim zemljama, odugovla\u010denjem su\u0111enja za ratne zlo\u010dine iz devedesetih, nesrazmernim kaznama za osu\u0111ene, kao i izostankom krivi\u010dnog gonjenja vi\u0161ih pripadnika srpskih snaga.<\/p>\n<p>Tokom ove godine nastavljen je i javni glorifikovanje osu\u0111enih ratnih zlo\u010dinaca, a pokrenuta je i dr\u017eavna kampanja negiranja genocida u Srebrenici.<\/p>\n<p>\u201eUslovi u kojima se vode su\u0111enja za ratne zlo\u010dine u Srbiji su veoma nepovoljni. \u010cak i tokom 2024. godine nastavila se atmosfera revizionisti\u010dke politike se\u0107anja\u201c, izjavila je Jovana Kolari\u0107 iz Fonda za humanitarno pravo tokom predstavljanja izve\u0161taja.<\/p>\n<p>Tu\u017eila\u0161tvo za ratne zlo\u010dine nije odgovorilo na pitanja Radija Slobodna Evropa u vezi sa najnovijim izve\u0161tajem ove nevladine organizacije koja prati sva su\u0111enja za ratne zlo\u010dine u Srbiji.<\/p>\n<p>Koliko je podignuto optu\u017enica?<\/p>\n<p>Tokom 2024. godine, Tu\u017eila\u0161tvo za ratne zlo\u010dine u Srbiji podiglo je osam optu\u017enica protiv 10 osoba.<\/p>\n<p>Jedna od njih preneta je iz Tu\u017eila\u0161tva Bosne i Hercegovine, dok je sedam podignuto protiv Albanaca sa Kosova za zlo\u010dine po\u010dinjene nad srpskim stanovni\u0161tvom krajem devedesetih godina.<\/p>\n<p>\u0160est optu\u017eenih nije dostupno pravosu\u0111u Srbije i su\u0111eno im je u odsustvu.<\/p>\n<p>\u201eBez institucionalne razmene dokaza i informacija izme\u0111u Srbije i Kosova, nastavi\u0107e se podizanje slabih optu\u017enica koje \u0107e biti te\u0161ko dokazati\u201c, izjavila je Mirjana Pe\u0161i\u0107 iz Fonda za humanitarno pravo.<\/p>\n<p>Ona je dodala da se sli\u010dna situacija doga\u0111a i na Kosovu, gde je Specijalno tu\u017eila\u0161tvo tokom 2024. godine podiglo \u0161est optu\u017enica protiv 11 pripadnika srpskih snaga za su\u0111enja u odsustvu.<\/p>\n<p>Srbija i Kosovo su 2013. godine, uz posredovanje Evropske unije, postigli sporazum o uzajamnoj pravnoj pomo\u0107i, koji predvi\u0111a razmenu sudskih zahteva izme\u0111u dve zemlje.<\/p>\n<p>Ipak, prema Institutu za pravdu na Kosovu, Srbija nije sara\u0111ivala ni u jednom slu\u010daju koji se ti\u010de ratnih zlo\u010dina.<\/p>\n<p>Koliko je pravosna\u017enih presuda izre\u010deno?<\/p>\n<p>Vi\u0161i sud u Beogradu osudio je u februaru 2024. godine Tefika Mustafu na jednu godinu zatvora za \u201eorganizovanje i podstrekavanje na izvr\u0161enje genocida i ratnih zlo\u010dina\u201c.<\/p>\n<p>Mustafa je uhap\u0161en u junu 2024. na grani\u010dnom prelazu Merdare, dok ga je tu\u017eila\u0161tvo teretilo da je zajedno sa oko deset pripadnika Oslobodila\u010dke vojske Kosova (OVK) u junu 1999. oteo trojicu civila blizu sela Llapjan.<\/p>\n<p>\u201ePrema presudi, sud je bez dovoljno dokaza prihvatio tvrdnju optu\u017enice da je konkretna grupa OVK bila organizovana za izvr\u0161enje krivi\u010dnih dela. Tokom izricanja presude, sud nije javnosti obrazlo\u017eio za\u0161to je u potpunosti odbacio odbranu optu\u017eenog\u201c, navodi se u reakciji Fonda za humanitarno pravo (FHP) nakon izricanja kazne.<\/p>\n<p>Su\u0111enje Mustafi je zavr\u0161eno ubrzano, za samo dva dana.<\/p>\n<p>\u201eTakav proces ne doprinosi rasvetljavanju okolnosti nestanka civila niti postizanju pravde, ve\u0107 samo dalje potkopava poverenje \u017ertava u institucije\u201c, istakao je FHP.<\/p>\n<p>Ovo je bio samo jedan u nizu hap\u0161enja Albanaca sa Kosova u Srbiji.<\/p>\n<p>Hasan Dakaj, uhap\u0161en u januaru 2024, pu\u0161ten je nakon godinu dana, po\u0161to je postigao sporazum sa tu\u017eila\u0161tvom o priznanju krivice za optu\u017enicu kojom je teretio za zlo\u010dine protiv civilnog stanovni\u0161tva.<\/p>\n<p>Dr\u017eavljanin Kosova Nezir Mehmetaj osu\u0111en je u decembru 2024. na \u0161est godina zatvora za istu radnju. On je uhap\u0161en od strane srpskih vlasti pre pet godina i tokom celog perioda je bio u pritvoru.<\/p>\n<p>\u201e\u010cinjenica da ve\u0107ina optu\u017enice nije dokazana, dok je optu\u017eeni osu\u0111en samo za jedan ta\u010dku, stvara utisak da optu\u017enica nije bila zasnovana na \u010dvrstim dokazima, ve\u0107 je vo\u0111ena politi\u010dkim zahtevima\u201c, navodi se u izve\u0161taju FHP-a.<\/p>\n<p>Pored presude protiv Mehmetaja, Vi\u0161i sud u Beogradu tokom 2024. objavio je jo\u0161 tri prvostepene presude za ratne zlo\u010dine u Bosni i Hercegovini, kao i dve presude u ponovljenim postupcima.<\/p>\n<p>U aprilu 2024, sedmorica biv\u0161ih pripadnika Narodne vojske Jugoslavije (NVJ) osu\u0111eni su na ukupno 56 godina zatvora za masakr nad Albancima sa Kosova u selima Qyshk, Zahaq, Pavlan i Lubeniq, 1999. godine.<\/p>\n<p>\u201eIako je optu\u017enica, kroz izmene i dopune, obuhvatala mnogobrojne zlo\u010dine koje su po\u010dinili optu\u017eeni, presuda je znatno suzila krivi\u010dnu odgovornost i drasti\u010dno smanjila broj \u017ertava\u201c, stoji u izve\u0161taju FHP-a.<\/p>\n<p>Prema istom izve\u0161taju, pripadnici NVJ osu\u0111eni su samo za ubistvo 57 civila u Qyshku, dok za ubistva 42 civila u Lubeniqu i 17 u Zahaqu \u2013 zlo\u010dine koje je dokumentovao i Hag\u0161ki tribunal \u2013 niko nije progla\u0161en krivim.<\/p>\n<p>FHP ocenjuje da su kazne za ve\u0107inu optu\u017eenih bile nepravedne i neke \u010dak ispod zakonskog minimuma.<\/p>\n<p>\u201eMnogi dokazi predstavljeni tokom procesa otkrili su da odgovornost za ove zlo\u010dine ne prestaje kod direktnih izvr\u0161ilaca, ve\u0107 uklju\u010duje i komandni lanac Narodne vojske Jugoslavije, koji uop\u0161te nije bio obuhva\u0107en optu\u017enicom\u201c, navodi se u izve\u0161taju.<\/p>\n<p>Su\u0111enje u ovom predmetu trajalo je 14 godina. Prvostepena presuda doneta je 2014, ali je godinu dana kasnije poni\u0161tena odlukom Apelacionog suda Srbije.<\/p>\n<p>Su\u0111enja koja traju beskona\u010dno<\/p>\n<p>Jedan od najjasnijih primera odugovla\u010denja sudskih procesa je slu\u010daj otmice i ubistva putnika iz voza u selu \u0160trpci u Bosni i Hercegovini 1993. godine, gde je optu\u017enica protiv \u010dlanova jedinice \u201eOsvetnici\u201c potvr\u0111ena tek 2018. godine.<\/p>\n<p>Sudski proces je zapo\u010deo januara 2019, ali je Apelacioni sud ukinuo prvostepenu presudu u novembru 2023. i predmet je vra\u0107en na ponovno su\u0111enje.<\/p>\n<p>\u201eOvo je drasti\u010dan primer neaktivnosti i nedostatka efikasnosti pravosu\u0111a, koji pokazuje koliko institucije pravde doprinose ka\u0161njenjima u su\u0111enjima i uskra\u0107ivanju pravde \u017ertvama\u201c, navodi se u izve\u0161taju Fonda za humanitarno pravo (FHP), uz napomenu da su dvojica optu\u017eenih u me\u0111uvremenu preminula.<\/p>\n<p>Tako\u0111e, su\u0111enje za ubistvo 1.313 bo\u0161nja\u010dkih civila u Kravici kod Srebrenice, koje je po\u010delo krajem 2016, i dalje traje u fazi izvo\u0111enja dokaza, posle vi\u0161e od osam godina.<\/p>\n<p>Tu\u017eila\u0161tvo u Srbiji podiglo je optu\u017enicu protiv osam pripadnika Specijalne policijske brigade Republike Srpske za ratne zlo\u010dine nad civilnim stanovni\u0161tvom, iako su sudovi u Bosni i Ha\u0161kom tribunalu za iste radnje doneli presude za genocid ili zlo\u010dine protiv \u010dove\u010dnosti.<\/p>\n<p>\u201eTu\u017eila\u0161tvo na neiskren na\u010din krije \u010dinjenicu da je procesuiranje za genocid politi\u010dki neprihvatljivo u Srbiji, jer najvi\u0161i dr\u017eavni zvani\u010dnici ne priznaju odluku da je u Srebrenici po\u010dinjen genocid\u201c, isti\u010de izve\u0161taj FHP-a.<\/p>\n<p>Svi optu\u017eeni u ovom predmetu brane se sa slobode. Tokom 2024. godine, zbog njihovog izostanka, nije odr\u017eano 15 sudskih ro\u010di\u0161ta.<\/p>\n<p>\u201eObrazlo\u017eenje lo\u0161eg zdravstvenog stanja pretvoreno je u sredstvo za namerno odugovla\u010denje procesa i za postizanje progla\u0161enja proceduralne nesposobnosti optu\u017eenih\u201c, ka\u017ee FHP.<\/p>\n<p>U izve\u0161taju se navodi da je jo\u0161 2010. godine FHP podneo krivi\u010dnu prijavu protiv nekoliko visokih pripadnika vojske Republike Srpske zbog sumnje u u\u010de\u0161\u0107e u genocidu u Srebrenici, ali do kraja 2024. godine tu\u017eila\u0161tvo u Srbiji nije pokrenulo nijednu istragu.<\/p>\n<p>Nije primenjena ni presuda Suda u Bosni iz 2014. godine kojom je Novak \u0110uki\u0107 osu\u0111en na 20 godina zatvora za ubistvo vi\u0161e od 70 osoba u luci Tuzla. Biv\u0161i general vojske Republike Srpske pobegao je u Beograd pre dono\u0161enja presude i tamo \u017eivi slobodno.<\/p>\n<p>Da li postoji regionalna saradnja?<\/p>\n<p>Uprkos postojanju Protokola o saradnji u procesuiranju izvr\u0161ilaca ratnih zlo\u010dina, Tu\u017eila\u0161tvo u Srbiji odbija da preda predmete pravosudnim organima u Bosni.<\/p>\n<p>Primer je slu\u010daj Miomira Jasikova\u010da, biv\u0161eg komandanta jedinice vojne policije Brigade Zvornik Vojske RS, koji je optu\u017een u Srbiji za ratne zlo\u010dine samo nekoliko dana nakon \u0161to je Tu\u017eila\u0161tvo Bosne podiglo optu\u017enicu protiv njega za genocid u Srebrenici.<\/p>\n<p>Tu\u017eila\u0161tvo Srbije znatno je smanjilo broj \u017ertava i postiglo sporazum sa optu\u017eenim o priznanju krivice, osudiv\u0161i ga na minimalnu kaznu od pet godina zatvora.<\/p>\n<p>Do sada je pravosu\u0111u Bosne predata samo jedna stvar \u2013 ona Edina Vranji\u0107a, dr\u017eavljanina Bosne, koji je uhap\u0161en u septembru 2021. na granici izme\u0111u Srbije i Bosne pod sumnjom za ratne zlo\u010dine. Nakon mesec dana pu\u0161ten je iz pritvora.<\/p>\n<p>\u201eI u ovom slu\u010daju predaja je usledila tek nakon politi\u010dke intervencije predsednika Srbije\u201c, navodi se u izve\u0161taju Fonda za humanitarno pravo (FHP).<\/p>\n<p>Iako je pro\u0161lo vi\u0161e od godinu dana od kada je Hag\u0161ki sud predao Srbiji su\u0111enje lideru Srpske radikalne stranke zbog nepo\u0161tovanja Tribunala, proces u Beogradu jo\u0161 nije zapo\u010det.<\/p>\n<p>Vojislav \u0160e\u0161elj, kao i mnogi osu\u0111eni ratni zlo\u010dinci, redovno se pojavljuje na dr\u017eavnim televizijama sa nacionalnom frekvencijom, u ulozi analiti\u010dara.<\/p>\n<p>\u201eZbog usvajanja Rezolucije UN o Srebrenici, predstavnici vlasti u Srbiji, dr\u017eavni mediji i tabloidi vodili su o\u0161tru kampanju protiv progla\u0161enja 11. jula Me\u0111unarodnim danom se\u0107anja na genocid\u201c, podsetila je Jovana Kolarik iz FHP-a.<\/p>\n<p>Dodala je da su predstavnici civilnog dru\u0161tva koji su pozvali institucije da glasaju za Rezoluciju i priznaju genocid, bili napadani kao \u201eizdajnici\u201c od strane politi\u010dara i prore\u017eimskih medija.<\/p>\n<p>\u010cak je i Evropska komisija u najnovijem izve\u0161taju o napretku Srbije upozorila da \u201eveliki broj politi\u010dara i medija bez ikakvih posledica nastavlja da pori\u010de ratne zlo\u010dine i genocid, kao i da pru\u017ea podr\u0161ku i javni prostor osu\u0111enim ratnim zlo\u010dincima\u201c.<\/p>\n<p>Komisija zaklju\u010duje da Srbija jo\u0161 nije pokazala stvarnu posve\u0107enost istrazi i ka\u017enjavanju ratnih zlo\u010dina.<\/p>\n<p>&nbsp;<\/p>\n<p>&nbsp;<\/p>\n<p>&nbsp;<\/p>\n<p>&nbsp;<\/p>\n","protected":false},"excerpt":{"rendered":"<p>Za razliku od prethodnih godina, Tu\u017eila\u0161tvo za ratne zlo\u010dine u Srbiji zna\u010dajno je pove\u0107alo broj optu\u017enica tokom 2024. godine. Ve\u0107ina njih podignuta je protiv Albanaca<\/p>\n","protected":false},"author":1,"featured_media":744,"comment_status":"open","ping_status":"open","sticky":false,"template":"","format":"standard","meta":{"footnotes":""},"categories":[74],"tags":[],"class_list":["post-747","post","type-post","status-publish","format-standard","has-post-thumbnail","hentry","category-svet"],"yoast_head":"<!-- This site is optimized with the Yoast SEO plugin v25.3.1 - https:\/\/yoast.com\/wordpress\/plugins\/seo\/ -->\n<title>U Srbiji raste broj optu\u017enica protiv Albanaca sa Kosova -<\/title>\n<meta name=\"robots\" content=\"index, follow, max-snippet:-1, max-image-preview:large, max-video-preview:-1\" \/>\n<link rel=\"canonical\" href=\"https:\/\/veritasinfo.org\/?p=747&lang=sr\" \/>\n<meta property=\"og:locale\" content=\"en_US\" \/>\n<meta property=\"og:type\" content=\"article\" \/>\n<meta property=\"og:title\" content=\"U Srbiji raste broj optu\u017enica protiv Albanaca sa Kosova -\" \/>\n<meta property=\"og:description\" content=\"Za razliku od prethodnih godina, Tu\u017eila\u0161tvo za ratne zlo\u010dine u Srbiji zna\u010dajno je pove\u0107alo broj optu\u017enica tokom 2024. godine. Ve\u0107ina njih podignuta je protiv Albanaca\" \/>\n<meta property=\"og:url\" content=\"https:\/\/veritasinfo.org\/?p=747&amp;lang=sr\" \/>\n<meta property=\"article:published_time\" content=\"2025-06-16T17:13:21+00:00\" \/>\n<meta property=\"og:image\" content=\"https:\/\/veritasinfo.org\/wp-content\/uploads\/2025\/06\/IMG_9924.jpeg\" \/>\n\t<meta property=\"og:image:width\" content=\"1290\" \/>\n\t<meta property=\"og:image:height\" content=\"1047\" \/>\n\t<meta property=\"og:image:type\" content=\"image\/jpeg\" \/>\n<meta name=\"author\" content=\"admin\" \/>\n<meta name=\"twitter:card\" content=\"summary_large_image\" \/>\n<meta name=\"twitter:label1\" content=\"Written by\" \/>\n\t<meta name=\"twitter:data1\" content=\"admin\" \/>\n\t<meta name=\"twitter:label2\" content=\"Est. reading time\" \/>\n\t<meta name=\"twitter:data2\" content=\"7 minutes\" \/>\n<script type=\"application\/ld+json\" class=\"yoast-schema-graph\">{\"@context\":\"https:\/\/schema.org\",\"@graph\":[{\"@type\":\"WebPage\",\"@id\":\"https:\/\/veritasinfo.org\/?p=747&lang=sr\",\"url\":\"https:\/\/veritasinfo.org\/?p=747&lang=sr\",\"name\":\"U Srbiji raste broj optu\u017enica protiv Albanaca sa Kosova -\",\"isPartOf\":{\"@id\":\"https:\/\/veritasinfo.org\/#website\"},\"primaryImageOfPage\":{\"@id\":\"https:\/\/veritasinfo.org\/?p=747&lang=sr#primaryimage\"},\"image\":{\"@id\":\"https:\/\/veritasinfo.org\/?p=747&lang=sr#primaryimage\"},\"thumbnailUrl\":\"https:\/\/veritasinfo.org\/wp-content\/uploads\/2025\/06\/IMG_9924.jpeg\",\"datePublished\":\"2025-06-16T17:13:21+00:00\",\"author\":{\"@id\":\"https:\/\/veritasinfo.org\/#\/schema\/person\/7701f8c088bece422266b100a712374f\"},\"breadcrumb\":{\"@id\":\"https:\/\/veritasinfo.org\/?p=747&lang=sr#breadcrumb\"},\"inLanguage\":\"en-US\",\"potentialAction\":[{\"@type\":\"ReadAction\",\"target\":[\"https:\/\/veritasinfo.org\/?p=747&lang=sr\"]}]},{\"@type\":\"ImageObject\",\"inLanguage\":\"en-US\",\"@id\":\"https:\/\/veritasinfo.org\/?p=747&lang=sr#primaryimage\",\"url\":\"https:\/\/veritasinfo.org\/wp-content\/uploads\/2025\/06\/IMG_9924.jpeg\",\"contentUrl\":\"https:\/\/veritasinfo.org\/wp-content\/uploads\/2025\/06\/IMG_9924.jpeg\",\"width\":1290,\"height\":1047},{\"@type\":\"BreadcrumbList\",\"@id\":\"https:\/\/veritasinfo.org\/?p=747&lang=sr#breadcrumb\",\"itemListElement\":[{\"@type\":\"ListItem\",\"position\":1,\"name\":\"Home\",\"item\":\"https:\/\/veritasinfo.org\/\"},{\"@type\":\"ListItem\",\"position\":2,\"name\":\"U Srbiji raste broj optu\u017enica protiv Albanaca sa Kosova\"}]},{\"@type\":\"WebSite\",\"@id\":\"https:\/\/veritasinfo.org\/#website\",\"url\":\"https:\/\/veritasinfo.org\/\",\"name\":\"\",\"description\":\"\",\"potentialAction\":[{\"@type\":\"SearchAction\",\"target\":{\"@type\":\"EntryPoint\",\"urlTemplate\":\"https:\/\/veritasinfo.org\/?s={search_term_string}\"},\"query-input\":{\"@type\":\"PropertyValueSpecification\",\"valueRequired\":true,\"valueName\":\"search_term_string\"}}],\"inLanguage\":\"en-US\"},{\"@type\":\"Person\",\"@id\":\"https:\/\/veritasinfo.org\/#\/schema\/person\/7701f8c088bece422266b100a712374f\",\"name\":\"admin\",\"image\":{\"@type\":\"ImageObject\",\"inLanguage\":\"en-US\",\"@id\":\"https:\/\/veritasinfo.org\/#\/schema\/person\/image\/\",\"url\":\"https:\/\/secure.gravatar.com\/avatar\/ea53aa3bf6c9a12d5fde8ce4deff43fef3885ae33cf60184161a50d6987cfd2f?s=96&d=mm&r=g\",\"contentUrl\":\"https:\/\/secure.gravatar.com\/avatar\/ea53aa3bf6c9a12d5fde8ce4deff43fef3885ae33cf60184161a50d6987cfd2f?s=96&d=mm&r=g\",\"caption\":\"admin\"},\"sameAs\":[\"https:\/\/veritasinfo.org\"],\"url\":\"https:\/\/veritasinfo.org\/?author=1\"}]}<\/script>\n<!-- \/ Yoast SEO plugin. -->","yoast_head_json":{"title":"U Srbiji raste broj optu\u017enica protiv Albanaca sa Kosova -","robots":{"index":"index","follow":"follow","max-snippet":"max-snippet:-1","max-image-preview":"max-image-preview:large","max-video-preview":"max-video-preview:-1"},"canonical":"https:\/\/veritasinfo.org\/?p=747&lang=sr","og_locale":"en_US","og_type":"article","og_title":"U Srbiji raste broj optu\u017enica protiv Albanaca sa Kosova -","og_description":"Za razliku od prethodnih godina, Tu\u017eila\u0161tvo za ratne zlo\u010dine u Srbiji zna\u010dajno je pove\u0107alo broj optu\u017enica tokom 2024. godine. Ve\u0107ina njih podignuta je protiv Albanaca","og_url":"https:\/\/veritasinfo.org\/?p=747&lang=sr","article_published_time":"2025-06-16T17:13:21+00:00","og_image":[{"width":1290,"height":1047,"url":"https:\/\/veritasinfo.org\/wp-content\/uploads\/2025\/06\/IMG_9924.jpeg","type":"image\/jpeg"}],"author":"admin","twitter_card":"summary_large_image","twitter_misc":{"Written by":"admin","Est. reading time":"7 minutes"},"schema":{"@context":"https:\/\/schema.org","@graph":[{"@type":"WebPage","@id":"https:\/\/veritasinfo.org\/?p=747&lang=sr","url":"https:\/\/veritasinfo.org\/?p=747&lang=sr","name":"U Srbiji raste broj optu\u017enica protiv Albanaca sa Kosova -","isPartOf":{"@id":"https:\/\/veritasinfo.org\/#website"},"primaryImageOfPage":{"@id":"https:\/\/veritasinfo.org\/?p=747&lang=sr#primaryimage"},"image":{"@id":"https:\/\/veritasinfo.org\/?p=747&lang=sr#primaryimage"},"thumbnailUrl":"https:\/\/veritasinfo.org\/wp-content\/uploads\/2025\/06\/IMG_9924.jpeg","datePublished":"2025-06-16T17:13:21+00:00","author":{"@id":"https:\/\/veritasinfo.org\/#\/schema\/person\/7701f8c088bece422266b100a712374f"},"breadcrumb":{"@id":"https:\/\/veritasinfo.org\/?p=747&lang=sr#breadcrumb"},"inLanguage":"en-US","potentialAction":[{"@type":"ReadAction","target":["https:\/\/veritasinfo.org\/?p=747&lang=sr"]}]},{"@type":"ImageObject","inLanguage":"en-US","@id":"https:\/\/veritasinfo.org\/?p=747&lang=sr#primaryimage","url":"https:\/\/veritasinfo.org\/wp-content\/uploads\/2025\/06\/IMG_9924.jpeg","contentUrl":"https:\/\/veritasinfo.org\/wp-content\/uploads\/2025\/06\/IMG_9924.jpeg","width":1290,"height":1047},{"@type":"BreadcrumbList","@id":"https:\/\/veritasinfo.org\/?p=747&lang=sr#breadcrumb","itemListElement":[{"@type":"ListItem","position":1,"name":"Home","item":"https:\/\/veritasinfo.org\/"},{"@type":"ListItem","position":2,"name":"U Srbiji raste broj optu\u017enica protiv Albanaca sa Kosova"}]},{"@type":"WebSite","@id":"https:\/\/veritasinfo.org\/#website","url":"https:\/\/veritasinfo.org\/","name":"","description":"","potentialAction":[{"@type":"SearchAction","target":{"@type":"EntryPoint","urlTemplate":"https:\/\/veritasinfo.org\/?s={search_term_string}"},"query-input":{"@type":"PropertyValueSpecification","valueRequired":true,"valueName":"search_term_string"}}],"inLanguage":"en-US"},{"@type":"Person","@id":"https:\/\/veritasinfo.org\/#\/schema\/person\/7701f8c088bece422266b100a712374f","name":"admin","image":{"@type":"ImageObject","inLanguage":"en-US","@id":"https:\/\/veritasinfo.org\/#\/schema\/person\/image\/","url":"https:\/\/secure.gravatar.com\/avatar\/ea53aa3bf6c9a12d5fde8ce4deff43fef3885ae33cf60184161a50d6987cfd2f?s=96&d=mm&r=g","contentUrl":"https:\/\/secure.gravatar.com\/avatar\/ea53aa3bf6c9a12d5fde8ce4deff43fef3885ae33cf60184161a50d6987cfd2f?s=96&d=mm&r=g","caption":"admin"},"sameAs":["https:\/\/veritasinfo.org"],"url":"https:\/\/veritasinfo.org\/?author=1"}]}},"featured_image_urls":{"full":["https:\/\/veritasinfo.org\/wp-content\/uploads\/2025\/06\/IMG_9924.jpeg",1290,1047,false],"thumbnail":["https:\/\/veritasinfo.org\/wp-content\/uploads\/2025\/06\/IMG_9924-150x150.jpeg",150,150,true],"medium":["https:\/\/veritasinfo.org\/wp-content\/uploads\/2025\/06\/IMG_9924-300x243.jpeg",300,243,true],"medium_large":["https:\/\/veritasinfo.org\/wp-content\/uploads\/2025\/06\/IMG_9924-768x623.jpeg",640,519,true],"large":["https:\/\/veritasinfo.org\/wp-content\/uploads\/2025\/06\/IMG_9924-1024x831.jpeg",640,519,true],"1536x1536":["https:\/\/veritasinfo.org\/wp-content\/uploads\/2025\/06\/IMG_9924.jpeg",1290,1047,false],"2048x2048":["https:\/\/veritasinfo.org\/wp-content\/uploads\/2025\/06\/IMG_9924.jpeg",1290,1047,false],"kreeti-slider-full":["https:\/\/veritasinfo.org\/wp-content\/uploads\/2025\/06\/IMG_9924.jpeg",887,720,false],"kreeti-featured":["https:\/\/veritasinfo.org\/wp-content\/uploads\/2025\/06\/IMG_9924.jpeg",1024,831,false],"kreeti-medium":["https:\/\/veritasinfo.org\/wp-content\/uploads\/2025\/06\/IMG_9924.jpeg",653,530,false],"kreeti-medium-square":["https:\/\/veritasinfo.org\/wp-content\/uploads\/2025\/06\/IMG_9924.jpeg",350,284,false]},"author_info":{"info":["admin"]},"category_info":"<a href=\"https:\/\/veritasinfo.org\/?cat=74&#038;lang=sr\" rel=\"category\">Svet<\/a>","tag_info":"Svet","comment_count":"0","_links":{"self":[{"href":"https:\/\/veritasinfo.org\/index.php?rest_route=\/wp\/v2\/posts\/747","targetHints":{"allow":["GET"]}}],"collection":[{"href":"https:\/\/veritasinfo.org\/index.php?rest_route=\/wp\/v2\/posts"}],"about":[{"href":"https:\/\/veritasinfo.org\/index.php?rest_route=\/wp\/v2\/types\/post"}],"author":[{"embeddable":true,"href":"https:\/\/veritasinfo.org\/index.php?rest_route=\/wp\/v2\/users\/1"}],"replies":[{"embeddable":true,"href":"https:\/\/veritasinfo.org\/index.php?rest_route=%2Fwp%2Fv2%2Fcomments&post=747"}],"version-history":[{"count":1,"href":"https:\/\/veritasinfo.org\/index.php?rest_route=\/wp\/v2\/posts\/747\/revisions"}],"predecessor-version":[{"id":749,"href":"https:\/\/veritasinfo.org\/index.php?rest_route=\/wp\/v2\/posts\/747\/revisions\/749"}],"wp:featuredmedia":[{"embeddable":true,"href":"https:\/\/veritasinfo.org\/index.php?rest_route=\/wp\/v2\/media\/744"}],"wp:attachment":[{"href":"https:\/\/veritasinfo.org\/index.php?rest_route=%2Fwp%2Fv2%2Fmedia&parent=747"}],"wp:term":[{"taxonomy":"category","embeddable":true,"href":"https:\/\/veritasinfo.org\/index.php?rest_route=%2Fwp%2Fv2%2Fcategories&post=747"},{"taxonomy":"post_tag","embeddable":true,"href":"https:\/\/veritasinfo.org\/index.php?rest_route=%2Fwp%2Fv2%2Ftags&post=747"}],"curies":[{"name":"wp","href":"https:\/\/api.w.org\/{rel}","templated":true}]}}