{"id":7467,"date":"2025-08-10T19:50:24","date_gmt":"2025-08-10T17:50:24","guid":{"rendered":"https:\/\/veritasinfo.org\/?p=7467"},"modified":"2025-08-10T20:07:16","modified_gmt":"2025-08-10T18:07:16","slug":"per-vrasjen-ne-gjilan-reagon-ministri-i-brendshem-xhelal-svecla","status":"publish","type":"post","link":"https:\/\/veritasinfo.org\/?p=7467","title":{"rendered":"P\u00ebr vrasjen n\u00eb Gjilan reagon ministri i Brendsh\u00ebm Xhelal Sve\u00e7la"},"content":{"rendered":"<p>Ministri i Brendsh\u00ebm, Xhelal Sve\u00e7la, ka th\u00ebn\u00eb se \u00ebsht\u00eb thell\u00ebsisht i tronditur nga vrasja e trefisht\u00eb n\u00eb Gjilan.<\/p>\n<p>Ai ka shprehur tronditje t\u00eb thell\u00eb dhe indinjat\u00eb ndaj institucioneve t\u00eb drejt\u00ebsis\u00eb, duke theksuar se trajtimi i rasteve t\u00eb tilla nga Prokuroria dhe Gjyq\u00ebsori, duke l\u00ebn\u00eb t\u00eb lir\u00eb personat e dyshuar, \u00ebsht\u00eb i papranuesh\u00ebm.<\/p>\n<p>Sipas tij, i dyshuari kryesor p\u00ebr vrasjen e sotme ishte arrestuar vitin e kaluar nga Policia e Kosov\u00ebs p\u00ebr fajde, por neglizhenca dhe tolerimi i sistemit t\u00eb drejt\u00ebsis\u00eb kan\u00eb sjell\u00eb situat\u00ebn ku ndodhemi sot.<\/p>\n<p>Sve\u00e7la tha se \u00ebsht\u00eb momenti i fundit q\u00eb institucionet e drejt\u00ebsis\u00eb t\u00eb reflektojn\u00eb dhe t\u00eb mos tolerojn\u00eb asnj\u00eb kriminel apo veprimtari kriminale, duke shtuar se qytetar\u00ebt duhet ta ken\u00eb shtetin garant t\u00eb siguris\u00eb dhe jo t\u00eb ndihen t\u00eb frik\u00ebsuar.<\/p>\n<p>&nbsp;<\/p>\n<p>&nbsp;<\/p>\n","protected":false},"excerpt":{"rendered":"<p>Ministri i Brendsh\u00ebm, Xhelal Sve\u00e7la, ka th\u00ebn\u00eb se \u00ebsht\u00eb thell\u00ebsisht i tronditur nga vrasja e trefisht\u00eb n\u00eb Gjilan. Ai ka shprehur tronditje t\u00eb thell\u00eb dhe<\/p>\n","protected":false},"author":1,"featured_media":4941,"comment_status":"open","ping_status":"open","sticky":false,"template":"","format":"standard","meta":{"footnotes":""},"categories":[60],"tags":[],"class_list":["post-7467","post","type-post","status-publish","format-standard","has-post-thumbnail","hentry","category-shoqerore-sq"],"yoast_head":"<!-- This site is optimized with the Yoast SEO plugin v25.3.1 - https:\/\/yoast.com\/wordpress\/plugins\/seo\/ -->\n<title>P\u00ebr vrasjen n\u00eb Gjilan reagon ministri i Brendsh\u00ebm Xhelal Sve\u00e7la -<\/title>\n<meta name=\"robots\" content=\"index, follow, max-snippet:-1, max-image-preview:large, max-video-preview:-1\" \/>\n<link rel=\"canonical\" href=\"https:\/\/veritasinfo.org\/?p=7467\" \/>\n<meta property=\"og:locale\" content=\"en_US\" \/>\n<meta property=\"og:type\" content=\"article\" \/>\n<meta property=\"og:title\" content=\"P\u00ebr vrasjen n\u00eb Gjilan reagon ministri i Brendsh\u00ebm Xhelal Sve\u00e7la -\" \/>\n<meta property=\"og:description\" content=\"Ministri i Brendsh\u00ebm, Xhelal Sve\u00e7la, ka th\u00ebn\u00eb se \u00ebsht\u00eb thell\u00ebsisht i tronditur nga vrasja e trefisht\u00eb n\u00eb Gjilan. Ai ka shprehur tronditje t\u00eb thell\u00eb dhe\" \/>\n<meta property=\"og:url\" content=\"https:\/\/veritasinfo.org\/?p=7467\" \/>\n<meta property=\"article:published_time\" content=\"2025-08-10T17:50:24+00:00\" \/>\n<meta property=\"article:modified_time\" content=\"2025-08-10T18:07:16+00:00\" \/>\n<meta property=\"og:image\" content=\"https:\/\/veritasinfo.org\/wp-content\/uploads\/2025\/07\/auto_xhelal-svecla1735130378.jpg\" \/>\n\t<meta property=\"og:image:width\" content=\"850\" \/>\n\t<meta property=\"og:image:height\" content=\"549\" \/>\n\t<meta property=\"og:image:type\" content=\"image\/jpeg\" \/>\n<meta name=\"author\" content=\"admin\" \/>\n<meta name=\"twitter:card\" content=\"summary_large_image\" \/>\n<meta name=\"twitter:label1\" content=\"Written by\" \/>\n\t<meta name=\"twitter:data1\" content=\"admin\" \/>\n\t<meta name=\"twitter:label2\" content=\"Est. reading time\" \/>\n\t<meta name=\"twitter:data2\" content=\"1 minute\" \/>\n<script type=\"application\/ld+json\" class=\"yoast-schema-graph\">{\"@context\":\"https:\/\/schema.org\",\"@graph\":[{\"@type\":\"WebPage\",\"@id\":\"https:\/\/veritasinfo.org\/?p=7467\",\"url\":\"https:\/\/veritasinfo.org\/?p=7467\",\"name\":\"P\u00ebr vrasjen n\u00eb Gjilan reagon ministri i Brendsh\u00ebm Xhelal Sve\u00e7la -\",\"isPartOf\":{\"@id\":\"https:\/\/veritasinfo.org\/#website\"},\"primaryImageOfPage\":{\"@id\":\"https:\/\/veritasinfo.org\/?p=7467#primaryimage\"},\"image\":{\"@id\":\"https:\/\/veritasinfo.org\/?p=7467#primaryimage\"},\"thumbnailUrl\":\"https:\/\/veritasinfo.org\/wp-content\/uploads\/2025\/07\/auto_xhelal-svecla1735130378.jpg\",\"datePublished\":\"2025-08-10T17:50:24+00:00\",\"dateModified\":\"2025-08-10T18:07:16+00:00\",\"author\":{\"@id\":\"https:\/\/veritasinfo.org\/#\/schema\/person\/7701f8c088bece422266b100a712374f\"},\"breadcrumb\":{\"@id\":\"https:\/\/veritasinfo.org\/?p=7467#breadcrumb\"},\"inLanguage\":\"en-US\",\"potentialAction\":[{\"@type\":\"ReadAction\",\"target\":[\"https:\/\/veritasinfo.org\/?p=7467\"]}]},{\"@type\":\"ImageObject\",\"inLanguage\":\"en-US\",\"@id\":\"https:\/\/veritasinfo.org\/?p=7467#primaryimage\",\"url\":\"https:\/\/veritasinfo.org\/wp-content\/uploads\/2025\/07\/auto_xhelal-svecla1735130378.jpg\",\"contentUrl\":\"https:\/\/veritasinfo.org\/wp-content\/uploads\/2025\/07\/auto_xhelal-svecla1735130378.jpg\",\"width\":850,\"height\":549},{\"@type\":\"BreadcrumbList\",\"@id\":\"https:\/\/veritasinfo.org\/?p=7467#breadcrumb\",\"itemListElement\":[{\"@type\":\"ListItem\",\"position\":1,\"name\":\"Home\",\"item\":\"https:\/\/veritasinfo.org\/\"},{\"@type\":\"ListItem\",\"position\":2,\"name\":\"P\u00ebr vrasjen n\u00eb Gjilan reagon ministri i Brendsh\u00ebm Xhelal Sve\u00e7la\"}]},{\"@type\":\"WebSite\",\"@id\":\"https:\/\/veritasinfo.org\/#website\",\"url\":\"https:\/\/veritasinfo.org\/\",\"name\":\"\",\"description\":\"\",\"potentialAction\":[{\"@type\":\"SearchAction\",\"target\":{\"@type\":\"EntryPoint\",\"urlTemplate\":\"https:\/\/veritasinfo.org\/?s={search_term_string}\"},\"query-input\":{\"@type\":\"PropertyValueSpecification\",\"valueRequired\":true,\"valueName\":\"search_term_string\"}}],\"inLanguage\":\"en-US\"},{\"@type\":\"Person\",\"@id\":\"https:\/\/veritasinfo.org\/#\/schema\/person\/7701f8c088bece422266b100a712374f\",\"name\":\"admin\",\"image\":{\"@type\":\"ImageObject\",\"inLanguage\":\"en-US\",\"@id\":\"https:\/\/veritasinfo.org\/#\/schema\/person\/image\/\",\"url\":\"https:\/\/secure.gravatar.com\/avatar\/ea53aa3bf6c9a12d5fde8ce4deff43fef3885ae33cf60184161a50d6987cfd2f?s=96&d=mm&r=g\",\"contentUrl\":\"https:\/\/secure.gravatar.com\/avatar\/ea53aa3bf6c9a12d5fde8ce4deff43fef3885ae33cf60184161a50d6987cfd2f?s=96&d=mm&r=g\",\"caption\":\"admin\"},\"sameAs\":[\"https:\/\/veritasinfo.org\"],\"url\":\"https:\/\/veritasinfo.org\/?author=1\"}]}<\/script>\n<!-- \/ Yoast SEO plugin. -->","yoast_head_json":{"title":"P\u00ebr vrasjen n\u00eb Gjilan reagon ministri i Brendsh\u00ebm Xhelal Sve\u00e7la -","robots":{"index":"index","follow":"follow","max-snippet":"max-snippet:-1","max-image-preview":"max-image-preview:large","max-video-preview":"max-video-preview:-1"},"canonical":"https:\/\/veritasinfo.org\/?p=7467","og_locale":"en_US","og_type":"article","og_title":"P\u00ebr vrasjen n\u00eb Gjilan reagon ministri i Brendsh\u00ebm Xhelal Sve\u00e7la -","og_description":"Ministri i Brendsh\u00ebm, Xhelal Sve\u00e7la, ka th\u00ebn\u00eb se \u00ebsht\u00eb thell\u00ebsisht i tronditur nga vrasja e trefisht\u00eb n\u00eb Gjilan. Ai ka shprehur tronditje t\u00eb thell\u00eb dhe","og_url":"https:\/\/veritasinfo.org\/?p=7467","article_published_time":"2025-08-10T17:50:24+00:00","article_modified_time":"2025-08-10T18:07:16+00:00","og_image":[{"width":850,"height":549,"url":"https:\/\/veritasinfo.org\/wp-content\/uploads\/2025\/07\/auto_xhelal-svecla1735130378.jpg","type":"image\/jpeg"}],"author":"admin","twitter_card":"summary_large_image","twitter_misc":{"Written by":"admin","Est. reading time":"1 minute"},"schema":{"@context":"https:\/\/schema.org","@graph":[{"@type":"WebPage","@id":"https:\/\/veritasinfo.org\/?p=7467","url":"https:\/\/veritasinfo.org\/?p=7467","name":"P\u00ebr vrasjen n\u00eb Gjilan reagon ministri i Brendsh\u00ebm Xhelal Sve\u00e7la -","isPartOf":{"@id":"https:\/\/veritasinfo.org\/#website"},"primaryImageOfPage":{"@id":"https:\/\/veritasinfo.org\/?p=7467#primaryimage"},"image":{"@id":"https:\/\/veritasinfo.org\/?p=7467#primaryimage"},"thumbnailUrl":"https:\/\/veritasinfo.org\/wp-content\/uploads\/2025\/07\/auto_xhelal-svecla1735130378.jpg","datePublished":"2025-08-10T17:50:24+00:00","dateModified":"2025-08-10T18:07:16+00:00","author":{"@id":"https:\/\/veritasinfo.org\/#\/schema\/person\/7701f8c088bece422266b100a712374f"},"breadcrumb":{"@id":"https:\/\/veritasinfo.org\/?p=7467#breadcrumb"},"inLanguage":"en-US","potentialAction":[{"@type":"ReadAction","target":["https:\/\/veritasinfo.org\/?p=7467"]}]},{"@type":"ImageObject","inLanguage":"en-US","@id":"https:\/\/veritasinfo.org\/?p=7467#primaryimage","url":"https:\/\/veritasinfo.org\/wp-content\/uploads\/2025\/07\/auto_xhelal-svecla1735130378.jpg","contentUrl":"https:\/\/veritasinfo.org\/wp-content\/uploads\/2025\/07\/auto_xhelal-svecla1735130378.jpg","width":850,"height":549},{"@type":"BreadcrumbList","@id":"https:\/\/veritasinfo.org\/?p=7467#breadcrumb","itemListElement":[{"@type":"ListItem","position":1,"name":"Home","item":"https:\/\/veritasinfo.org\/"},{"@type":"ListItem","position":2,"name":"P\u00ebr vrasjen n\u00eb Gjilan reagon ministri i Brendsh\u00ebm Xhelal Sve\u00e7la"}]},{"@type":"WebSite","@id":"https:\/\/veritasinfo.org\/#website","url":"https:\/\/veritasinfo.org\/","name":"","description":"","potentialAction":[{"@type":"SearchAction","target":{"@type":"EntryPoint","urlTemplate":"https:\/\/veritasinfo.org\/?s={search_term_string}"},"query-input":{"@type":"PropertyValueSpecification","valueRequired":true,"valueName":"search_term_string"}}],"inLanguage":"en-US"},{"@type":"Person","@id":"https:\/\/veritasinfo.org\/#\/schema\/person\/7701f8c088bece422266b100a712374f","name":"admin","image":{"@type":"ImageObject","inLanguage":"en-US","@id":"https:\/\/veritasinfo.org\/#\/schema\/person\/image\/","url":"https:\/\/secure.gravatar.com\/avatar\/ea53aa3bf6c9a12d5fde8ce4deff43fef3885ae33cf60184161a50d6987cfd2f?s=96&d=mm&r=g","contentUrl":"https:\/\/secure.gravatar.com\/avatar\/ea53aa3bf6c9a12d5fde8ce4deff43fef3885ae33cf60184161a50d6987cfd2f?s=96&d=mm&r=g","caption":"admin"},"sameAs":["https:\/\/veritasinfo.org"],"url":"https:\/\/veritasinfo.org\/?author=1"}]}},"featured_image_urls":{"full":["https:\/\/veritasinfo.org\/wp-content\/uploads\/2025\/07\/auto_xhelal-svecla1735130378.jpg",850,549,false],"thumbnail":["https:\/\/veritasinfo.org\/wp-content\/uploads\/2025\/07\/auto_xhelal-svecla1735130378-150x150.jpg",150,150,true],"medium":["https:\/\/veritasinfo.org\/wp-content\/uploads\/2025\/07\/auto_xhelal-svecla1735130378-300x194.jpg",300,194,true],"medium_large":["https:\/\/veritasinfo.org\/wp-content\/uploads\/2025\/07\/auto_xhelal-svecla1735130378-768x496.jpg",640,413,true],"large":["https:\/\/veritasinfo.org\/wp-content\/uploads\/2025\/07\/auto_xhelal-svecla1735130378.jpg",640,413,false],"1536x1536":["https:\/\/veritasinfo.org\/wp-content\/uploads\/2025\/07\/auto_xhelal-svecla1735130378.jpg",850,549,false],"2048x2048":["https:\/\/veritasinfo.org\/wp-content\/uploads\/2025\/07\/auto_xhelal-svecla1735130378.jpg",850,549,false],"kreeti-slider-full":["https:\/\/veritasinfo.org\/wp-content\/uploads\/2025\/07\/auto_xhelal-svecla1735130378.jpg",850,549,false],"kreeti-featured":["https:\/\/veritasinfo.org\/wp-content\/uploads\/2025\/07\/auto_xhelal-svecla1735130378.jpg",850,549,false],"kreeti-medium":["https:\/\/veritasinfo.org\/wp-content\/uploads\/2025\/07\/auto_xhelal-svecla1735130378.jpg",720,465,false],"kreeti-medium-square":["https:\/\/veritasinfo.org\/wp-content\/uploads\/2025\/07\/auto_xhelal-svecla1735130378.jpg",350,226,false]},"author_info":{"info":["admin"]},"category_info":"<a href=\"https:\/\/veritasinfo.org\/?cat=60\" rel=\"category\">Shoq\u00ebrore<\/a>","tag_info":"Shoq\u00ebrore","comment_count":"0","_links":{"self":[{"href":"https:\/\/veritasinfo.org\/index.php?rest_route=\/wp\/v2\/posts\/7467","targetHints":{"allow":["GET"]}}],"collection":[{"href":"https:\/\/veritasinfo.org\/index.php?rest_route=\/wp\/v2\/posts"}],"about":[{"href":"https:\/\/veritasinfo.org\/index.php?rest_route=\/wp\/v2\/types\/post"}],"author":[{"embeddable":true,"href":"https:\/\/veritasinfo.org\/index.php?rest_route=\/wp\/v2\/users\/1"}],"replies":[{"embeddable":true,"href":"https:\/\/veritasinfo.org\/index.php?rest_route=%2Fwp%2Fv2%2Fcomments&post=7467"}],"version-history":[{"count":2,"href":"https:\/\/veritasinfo.org\/index.php?rest_route=\/wp\/v2\/posts\/7467\/revisions"}],"predecessor-version":[{"id":7469,"href":"https:\/\/veritasinfo.org\/index.php?rest_route=\/wp\/v2\/posts\/7467\/revisions\/7469"}],"wp:featuredmedia":[{"embeddable":true,"href":"https:\/\/veritasinfo.org\/index.php?rest_route=\/wp\/v2\/media\/4941"}],"wp:attachment":[{"href":"https:\/\/veritasinfo.org\/index.php?rest_route=%2Fwp%2Fv2%2Fmedia&parent=7467"}],"wp:term":[{"taxonomy":"category","embeddable":true,"href":"https:\/\/veritasinfo.org\/index.php?rest_route=%2Fwp%2Fv2%2Fcategories&post=7467"},{"taxonomy":"post_tag","embeddable":true,"href":"https:\/\/veritasinfo.org\/index.php?rest_route=%2Fwp%2Fv2%2Ftags&post=7467"}],"curies":[{"name":"wp","href":"https:\/\/api.w.org\/{rel}","templated":true}]}}