{"id":7463,"date":"2025-08-10T19:31:44","date_gmt":"2025-08-10T17:31:44","guid":{"rendered":"https:\/\/veritasinfo.org\/?p=7463"},"modified":"2025-08-10T19:31:44","modified_gmt":"2025-08-10T17:31:44","slug":"vrasje-e-trefishte-ne-gjilan-tre-ne-arrati-nje-i-arrestuar-dy-te-plagosur","status":"publish","type":"post","link":"https:\/\/veritasinfo.org\/?p=7463","title":{"rendered":"Vrasje e trefisht\u00eb n\u00eb Gjilan: Tre n\u00eb arrati, nj\u00eb i arrestuar, dy t\u00eb plagosur"},"content":{"rendered":"<p>Gjilan, 10 gusht 2025 \u2013 Tre persona jan\u00eb vrar\u00eb dhe dy t\u00eb tjer\u00eb jan\u00eb plagosur nga t\u00eb sht\u00ebnat me arm\u00eb zjarri q\u00eb ndodh\u00ebn t\u00eb diel\u00ebn n\u00eb mesdit\u00eb, n\u00eb rrug\u00ebn \u201cIbrahim Rugova\u201d n\u00eb Gjilan, kan\u00eb konfirmuar autoritetet kosovare.<\/p>\n<p>Fillimisht, Policia e Kosov\u00ebs njoftoi p\u00ebr dy viktima t\u00eb konstatuara n\u00eb vendngjarje, nd\u00ebrsa t\u00eb plagosurit u d\u00ebrguan n\u00eb Qendr\u00ebn Emergjente t\u00eb Gjilanit. M\u00eb von\u00eb, nga Spitali i Gjilanit u b\u00eb e ditur se nj\u00eb prej t\u00eb plagosurve nd\u00ebrroi jet\u00eb, nj\u00eb tjet\u00ebr u transferua n\u00eb QKUK n\u00eb gjendje t\u00eb r\u00ebnd\u00eb, nd\u00ebrsa nj\u00eb pacient u pranua n\u00eb repartin e Ortopedis\u00eb.<\/p>\n<p>Policia \u00ebsht\u00eb n\u00eb k\u00ebrkim t\u00eb tre t\u00eb dyshuarve \u2013 Mefail Shkodra (53), Edonis Shkodra (25) dhe Engjull Shkodra (22) \u2013 p\u00ebr t\u00eb cil\u00ebt dyshohet se kan\u00eb kryer vepr\u00ebn penale t\u00eb \u201cvrasjes s\u00eb r\u00ebnd\u00eb\u201d. Drejtori i Policis\u00eb Rajonale n\u00eb Gjilan, Agron Rukiqi, b\u00ebri t\u00eb ditur se jan\u00eb l\u00ebshuar urdh\u00ebr-arreste, \u00ebsht\u00eb k\u00ebrkuar bashk\u00ebpunim nd\u00ebrkomb\u00ebtar, jan\u00eb lajm\u00ebruar pikat kufitare dhe jan\u00eb kryer kontrolle n\u00eb tri lokacione. N\u00eb vendngjarje \u00ebsht\u00eb arrestuar edhe nj\u00eb person tjet\u00ebr, i cili po hetohet p\u00ebr lidhjen e mundshme me rastin.<\/p>\n<p>Prokurori i rastit, Isuf Sadiku, tha se i dyshuari kryesor, Mefail Shkodra, ka nj\u00eb dosje t\u00eb gjer\u00eb kriminale me mbi 30 vepra penale, p\u00ebrfshir\u00eb sulm, prishje t\u00eb rendit, fajde, mashtrim, kanosje, shantazh, detyrim dhe pjes\u00ebmarrje n\u00eb grup kriminal t\u00eb organizuar.<\/p>\n<p>Ngjarja ka nxitur reagime t\u00eb forta nga autoritetet lokale. Kryetari i Gjilanit, Alban Hyseni, u zotua se \u201cnuk do t\u00eb lejohet q\u00eb dhuna t\u00eb marr\u00eb vend n\u00eb jet\u00ebn e p\u00ebrditshme\u201d dhe shprehu ngush\u00ebllime p\u00ebr familjet e viktimave. Kryetari i PDK-s\u00eb, Memli Krasniqi, e cil\u00ebsoi rastin si \u201calarm p\u00ebr rritjen e pasiguris\u00eb dhe kriminalitetit\u201d n\u00eb vend.<\/p>\n<p>&nbsp;<\/p>\n<p>&nbsp;<\/p>\n<p>&nbsp;<\/p>\n","protected":false},"excerpt":{"rendered":"<p>Gjilan, 10 gusht 2025 \u2013 Tre persona jan\u00eb vrar\u00eb dhe dy t\u00eb tjer\u00eb jan\u00eb plagosur nga t\u00eb sht\u00ebnat me arm\u00eb zjarri q\u00eb ndodh\u00ebn t\u00eb diel\u00ebn<\/p>\n","protected":false},"author":1,"featured_media":7461,"comment_status":"open","ping_status":"open","sticky":false,"template":"","format":"standard","meta":{"footnotes":""},"categories":[60],"tags":[],"class_list":["post-7463","post","type-post","status-publish","format-standard","has-post-thumbnail","hentry","category-shoqerore-sq"],"yoast_head":"<!-- This site is optimized with the Yoast SEO plugin v25.3.1 - https:\/\/yoast.com\/wordpress\/plugins\/seo\/ -->\n<title>Vrasje e trefisht\u00eb n\u00eb Gjilan: Tre n\u00eb arrati, nj\u00eb i arrestuar, dy t\u00eb plagosur -<\/title>\n<meta name=\"robots\" content=\"index, follow, max-snippet:-1, max-image-preview:large, max-video-preview:-1\" \/>\n<link rel=\"canonical\" href=\"https:\/\/veritasinfo.org\/?p=7463\" \/>\n<meta property=\"og:locale\" content=\"en_US\" \/>\n<meta property=\"og:type\" content=\"article\" \/>\n<meta property=\"og:title\" content=\"Vrasje e trefisht\u00eb n\u00eb Gjilan: Tre n\u00eb arrati, nj\u00eb i arrestuar, dy t\u00eb plagosur -\" \/>\n<meta property=\"og:description\" content=\"Gjilan, 10 gusht 2025 \u2013 Tre persona jan\u00eb vrar\u00eb dhe dy t\u00eb tjer\u00eb jan\u00eb plagosur nga t\u00eb sht\u00ebnat me arm\u00eb zjarri q\u00eb ndodh\u00ebn t\u00eb diel\u00ebn\" \/>\n<meta property=\"og:url\" content=\"https:\/\/veritasinfo.org\/?p=7463\" \/>\n<meta property=\"article:published_time\" content=\"2025-08-10T17:31:44+00:00\" \/>\n<meta property=\"og:image\" content=\"https:\/\/veritasinfo.org\/wp-content\/uploads\/2025\/08\/640-0-1754843632xvrasja-ne-gjilan-1-780x439-256.jpg\" \/>\n\t<meta property=\"og:image:width\" content=\"640\" \/>\n\t<meta property=\"og:image:height\" content=\"360\" \/>\n\t<meta property=\"og:image:type\" content=\"image\/jpeg\" \/>\n<meta name=\"author\" content=\"admin\" \/>\n<meta name=\"twitter:card\" content=\"summary_large_image\" \/>\n<meta name=\"twitter:label1\" content=\"Written by\" \/>\n\t<meta name=\"twitter:data1\" content=\"admin\" \/>\n\t<meta name=\"twitter:label2\" content=\"Est. reading time\" \/>\n\t<meta name=\"twitter:data2\" content=\"2 minutes\" \/>\n<script type=\"application\/ld+json\" class=\"yoast-schema-graph\">{\"@context\":\"https:\/\/schema.org\",\"@graph\":[{\"@type\":\"WebPage\",\"@id\":\"https:\/\/veritasinfo.org\/?p=7463\",\"url\":\"https:\/\/veritasinfo.org\/?p=7463\",\"name\":\"Vrasje e trefisht\u00eb n\u00eb Gjilan: Tre n\u00eb arrati, nj\u00eb i arrestuar, dy t\u00eb plagosur -\",\"isPartOf\":{\"@id\":\"https:\/\/veritasinfo.org\/#website\"},\"primaryImageOfPage\":{\"@id\":\"https:\/\/veritasinfo.org\/?p=7463#primaryimage\"},\"image\":{\"@id\":\"https:\/\/veritasinfo.org\/?p=7463#primaryimage\"},\"thumbnailUrl\":\"https:\/\/veritasinfo.org\/wp-content\/uploads\/2025\/08\/640-0-1754843632xvrasja-ne-gjilan-1-780x439-256.jpg\",\"datePublished\":\"2025-08-10T17:31:44+00:00\",\"author\":{\"@id\":\"https:\/\/veritasinfo.org\/#\/schema\/person\/7701f8c088bece422266b100a712374f\"},\"breadcrumb\":{\"@id\":\"https:\/\/veritasinfo.org\/?p=7463#breadcrumb\"},\"inLanguage\":\"en-US\",\"potentialAction\":[{\"@type\":\"ReadAction\",\"target\":[\"https:\/\/veritasinfo.org\/?p=7463\"]}]},{\"@type\":\"ImageObject\",\"inLanguage\":\"en-US\",\"@id\":\"https:\/\/veritasinfo.org\/?p=7463#primaryimage\",\"url\":\"https:\/\/veritasinfo.org\/wp-content\/uploads\/2025\/08\/640-0-1754843632xvrasja-ne-gjilan-1-780x439-256.jpg\",\"contentUrl\":\"https:\/\/veritasinfo.org\/wp-content\/uploads\/2025\/08\/640-0-1754843632xvrasja-ne-gjilan-1-780x439-256.jpg\",\"width\":640,\"height\":360},{\"@type\":\"BreadcrumbList\",\"@id\":\"https:\/\/veritasinfo.org\/?p=7463#breadcrumb\",\"itemListElement\":[{\"@type\":\"ListItem\",\"position\":1,\"name\":\"Home\",\"item\":\"https:\/\/veritasinfo.org\/\"},{\"@type\":\"ListItem\",\"position\":2,\"name\":\"Vrasje e trefisht\u00eb n\u00eb Gjilan: Tre n\u00eb arrati, nj\u00eb i arrestuar, dy t\u00eb plagosur\"}]},{\"@type\":\"WebSite\",\"@id\":\"https:\/\/veritasinfo.org\/#website\",\"url\":\"https:\/\/veritasinfo.org\/\",\"name\":\"\",\"description\":\"\",\"potentialAction\":[{\"@type\":\"SearchAction\",\"target\":{\"@type\":\"EntryPoint\",\"urlTemplate\":\"https:\/\/veritasinfo.org\/?s={search_term_string}\"},\"query-input\":{\"@type\":\"PropertyValueSpecification\",\"valueRequired\":true,\"valueName\":\"search_term_string\"}}],\"inLanguage\":\"en-US\"},{\"@type\":\"Person\",\"@id\":\"https:\/\/veritasinfo.org\/#\/schema\/person\/7701f8c088bece422266b100a712374f\",\"name\":\"admin\",\"image\":{\"@type\":\"ImageObject\",\"inLanguage\":\"en-US\",\"@id\":\"https:\/\/veritasinfo.org\/#\/schema\/person\/image\/\",\"url\":\"https:\/\/secure.gravatar.com\/avatar\/ea53aa3bf6c9a12d5fde8ce4deff43fef3885ae33cf60184161a50d6987cfd2f?s=96&d=mm&r=g\",\"contentUrl\":\"https:\/\/secure.gravatar.com\/avatar\/ea53aa3bf6c9a12d5fde8ce4deff43fef3885ae33cf60184161a50d6987cfd2f?s=96&d=mm&r=g\",\"caption\":\"admin\"},\"sameAs\":[\"https:\/\/veritasinfo.org\"],\"url\":\"https:\/\/veritasinfo.org\/?author=1\"}]}<\/script>\n<!-- \/ Yoast SEO plugin. -->","yoast_head_json":{"title":"Vrasje e trefisht\u00eb n\u00eb Gjilan: Tre n\u00eb arrati, nj\u00eb i arrestuar, dy t\u00eb plagosur -","robots":{"index":"index","follow":"follow","max-snippet":"max-snippet:-1","max-image-preview":"max-image-preview:large","max-video-preview":"max-video-preview:-1"},"canonical":"https:\/\/veritasinfo.org\/?p=7463","og_locale":"en_US","og_type":"article","og_title":"Vrasje e trefisht\u00eb n\u00eb Gjilan: Tre n\u00eb arrati, nj\u00eb i arrestuar, dy t\u00eb plagosur -","og_description":"Gjilan, 10 gusht 2025 \u2013 Tre persona jan\u00eb vrar\u00eb dhe dy t\u00eb tjer\u00eb jan\u00eb plagosur nga t\u00eb sht\u00ebnat me arm\u00eb zjarri q\u00eb ndodh\u00ebn t\u00eb diel\u00ebn","og_url":"https:\/\/veritasinfo.org\/?p=7463","article_published_time":"2025-08-10T17:31:44+00:00","og_image":[{"width":640,"height":360,"url":"https:\/\/veritasinfo.org\/wp-content\/uploads\/2025\/08\/640-0-1754843632xvrasja-ne-gjilan-1-780x439-256.jpg","type":"image\/jpeg"}],"author":"admin","twitter_card":"summary_large_image","twitter_misc":{"Written by":"admin","Est. reading time":"2 minutes"},"schema":{"@context":"https:\/\/schema.org","@graph":[{"@type":"WebPage","@id":"https:\/\/veritasinfo.org\/?p=7463","url":"https:\/\/veritasinfo.org\/?p=7463","name":"Vrasje e trefisht\u00eb n\u00eb Gjilan: Tre n\u00eb arrati, nj\u00eb i arrestuar, dy t\u00eb plagosur -","isPartOf":{"@id":"https:\/\/veritasinfo.org\/#website"},"primaryImageOfPage":{"@id":"https:\/\/veritasinfo.org\/?p=7463#primaryimage"},"image":{"@id":"https:\/\/veritasinfo.org\/?p=7463#primaryimage"},"thumbnailUrl":"https:\/\/veritasinfo.org\/wp-content\/uploads\/2025\/08\/640-0-1754843632xvrasja-ne-gjilan-1-780x439-256.jpg","datePublished":"2025-08-10T17:31:44+00:00","author":{"@id":"https:\/\/veritasinfo.org\/#\/schema\/person\/7701f8c088bece422266b100a712374f"},"breadcrumb":{"@id":"https:\/\/veritasinfo.org\/?p=7463#breadcrumb"},"inLanguage":"en-US","potentialAction":[{"@type":"ReadAction","target":["https:\/\/veritasinfo.org\/?p=7463"]}]},{"@type":"ImageObject","inLanguage":"en-US","@id":"https:\/\/veritasinfo.org\/?p=7463#primaryimage","url":"https:\/\/veritasinfo.org\/wp-content\/uploads\/2025\/08\/640-0-1754843632xvrasja-ne-gjilan-1-780x439-256.jpg","contentUrl":"https:\/\/veritasinfo.org\/wp-content\/uploads\/2025\/08\/640-0-1754843632xvrasja-ne-gjilan-1-780x439-256.jpg","width":640,"height":360},{"@type":"BreadcrumbList","@id":"https:\/\/veritasinfo.org\/?p=7463#breadcrumb","itemListElement":[{"@type":"ListItem","position":1,"name":"Home","item":"https:\/\/veritasinfo.org\/"},{"@type":"ListItem","position":2,"name":"Vrasje e trefisht\u00eb n\u00eb Gjilan: Tre n\u00eb arrati, nj\u00eb i arrestuar, dy t\u00eb plagosur"}]},{"@type":"WebSite","@id":"https:\/\/veritasinfo.org\/#website","url":"https:\/\/veritasinfo.org\/","name":"","description":"","potentialAction":[{"@type":"SearchAction","target":{"@type":"EntryPoint","urlTemplate":"https:\/\/veritasinfo.org\/?s={search_term_string}"},"query-input":{"@type":"PropertyValueSpecification","valueRequired":true,"valueName":"search_term_string"}}],"inLanguage":"en-US"},{"@type":"Person","@id":"https:\/\/veritasinfo.org\/#\/schema\/person\/7701f8c088bece422266b100a712374f","name":"admin","image":{"@type":"ImageObject","inLanguage":"en-US","@id":"https:\/\/veritasinfo.org\/#\/schema\/person\/image\/","url":"https:\/\/secure.gravatar.com\/avatar\/ea53aa3bf6c9a12d5fde8ce4deff43fef3885ae33cf60184161a50d6987cfd2f?s=96&d=mm&r=g","contentUrl":"https:\/\/secure.gravatar.com\/avatar\/ea53aa3bf6c9a12d5fde8ce4deff43fef3885ae33cf60184161a50d6987cfd2f?s=96&d=mm&r=g","caption":"admin"},"sameAs":["https:\/\/veritasinfo.org"],"url":"https:\/\/veritasinfo.org\/?author=1"}]}},"featured_image_urls":{"full":["https:\/\/veritasinfo.org\/wp-content\/uploads\/2025\/08\/640-0-1754843632xvrasja-ne-gjilan-1-780x439-256.jpg",640,360,false],"thumbnail":["https:\/\/veritasinfo.org\/wp-content\/uploads\/2025\/08\/640-0-1754843632xvrasja-ne-gjilan-1-780x439-256-150x150.jpg",150,150,true],"medium":["https:\/\/veritasinfo.org\/wp-content\/uploads\/2025\/08\/640-0-1754843632xvrasja-ne-gjilan-1-780x439-256-300x169.jpg",300,169,true],"medium_large":["https:\/\/veritasinfo.org\/wp-content\/uploads\/2025\/08\/640-0-1754843632xvrasja-ne-gjilan-1-780x439-256.jpg",640,360,false],"large":["https:\/\/veritasinfo.org\/wp-content\/uploads\/2025\/08\/640-0-1754843632xvrasja-ne-gjilan-1-780x439-256.jpg",640,360,false],"1536x1536":["https:\/\/veritasinfo.org\/wp-content\/uploads\/2025\/08\/640-0-1754843632xvrasja-ne-gjilan-1-780x439-256.jpg",640,360,false],"2048x2048":["https:\/\/veritasinfo.org\/wp-content\/uploads\/2025\/08\/640-0-1754843632xvrasja-ne-gjilan-1-780x439-256.jpg",640,360,false],"kreeti-slider-full":["https:\/\/veritasinfo.org\/wp-content\/uploads\/2025\/08\/640-0-1754843632xvrasja-ne-gjilan-1-780x439-256.jpg",640,360,false],"kreeti-featured":["https:\/\/veritasinfo.org\/wp-content\/uploads\/2025\/08\/640-0-1754843632xvrasja-ne-gjilan-1-780x439-256.jpg",640,360,false],"kreeti-medium":["https:\/\/veritasinfo.org\/wp-content\/uploads\/2025\/08\/640-0-1754843632xvrasja-ne-gjilan-1-780x439-256.jpg",640,360,false],"kreeti-medium-square":["https:\/\/veritasinfo.org\/wp-content\/uploads\/2025\/08\/640-0-1754843632xvrasja-ne-gjilan-1-780x439-256.jpg",350,197,false]},"author_info":{"info":["admin"]},"category_info":"<a href=\"https:\/\/veritasinfo.org\/?cat=60\" rel=\"category\">Shoq\u00ebrore<\/a>","tag_info":"Shoq\u00ebrore","comment_count":"0","_links":{"self":[{"href":"https:\/\/veritasinfo.org\/index.php?rest_route=\/wp\/v2\/posts\/7463","targetHints":{"allow":["GET"]}}],"collection":[{"href":"https:\/\/veritasinfo.org\/index.php?rest_route=\/wp\/v2\/posts"}],"about":[{"href":"https:\/\/veritasinfo.org\/index.php?rest_route=\/wp\/v2\/types\/post"}],"author":[{"embeddable":true,"href":"https:\/\/veritasinfo.org\/index.php?rest_route=\/wp\/v2\/users\/1"}],"replies":[{"embeddable":true,"href":"https:\/\/veritasinfo.org\/index.php?rest_route=%2Fwp%2Fv2%2Fcomments&post=7463"}],"version-history":[{"count":1,"href":"https:\/\/veritasinfo.org\/index.php?rest_route=\/wp\/v2\/posts\/7463\/revisions"}],"predecessor-version":[{"id":7464,"href":"https:\/\/veritasinfo.org\/index.php?rest_route=\/wp\/v2\/posts\/7463\/revisions\/7464"}],"wp:featuredmedia":[{"embeddable":true,"href":"https:\/\/veritasinfo.org\/index.php?rest_route=\/wp\/v2\/media\/7461"}],"wp:attachment":[{"href":"https:\/\/veritasinfo.org\/index.php?rest_route=%2Fwp%2Fv2%2Fmedia&parent=7463"}],"wp:term":[{"taxonomy":"category","embeddable":true,"href":"https:\/\/veritasinfo.org\/index.php?rest_route=%2Fwp%2Fv2%2Fcategories&post=7463"},{"taxonomy":"post_tag","embeddable":true,"href":"https:\/\/veritasinfo.org\/index.php?rest_route=%2Fwp%2Fv2%2Ftags&post=7463"}],"curies":[{"name":"wp","href":"https:\/\/api.w.org\/{rel}","templated":true}]}}