{"id":7431,"date":"2025-08-10T15:00:43","date_gmt":"2025-08-10T13:00:43","guid":{"rendered":"https:\/\/veritasinfo.org\/?p=7431"},"modified":"2025-08-10T15:00:43","modified_gmt":"2025-08-10T13:00:43","slug":"haxhiu-radomir-llaban-paraqet-kercenim-per-rendin-kushtetues-te-kosoves","status":"publish","type":"post","link":"https:\/\/veritasinfo.org\/?p=7431","title":{"rendered":"Haxhiu: Radomir Llaban paraqet k\u00ebrc\u00ebnim p\u00ebr rendin kushtetues t\u00eb Kosov\u00ebs"},"content":{"rendered":"<p><strong>Prishtin\u00eb, 10 gusht 2025<\/strong><\/p>\n<p>Ministrja n\u00eb detyr\u00eb e Drejt\u00ebsis\u00eb, Albulena Haxhiu, sot n\u00eb nj\u00eb konferenc\u00eb p\u00ebr media, ka folur p\u00ebr nj\u00eb let\u00ebr t\u00eb vitit 2018 t\u00eb cil\u00ebn L\u00ebvizja Vet\u00ebvendosje ia kishte d\u00ebrguar presidentit t\u00eb at\u00ebhersh\u00ebm Hashim Thaqi, me k\u00ebrkes\u00eb q\u00eb mos ta em\u00ebroj\u00eb si gjyqtar n\u00eb Gjykat\u00ebn Kushtetuese Radomir Llabanin.<\/p>\n<p>Ajo thot\u00eb se asokohe kishin k\u00ebrkuar nga kryetarja e at\u00ebhershme e Gjykat\u00ebs Kushtetuese, Arta Rama-Hajrizi, q\u00eb t\u00eb filloheshin procedurat p\u00ebr shkarkimin e Llabanit, por k\u00ebrkesa ishte refuzuar me arsyetimin se p\u00ebrb\u00ebnte nd\u00ebrhyrje n\u00eb pavar\u00ebsin\u00eb e gjykat\u00ebs.<\/p>\n<p>\u201cRadomir Llaban dyshohet se \u00ebsht\u00eb bashk\u00ebpun\u00ebtor i BIA-as\u201d, tha Haxhiu. Sipas saj, Llaban ka bashk\u00ebpunim me terroristin Millan Radoi\u00e7iq. Haxhiu tha se, Radomir Llaban paraqet k\u00ebrc\u00ebnim p\u00ebr rendin kushtetues t\u00eb Republik\u00ebs s\u00eb Kosov\u00ebs. Ajo k\u00ebrkoi q\u00eb t\u00eb nis procedura p\u00ebr shkarkim t\u00eb tij nga Gjykata Kushtetuese.<\/p>\n<p>\u201cSerbia asnj\u00ebher\u00eb s\u2019ka hequr dor\u00eb nga p\u00ebrpjekjet p\u00ebr ta destabilizuar Kosov\u00ebn dhe penguar zhvillimin e saj n\u00eb t\u00eb gjitha format e saj. Koh\u00ebve t\u00eb fundit \u00ebsht\u00eb arritur nj\u00eb sukses i madh i institucioneve tona t\u00eb siguris\u00eb dhe inteligjenc\u00ebs, n\u00eb dokumentimin e aktivitetit t\u00eb spiunazhit e sabotazhit t\u00eb Serbis\u00eb n\u00eb Kosov\u00eb. Nj\u00eb p\u00ebrfundoi me d\u00ebnim sepse vet\u00eb ai e pranoi faj\u00ebsin\u00eb. Serbia ka p\u00ebrdorur historikisht dhe p\u00ebrdor edhe sot agjentur\u00ebn me q\u00ebllim q\u00eb t\u00eb shtrij\u00eb ndikimin n\u00eb \u00e7do vend fqinj, e sidomos n\u00eb Kosov\u00eb. N\u00eb mesin e k\u00ebtyre shembujve \u00ebsht\u00eb edhe ai i Radomir Labanit\u201d, ka th\u00ebn\u00eb ajo.<\/p>\n<p>Sipas saj, Radomir Llaban gjat\u00eb vitit 2006 ishte pjes\u00eb e doganave t\u00eb Serbis\u00eb, zyrtar p\u00ebr Nj\u00ebsin\u00eb p\u00ebr Intelegjenc\u00eb.<\/p>\n<p>&#8220;Ai u p\u00ebrfshi n\u00eb aktivitete kriminale dhe n\u00eb korrupsion, me \u00e7\u2019rast ishte d\u00ebnuar me 6 vite heqje lirie. Ky rast duhet t\u00eb jet\u00eb momenti kur BIA e ka kompromentuar dhe ia ka organizuar zhvendosjen n\u00eb Kosov\u00eb. Enigm\u00eb e madhe mbetet edhe em\u00ebrimi i tij, por edhe q\u00ebndrimi i tij n\u00eb pozit\u00ebn e gjyqtarit t\u00eb Gjykat\u00ebs Kushtetuese. Llaban ka raporte shum\u00eb t\u00eb af\u00ebrta me kryeteroristin Milan Radoj\u00e7iq&#8221;, tha ajo.<\/p>\n<p>&nbsp;<\/p>\n","protected":false},"excerpt":{"rendered":"<p>Prishtin\u00eb, 10 gusht 2025 Ministrja n\u00eb detyr\u00eb e Drejt\u00ebsis\u00eb, Albulena Haxhiu, sot n\u00eb nj\u00eb konferenc\u00eb p\u00ebr media, ka folur p\u00ebr nj\u00eb let\u00ebr t\u00eb vitit 2018<\/p>\n","protected":false},"author":2,"featured_media":7432,"comment_status":"open","ping_status":"open","sticky":false,"template":"","format":"standard","meta":{"footnotes":""},"categories":[58],"tags":[],"class_list":["post-7431","post","type-post","status-publish","format-standard","has-post-thumbnail","hentry","category-politike-sq"],"yoast_head":"<!-- This site is optimized with the Yoast SEO plugin v25.3.1 - https:\/\/yoast.com\/wordpress\/plugins\/seo\/ -->\n<title>Haxhiu: Radomir Llaban paraqet k\u00ebrc\u00ebnim p\u00ebr rendin kushtetues t\u00eb Kosov\u00ebs -<\/title>\n<meta name=\"robots\" content=\"index, follow, max-snippet:-1, max-image-preview:large, max-video-preview:-1\" \/>\n<link rel=\"canonical\" href=\"https:\/\/veritasinfo.org\/?p=7431\" \/>\n<meta property=\"og:locale\" content=\"en_US\" \/>\n<meta property=\"og:type\" content=\"article\" \/>\n<meta property=\"og:title\" content=\"Haxhiu: Radomir Llaban paraqet k\u00ebrc\u00ebnim p\u00ebr rendin kushtetues t\u00eb Kosov\u00ebs -\" \/>\n<meta property=\"og:description\" content=\"Prishtin\u00eb, 10 gusht 2025 Ministrja n\u00eb detyr\u00eb e Drejt\u00ebsis\u00eb, Albulena Haxhiu, sot n\u00eb nj\u00eb konferenc\u00eb p\u00ebr media, ka folur p\u00ebr nj\u00eb let\u00ebr t\u00eb vitit 2018\" \/>\n<meta property=\"og:url\" content=\"https:\/\/veritasinfo.org\/?p=7431\" \/>\n<meta property=\"article:published_time\" content=\"2025-08-10T13:00:43+00:00\" \/>\n<meta property=\"og:image\" content=\"https:\/\/veritasinfo.org\/wp-content\/uploads\/2025\/08\/albulena.jpg\" \/>\n\t<meta property=\"og:image:width\" content=\"850\" \/>\n\t<meta property=\"og:image:height\" content=\"529\" \/>\n\t<meta property=\"og:image:type\" content=\"image\/jpeg\" \/>\n<meta name=\"author\" content=\"US1\" \/>\n<meta name=\"twitter:card\" content=\"summary_large_image\" \/>\n<meta name=\"twitter:label1\" content=\"Written by\" \/>\n\t<meta name=\"twitter:data1\" content=\"US1\" \/>\n\t<meta name=\"twitter:label2\" content=\"Est. reading time\" \/>\n\t<meta name=\"twitter:data2\" content=\"2 minutes\" \/>\n<script type=\"application\/ld+json\" class=\"yoast-schema-graph\">{\"@context\":\"https:\/\/schema.org\",\"@graph\":[{\"@type\":\"WebPage\",\"@id\":\"https:\/\/veritasinfo.org\/?p=7431\",\"url\":\"https:\/\/veritasinfo.org\/?p=7431\",\"name\":\"Haxhiu: Radomir Llaban paraqet k\u00ebrc\u00ebnim p\u00ebr rendin kushtetues t\u00eb Kosov\u00ebs -\",\"isPartOf\":{\"@id\":\"https:\/\/veritasinfo.org\/#website\"},\"primaryImageOfPage\":{\"@id\":\"https:\/\/veritasinfo.org\/?p=7431#primaryimage\"},\"image\":{\"@id\":\"https:\/\/veritasinfo.org\/?p=7431#primaryimage\"},\"thumbnailUrl\":\"https:\/\/veritasinfo.org\/wp-content\/uploads\/2025\/08\/albulena.jpg\",\"datePublished\":\"2025-08-10T13:00:43+00:00\",\"author\":{\"@id\":\"https:\/\/veritasinfo.org\/#\/schema\/person\/c2b8be262ea994d0995addca692c5e98\"},\"breadcrumb\":{\"@id\":\"https:\/\/veritasinfo.org\/?p=7431#breadcrumb\"},\"inLanguage\":\"en-US\",\"potentialAction\":[{\"@type\":\"ReadAction\",\"target\":[\"https:\/\/veritasinfo.org\/?p=7431\"]}]},{\"@type\":\"ImageObject\",\"inLanguage\":\"en-US\",\"@id\":\"https:\/\/veritasinfo.org\/?p=7431#primaryimage\",\"url\":\"https:\/\/veritasinfo.org\/wp-content\/uploads\/2025\/08\/albulena.jpg\",\"contentUrl\":\"https:\/\/veritasinfo.org\/wp-content\/uploads\/2025\/08\/albulena.jpg\",\"width\":850,\"height\":529},{\"@type\":\"BreadcrumbList\",\"@id\":\"https:\/\/veritasinfo.org\/?p=7431#breadcrumb\",\"itemListElement\":[{\"@type\":\"ListItem\",\"position\":1,\"name\":\"Home\",\"item\":\"https:\/\/veritasinfo.org\/\"},{\"@type\":\"ListItem\",\"position\":2,\"name\":\"Haxhiu: Radomir Llaban paraqet k\u00ebrc\u00ebnim p\u00ebr rendin kushtetues t\u00eb Kosov\u00ebs\"}]},{\"@type\":\"WebSite\",\"@id\":\"https:\/\/veritasinfo.org\/#website\",\"url\":\"https:\/\/veritasinfo.org\/\",\"name\":\"\",\"description\":\"\",\"potentialAction\":[{\"@type\":\"SearchAction\",\"target\":{\"@type\":\"EntryPoint\",\"urlTemplate\":\"https:\/\/veritasinfo.org\/?s={search_term_string}\"},\"query-input\":{\"@type\":\"PropertyValueSpecification\",\"valueRequired\":true,\"valueName\":\"search_term_string\"}}],\"inLanguage\":\"en-US\"},{\"@type\":\"Person\",\"@id\":\"https:\/\/veritasinfo.org\/#\/schema\/person\/c2b8be262ea994d0995addca692c5e98\",\"name\":\"US1\",\"image\":{\"@type\":\"ImageObject\",\"inLanguage\":\"en-US\",\"@id\":\"https:\/\/veritasinfo.org\/#\/schema\/person\/image\/\",\"url\":\"https:\/\/secure.gravatar.com\/avatar\/4e96a59bd256abf9956eb9963ac891a47461ffb364d47b0e9aab113328fdb75b?s=96&d=mm&r=g\",\"contentUrl\":\"https:\/\/secure.gravatar.com\/avatar\/4e96a59bd256abf9956eb9963ac891a47461ffb364d47b0e9aab113328fdb75b?s=96&d=mm&r=g\",\"caption\":\"US1\"},\"url\":\"https:\/\/veritasinfo.org\/?author=2\"}]}<\/script>\n<!-- \/ Yoast SEO plugin. -->","yoast_head_json":{"title":"Haxhiu: Radomir Llaban paraqet k\u00ebrc\u00ebnim p\u00ebr rendin kushtetues t\u00eb Kosov\u00ebs -","robots":{"index":"index","follow":"follow","max-snippet":"max-snippet:-1","max-image-preview":"max-image-preview:large","max-video-preview":"max-video-preview:-1"},"canonical":"https:\/\/veritasinfo.org\/?p=7431","og_locale":"en_US","og_type":"article","og_title":"Haxhiu: Radomir Llaban paraqet k\u00ebrc\u00ebnim p\u00ebr rendin kushtetues t\u00eb Kosov\u00ebs -","og_description":"Prishtin\u00eb, 10 gusht 2025 Ministrja n\u00eb detyr\u00eb e Drejt\u00ebsis\u00eb, Albulena Haxhiu, sot n\u00eb nj\u00eb konferenc\u00eb p\u00ebr media, ka folur p\u00ebr nj\u00eb let\u00ebr t\u00eb vitit 2018","og_url":"https:\/\/veritasinfo.org\/?p=7431","article_published_time":"2025-08-10T13:00:43+00:00","og_image":[{"width":850,"height":529,"url":"https:\/\/veritasinfo.org\/wp-content\/uploads\/2025\/08\/albulena.jpg","type":"image\/jpeg"}],"author":"US1","twitter_card":"summary_large_image","twitter_misc":{"Written by":"US1","Est. reading time":"2 minutes"},"schema":{"@context":"https:\/\/schema.org","@graph":[{"@type":"WebPage","@id":"https:\/\/veritasinfo.org\/?p=7431","url":"https:\/\/veritasinfo.org\/?p=7431","name":"Haxhiu: Radomir Llaban paraqet k\u00ebrc\u00ebnim p\u00ebr rendin kushtetues t\u00eb Kosov\u00ebs -","isPartOf":{"@id":"https:\/\/veritasinfo.org\/#website"},"primaryImageOfPage":{"@id":"https:\/\/veritasinfo.org\/?p=7431#primaryimage"},"image":{"@id":"https:\/\/veritasinfo.org\/?p=7431#primaryimage"},"thumbnailUrl":"https:\/\/veritasinfo.org\/wp-content\/uploads\/2025\/08\/albulena.jpg","datePublished":"2025-08-10T13:00:43+00:00","author":{"@id":"https:\/\/veritasinfo.org\/#\/schema\/person\/c2b8be262ea994d0995addca692c5e98"},"breadcrumb":{"@id":"https:\/\/veritasinfo.org\/?p=7431#breadcrumb"},"inLanguage":"en-US","potentialAction":[{"@type":"ReadAction","target":["https:\/\/veritasinfo.org\/?p=7431"]}]},{"@type":"ImageObject","inLanguage":"en-US","@id":"https:\/\/veritasinfo.org\/?p=7431#primaryimage","url":"https:\/\/veritasinfo.org\/wp-content\/uploads\/2025\/08\/albulena.jpg","contentUrl":"https:\/\/veritasinfo.org\/wp-content\/uploads\/2025\/08\/albulena.jpg","width":850,"height":529},{"@type":"BreadcrumbList","@id":"https:\/\/veritasinfo.org\/?p=7431#breadcrumb","itemListElement":[{"@type":"ListItem","position":1,"name":"Home","item":"https:\/\/veritasinfo.org\/"},{"@type":"ListItem","position":2,"name":"Haxhiu: Radomir Llaban paraqet k\u00ebrc\u00ebnim p\u00ebr rendin kushtetues t\u00eb Kosov\u00ebs"}]},{"@type":"WebSite","@id":"https:\/\/veritasinfo.org\/#website","url":"https:\/\/veritasinfo.org\/","name":"","description":"","potentialAction":[{"@type":"SearchAction","target":{"@type":"EntryPoint","urlTemplate":"https:\/\/veritasinfo.org\/?s={search_term_string}"},"query-input":{"@type":"PropertyValueSpecification","valueRequired":true,"valueName":"search_term_string"}}],"inLanguage":"en-US"},{"@type":"Person","@id":"https:\/\/veritasinfo.org\/#\/schema\/person\/c2b8be262ea994d0995addca692c5e98","name":"US1","image":{"@type":"ImageObject","inLanguage":"en-US","@id":"https:\/\/veritasinfo.org\/#\/schema\/person\/image\/","url":"https:\/\/secure.gravatar.com\/avatar\/4e96a59bd256abf9956eb9963ac891a47461ffb364d47b0e9aab113328fdb75b?s=96&d=mm&r=g","contentUrl":"https:\/\/secure.gravatar.com\/avatar\/4e96a59bd256abf9956eb9963ac891a47461ffb364d47b0e9aab113328fdb75b?s=96&d=mm&r=g","caption":"US1"},"url":"https:\/\/veritasinfo.org\/?author=2"}]}},"featured_image_urls":{"full":["https:\/\/veritasinfo.org\/wp-content\/uploads\/2025\/08\/albulena.jpg",850,529,false],"thumbnail":["https:\/\/veritasinfo.org\/wp-content\/uploads\/2025\/08\/albulena-150x150.jpg",150,150,true],"medium":["https:\/\/veritasinfo.org\/wp-content\/uploads\/2025\/08\/albulena-300x187.jpg",300,187,true],"medium_large":["https:\/\/veritasinfo.org\/wp-content\/uploads\/2025\/08\/albulena-768x478.jpg",640,398,true],"large":["https:\/\/veritasinfo.org\/wp-content\/uploads\/2025\/08\/albulena.jpg",640,398,false],"1536x1536":["https:\/\/veritasinfo.org\/wp-content\/uploads\/2025\/08\/albulena.jpg",850,529,false],"2048x2048":["https:\/\/veritasinfo.org\/wp-content\/uploads\/2025\/08\/albulena.jpg",850,529,false],"kreeti-slider-full":["https:\/\/veritasinfo.org\/wp-content\/uploads\/2025\/08\/albulena.jpg",850,529,false],"kreeti-featured":["https:\/\/veritasinfo.org\/wp-content\/uploads\/2025\/08\/albulena.jpg",850,529,false],"kreeti-medium":["https:\/\/veritasinfo.org\/wp-content\/uploads\/2025\/08\/albulena.jpg",720,448,false],"kreeti-medium-square":["https:\/\/veritasinfo.org\/wp-content\/uploads\/2025\/08\/albulena.jpg",350,218,false]},"author_info":{"info":["US1"]},"category_info":"<a href=\"https:\/\/veritasinfo.org\/?cat=58\" rel=\"category\">Politik\u00eb<\/a>","tag_info":"Politik\u00eb","comment_count":"0","_links":{"self":[{"href":"https:\/\/veritasinfo.org\/index.php?rest_route=\/wp\/v2\/posts\/7431","targetHints":{"allow":["GET"]}}],"collection":[{"href":"https:\/\/veritasinfo.org\/index.php?rest_route=\/wp\/v2\/posts"}],"about":[{"href":"https:\/\/veritasinfo.org\/index.php?rest_route=\/wp\/v2\/types\/post"}],"author":[{"embeddable":true,"href":"https:\/\/veritasinfo.org\/index.php?rest_route=\/wp\/v2\/users\/2"}],"replies":[{"embeddable":true,"href":"https:\/\/veritasinfo.org\/index.php?rest_route=%2Fwp%2Fv2%2Fcomments&post=7431"}],"version-history":[{"count":1,"href":"https:\/\/veritasinfo.org\/index.php?rest_route=\/wp\/v2\/posts\/7431\/revisions"}],"predecessor-version":[{"id":7433,"href":"https:\/\/veritasinfo.org\/index.php?rest_route=\/wp\/v2\/posts\/7431\/revisions\/7433"}],"wp:featuredmedia":[{"embeddable":true,"href":"https:\/\/veritasinfo.org\/index.php?rest_route=\/wp\/v2\/media\/7432"}],"wp:attachment":[{"href":"https:\/\/veritasinfo.org\/index.php?rest_route=%2Fwp%2Fv2%2Fmedia&parent=7431"}],"wp:term":[{"taxonomy":"category","embeddable":true,"href":"https:\/\/veritasinfo.org\/index.php?rest_route=%2Fwp%2Fv2%2Fcategories&post=7431"},{"taxonomy":"post_tag","embeddable":true,"href":"https:\/\/veritasinfo.org\/index.php?rest_route=%2Fwp%2Fv2%2Ftags&post=7431"}],"curies":[{"name":"wp","href":"https:\/\/api.w.org\/{rel}","templated":true}]}}