{"id":7425,"date":"2025-08-10T14:33:26","date_gmt":"2025-08-10T12:33:26","guid":{"rendered":"https:\/\/veritasinfo.org\/?p=7425"},"modified":"2025-08-10T14:33:26","modified_gmt":"2025-08-10T12:33:26","slug":"vriten-babe-e-bire-ne-gjilan-dorasi-ne-arrati","status":"publish","type":"post","link":"https:\/\/veritasinfo.org\/?p=7425","title":{"rendered":"Vriten bab\u00eb e bir\u00eb n\u00eb Gjilan-dorasi n\u00eb arrati"},"content":{"rendered":"<p>Gjilan, 10 Gusht 2025<\/p>\n<p>Nj\u00eb ngjarje e r\u00ebnd\u00eb ka ndodhur rreth or\u00ebs 12:32 n\u00eb rrug\u00ebn \u201cIbrahim Rugova\u201d n\u00eb Gjilan, ku nga t\u00eb sht\u00ebnat me arm\u00eb zjarri n\u00eb nj\u00eb lokal jan\u00eb vrar\u00eb dy persona dhe jan\u00eb plagosur edhe dy t\u00eb tjer\u00eb.<\/p>\n<p>Sipas burimeve t\u00eb IndeksOnline, viktimat jan\u00eb bab\u00eb e bir, Selami Hasani dhe Edmond Hasani, t\u00eb njohur si argjendar\u00eb n\u00eb Gjilan.<\/p>\n<p>I dyshuari p\u00ebr vrasjen e tyre \u00ebsht\u00eb Mefail Shkodra, i cili ndodhet ende n\u00eb arrati.<\/p>\n<p>Lajmi \u00ebsht\u00eb konfirmuar edhe nga z\u00ebdh\u00ebn\u00ebsi i Policis\u00eb p\u00ebr rajonin e Gjilanit, Ismet Hashani, i cili b\u00ebri t\u00eb ditur se n\u00eb vendin e ngjarjes kan\u00eb dal\u00eb nj\u00ebsit\u00eb relevante dhe prokurori i shtetit.<\/p>\n","protected":false},"excerpt":{"rendered":"<p>Gjilan, 10 Gusht 2025 Nj\u00eb ngjarje e r\u00ebnd\u00eb ka ndodhur rreth or\u00ebs 12:32 n\u00eb rrug\u00ebn \u201cIbrahim Rugova\u201d n\u00eb Gjilan, ku nga t\u00eb sht\u00ebnat me arm\u00eb<\/p>\n","protected":false},"author":1,"featured_media":7426,"comment_status":"open","ping_status":"open","sticky":false,"template":"","format":"standard","meta":{"footnotes":""},"categories":[60],"tags":[],"class_list":["post-7425","post","type-post","status-publish","format-standard","has-post-thumbnail","hentry","category-shoqerore-sq"],"yoast_head":"<!-- This site is optimized with the Yoast SEO plugin v25.3.1 - https:\/\/yoast.com\/wordpress\/plugins\/seo\/ -->\n<title>Vriten bab\u00eb e bir\u00eb n\u00eb Gjilan-dorasi n\u00eb arrati -<\/title>\n<meta name=\"robots\" content=\"index, follow, max-snippet:-1, max-image-preview:large, max-video-preview:-1\" \/>\n<link rel=\"canonical\" href=\"https:\/\/veritasinfo.org\/?p=7425\" \/>\n<meta property=\"og:locale\" content=\"en_US\" \/>\n<meta property=\"og:type\" content=\"article\" \/>\n<meta property=\"og:title\" content=\"Vriten bab\u00eb e bir\u00eb n\u00eb Gjilan-dorasi n\u00eb arrati -\" \/>\n<meta property=\"og:description\" content=\"Gjilan, 10 Gusht 2025 Nj\u00eb ngjarje e r\u00ebnd\u00eb ka ndodhur rreth or\u00ebs 12:32 n\u00eb rrug\u00ebn \u201cIbrahim Rugova\u201d n\u00eb Gjilan, ku nga t\u00eb sht\u00ebnat me arm\u00eb\" \/>\n<meta property=\"og:url\" content=\"https:\/\/veritasinfo.org\/?p=7425\" \/>\n<meta property=\"article:published_time\" content=\"2025-08-10T12:33:26+00:00\" \/>\n<meta property=\"og:image\" content=\"https:\/\/veritasinfo.org\/wp-content\/uploads\/2025\/08\/IMG_2396.png\" \/>\n\t<meta property=\"og:image:width\" content=\"430\" \/>\n\t<meta property=\"og:image:height\" content=\"355\" \/>\n\t<meta property=\"og:image:type\" content=\"image\/png\" \/>\n<meta name=\"author\" content=\"admin\" \/>\n<meta name=\"twitter:card\" content=\"summary_large_image\" \/>\n<meta name=\"twitter:label1\" content=\"Written by\" \/>\n\t<meta name=\"twitter:data1\" content=\"admin\" \/>\n\t<meta name=\"twitter:label2\" content=\"Est. reading time\" \/>\n\t<meta name=\"twitter:data2\" content=\"1 minute\" \/>\n<script type=\"application\/ld+json\" class=\"yoast-schema-graph\">{\"@context\":\"https:\/\/schema.org\",\"@graph\":[{\"@type\":\"WebPage\",\"@id\":\"https:\/\/veritasinfo.org\/?p=7425\",\"url\":\"https:\/\/veritasinfo.org\/?p=7425\",\"name\":\"Vriten bab\u00eb e bir\u00eb n\u00eb Gjilan-dorasi n\u00eb arrati -\",\"isPartOf\":{\"@id\":\"https:\/\/veritasinfo.org\/#website\"},\"primaryImageOfPage\":{\"@id\":\"https:\/\/veritasinfo.org\/?p=7425#primaryimage\"},\"image\":{\"@id\":\"https:\/\/veritasinfo.org\/?p=7425#primaryimage\"},\"thumbnailUrl\":\"https:\/\/veritasinfo.org\/wp-content\/uploads\/2025\/08\/IMG_2396.png\",\"datePublished\":\"2025-08-10T12:33:26+00:00\",\"author\":{\"@id\":\"https:\/\/veritasinfo.org\/#\/schema\/person\/7701f8c088bece422266b100a712374f\"},\"breadcrumb\":{\"@id\":\"https:\/\/veritasinfo.org\/?p=7425#breadcrumb\"},\"inLanguage\":\"en-US\",\"potentialAction\":[{\"@type\":\"ReadAction\",\"target\":[\"https:\/\/veritasinfo.org\/?p=7425\"]}]},{\"@type\":\"ImageObject\",\"inLanguage\":\"en-US\",\"@id\":\"https:\/\/veritasinfo.org\/?p=7425#primaryimage\",\"url\":\"https:\/\/veritasinfo.org\/wp-content\/uploads\/2025\/08\/IMG_2396.png\",\"contentUrl\":\"https:\/\/veritasinfo.org\/wp-content\/uploads\/2025\/08\/IMG_2396.png\",\"width\":430,\"height\":355},{\"@type\":\"BreadcrumbList\",\"@id\":\"https:\/\/veritasinfo.org\/?p=7425#breadcrumb\",\"itemListElement\":[{\"@type\":\"ListItem\",\"position\":1,\"name\":\"Home\",\"item\":\"https:\/\/veritasinfo.org\/\"},{\"@type\":\"ListItem\",\"position\":2,\"name\":\"Vriten bab\u00eb e bir\u00eb n\u00eb Gjilan-dorasi n\u00eb arrati\"}]},{\"@type\":\"WebSite\",\"@id\":\"https:\/\/veritasinfo.org\/#website\",\"url\":\"https:\/\/veritasinfo.org\/\",\"name\":\"\",\"description\":\"\",\"potentialAction\":[{\"@type\":\"SearchAction\",\"target\":{\"@type\":\"EntryPoint\",\"urlTemplate\":\"https:\/\/veritasinfo.org\/?s={search_term_string}\"},\"query-input\":{\"@type\":\"PropertyValueSpecification\",\"valueRequired\":true,\"valueName\":\"search_term_string\"}}],\"inLanguage\":\"en-US\"},{\"@type\":\"Person\",\"@id\":\"https:\/\/veritasinfo.org\/#\/schema\/person\/7701f8c088bece422266b100a712374f\",\"name\":\"admin\",\"image\":{\"@type\":\"ImageObject\",\"inLanguage\":\"en-US\",\"@id\":\"https:\/\/veritasinfo.org\/#\/schema\/person\/image\/\",\"url\":\"https:\/\/secure.gravatar.com\/avatar\/ea53aa3bf6c9a12d5fde8ce4deff43fef3885ae33cf60184161a50d6987cfd2f?s=96&d=mm&r=g\",\"contentUrl\":\"https:\/\/secure.gravatar.com\/avatar\/ea53aa3bf6c9a12d5fde8ce4deff43fef3885ae33cf60184161a50d6987cfd2f?s=96&d=mm&r=g\",\"caption\":\"admin\"},\"sameAs\":[\"https:\/\/veritasinfo.org\"],\"url\":\"https:\/\/veritasinfo.org\/?author=1\"}]}<\/script>\n<!-- \/ Yoast SEO plugin. -->","yoast_head_json":{"title":"Vriten bab\u00eb e bir\u00eb n\u00eb Gjilan-dorasi n\u00eb arrati -","robots":{"index":"index","follow":"follow","max-snippet":"max-snippet:-1","max-image-preview":"max-image-preview:large","max-video-preview":"max-video-preview:-1"},"canonical":"https:\/\/veritasinfo.org\/?p=7425","og_locale":"en_US","og_type":"article","og_title":"Vriten bab\u00eb e bir\u00eb n\u00eb Gjilan-dorasi n\u00eb arrati -","og_description":"Gjilan, 10 Gusht 2025 Nj\u00eb ngjarje e r\u00ebnd\u00eb ka ndodhur rreth or\u00ebs 12:32 n\u00eb rrug\u00ebn \u201cIbrahim Rugova\u201d n\u00eb Gjilan, ku nga t\u00eb sht\u00ebnat me arm\u00eb","og_url":"https:\/\/veritasinfo.org\/?p=7425","article_published_time":"2025-08-10T12:33:26+00:00","og_image":[{"width":430,"height":355,"url":"https:\/\/veritasinfo.org\/wp-content\/uploads\/2025\/08\/IMG_2396.png","type":"image\/png"}],"author":"admin","twitter_card":"summary_large_image","twitter_misc":{"Written by":"admin","Est. reading time":"1 minute"},"schema":{"@context":"https:\/\/schema.org","@graph":[{"@type":"WebPage","@id":"https:\/\/veritasinfo.org\/?p=7425","url":"https:\/\/veritasinfo.org\/?p=7425","name":"Vriten bab\u00eb e bir\u00eb n\u00eb Gjilan-dorasi n\u00eb arrati -","isPartOf":{"@id":"https:\/\/veritasinfo.org\/#website"},"primaryImageOfPage":{"@id":"https:\/\/veritasinfo.org\/?p=7425#primaryimage"},"image":{"@id":"https:\/\/veritasinfo.org\/?p=7425#primaryimage"},"thumbnailUrl":"https:\/\/veritasinfo.org\/wp-content\/uploads\/2025\/08\/IMG_2396.png","datePublished":"2025-08-10T12:33:26+00:00","author":{"@id":"https:\/\/veritasinfo.org\/#\/schema\/person\/7701f8c088bece422266b100a712374f"},"breadcrumb":{"@id":"https:\/\/veritasinfo.org\/?p=7425#breadcrumb"},"inLanguage":"en-US","potentialAction":[{"@type":"ReadAction","target":["https:\/\/veritasinfo.org\/?p=7425"]}]},{"@type":"ImageObject","inLanguage":"en-US","@id":"https:\/\/veritasinfo.org\/?p=7425#primaryimage","url":"https:\/\/veritasinfo.org\/wp-content\/uploads\/2025\/08\/IMG_2396.png","contentUrl":"https:\/\/veritasinfo.org\/wp-content\/uploads\/2025\/08\/IMG_2396.png","width":430,"height":355},{"@type":"BreadcrumbList","@id":"https:\/\/veritasinfo.org\/?p=7425#breadcrumb","itemListElement":[{"@type":"ListItem","position":1,"name":"Home","item":"https:\/\/veritasinfo.org\/"},{"@type":"ListItem","position":2,"name":"Vriten bab\u00eb e bir\u00eb n\u00eb Gjilan-dorasi n\u00eb arrati"}]},{"@type":"WebSite","@id":"https:\/\/veritasinfo.org\/#website","url":"https:\/\/veritasinfo.org\/","name":"","description":"","potentialAction":[{"@type":"SearchAction","target":{"@type":"EntryPoint","urlTemplate":"https:\/\/veritasinfo.org\/?s={search_term_string}"},"query-input":{"@type":"PropertyValueSpecification","valueRequired":true,"valueName":"search_term_string"}}],"inLanguage":"en-US"},{"@type":"Person","@id":"https:\/\/veritasinfo.org\/#\/schema\/person\/7701f8c088bece422266b100a712374f","name":"admin","image":{"@type":"ImageObject","inLanguage":"en-US","@id":"https:\/\/veritasinfo.org\/#\/schema\/person\/image\/","url":"https:\/\/secure.gravatar.com\/avatar\/ea53aa3bf6c9a12d5fde8ce4deff43fef3885ae33cf60184161a50d6987cfd2f?s=96&d=mm&r=g","contentUrl":"https:\/\/secure.gravatar.com\/avatar\/ea53aa3bf6c9a12d5fde8ce4deff43fef3885ae33cf60184161a50d6987cfd2f?s=96&d=mm&r=g","caption":"admin"},"sameAs":["https:\/\/veritasinfo.org"],"url":"https:\/\/veritasinfo.org\/?author=1"}]}},"featured_image_urls":{"full":["https:\/\/veritasinfo.org\/wp-content\/uploads\/2025\/08\/IMG_2396.png",430,355,false],"thumbnail":["https:\/\/veritasinfo.org\/wp-content\/uploads\/2025\/08\/IMG_2396-150x150.png",150,150,true],"medium":["https:\/\/veritasinfo.org\/wp-content\/uploads\/2025\/08\/IMG_2396-300x248.png",300,248,true],"medium_large":["https:\/\/veritasinfo.org\/wp-content\/uploads\/2025\/08\/IMG_2396.png",430,355,false],"large":["https:\/\/veritasinfo.org\/wp-content\/uploads\/2025\/08\/IMG_2396.png",430,355,false],"1536x1536":["https:\/\/veritasinfo.org\/wp-content\/uploads\/2025\/08\/IMG_2396.png",430,355,false],"2048x2048":["https:\/\/veritasinfo.org\/wp-content\/uploads\/2025\/08\/IMG_2396.png",430,355,false],"kreeti-slider-full":["https:\/\/veritasinfo.org\/wp-content\/uploads\/2025\/08\/IMG_2396.png",430,355,false],"kreeti-featured":["https:\/\/veritasinfo.org\/wp-content\/uploads\/2025\/08\/IMG_2396.png",430,355,false],"kreeti-medium":["https:\/\/veritasinfo.org\/wp-content\/uploads\/2025\/08\/IMG_2396.png",430,355,false],"kreeti-medium-square":["https:\/\/veritasinfo.org\/wp-content\/uploads\/2025\/08\/IMG_2396.png",350,289,false]},"author_info":{"info":["admin"]},"category_info":"<a href=\"https:\/\/veritasinfo.org\/?cat=60\" rel=\"category\">Shoq\u00ebrore<\/a>","tag_info":"Shoq\u00ebrore","comment_count":"0","_links":{"self":[{"href":"https:\/\/veritasinfo.org\/index.php?rest_route=\/wp\/v2\/posts\/7425","targetHints":{"allow":["GET"]}}],"collection":[{"href":"https:\/\/veritasinfo.org\/index.php?rest_route=\/wp\/v2\/posts"}],"about":[{"href":"https:\/\/veritasinfo.org\/index.php?rest_route=\/wp\/v2\/types\/post"}],"author":[{"embeddable":true,"href":"https:\/\/veritasinfo.org\/index.php?rest_route=\/wp\/v2\/users\/1"}],"replies":[{"embeddable":true,"href":"https:\/\/veritasinfo.org\/index.php?rest_route=%2Fwp%2Fv2%2Fcomments&post=7425"}],"version-history":[{"count":1,"href":"https:\/\/veritasinfo.org\/index.php?rest_route=\/wp\/v2\/posts\/7425\/revisions"}],"predecessor-version":[{"id":7427,"href":"https:\/\/veritasinfo.org\/index.php?rest_route=\/wp\/v2\/posts\/7425\/revisions\/7427"}],"wp:featuredmedia":[{"embeddable":true,"href":"https:\/\/veritasinfo.org\/index.php?rest_route=\/wp\/v2\/media\/7426"}],"wp:attachment":[{"href":"https:\/\/veritasinfo.org\/index.php?rest_route=%2Fwp%2Fv2%2Fmedia&parent=7425"}],"wp:term":[{"taxonomy":"category","embeddable":true,"href":"https:\/\/veritasinfo.org\/index.php?rest_route=%2Fwp%2Fv2%2Fcategories&post=7425"},{"taxonomy":"post_tag","embeddable":true,"href":"https:\/\/veritasinfo.org\/index.php?rest_route=%2Fwp%2Fv2%2Ftags&post=7425"}],"curies":[{"name":"wp","href":"https:\/\/api.w.org\/{rel}","templated":true}]}}