{"id":7393,"date":"2025-08-10T08:00:36","date_gmt":"2025-08-10T06:00:36","guid":{"rendered":"https:\/\/veritasinfo.org\/?p=7393"},"modified":"2025-08-10T00:06:43","modified_gmt":"2025-08-09T22:06:43","slug":"osmani-dokufesti-e-ka-shnderruar-prizrenin-ne-kryeqender-te-kultures","status":"publish","type":"post","link":"https:\/\/veritasinfo.org\/?p=7393","title":{"rendered":"Osmani: DokuFesti e ka shnd\u00ebrruar Prizrenin n\u00eb kryeqend\u00ebr t\u00eb kultur\u00ebs"},"content":{"rendered":"<p>Presidentja e Kosov\u00ebs, Vjosa Osmani, ka marr\u00eb pjes\u00eb n\u00eb Festivalin e Filmit Dokumentar dhe t\u00eb Shkurt\u00ebr \u2013 DokuFest, q\u00eb po mbahet n\u00eb Prizren.<\/p>\n<p>Ajo ka theksuar se DokuFesti e ka shnd\u00ebrruar Prizrenin n\u00eb kryeqendr\u00ebn e kultur\u00ebs, filmit dhe ideve t\u00eb reja.<\/p>\n<p>\u201cNj\u00eb p\u00ebrvoj\u00eb e mrekullueshme, mes tregimeve q\u00eb frym\u00ebzojn\u00eb dhe njer\u00ebzve q\u00eb e b\u00ebjn\u00eb artin pjes\u00eb t\u00eb p\u00ebrditshm\u00ebris\u00eb son\u00eb\u201d, ka shkruar presidentja Osmani n\u00eb Facebook, duke publikuar edhe disa fotografi nga nata p\u00ebrmbyll\u00ebse e edicionit t\u00eb sivjetm\u00eb t\u00eb festivalit.<\/p>\n<p>&nbsp;<\/p>\n<p>&nbsp;<\/p>\n","protected":false},"excerpt":{"rendered":"<p>Presidentja e Kosov\u00ebs, Vjosa Osmani, ka marr\u00eb pjes\u00eb n\u00eb Festivalin e Filmit Dokumentar dhe t\u00eb Shkurt\u00ebr \u2013 DokuFest, q\u00eb po mbahet n\u00eb Prizren. Ajo ka<\/p>\n","protected":false},"author":1,"featured_media":7391,"comment_status":"open","ping_status":"open","sticky":false,"template":"","format":"standard","meta":{"footnotes":""},"categories":[54],"tags":[],"class_list":["post-7393","post","type-post","status-publish","format-standard","has-post-thumbnail","hentry","category-kulture-sq"],"yoast_head":"<!-- This site is optimized with the Yoast SEO plugin v25.3.1 - https:\/\/yoast.com\/wordpress\/plugins\/seo\/ -->\n<title>Osmani: DokuFesti e ka shnd\u00ebrruar Prizrenin n\u00eb kryeqend\u00ebr t\u00eb kultur\u00ebs -<\/title>\n<meta name=\"robots\" content=\"index, follow, max-snippet:-1, max-image-preview:large, max-video-preview:-1\" \/>\n<link rel=\"canonical\" href=\"https:\/\/veritasinfo.org\/?p=7393\" \/>\n<meta property=\"og:locale\" content=\"en_US\" \/>\n<meta property=\"og:type\" content=\"article\" \/>\n<meta property=\"og:title\" content=\"Osmani: DokuFesti e ka shnd\u00ebrruar Prizrenin n\u00eb kryeqend\u00ebr t\u00eb kultur\u00ebs -\" \/>\n<meta property=\"og:description\" content=\"Presidentja e Kosov\u00ebs, Vjosa Osmani, ka marr\u00eb pjes\u00eb n\u00eb Festivalin e Filmit Dokumentar dhe t\u00eb Shkurt\u00ebr \u2013 DokuFest, q\u00eb po mbahet n\u00eb Prizren. Ajo ka\" \/>\n<meta property=\"og:url\" content=\"https:\/\/veritasinfo.org\/?p=7393\" \/>\n<meta property=\"article:published_time\" content=\"2025-08-10T06:00:36+00:00\" \/>\n<meta property=\"og:image\" content=\"https:\/\/veritasinfo.org\/wp-content\/uploads\/2025\/08\/FB_IMG_1754776716248.jpg\" \/>\n\t<meta property=\"og:image:width\" content=\"1928\" \/>\n\t<meta property=\"og:image:height\" content=\"1707\" \/>\n\t<meta property=\"og:image:type\" content=\"image\/jpeg\" \/>\n<meta name=\"author\" content=\"admin\" \/>\n<meta name=\"twitter:card\" content=\"summary_large_image\" \/>\n<meta name=\"twitter:label1\" content=\"Written by\" \/>\n\t<meta name=\"twitter:data1\" content=\"admin\" \/>\n\t<meta name=\"twitter:label2\" content=\"Est. reading time\" \/>\n\t<meta name=\"twitter:data2\" content=\"1 minute\" \/>\n<script type=\"application\/ld+json\" class=\"yoast-schema-graph\">{\"@context\":\"https:\/\/schema.org\",\"@graph\":[{\"@type\":\"WebPage\",\"@id\":\"https:\/\/veritasinfo.org\/?p=7393\",\"url\":\"https:\/\/veritasinfo.org\/?p=7393\",\"name\":\"Osmani: DokuFesti e ka shnd\u00ebrruar Prizrenin n\u00eb kryeqend\u00ebr t\u00eb kultur\u00ebs -\",\"isPartOf\":{\"@id\":\"https:\/\/veritasinfo.org\/#website\"},\"primaryImageOfPage\":{\"@id\":\"https:\/\/veritasinfo.org\/?p=7393#primaryimage\"},\"image\":{\"@id\":\"https:\/\/veritasinfo.org\/?p=7393#primaryimage\"},\"thumbnailUrl\":\"https:\/\/veritasinfo.org\/wp-content\/uploads\/2025\/08\/FB_IMG_1754776716248.jpg\",\"datePublished\":\"2025-08-10T06:00:36+00:00\",\"author\":{\"@id\":\"https:\/\/veritasinfo.org\/#\/schema\/person\/7701f8c088bece422266b100a712374f\"},\"breadcrumb\":{\"@id\":\"https:\/\/veritasinfo.org\/?p=7393#breadcrumb\"},\"inLanguage\":\"en-US\",\"potentialAction\":[{\"@type\":\"ReadAction\",\"target\":[\"https:\/\/veritasinfo.org\/?p=7393\"]}]},{\"@type\":\"ImageObject\",\"inLanguage\":\"en-US\",\"@id\":\"https:\/\/veritasinfo.org\/?p=7393#primaryimage\",\"url\":\"https:\/\/veritasinfo.org\/wp-content\/uploads\/2025\/08\/FB_IMG_1754776716248.jpg\",\"contentUrl\":\"https:\/\/veritasinfo.org\/wp-content\/uploads\/2025\/08\/FB_IMG_1754776716248.jpg\",\"width\":1928,\"height\":1707},{\"@type\":\"BreadcrumbList\",\"@id\":\"https:\/\/veritasinfo.org\/?p=7393#breadcrumb\",\"itemListElement\":[{\"@type\":\"ListItem\",\"position\":1,\"name\":\"Home\",\"item\":\"https:\/\/veritasinfo.org\/\"},{\"@type\":\"ListItem\",\"position\":2,\"name\":\"Osmani: DokuFesti e ka shnd\u00ebrruar Prizrenin n\u00eb kryeqend\u00ebr t\u00eb kultur\u00ebs\"}]},{\"@type\":\"WebSite\",\"@id\":\"https:\/\/veritasinfo.org\/#website\",\"url\":\"https:\/\/veritasinfo.org\/\",\"name\":\"\",\"description\":\"\",\"potentialAction\":[{\"@type\":\"SearchAction\",\"target\":{\"@type\":\"EntryPoint\",\"urlTemplate\":\"https:\/\/veritasinfo.org\/?s={search_term_string}\"},\"query-input\":{\"@type\":\"PropertyValueSpecification\",\"valueRequired\":true,\"valueName\":\"search_term_string\"}}],\"inLanguage\":\"en-US\"},{\"@type\":\"Person\",\"@id\":\"https:\/\/veritasinfo.org\/#\/schema\/person\/7701f8c088bece422266b100a712374f\",\"name\":\"admin\",\"image\":{\"@type\":\"ImageObject\",\"inLanguage\":\"en-US\",\"@id\":\"https:\/\/veritasinfo.org\/#\/schema\/person\/image\/\",\"url\":\"https:\/\/secure.gravatar.com\/avatar\/ea53aa3bf6c9a12d5fde8ce4deff43fef3885ae33cf60184161a50d6987cfd2f?s=96&d=mm&r=g\",\"contentUrl\":\"https:\/\/secure.gravatar.com\/avatar\/ea53aa3bf6c9a12d5fde8ce4deff43fef3885ae33cf60184161a50d6987cfd2f?s=96&d=mm&r=g\",\"caption\":\"admin\"},\"sameAs\":[\"https:\/\/veritasinfo.org\"],\"url\":\"https:\/\/veritasinfo.org\/?author=1\"}]}<\/script>\n<!-- \/ Yoast SEO plugin. -->","yoast_head_json":{"title":"Osmani: DokuFesti e ka shnd\u00ebrruar Prizrenin n\u00eb kryeqend\u00ebr t\u00eb kultur\u00ebs -","robots":{"index":"index","follow":"follow","max-snippet":"max-snippet:-1","max-image-preview":"max-image-preview:large","max-video-preview":"max-video-preview:-1"},"canonical":"https:\/\/veritasinfo.org\/?p=7393","og_locale":"en_US","og_type":"article","og_title":"Osmani: DokuFesti e ka shnd\u00ebrruar Prizrenin n\u00eb kryeqend\u00ebr t\u00eb kultur\u00ebs -","og_description":"Presidentja e Kosov\u00ebs, Vjosa Osmani, ka marr\u00eb pjes\u00eb n\u00eb Festivalin e Filmit Dokumentar dhe t\u00eb Shkurt\u00ebr \u2013 DokuFest, q\u00eb po mbahet n\u00eb Prizren. Ajo ka","og_url":"https:\/\/veritasinfo.org\/?p=7393","article_published_time":"2025-08-10T06:00:36+00:00","og_image":[{"width":1928,"height":1707,"url":"https:\/\/veritasinfo.org\/wp-content\/uploads\/2025\/08\/FB_IMG_1754776716248.jpg","type":"image\/jpeg"}],"author":"admin","twitter_card":"summary_large_image","twitter_misc":{"Written by":"admin","Est. reading time":"1 minute"},"schema":{"@context":"https:\/\/schema.org","@graph":[{"@type":"WebPage","@id":"https:\/\/veritasinfo.org\/?p=7393","url":"https:\/\/veritasinfo.org\/?p=7393","name":"Osmani: DokuFesti e ka shnd\u00ebrruar Prizrenin n\u00eb kryeqend\u00ebr t\u00eb kultur\u00ebs -","isPartOf":{"@id":"https:\/\/veritasinfo.org\/#website"},"primaryImageOfPage":{"@id":"https:\/\/veritasinfo.org\/?p=7393#primaryimage"},"image":{"@id":"https:\/\/veritasinfo.org\/?p=7393#primaryimage"},"thumbnailUrl":"https:\/\/veritasinfo.org\/wp-content\/uploads\/2025\/08\/FB_IMG_1754776716248.jpg","datePublished":"2025-08-10T06:00:36+00:00","author":{"@id":"https:\/\/veritasinfo.org\/#\/schema\/person\/7701f8c088bece422266b100a712374f"},"breadcrumb":{"@id":"https:\/\/veritasinfo.org\/?p=7393#breadcrumb"},"inLanguage":"en-US","potentialAction":[{"@type":"ReadAction","target":["https:\/\/veritasinfo.org\/?p=7393"]}]},{"@type":"ImageObject","inLanguage":"en-US","@id":"https:\/\/veritasinfo.org\/?p=7393#primaryimage","url":"https:\/\/veritasinfo.org\/wp-content\/uploads\/2025\/08\/FB_IMG_1754776716248.jpg","contentUrl":"https:\/\/veritasinfo.org\/wp-content\/uploads\/2025\/08\/FB_IMG_1754776716248.jpg","width":1928,"height":1707},{"@type":"BreadcrumbList","@id":"https:\/\/veritasinfo.org\/?p=7393#breadcrumb","itemListElement":[{"@type":"ListItem","position":1,"name":"Home","item":"https:\/\/veritasinfo.org\/"},{"@type":"ListItem","position":2,"name":"Osmani: DokuFesti e ka shnd\u00ebrruar Prizrenin n\u00eb kryeqend\u00ebr t\u00eb kultur\u00ebs"}]},{"@type":"WebSite","@id":"https:\/\/veritasinfo.org\/#website","url":"https:\/\/veritasinfo.org\/","name":"","description":"","potentialAction":[{"@type":"SearchAction","target":{"@type":"EntryPoint","urlTemplate":"https:\/\/veritasinfo.org\/?s={search_term_string}"},"query-input":{"@type":"PropertyValueSpecification","valueRequired":true,"valueName":"search_term_string"}}],"inLanguage":"en-US"},{"@type":"Person","@id":"https:\/\/veritasinfo.org\/#\/schema\/person\/7701f8c088bece422266b100a712374f","name":"admin","image":{"@type":"ImageObject","inLanguage":"en-US","@id":"https:\/\/veritasinfo.org\/#\/schema\/person\/image\/","url":"https:\/\/secure.gravatar.com\/avatar\/ea53aa3bf6c9a12d5fde8ce4deff43fef3885ae33cf60184161a50d6987cfd2f?s=96&d=mm&r=g","contentUrl":"https:\/\/secure.gravatar.com\/avatar\/ea53aa3bf6c9a12d5fde8ce4deff43fef3885ae33cf60184161a50d6987cfd2f?s=96&d=mm&r=g","caption":"admin"},"sameAs":["https:\/\/veritasinfo.org"],"url":"https:\/\/veritasinfo.org\/?author=1"}]}},"featured_image_urls":{"full":["https:\/\/veritasinfo.org\/wp-content\/uploads\/2025\/08\/FB_IMG_1754776716248.jpg",1928,1707,false],"thumbnail":["https:\/\/veritasinfo.org\/wp-content\/uploads\/2025\/08\/FB_IMG_1754776716248-150x150.jpg",150,150,true],"medium":["https:\/\/veritasinfo.org\/wp-content\/uploads\/2025\/08\/FB_IMG_1754776716248-300x266.jpg",300,266,true],"medium_large":["https:\/\/veritasinfo.org\/wp-content\/uploads\/2025\/08\/FB_IMG_1754776716248-768x680.jpg",640,567,true],"large":["https:\/\/veritasinfo.org\/wp-content\/uploads\/2025\/08\/FB_IMG_1754776716248-1024x907.jpg",640,567,true],"1536x1536":["https:\/\/veritasinfo.org\/wp-content\/uploads\/2025\/08\/FB_IMG_1754776716248-1536x1360.jpg",1536,1360,true],"2048x2048":["https:\/\/veritasinfo.org\/wp-content\/uploads\/2025\/08\/FB_IMG_1754776716248.jpg",1928,1707,false],"kreeti-slider-full":["https:\/\/veritasinfo.org\/wp-content\/uploads\/2025\/08\/FB_IMG_1754776716248.jpg",813,720,false],"kreeti-featured":["https:\/\/veritasinfo.org\/wp-content\/uploads\/2025\/08\/FB_IMG_1754776716248.jpg",1024,907,false],"kreeti-medium":["https:\/\/veritasinfo.org\/wp-content\/uploads\/2025\/08\/FB_IMG_1754776716248.jpg",599,530,false],"kreeti-medium-square":["https:\/\/veritasinfo.org\/wp-content\/uploads\/2025\/08\/FB_IMG_1754776716248.jpg",350,310,false]},"author_info":{"info":["admin"]},"category_info":"<a href=\"https:\/\/veritasinfo.org\/?cat=54\" rel=\"category\">Kultur\u00eb<\/a>","tag_info":"Kultur\u00eb","comment_count":"0","_links":{"self":[{"href":"https:\/\/veritasinfo.org\/index.php?rest_route=\/wp\/v2\/posts\/7393","targetHints":{"allow":["GET"]}}],"collection":[{"href":"https:\/\/veritasinfo.org\/index.php?rest_route=\/wp\/v2\/posts"}],"about":[{"href":"https:\/\/veritasinfo.org\/index.php?rest_route=\/wp\/v2\/types\/post"}],"author":[{"embeddable":true,"href":"https:\/\/veritasinfo.org\/index.php?rest_route=\/wp\/v2\/users\/1"}],"replies":[{"embeddable":true,"href":"https:\/\/veritasinfo.org\/index.php?rest_route=%2Fwp%2Fv2%2Fcomments&post=7393"}],"version-history":[{"count":1,"href":"https:\/\/veritasinfo.org\/index.php?rest_route=\/wp\/v2\/posts\/7393\/revisions"}],"predecessor-version":[{"id":7394,"href":"https:\/\/veritasinfo.org\/index.php?rest_route=\/wp\/v2\/posts\/7393\/revisions\/7394"}],"wp:featuredmedia":[{"embeddable":true,"href":"https:\/\/veritasinfo.org\/index.php?rest_route=\/wp\/v2\/media\/7391"}],"wp:attachment":[{"href":"https:\/\/veritasinfo.org\/index.php?rest_route=%2Fwp%2Fv2%2Fmedia&parent=7393"}],"wp:term":[{"taxonomy":"category","embeddable":true,"href":"https:\/\/veritasinfo.org\/index.php?rest_route=%2Fwp%2Fv2%2Fcategories&post=7393"},{"taxonomy":"post_tag","embeddable":true,"href":"https:\/\/veritasinfo.org\/index.php?rest_route=%2Fwp%2Fv2%2Ftags&post=7393"}],"curies":[{"name":"wp","href":"https:\/\/api.w.org\/{rel}","templated":true}]}}