{"id":7362,"date":"2025-08-09T18:55:17","date_gmt":"2025-08-09T16:55:17","guid":{"rendered":"https:\/\/veritasinfo.org\/?p=7362"},"modified":"2025-08-09T18:55:17","modified_gmt":"2025-08-09T16:55:17","slug":"vetevendosje-prezanton-kandidatet-per-tri-komunat-veriore-per-zgjedhjet-e-12-tetorit","status":"publish","type":"post","link":"https:\/\/veritasinfo.org\/?p=7362","title":{"rendered":"Vet\u00ebvendosje prezanton kandidat\u00ebt p\u00ebr tri komunat veriore p\u00ebr zgjedhjet e 12 tetorit"},"content":{"rendered":"<p>&nbsp;<\/p>\n<p>L\u00ebvizja Vet\u00ebvendosje ka zyrtarizuar sot kandidat\u00ebt e saj p\u00ebr kryetar\u00eb n\u00eb tri komuna n\u00eb veri t\u00eb vendit, duke nisur k\u00ebshtu fushat\u00ebn p\u00ebr zgjedhjet lokale t\u00eb parashikuara m\u00eb 12 tetor.<\/p>\n<p>N\u00eb Komun\u00ebn e Leposaviqit, kandidati \u00ebsht\u00eb kryetari aktual, Lulzim Hetemi, i cili, sipas VV-s\u00eb, ka d\u00ebshmuar guxim dhe vendosm\u00ebri n\u00eb menaxhimin e komun\u00ebs, duke qen\u00eb pran\u00eb qytetar\u00ebve \u00e7do dit\u00eb dhe duke e udh\u00ebhequr me integritet.<\/p>\n<p>P\u00ebr Komun\u00ebn e Zubin Potokut, partia ka propozuar Vedat Mehmetin, kryesuesin e kuvendit komunal, i cili vler\u00ebsohet p\u00ebr vizionin e tij p\u00ebr zhvillimin e komun\u00ebs p\u00ebrmes bashk\u00ebpunimit institucional dhe zbatimit t\u00eb ligjit.<\/p>\n<p>Nd\u00ebrsa p\u00ebr Komun\u00ebn e Zve\u00e7anit, kandidon Fetah Peci, i p\u00ebrshkruar nga Vet\u00ebvendosje si z\u00ebri i bashkimit dhe zhvillimit, me p\u00ebrvoj\u00eb dhe njohje t\u00eb thell\u00eb t\u00eb nevojave t\u00eb banor\u00ebve lokal\u00eb, i vendosur p\u00ebr t\u00eb thyer izolimin dhe p\u00ebr t\u00eb hapur mund\u00ebsi t\u00eb reja.<\/p>\n<p>N\u00eb prezantimin e kandidat\u00ebve mor\u00ebn pjes\u00eb kryeministri n\u00eb detyr\u00eb dhe kryetari i Vet\u00ebvendosjes, Albin Kurti, Sekretari i P\u00ebrgjithsh\u00ebm Alim Rama, koordinatori i qendrave dhe deputeti Salih Zyba, si dhe deputet\u00ebt Armend Muja, Agim Bahtiri e Arjeta Fejza. T\u00eb pranishmit shpreh\u00ebn mb\u00ebshtetje t\u00eb plot\u00eb dhe t\u00eb parezerv\u00eb p\u00ebr secilin prej kandidat\u00ebve.<\/p>\n<p>Sipas komunikat\u00ebs s\u00eb VV-s\u00eb, k\u00ebta kandidat\u00eb paraqesin \u201cgarancin\u00eb se n\u00eb veri do t\u00eb vazhdohet nd\u00ebrtimi i institucioneve funksionale, sjellja e investimeve q\u00eb ndikojn\u00eb drejtp\u00ebrdrejt n\u00eb jet\u00ebn e qytetar\u00ebve dhe garantimi i nj\u00eb qeverisjeje q\u00eb respekton ligjin e punon p\u00ebr t\u00eb gjith\u00eb\u201d.<\/p>\n<p>Vet\u00ebvendosje e mbylli prezantimin me mesazhin se 12 tetori do t\u00eb jet\u00eb nj\u00eb dit\u00eb vendimtare p\u00ebr t\u00eb ardhmen e komunave veriore, duke e p\u00ebrshkruar fushat\u00ebn si nj\u00eb p\u00ebrpjekje \u201cbashk\u00eb p\u00ebrpara \u2013 p\u00ebr komunat tona, p\u00ebr qytetar\u00ebt tan\u00eb, p\u00ebr t\u00eb ardhmen ton\u00eb\u201d.<\/p>\n<p>&nbsp;<\/p>\n","protected":false},"excerpt":{"rendered":"<p>&nbsp; L\u00ebvizja Vet\u00ebvendosje ka zyrtarizuar sot kandidat\u00ebt e saj p\u00ebr kryetar\u00eb n\u00eb tri komuna n\u00eb veri t\u00eb vendit, duke nisur k\u00ebshtu fushat\u00ebn p\u00ebr zgjedhjet lokale<\/p>\n","protected":false},"author":1,"featured_media":7363,"comment_status":"open","ping_status":"open","sticky":false,"template":"","format":"standard","meta":{"footnotes":""},"categories":[58],"tags":[],"class_list":["post-7362","post","type-post","status-publish","format-standard","has-post-thumbnail","hentry","category-politike-sq"],"yoast_head":"<!-- This site is optimized with the Yoast SEO plugin v25.3.1 - https:\/\/yoast.com\/wordpress\/plugins\/seo\/ -->\n<title>Vet\u00ebvendosje prezanton kandidat\u00ebt p\u00ebr tri komunat veriore p\u00ebr zgjedhjet e 12 tetorit -<\/title>\n<meta name=\"robots\" content=\"index, follow, max-snippet:-1, max-image-preview:large, max-video-preview:-1\" \/>\n<link rel=\"canonical\" href=\"https:\/\/veritasinfo.org\/?p=7362\" \/>\n<meta property=\"og:locale\" content=\"en_US\" \/>\n<meta property=\"og:type\" content=\"article\" \/>\n<meta property=\"og:title\" content=\"Vet\u00ebvendosje prezanton kandidat\u00ebt p\u00ebr tri komunat veriore p\u00ebr zgjedhjet e 12 tetorit -\" \/>\n<meta property=\"og:description\" content=\"&nbsp; L\u00ebvizja Vet\u00ebvendosje ka zyrtarizuar sot kandidat\u00ebt e saj p\u00ebr kryetar\u00eb n\u00eb tri komuna n\u00eb veri t\u00eb vendit, duke nisur k\u00ebshtu fushat\u00ebn p\u00ebr zgjedhjet lokale\" \/>\n<meta property=\"og:url\" content=\"https:\/\/veritasinfo.org\/?p=7362\" \/>\n<meta property=\"article:published_time\" content=\"2025-08-09T16:55:17+00:00\" \/>\n<meta property=\"og:image\" content=\"https:\/\/veritasinfo.org\/wp-content\/uploads\/2025\/08\/FB_IMG_1754758366369.jpg\" \/>\n\t<meta property=\"og:image:width\" content=\"2048\" \/>\n\t<meta property=\"og:image:height\" content=\"1365\" \/>\n\t<meta property=\"og:image:type\" content=\"image\/jpeg\" \/>\n<meta name=\"author\" content=\"admin\" \/>\n<meta name=\"twitter:card\" content=\"summary_large_image\" \/>\n<meta name=\"twitter:label1\" content=\"Written by\" \/>\n\t<meta name=\"twitter:data1\" content=\"admin\" \/>\n\t<meta name=\"twitter:label2\" content=\"Est. reading time\" \/>\n\t<meta name=\"twitter:data2\" content=\"2 minutes\" \/>\n<script type=\"application\/ld+json\" class=\"yoast-schema-graph\">{\"@context\":\"https:\/\/schema.org\",\"@graph\":[{\"@type\":\"WebPage\",\"@id\":\"https:\/\/veritasinfo.org\/?p=7362\",\"url\":\"https:\/\/veritasinfo.org\/?p=7362\",\"name\":\"Vet\u00ebvendosje prezanton kandidat\u00ebt p\u00ebr tri komunat veriore p\u00ebr zgjedhjet e 12 tetorit -\",\"isPartOf\":{\"@id\":\"https:\/\/veritasinfo.org\/#website\"},\"primaryImageOfPage\":{\"@id\":\"https:\/\/veritasinfo.org\/?p=7362#primaryimage\"},\"image\":{\"@id\":\"https:\/\/veritasinfo.org\/?p=7362#primaryimage\"},\"thumbnailUrl\":\"https:\/\/veritasinfo.org\/wp-content\/uploads\/2025\/08\/FB_IMG_1754758366369.jpg\",\"datePublished\":\"2025-08-09T16:55:17+00:00\",\"author\":{\"@id\":\"https:\/\/veritasinfo.org\/#\/schema\/person\/7701f8c088bece422266b100a712374f\"},\"breadcrumb\":{\"@id\":\"https:\/\/veritasinfo.org\/?p=7362#breadcrumb\"},\"inLanguage\":\"en-US\",\"potentialAction\":[{\"@type\":\"ReadAction\",\"target\":[\"https:\/\/veritasinfo.org\/?p=7362\"]}]},{\"@type\":\"ImageObject\",\"inLanguage\":\"en-US\",\"@id\":\"https:\/\/veritasinfo.org\/?p=7362#primaryimage\",\"url\":\"https:\/\/veritasinfo.org\/wp-content\/uploads\/2025\/08\/FB_IMG_1754758366369.jpg\",\"contentUrl\":\"https:\/\/veritasinfo.org\/wp-content\/uploads\/2025\/08\/FB_IMG_1754758366369.jpg\",\"width\":2048,\"height\":1365},{\"@type\":\"BreadcrumbList\",\"@id\":\"https:\/\/veritasinfo.org\/?p=7362#breadcrumb\",\"itemListElement\":[{\"@type\":\"ListItem\",\"position\":1,\"name\":\"Home\",\"item\":\"https:\/\/veritasinfo.org\/\"},{\"@type\":\"ListItem\",\"position\":2,\"name\":\"Vet\u00ebvendosje prezanton kandidat\u00ebt p\u00ebr tri komunat veriore p\u00ebr zgjedhjet e 12 tetorit\"}]},{\"@type\":\"WebSite\",\"@id\":\"https:\/\/veritasinfo.org\/#website\",\"url\":\"https:\/\/veritasinfo.org\/\",\"name\":\"\",\"description\":\"\",\"potentialAction\":[{\"@type\":\"SearchAction\",\"target\":{\"@type\":\"EntryPoint\",\"urlTemplate\":\"https:\/\/veritasinfo.org\/?s={search_term_string}\"},\"query-input\":{\"@type\":\"PropertyValueSpecification\",\"valueRequired\":true,\"valueName\":\"search_term_string\"}}],\"inLanguage\":\"en-US\"},{\"@type\":\"Person\",\"@id\":\"https:\/\/veritasinfo.org\/#\/schema\/person\/7701f8c088bece422266b100a712374f\",\"name\":\"admin\",\"image\":{\"@type\":\"ImageObject\",\"inLanguage\":\"en-US\",\"@id\":\"https:\/\/veritasinfo.org\/#\/schema\/person\/image\/\",\"url\":\"https:\/\/secure.gravatar.com\/avatar\/ea53aa3bf6c9a12d5fde8ce4deff43fef3885ae33cf60184161a50d6987cfd2f?s=96&d=mm&r=g\",\"contentUrl\":\"https:\/\/secure.gravatar.com\/avatar\/ea53aa3bf6c9a12d5fde8ce4deff43fef3885ae33cf60184161a50d6987cfd2f?s=96&d=mm&r=g\",\"caption\":\"admin\"},\"sameAs\":[\"https:\/\/veritasinfo.org\"],\"url\":\"https:\/\/veritasinfo.org\/?author=1\"}]}<\/script>\n<!-- \/ Yoast SEO plugin. -->","yoast_head_json":{"title":"Vet\u00ebvendosje prezanton kandidat\u00ebt p\u00ebr tri komunat veriore p\u00ebr zgjedhjet e 12 tetorit -","robots":{"index":"index","follow":"follow","max-snippet":"max-snippet:-1","max-image-preview":"max-image-preview:large","max-video-preview":"max-video-preview:-1"},"canonical":"https:\/\/veritasinfo.org\/?p=7362","og_locale":"en_US","og_type":"article","og_title":"Vet\u00ebvendosje prezanton kandidat\u00ebt p\u00ebr tri komunat veriore p\u00ebr zgjedhjet e 12 tetorit -","og_description":"&nbsp; L\u00ebvizja Vet\u00ebvendosje ka zyrtarizuar sot kandidat\u00ebt e saj p\u00ebr kryetar\u00eb n\u00eb tri komuna n\u00eb veri t\u00eb vendit, duke nisur k\u00ebshtu fushat\u00ebn p\u00ebr zgjedhjet lokale","og_url":"https:\/\/veritasinfo.org\/?p=7362","article_published_time":"2025-08-09T16:55:17+00:00","og_image":[{"width":2048,"height":1365,"url":"https:\/\/veritasinfo.org\/wp-content\/uploads\/2025\/08\/FB_IMG_1754758366369.jpg","type":"image\/jpeg"}],"author":"admin","twitter_card":"summary_large_image","twitter_misc":{"Written by":"admin","Est. reading time":"2 minutes"},"schema":{"@context":"https:\/\/schema.org","@graph":[{"@type":"WebPage","@id":"https:\/\/veritasinfo.org\/?p=7362","url":"https:\/\/veritasinfo.org\/?p=7362","name":"Vet\u00ebvendosje prezanton kandidat\u00ebt p\u00ebr tri komunat veriore p\u00ebr zgjedhjet e 12 tetorit -","isPartOf":{"@id":"https:\/\/veritasinfo.org\/#website"},"primaryImageOfPage":{"@id":"https:\/\/veritasinfo.org\/?p=7362#primaryimage"},"image":{"@id":"https:\/\/veritasinfo.org\/?p=7362#primaryimage"},"thumbnailUrl":"https:\/\/veritasinfo.org\/wp-content\/uploads\/2025\/08\/FB_IMG_1754758366369.jpg","datePublished":"2025-08-09T16:55:17+00:00","author":{"@id":"https:\/\/veritasinfo.org\/#\/schema\/person\/7701f8c088bece422266b100a712374f"},"breadcrumb":{"@id":"https:\/\/veritasinfo.org\/?p=7362#breadcrumb"},"inLanguage":"en-US","potentialAction":[{"@type":"ReadAction","target":["https:\/\/veritasinfo.org\/?p=7362"]}]},{"@type":"ImageObject","inLanguage":"en-US","@id":"https:\/\/veritasinfo.org\/?p=7362#primaryimage","url":"https:\/\/veritasinfo.org\/wp-content\/uploads\/2025\/08\/FB_IMG_1754758366369.jpg","contentUrl":"https:\/\/veritasinfo.org\/wp-content\/uploads\/2025\/08\/FB_IMG_1754758366369.jpg","width":2048,"height":1365},{"@type":"BreadcrumbList","@id":"https:\/\/veritasinfo.org\/?p=7362#breadcrumb","itemListElement":[{"@type":"ListItem","position":1,"name":"Home","item":"https:\/\/veritasinfo.org\/"},{"@type":"ListItem","position":2,"name":"Vet\u00ebvendosje prezanton kandidat\u00ebt p\u00ebr tri komunat veriore p\u00ebr zgjedhjet e 12 tetorit"}]},{"@type":"WebSite","@id":"https:\/\/veritasinfo.org\/#website","url":"https:\/\/veritasinfo.org\/","name":"","description":"","potentialAction":[{"@type":"SearchAction","target":{"@type":"EntryPoint","urlTemplate":"https:\/\/veritasinfo.org\/?s={search_term_string}"},"query-input":{"@type":"PropertyValueSpecification","valueRequired":true,"valueName":"search_term_string"}}],"inLanguage":"en-US"},{"@type":"Person","@id":"https:\/\/veritasinfo.org\/#\/schema\/person\/7701f8c088bece422266b100a712374f","name":"admin","image":{"@type":"ImageObject","inLanguage":"en-US","@id":"https:\/\/veritasinfo.org\/#\/schema\/person\/image\/","url":"https:\/\/secure.gravatar.com\/avatar\/ea53aa3bf6c9a12d5fde8ce4deff43fef3885ae33cf60184161a50d6987cfd2f?s=96&d=mm&r=g","contentUrl":"https:\/\/secure.gravatar.com\/avatar\/ea53aa3bf6c9a12d5fde8ce4deff43fef3885ae33cf60184161a50d6987cfd2f?s=96&d=mm&r=g","caption":"admin"},"sameAs":["https:\/\/veritasinfo.org"],"url":"https:\/\/veritasinfo.org\/?author=1"}]}},"featured_image_urls":{"full":["https:\/\/veritasinfo.org\/wp-content\/uploads\/2025\/08\/FB_IMG_1754758366369.jpg",2048,1365,false],"thumbnail":["https:\/\/veritasinfo.org\/wp-content\/uploads\/2025\/08\/FB_IMG_1754758366369-150x150.jpg",150,150,true],"medium":["https:\/\/veritasinfo.org\/wp-content\/uploads\/2025\/08\/FB_IMG_1754758366369-300x200.jpg",300,200,true],"medium_large":["https:\/\/veritasinfo.org\/wp-content\/uploads\/2025\/08\/FB_IMG_1754758366369-768x512.jpg",640,427,true],"large":["https:\/\/veritasinfo.org\/wp-content\/uploads\/2025\/08\/FB_IMG_1754758366369-1024x683.jpg",640,427,true],"1536x1536":["https:\/\/veritasinfo.org\/wp-content\/uploads\/2025\/08\/FB_IMG_1754758366369-1536x1024.jpg",1536,1024,true],"2048x2048":["https:\/\/veritasinfo.org\/wp-content\/uploads\/2025\/08\/FB_IMG_1754758366369.jpg",2048,1365,false],"kreeti-slider-full":["https:\/\/veritasinfo.org\/wp-content\/uploads\/2025\/08\/FB_IMG_1754758366369.jpg",1080,720,false],"kreeti-featured":["https:\/\/veritasinfo.org\/wp-content\/uploads\/2025\/08\/FB_IMG_1754758366369.jpg",1024,683,false],"kreeti-medium":["https:\/\/veritasinfo.org\/wp-content\/uploads\/2025\/08\/FB_IMG_1754758366369.jpg",720,480,false],"kreeti-medium-square":["https:\/\/veritasinfo.org\/wp-content\/uploads\/2025\/08\/FB_IMG_1754758366369.jpg",350,233,false]},"author_info":{"info":["admin"]},"category_info":"<a href=\"https:\/\/veritasinfo.org\/?cat=58\" rel=\"category\">Politik\u00eb<\/a>","tag_info":"Politik\u00eb","comment_count":"0","_links":{"self":[{"href":"https:\/\/veritasinfo.org\/index.php?rest_route=\/wp\/v2\/posts\/7362","targetHints":{"allow":["GET"]}}],"collection":[{"href":"https:\/\/veritasinfo.org\/index.php?rest_route=\/wp\/v2\/posts"}],"about":[{"href":"https:\/\/veritasinfo.org\/index.php?rest_route=\/wp\/v2\/types\/post"}],"author":[{"embeddable":true,"href":"https:\/\/veritasinfo.org\/index.php?rest_route=\/wp\/v2\/users\/1"}],"replies":[{"embeddable":true,"href":"https:\/\/veritasinfo.org\/index.php?rest_route=%2Fwp%2Fv2%2Fcomments&post=7362"}],"version-history":[{"count":1,"href":"https:\/\/veritasinfo.org\/index.php?rest_route=\/wp\/v2\/posts\/7362\/revisions"}],"predecessor-version":[{"id":7364,"href":"https:\/\/veritasinfo.org\/index.php?rest_route=\/wp\/v2\/posts\/7362\/revisions\/7364"}],"wp:featuredmedia":[{"embeddable":true,"href":"https:\/\/veritasinfo.org\/index.php?rest_route=\/wp\/v2\/media\/7363"}],"wp:attachment":[{"href":"https:\/\/veritasinfo.org\/index.php?rest_route=%2Fwp%2Fv2%2Fmedia&parent=7362"}],"wp:term":[{"taxonomy":"category","embeddable":true,"href":"https:\/\/veritasinfo.org\/index.php?rest_route=%2Fwp%2Fv2%2Fcategories&post=7362"},{"taxonomy":"post_tag","embeddable":true,"href":"https:\/\/veritasinfo.org\/index.php?rest_route=%2Fwp%2Fv2%2Ftags&post=7362"}],"curies":[{"name":"wp","href":"https:\/\/api.w.org\/{rel}","templated":true}]}}