{"id":7353,"date":"2025-08-09T16:18:05","date_gmt":"2025-08-09T14:18:05","guid":{"rendered":"https:\/\/veritasinfo.org\/?p=7353"},"modified":"2025-08-09T20:15:58","modified_gmt":"2025-08-09T18:15:58","slug":"demantohet-ministria-e-drejtesise-serbe-haxhiu-popoviqi-pranoj-fanno-me-vullnet-te-plote-jo-nen-presion","status":"publish","type":"post","link":"https:\/\/veritasinfo.org\/?p=7353","title":{"rendered":"Demantohet Ministria e Drejt\u00ebsis\u00eb serbe &#8211; Haxhiu: Popoviqi pranoj fajin me vullnet t\u00eb plot\u00eb, jo n\u00ebn presion"},"content":{"rendered":"<p>Prishtin\u00eb, 09 gusht 2025<\/p>\n<p><strong>Ministrja n\u00eb detyr\u00eb e Drejt\u00ebsis\u00eb, Albulena Haxhiu ka reaguar pasi shteti i Serbis\u00eb tha se zyrtari i tyre i arrestuar n\u00eb Kosov\u00eb, Igor Popoviq ka pranuar faj\u00ebsin\u00eb nga presioni.<\/strong><\/p>\n<p>Haxhiu tha se shteti i Serbis\u00eb, jo vet\u00ebm q\u00eb keqp\u00ebrdor vizitat zyrtare n\u00eb vendin ton\u00eb p\u00ebrmes zyrtar\u00ebve t\u00eb saj duke nxiturr urrejtje dhe p\u00ebr\u00e7arje, por vazhdon propagand\u00ebn e saj edhe pas marr\u00ebveshjeve me institucionet e Kosov\u00ebs p\u00ebr pranim t\u00eb faj\u00ebsis\u00eb si n\u00eb rastin e Igor Popoviq.<\/p>\n<p>\u201cMinistria e Drejt\u00ebsis\u00eb s\u00eb Serbis\u00eb paska dal\u00eb me akuz\u00eb tjet\u00ebr t\u00eb rreme duke th\u00ebn\u00eb se zyrtari i saj Igor Popoviq e ka pranuar faj\u00ebsin\u00eb n\u00ebn kushte presioni. Por, n\u00eb videon m\u00eb posht\u00eb mund ta shihni se jo vet\u00ebm i akuzuari Popoviq, por edhe vet avokati i tij theksojn\u00eb se me vullnet t\u00eb plot\u00eb \u00ebsht\u00eb b\u00ebr\u00eb si pranimi i faj\u00ebsis\u00eb ashtu edhe marr\u00ebveshja\u201d.<\/p>\n<p>\u201cSerbia me kutin e saj gjykon edhe Republik\u00ebn e Kosov\u00ebs, por ajo duhet ta kuptoj\u00eb se Republika e Kosov\u00ebs \u00ebsht\u00eb vend demokratik, ku sundon drejt\u00ebsia dhe dinjititeti njer\u00ebzor jan\u00eb t\u00eb garantuara e ku pushtetet jan\u00eb qart\u00ebsisht t\u00eb ndara\u201d, ka shkruar Haxhiu n\u00eb nj\u00eb postim n\u00eb Facebook.<\/p>\n","protected":false},"excerpt":{"rendered":"<p>Prishtin\u00eb, 09 gusht 2025 Ministrja n\u00eb detyr\u00eb e Drejt\u00ebsis\u00eb, Albulena Haxhiu ka reaguar pasi shteti i Serbis\u00eb tha se zyrtari i tyre i arrestuar n\u00eb<\/p>\n","protected":false},"author":1,"featured_media":7354,"comment_status":"open","ping_status":"open","sticky":false,"template":"","format":"standard","meta":{"footnotes":""},"categories":[58],"tags":[],"class_list":["post-7353","post","type-post","status-publish","format-standard","has-post-thumbnail","hentry","category-politike-sq"],"yoast_head":"<!-- This site is optimized with the Yoast SEO plugin v25.3.1 - https:\/\/yoast.com\/wordpress\/plugins\/seo\/ -->\n<title>Demantohet Ministria e Drejt\u00ebsis\u00eb serbe - Haxhiu: Popoviqi pranoj fajin me vullnet t\u00eb plot\u00eb, jo n\u00ebn presion -<\/title>\n<meta name=\"robots\" content=\"index, follow, max-snippet:-1, max-image-preview:large, max-video-preview:-1\" \/>\n<link rel=\"canonical\" href=\"https:\/\/veritasinfo.org\/?p=7353\" \/>\n<meta property=\"og:locale\" content=\"en_US\" \/>\n<meta property=\"og:type\" content=\"article\" \/>\n<meta property=\"og:title\" content=\"Demantohet Ministria e Drejt\u00ebsis\u00eb serbe - Haxhiu: Popoviqi pranoj fajin me vullnet t\u00eb plot\u00eb, jo n\u00ebn presion -\" \/>\n<meta property=\"og:description\" content=\"Prishtin\u00eb, 09 gusht 2025 Ministrja n\u00eb detyr\u00eb e Drejt\u00ebsis\u00eb, Albulena Haxhiu ka reaguar pasi shteti i Serbis\u00eb tha se zyrtari i tyre i arrestuar n\u00eb\" \/>\n<meta property=\"og:url\" content=\"https:\/\/veritasinfo.org\/?p=7353\" \/>\n<meta property=\"article:published_time\" content=\"2025-08-09T14:18:05+00:00\" \/>\n<meta property=\"article:modified_time\" content=\"2025-08-09T18:15:58+00:00\" \/>\n<meta property=\"og:image\" content=\"https:\/\/veritasinfo.org\/wp-content\/uploads\/2025\/08\/IMG_2383.jpeg\" \/>\n\t<meta property=\"og:image:width\" content=\"2286\" \/>\n\t<meta property=\"og:image:height\" content=\"1290\" \/>\n\t<meta property=\"og:image:type\" content=\"image\/jpeg\" \/>\n<meta name=\"author\" content=\"admin\" \/>\n<meta name=\"twitter:card\" content=\"summary_large_image\" \/>\n<meta name=\"twitter:label1\" content=\"Written by\" \/>\n\t<meta name=\"twitter:data1\" content=\"admin\" \/>\n\t<meta name=\"twitter:label2\" content=\"Est. reading time\" \/>\n\t<meta name=\"twitter:data2\" content=\"2 minutes\" \/>\n<script type=\"application\/ld+json\" class=\"yoast-schema-graph\">{\"@context\":\"https:\/\/schema.org\",\"@graph\":[{\"@type\":\"WebPage\",\"@id\":\"https:\/\/veritasinfo.org\/?p=7353\",\"url\":\"https:\/\/veritasinfo.org\/?p=7353\",\"name\":\"Demantohet Ministria e Drejt\u00ebsis\u00eb serbe - Haxhiu: Popoviqi pranoj fajin me vullnet t\u00eb plot\u00eb, jo n\u00ebn presion -\",\"isPartOf\":{\"@id\":\"https:\/\/veritasinfo.org\/#website\"},\"primaryImageOfPage\":{\"@id\":\"https:\/\/veritasinfo.org\/?p=7353#primaryimage\"},\"image\":{\"@id\":\"https:\/\/veritasinfo.org\/?p=7353#primaryimage\"},\"thumbnailUrl\":\"https:\/\/veritasinfo.org\/wp-content\/uploads\/2025\/08\/IMG_2383.jpeg\",\"datePublished\":\"2025-08-09T14:18:05+00:00\",\"dateModified\":\"2025-08-09T18:15:58+00:00\",\"author\":{\"@id\":\"https:\/\/veritasinfo.org\/#\/schema\/person\/7701f8c088bece422266b100a712374f\"},\"breadcrumb\":{\"@id\":\"https:\/\/veritasinfo.org\/?p=7353#breadcrumb\"},\"inLanguage\":\"en-US\",\"potentialAction\":[{\"@type\":\"ReadAction\",\"target\":[\"https:\/\/veritasinfo.org\/?p=7353\"]}]},{\"@type\":\"ImageObject\",\"inLanguage\":\"en-US\",\"@id\":\"https:\/\/veritasinfo.org\/?p=7353#primaryimage\",\"url\":\"https:\/\/veritasinfo.org\/wp-content\/uploads\/2025\/08\/IMG_2383.jpeg\",\"contentUrl\":\"https:\/\/veritasinfo.org\/wp-content\/uploads\/2025\/08\/IMG_2383.jpeg\",\"width\":2286,\"height\":1290,\"caption\":\"Screenshot\"},{\"@type\":\"BreadcrumbList\",\"@id\":\"https:\/\/veritasinfo.org\/?p=7353#breadcrumb\",\"itemListElement\":[{\"@type\":\"ListItem\",\"position\":1,\"name\":\"Home\",\"item\":\"https:\/\/veritasinfo.org\/\"},{\"@type\":\"ListItem\",\"position\":2,\"name\":\"Demantohet Ministria e Drejt\u00ebsis\u00eb serbe &#8211; Haxhiu: Popoviqi pranoj fajin me vullnet t\u00eb plot\u00eb, jo n\u00ebn presion\"}]},{\"@type\":\"WebSite\",\"@id\":\"https:\/\/veritasinfo.org\/#website\",\"url\":\"https:\/\/veritasinfo.org\/\",\"name\":\"\",\"description\":\"\",\"potentialAction\":[{\"@type\":\"SearchAction\",\"target\":{\"@type\":\"EntryPoint\",\"urlTemplate\":\"https:\/\/veritasinfo.org\/?s={search_term_string}\"},\"query-input\":{\"@type\":\"PropertyValueSpecification\",\"valueRequired\":true,\"valueName\":\"search_term_string\"}}],\"inLanguage\":\"en-US\"},{\"@type\":\"Person\",\"@id\":\"https:\/\/veritasinfo.org\/#\/schema\/person\/7701f8c088bece422266b100a712374f\",\"name\":\"admin\",\"image\":{\"@type\":\"ImageObject\",\"inLanguage\":\"en-US\",\"@id\":\"https:\/\/veritasinfo.org\/#\/schema\/person\/image\/\",\"url\":\"https:\/\/secure.gravatar.com\/avatar\/ea53aa3bf6c9a12d5fde8ce4deff43fef3885ae33cf60184161a50d6987cfd2f?s=96&d=mm&r=g\",\"contentUrl\":\"https:\/\/secure.gravatar.com\/avatar\/ea53aa3bf6c9a12d5fde8ce4deff43fef3885ae33cf60184161a50d6987cfd2f?s=96&d=mm&r=g\",\"caption\":\"admin\"},\"sameAs\":[\"https:\/\/veritasinfo.org\"],\"url\":\"https:\/\/veritasinfo.org\/?author=1\"}]}<\/script>\n<!-- \/ Yoast SEO plugin. -->","yoast_head_json":{"title":"Demantohet Ministria e Drejt\u00ebsis\u00eb serbe - Haxhiu: Popoviqi pranoj fajin me vullnet t\u00eb plot\u00eb, jo n\u00ebn presion -","robots":{"index":"index","follow":"follow","max-snippet":"max-snippet:-1","max-image-preview":"max-image-preview:large","max-video-preview":"max-video-preview:-1"},"canonical":"https:\/\/veritasinfo.org\/?p=7353","og_locale":"en_US","og_type":"article","og_title":"Demantohet Ministria e Drejt\u00ebsis\u00eb serbe - Haxhiu: Popoviqi pranoj fajin me vullnet t\u00eb plot\u00eb, jo n\u00ebn presion -","og_description":"Prishtin\u00eb, 09 gusht 2025 Ministrja n\u00eb detyr\u00eb e Drejt\u00ebsis\u00eb, Albulena Haxhiu ka reaguar pasi shteti i Serbis\u00eb tha se zyrtari i tyre i arrestuar n\u00eb","og_url":"https:\/\/veritasinfo.org\/?p=7353","article_published_time":"2025-08-09T14:18:05+00:00","article_modified_time":"2025-08-09T18:15:58+00:00","og_image":[{"width":2286,"height":1290,"url":"https:\/\/veritasinfo.org\/wp-content\/uploads\/2025\/08\/IMG_2383.jpeg","type":"image\/jpeg"}],"author":"admin","twitter_card":"summary_large_image","twitter_misc":{"Written by":"admin","Est. reading time":"2 minutes"},"schema":{"@context":"https:\/\/schema.org","@graph":[{"@type":"WebPage","@id":"https:\/\/veritasinfo.org\/?p=7353","url":"https:\/\/veritasinfo.org\/?p=7353","name":"Demantohet Ministria e Drejt\u00ebsis\u00eb serbe - Haxhiu: Popoviqi pranoj fajin me vullnet t\u00eb plot\u00eb, jo n\u00ebn presion -","isPartOf":{"@id":"https:\/\/veritasinfo.org\/#website"},"primaryImageOfPage":{"@id":"https:\/\/veritasinfo.org\/?p=7353#primaryimage"},"image":{"@id":"https:\/\/veritasinfo.org\/?p=7353#primaryimage"},"thumbnailUrl":"https:\/\/veritasinfo.org\/wp-content\/uploads\/2025\/08\/IMG_2383.jpeg","datePublished":"2025-08-09T14:18:05+00:00","dateModified":"2025-08-09T18:15:58+00:00","author":{"@id":"https:\/\/veritasinfo.org\/#\/schema\/person\/7701f8c088bece422266b100a712374f"},"breadcrumb":{"@id":"https:\/\/veritasinfo.org\/?p=7353#breadcrumb"},"inLanguage":"en-US","potentialAction":[{"@type":"ReadAction","target":["https:\/\/veritasinfo.org\/?p=7353"]}]},{"@type":"ImageObject","inLanguage":"en-US","@id":"https:\/\/veritasinfo.org\/?p=7353#primaryimage","url":"https:\/\/veritasinfo.org\/wp-content\/uploads\/2025\/08\/IMG_2383.jpeg","contentUrl":"https:\/\/veritasinfo.org\/wp-content\/uploads\/2025\/08\/IMG_2383.jpeg","width":2286,"height":1290,"caption":"Screenshot"},{"@type":"BreadcrumbList","@id":"https:\/\/veritasinfo.org\/?p=7353#breadcrumb","itemListElement":[{"@type":"ListItem","position":1,"name":"Home","item":"https:\/\/veritasinfo.org\/"},{"@type":"ListItem","position":2,"name":"Demantohet Ministria e Drejt\u00ebsis\u00eb serbe &#8211; Haxhiu: Popoviqi pranoj fajin me vullnet t\u00eb plot\u00eb, jo n\u00ebn presion"}]},{"@type":"WebSite","@id":"https:\/\/veritasinfo.org\/#website","url":"https:\/\/veritasinfo.org\/","name":"","description":"","potentialAction":[{"@type":"SearchAction","target":{"@type":"EntryPoint","urlTemplate":"https:\/\/veritasinfo.org\/?s={search_term_string}"},"query-input":{"@type":"PropertyValueSpecification","valueRequired":true,"valueName":"search_term_string"}}],"inLanguage":"en-US"},{"@type":"Person","@id":"https:\/\/veritasinfo.org\/#\/schema\/person\/7701f8c088bece422266b100a712374f","name":"admin","image":{"@type":"ImageObject","inLanguage":"en-US","@id":"https:\/\/veritasinfo.org\/#\/schema\/person\/image\/","url":"https:\/\/secure.gravatar.com\/avatar\/ea53aa3bf6c9a12d5fde8ce4deff43fef3885ae33cf60184161a50d6987cfd2f?s=96&d=mm&r=g","contentUrl":"https:\/\/secure.gravatar.com\/avatar\/ea53aa3bf6c9a12d5fde8ce4deff43fef3885ae33cf60184161a50d6987cfd2f?s=96&d=mm&r=g","caption":"admin"},"sameAs":["https:\/\/veritasinfo.org"],"url":"https:\/\/veritasinfo.org\/?author=1"}]}},"featured_image_urls":{"full":["https:\/\/veritasinfo.org\/wp-content\/uploads\/2025\/08\/IMG_2383.jpeg",2286,1290,false],"thumbnail":["https:\/\/veritasinfo.org\/wp-content\/uploads\/2025\/08\/IMG_2383-150x150.jpeg",150,150,true],"medium":["https:\/\/veritasinfo.org\/wp-content\/uploads\/2025\/08\/IMG_2383-300x169.jpeg",300,169,true],"medium_large":["https:\/\/veritasinfo.org\/wp-content\/uploads\/2025\/08\/IMG_2383-768x433.jpeg",640,361,true],"large":["https:\/\/veritasinfo.org\/wp-content\/uploads\/2025\/08\/IMG_2383-1024x578.jpeg",640,361,true],"1536x1536":["https:\/\/veritasinfo.org\/wp-content\/uploads\/2025\/08\/IMG_2383-1536x867.jpeg",1536,867,true],"2048x2048":["https:\/\/veritasinfo.org\/wp-content\/uploads\/2025\/08\/IMG_2383-2048x1156.jpeg",2048,1156,true],"kreeti-slider-full":["https:\/\/veritasinfo.org\/wp-content\/uploads\/2025\/08\/IMG_2383.jpeg",1276,720,false],"kreeti-featured":["https:\/\/veritasinfo.org\/wp-content\/uploads\/2025\/08\/IMG_2383.jpeg",1024,578,false],"kreeti-medium":["https:\/\/veritasinfo.org\/wp-content\/uploads\/2025\/08\/IMG_2383.jpeg",720,406,false],"kreeti-medium-square":["https:\/\/veritasinfo.org\/wp-content\/uploads\/2025\/08\/IMG_2383.jpeg",350,198,false]},"author_info":{"info":["admin"]},"category_info":"<a href=\"https:\/\/veritasinfo.org\/?cat=58\" rel=\"category\">Politik\u00eb<\/a>","tag_info":"Politik\u00eb","comment_count":"0","_links":{"self":[{"href":"https:\/\/veritasinfo.org\/index.php?rest_route=\/wp\/v2\/posts\/7353","targetHints":{"allow":["GET"]}}],"collection":[{"href":"https:\/\/veritasinfo.org\/index.php?rest_route=\/wp\/v2\/posts"}],"about":[{"href":"https:\/\/veritasinfo.org\/index.php?rest_route=\/wp\/v2\/types\/post"}],"author":[{"embeddable":true,"href":"https:\/\/veritasinfo.org\/index.php?rest_route=\/wp\/v2\/users\/1"}],"replies":[{"embeddable":true,"href":"https:\/\/veritasinfo.org\/index.php?rest_route=%2Fwp%2Fv2%2Fcomments&post=7353"}],"version-history":[{"count":6,"href":"https:\/\/veritasinfo.org\/index.php?rest_route=\/wp\/v2\/posts\/7353\/revisions"}],"predecessor-version":[{"id":7377,"href":"https:\/\/veritasinfo.org\/index.php?rest_route=\/wp\/v2\/posts\/7353\/revisions\/7377"}],"wp:featuredmedia":[{"embeddable":true,"href":"https:\/\/veritasinfo.org\/index.php?rest_route=\/wp\/v2\/media\/7354"}],"wp:attachment":[{"href":"https:\/\/veritasinfo.org\/index.php?rest_route=%2Fwp%2Fv2%2Fmedia&parent=7353"}],"wp:term":[{"taxonomy":"category","embeddable":true,"href":"https:\/\/veritasinfo.org\/index.php?rest_route=%2Fwp%2Fv2%2Fcategories&post=7353"},{"taxonomy":"post_tag","embeddable":true,"href":"https:\/\/veritasinfo.org\/index.php?rest_route=%2Fwp%2Fv2%2Ftags&post=7353"}],"curies":[{"name":"wp","href":"https:\/\/api.w.org\/{rel}","templated":true}]}}