{"id":7339,"date":"2025-08-09T14:25:56","date_gmt":"2025-08-09T12:25:56","guid":{"rendered":"https:\/\/veritasinfo.org\/?p=7339"},"modified":"2025-08-09T14:25:56","modified_gmt":"2025-08-09T12:25:56","slug":"perimet-vendore-shkojne-jashte-tregu-mbushet-me-import","status":"publish","type":"post","link":"https:\/\/veritasinfo.org\/?p=7339","title":{"rendered":"Perimet vendore shkojn\u00eb jasht\u00eb, tregu mbushet me import"},"content":{"rendered":"<p>Prishtin\u00eb, 09 Gusht 2025<\/p>\n<p>Fermeri Erbril Mazreku, 32-vje\u00e7ar nga komuna e Mamush\u00ebs n\u00eb rajonin e Prizrenit, ka t\u00eb mbjell\u00eb rreth 2.5 hektar\u00eb tok\u00eb me domate n\u00eb serr\u00eb.<\/p>\n<p>Mazreku, nga mesi i muajit qershor deri n\u00eb fillim t\u00eb muajit gusht, ka mbledhur rreth 150 ton\u00eb domate dhe pret t\u00eb vjel\u00eb edhe 150 t\u00eb tjer\u00eb.<\/p>\n<p>E gjith\u00eb kjo sasi \u00ebsht\u00eb shitur n\u00eb tregjet evropiane.<\/p>\n<p>\u201cDomatet n\u00eb treg vendor nuk i shes. \u00c7mimi \u00ebsht\u00eb m\u00eb i lir\u00eb, kurse jasht\u00eb i shes m\u00eb shpejt\u00eb dhe me shtrenjt\u00eb. T\u00eb fresk\u00ebta i d\u00ebrgoj n\u00eb nj\u00eb pik\u00eb grumbulluese k\u00ebtu n\u00eb Mamush\u00eb dhe ai i eksporton jasht\u00eb vendit. \u00c7mimi sivjet \u00ebsht\u00eb i mir\u00eb, 60 cent p\u00ebr kilogram, kurse n\u00eb tregun vendor shkon m\u00eb lir\u00eb\u201d, i tha ai Radios Evropa e Lir\u00eb.<\/p>\n<p>N\u00eb pik\u00ebn grumbulluese Eurota\u00e7, po n\u00eb Mamush\u00eb, p\u00ebrve\u00e7 domateve jan\u00eb duke u grumbulluar edhe tranguj, lakra, qep\u00eb, patate, dhe pritet q\u00eb s\u00eb shpejti t\u00eb filloj\u00eb edhe grumbullimi i specave. Shumica jan\u00eb nga serrat dhe t\u00eb gjitha eksportohen n\u00eb vendet e Ballkanit dhe t\u00eb Evrop\u00ebs.<\/p>\n<p>Pronari i k\u00ebsaj kompanie Nehat Tha\u00e7i, i tha Radios Evropa e Lir\u00eb se k\u00ebrkesa p\u00ebr prodhime vendore e ka tejkaluar ofert\u00ebn vendore.<\/p>\n<p>&#8220;Sa t\u00eb ofrojn\u00eb fermer\u00ebt ne eksportojm\u00eb, specat dhe domatet jan\u00eb shum\u00eb te k\u00ebrkuara&#8221;.<\/p>\n<p>\u201cVet\u00ebm p\u00ebr 20 dit\u00eb t\u00eb muajit korrik kemi eksportuar k\u00ebto lloje t\u00eb kulturave n\u00eb vler\u00eb t\u00eb mbi 1 milion eurove, nd\u00ebrsa deri n\u00eb fund t\u00eb sezonit kemi t\u00eb kontraktuar sasi deri n\u00eb 3 milion\u00eb euro\u201d, tha Mazreku.<\/p>\n<p>Ai tregoi se vitin e kaluar ka eksportuar sasi n\u00eb vler\u00eb t\u00eb 1.5 milion eurove.<\/p>\n<p>\u201cP\u00ebr \u00e7do vit ka rritje t\u00eb k\u00ebrkesave p\u00ebr t\u00eb gjitha k\u00ebto produkte\u201d, tha Mazreku p\u00ebr Radion Evropa e Lir\u00eb.<\/p>\n<p>Sipas t\u00eb dh\u00ebnave t\u00eb Dogan\u00ebs s\u00eb Kosov\u00ebs, p\u00ebr periudh\u00ebn janar-qershor 2025, eksportet e perimeve kan\u00eb arritur vlera t\u00eb konsiderueshme: domatet rreth 30 mij\u00eb euro, specat 50 mij\u00eb euro, trangujt 277 mij\u00eb euro, nd\u00ebrsa patatet afro 1.1 milion euro.<\/p>\n<p>K\u00ebto shifra nuk p\u00ebrfshijn\u00eb muajin korrik, kur zakonisht arrihet kulmi i prodhimit dhe eksporti i k\u00ebtyre kulturave.<\/p>\n<p>Megjithat\u00eb, kjo rritje e eksportit nuk \u00ebsht\u00eb reflektuar n\u00eb ulje t\u00eb \u00e7mimeve p\u00ebr konsumator\u00ebt vendor\u00eb.<\/p>\n<p>Edhe pse n\u00eb treg ka prodhime vendore, \u00e7mimet mbeten t\u00eb larta p\u00ebr standardin e shum\u00eb qytetar\u00ebve, me pag\u00eb mesatare prej 639 eurosh.<\/p>\n<p>Gjat\u00eb muajve t\u00eb ver\u00ebs, \u00e7mimet p\u00ebr nj\u00eb kilogram speca arrijn\u00eb deri n\u00eb 1.50 euro, domatet deri n\u00eb 1.20 euro, trangujt mbi 1 euro, nd\u00ebrsa patatet pak m\u00eb lir\u00eb \u2013 \u00e7mime q\u00eb ndryshojn\u00eb var\u00ebsisht nga lokacioni apo dyqani.<\/p>\n","protected":false},"excerpt":{"rendered":"<p>Prishtin\u00eb, 09 Gusht 2025 Fermeri Erbril Mazreku, 32-vje\u00e7ar nga komuna e Mamush\u00ebs n\u00eb rajonin e Prizrenit, ka t\u00eb mbjell\u00eb rreth 2.5 hektar\u00eb tok\u00eb me domate<\/p>\n","protected":false},"author":1,"featured_media":7340,"comment_status":"open","ping_status":"open","sticky":false,"template":"","format":"standard","meta":{"footnotes":""},"categories":[60],"tags":[],"class_list":["post-7339","post","type-post","status-publish","format-standard","has-post-thumbnail","hentry","category-shoqerore-sq"],"yoast_head":"<!-- This site is optimized with the Yoast SEO plugin v25.3.1 - https:\/\/yoast.com\/wordpress\/plugins\/seo\/ -->\n<title>Perimet vendore shkojn\u00eb jasht\u00eb, tregu mbushet me import -<\/title>\n<meta name=\"robots\" content=\"index, follow, max-snippet:-1, max-image-preview:large, max-video-preview:-1\" \/>\n<link rel=\"canonical\" href=\"https:\/\/veritasinfo.org\/?p=7339\" \/>\n<meta property=\"og:locale\" content=\"en_US\" \/>\n<meta property=\"og:type\" content=\"article\" \/>\n<meta property=\"og:title\" content=\"Perimet vendore shkojn\u00eb jasht\u00eb, tregu mbushet me import -\" \/>\n<meta property=\"og:description\" content=\"Prishtin\u00eb, 09 Gusht 2025 Fermeri Erbril Mazreku, 32-vje\u00e7ar nga komuna e Mamush\u00ebs n\u00eb rajonin e Prizrenit, ka t\u00eb mbjell\u00eb rreth 2.5 hektar\u00eb tok\u00eb me domate\" \/>\n<meta property=\"og:url\" content=\"https:\/\/veritasinfo.org\/?p=7339\" \/>\n<meta property=\"article:published_time\" content=\"2025-08-09T12:25:56+00:00\" \/>\n<meta property=\"og:image\" content=\"https:\/\/veritasinfo.org\/wp-content\/uploads\/2025\/08\/IMG_2816.jpeg\" \/>\n\t<meta property=\"og:image:width\" content=\"408\" \/>\n\t<meta property=\"og:image:height\" content=\"230\" \/>\n\t<meta property=\"og:image:type\" content=\"image\/jpeg\" \/>\n<meta name=\"author\" content=\"admin\" \/>\n<meta name=\"twitter:card\" content=\"summary_large_image\" \/>\n<meta name=\"twitter:label1\" content=\"Written by\" \/>\n\t<meta name=\"twitter:data1\" content=\"admin\" \/>\n\t<meta name=\"twitter:label2\" content=\"Est. reading time\" \/>\n\t<meta name=\"twitter:data2\" content=\"2 minutes\" \/>\n<script type=\"application\/ld+json\" class=\"yoast-schema-graph\">{\"@context\":\"https:\/\/schema.org\",\"@graph\":[{\"@type\":\"WebPage\",\"@id\":\"https:\/\/veritasinfo.org\/?p=7339\",\"url\":\"https:\/\/veritasinfo.org\/?p=7339\",\"name\":\"Perimet vendore shkojn\u00eb jasht\u00eb, tregu mbushet me import -\",\"isPartOf\":{\"@id\":\"https:\/\/veritasinfo.org\/#website\"},\"primaryImageOfPage\":{\"@id\":\"https:\/\/veritasinfo.org\/?p=7339#primaryimage\"},\"image\":{\"@id\":\"https:\/\/veritasinfo.org\/?p=7339#primaryimage\"},\"thumbnailUrl\":\"https:\/\/veritasinfo.org\/wp-content\/uploads\/2025\/08\/IMG_2816.jpeg\",\"datePublished\":\"2025-08-09T12:25:56+00:00\",\"author\":{\"@id\":\"https:\/\/veritasinfo.org\/#\/schema\/person\/7701f8c088bece422266b100a712374f\"},\"breadcrumb\":{\"@id\":\"https:\/\/veritasinfo.org\/?p=7339#breadcrumb\"},\"inLanguage\":\"en-US\",\"potentialAction\":[{\"@type\":\"ReadAction\",\"target\":[\"https:\/\/veritasinfo.org\/?p=7339\"]}]},{\"@type\":\"ImageObject\",\"inLanguage\":\"en-US\",\"@id\":\"https:\/\/veritasinfo.org\/?p=7339#primaryimage\",\"url\":\"https:\/\/veritasinfo.org\/wp-content\/uploads\/2025\/08\/IMG_2816.jpeg\",\"contentUrl\":\"https:\/\/veritasinfo.org\/wp-content\/uploads\/2025\/08\/IMG_2816.jpeg\",\"width\":408,\"height\":230},{\"@type\":\"BreadcrumbList\",\"@id\":\"https:\/\/veritasinfo.org\/?p=7339#breadcrumb\",\"itemListElement\":[{\"@type\":\"ListItem\",\"position\":1,\"name\":\"Home\",\"item\":\"https:\/\/veritasinfo.org\/\"},{\"@type\":\"ListItem\",\"position\":2,\"name\":\"Perimet vendore shkojn\u00eb jasht\u00eb, tregu mbushet me import\"}]},{\"@type\":\"WebSite\",\"@id\":\"https:\/\/veritasinfo.org\/#website\",\"url\":\"https:\/\/veritasinfo.org\/\",\"name\":\"\",\"description\":\"\",\"potentialAction\":[{\"@type\":\"SearchAction\",\"target\":{\"@type\":\"EntryPoint\",\"urlTemplate\":\"https:\/\/veritasinfo.org\/?s={search_term_string}\"},\"query-input\":{\"@type\":\"PropertyValueSpecification\",\"valueRequired\":true,\"valueName\":\"search_term_string\"}}],\"inLanguage\":\"en-US\"},{\"@type\":\"Person\",\"@id\":\"https:\/\/veritasinfo.org\/#\/schema\/person\/7701f8c088bece422266b100a712374f\",\"name\":\"admin\",\"image\":{\"@type\":\"ImageObject\",\"inLanguage\":\"en-US\",\"@id\":\"https:\/\/veritasinfo.org\/#\/schema\/person\/image\/\",\"url\":\"https:\/\/secure.gravatar.com\/avatar\/ea53aa3bf6c9a12d5fde8ce4deff43fef3885ae33cf60184161a50d6987cfd2f?s=96&d=mm&r=g\",\"contentUrl\":\"https:\/\/secure.gravatar.com\/avatar\/ea53aa3bf6c9a12d5fde8ce4deff43fef3885ae33cf60184161a50d6987cfd2f?s=96&d=mm&r=g\",\"caption\":\"admin\"},\"sameAs\":[\"https:\/\/veritasinfo.org\"],\"url\":\"https:\/\/veritasinfo.org\/?author=1\"}]}<\/script>\n<!-- \/ Yoast SEO plugin. -->","yoast_head_json":{"title":"Perimet vendore shkojn\u00eb jasht\u00eb, tregu mbushet me import -","robots":{"index":"index","follow":"follow","max-snippet":"max-snippet:-1","max-image-preview":"max-image-preview:large","max-video-preview":"max-video-preview:-1"},"canonical":"https:\/\/veritasinfo.org\/?p=7339","og_locale":"en_US","og_type":"article","og_title":"Perimet vendore shkojn\u00eb jasht\u00eb, tregu mbushet me import -","og_description":"Prishtin\u00eb, 09 Gusht 2025 Fermeri Erbril Mazreku, 32-vje\u00e7ar nga komuna e Mamush\u00ebs n\u00eb rajonin e Prizrenit, ka t\u00eb mbjell\u00eb rreth 2.5 hektar\u00eb tok\u00eb me domate","og_url":"https:\/\/veritasinfo.org\/?p=7339","article_published_time":"2025-08-09T12:25:56+00:00","og_image":[{"width":408,"height":230,"url":"https:\/\/veritasinfo.org\/wp-content\/uploads\/2025\/08\/IMG_2816.jpeg","type":"image\/jpeg"}],"author":"admin","twitter_card":"summary_large_image","twitter_misc":{"Written by":"admin","Est. reading time":"2 minutes"},"schema":{"@context":"https:\/\/schema.org","@graph":[{"@type":"WebPage","@id":"https:\/\/veritasinfo.org\/?p=7339","url":"https:\/\/veritasinfo.org\/?p=7339","name":"Perimet vendore shkojn\u00eb jasht\u00eb, tregu mbushet me import -","isPartOf":{"@id":"https:\/\/veritasinfo.org\/#website"},"primaryImageOfPage":{"@id":"https:\/\/veritasinfo.org\/?p=7339#primaryimage"},"image":{"@id":"https:\/\/veritasinfo.org\/?p=7339#primaryimage"},"thumbnailUrl":"https:\/\/veritasinfo.org\/wp-content\/uploads\/2025\/08\/IMG_2816.jpeg","datePublished":"2025-08-09T12:25:56+00:00","author":{"@id":"https:\/\/veritasinfo.org\/#\/schema\/person\/7701f8c088bece422266b100a712374f"},"breadcrumb":{"@id":"https:\/\/veritasinfo.org\/?p=7339#breadcrumb"},"inLanguage":"en-US","potentialAction":[{"@type":"ReadAction","target":["https:\/\/veritasinfo.org\/?p=7339"]}]},{"@type":"ImageObject","inLanguage":"en-US","@id":"https:\/\/veritasinfo.org\/?p=7339#primaryimage","url":"https:\/\/veritasinfo.org\/wp-content\/uploads\/2025\/08\/IMG_2816.jpeg","contentUrl":"https:\/\/veritasinfo.org\/wp-content\/uploads\/2025\/08\/IMG_2816.jpeg","width":408,"height":230},{"@type":"BreadcrumbList","@id":"https:\/\/veritasinfo.org\/?p=7339#breadcrumb","itemListElement":[{"@type":"ListItem","position":1,"name":"Home","item":"https:\/\/veritasinfo.org\/"},{"@type":"ListItem","position":2,"name":"Perimet vendore shkojn\u00eb jasht\u00eb, tregu mbushet me import"}]},{"@type":"WebSite","@id":"https:\/\/veritasinfo.org\/#website","url":"https:\/\/veritasinfo.org\/","name":"","description":"","potentialAction":[{"@type":"SearchAction","target":{"@type":"EntryPoint","urlTemplate":"https:\/\/veritasinfo.org\/?s={search_term_string}"},"query-input":{"@type":"PropertyValueSpecification","valueRequired":true,"valueName":"search_term_string"}}],"inLanguage":"en-US"},{"@type":"Person","@id":"https:\/\/veritasinfo.org\/#\/schema\/person\/7701f8c088bece422266b100a712374f","name":"admin","image":{"@type":"ImageObject","inLanguage":"en-US","@id":"https:\/\/veritasinfo.org\/#\/schema\/person\/image\/","url":"https:\/\/secure.gravatar.com\/avatar\/ea53aa3bf6c9a12d5fde8ce4deff43fef3885ae33cf60184161a50d6987cfd2f?s=96&d=mm&r=g","contentUrl":"https:\/\/secure.gravatar.com\/avatar\/ea53aa3bf6c9a12d5fde8ce4deff43fef3885ae33cf60184161a50d6987cfd2f?s=96&d=mm&r=g","caption":"admin"},"sameAs":["https:\/\/veritasinfo.org"],"url":"https:\/\/veritasinfo.org\/?author=1"}]}},"featured_image_urls":{"full":["https:\/\/veritasinfo.org\/wp-content\/uploads\/2025\/08\/IMG_2816.jpeg",408,230,false],"thumbnail":["https:\/\/veritasinfo.org\/wp-content\/uploads\/2025\/08\/IMG_2816-150x150.jpeg",150,150,true],"medium":["https:\/\/veritasinfo.org\/wp-content\/uploads\/2025\/08\/IMG_2816-300x169.jpeg",300,169,true],"medium_large":["https:\/\/veritasinfo.org\/wp-content\/uploads\/2025\/08\/IMG_2816.jpeg",408,230,false],"large":["https:\/\/veritasinfo.org\/wp-content\/uploads\/2025\/08\/IMG_2816.jpeg",408,230,false],"1536x1536":["https:\/\/veritasinfo.org\/wp-content\/uploads\/2025\/08\/IMG_2816.jpeg",408,230,false],"2048x2048":["https:\/\/veritasinfo.org\/wp-content\/uploads\/2025\/08\/IMG_2816.jpeg",408,230,false],"kreeti-slider-full":["https:\/\/veritasinfo.org\/wp-content\/uploads\/2025\/08\/IMG_2816.jpeg",408,230,false],"kreeti-featured":["https:\/\/veritasinfo.org\/wp-content\/uploads\/2025\/08\/IMG_2816.jpeg",408,230,false],"kreeti-medium":["https:\/\/veritasinfo.org\/wp-content\/uploads\/2025\/08\/IMG_2816.jpeg",408,230,false],"kreeti-medium-square":["https:\/\/veritasinfo.org\/wp-content\/uploads\/2025\/08\/IMG_2816.jpeg",350,197,false]},"author_info":{"info":["admin"]},"category_info":"<a href=\"https:\/\/veritasinfo.org\/?cat=60\" rel=\"category\">Shoq\u00ebrore<\/a>","tag_info":"Shoq\u00ebrore","comment_count":"0","_links":{"self":[{"href":"https:\/\/veritasinfo.org\/index.php?rest_route=\/wp\/v2\/posts\/7339","targetHints":{"allow":["GET"]}}],"collection":[{"href":"https:\/\/veritasinfo.org\/index.php?rest_route=\/wp\/v2\/posts"}],"about":[{"href":"https:\/\/veritasinfo.org\/index.php?rest_route=\/wp\/v2\/types\/post"}],"author":[{"embeddable":true,"href":"https:\/\/veritasinfo.org\/index.php?rest_route=\/wp\/v2\/users\/1"}],"replies":[{"embeddable":true,"href":"https:\/\/veritasinfo.org\/index.php?rest_route=%2Fwp%2Fv2%2Fcomments&post=7339"}],"version-history":[{"count":1,"href":"https:\/\/veritasinfo.org\/index.php?rest_route=\/wp\/v2\/posts\/7339\/revisions"}],"predecessor-version":[{"id":7341,"href":"https:\/\/veritasinfo.org\/index.php?rest_route=\/wp\/v2\/posts\/7339\/revisions\/7341"}],"wp:featuredmedia":[{"embeddable":true,"href":"https:\/\/veritasinfo.org\/index.php?rest_route=\/wp\/v2\/media\/7340"}],"wp:attachment":[{"href":"https:\/\/veritasinfo.org\/index.php?rest_route=%2Fwp%2Fv2%2Fmedia&parent=7339"}],"wp:term":[{"taxonomy":"category","embeddable":true,"href":"https:\/\/veritasinfo.org\/index.php?rest_route=%2Fwp%2Fv2%2Fcategories&post=7339"},{"taxonomy":"post_tag","embeddable":true,"href":"https:\/\/veritasinfo.org\/index.php?rest_route=%2Fwp%2Fv2%2Ftags&post=7339"}],"curies":[{"name":"wp","href":"https:\/\/api.w.org\/{rel}","templated":true}]}}