{"id":7324,"date":"2025-08-09T13:03:21","date_gmt":"2025-08-09T11:03:21","guid":{"rendered":"https:\/\/veritasinfo.org\/?p=7324"},"modified":"2025-08-09T13:03:21","modified_gmt":"2025-08-09T11:03:21","slug":"kurti-na-otvaranju-festivala-mitrovica-international-jazz","status":"publish","type":"post","link":"https:\/\/veritasinfo.org\/?p=7324&lang=sr","title":{"rendered":"Kurti na otvaranju festivala \u201eMitrovica International Jazz\u201c"},"content":{"rendered":"<p>Ju\u017ena Mitrovica, 09 avgust 2025<\/p>\n<p>Premijer u tehni\u010dkom mandatu Republike Kosovo, Albin Kurti, sino\u0107 je prisustvovao otvaranju tre\u0107eg izdanja festivala \u201eMitrovica International Jazz\u201c, koji se odr\u017eava u Gradskom parku u Mitrovici.<\/p>\n<p>Na ovom kulturno-festivalskom doga\u0111aju, premijer Kurti je izjavio da \u201eMitrovica International Jazz Days\u201c objedinjuje kako me\u0111unarodnu i univerzalnu dimenziju muzike, tako i posebnost d\u017eez \u017eanra. Ovo je festival koji donosi kvalitetnu muziku, stvara nove veze i oboga\u0107uje kulturni \u017eivot grada.<\/p>\n<p>Sa devet koncerata i u\u010de\u0161\u0107em umetnika iz Holandije i Velike Britanije, on je naglasio da ovogodi\u0161nje izdanje donosi poseban spoj me\u0111unarodnog talenta i lokalnog gostoprimstva, \u010dine\u0107i da publika sa entuzijazmom prati doga\u0111aje i prihvati festival kao prirodni deo grada.<\/p>\n<p>\u201eOvih devet koncerata se odr\u017eavaju na obe strane Ibra, jer takva je va\u0161a Mitrovica \u2013 Mitrovica svih nas, dakle na obe strane Ibra, i niko ne mo\u017ee da zaustavi ili ugrozi ovaj zajedni\u010dki kulturni razvoj. Republika Kosovo, preko Ministarstva kulture, omladine i sporta, nastavi\u0107e da podr\u017eava ovaj mitrovi\u010dki festival i sve inicijative koje osna\u017euju kulturni \u017eivot u na\u0161oj zemlji. Jer tamo gde ima kulture i umetnosti, ima razvoja, razumevanja i prostora za sve podjednako\u201c, rekao je on.<\/p>\n<p>Premijer Kurti se zahvalio svima koji su radili na realizaciji ovog festivala, rekav\u0161i da organizacija ovakvog doga\u0111aja zahteva veliku posve\u0107enost i blisku saradnju izme\u0111u institucija, umetnika i zajednice, kao i zahvalnost svakome ko je dao svoj doprinos.<\/p>\n<p>\u201e\u010cestitke povodom ovog uspe\u0161nog izdanja. \u017delim da Mitrovica International Jazz Festival nastavi da raste svake godine, donose\u0107i vi\u0161e muzike danju i no\u0107u, vi\u0161e saradnje svuda i vi\u0161e mogu\u0107nosti za samu Mitrovicu i celu Kosovo\u201c, rekao je on na kraju svog obra\u0107anja.<\/p>\n","protected":false},"excerpt":{"rendered":"<p>Ju\u017ena Mitrovica, 09 avgust 2025 Premijer u tehni\u010dkom mandatu Republike Kosovo, Albin Kurti, sino\u0107 je prisustvovao otvaranju tre\u0107eg izdanja festivala \u201eMitrovica International Jazz\u201c, koji se<\/p>\n","protected":false},"author":1,"featured_media":7320,"comment_status":"open","ping_status":"open","sticky":false,"template":"","format":"standard","meta":{"footnotes":""},"categories":[34],"tags":[],"class_list":["post-7324","post","type-post","status-publish","format-standard","has-post-thumbnail","hentry","category-kultura"],"yoast_head":"<!-- This site is optimized with the Yoast SEO plugin v25.3.1 - https:\/\/yoast.com\/wordpress\/plugins\/seo\/ -->\n<title>Kurti na otvaranju festivala \u201eMitrovica International Jazz\u201c -<\/title>\n<meta name=\"robots\" content=\"index, follow, max-snippet:-1, max-image-preview:large, max-video-preview:-1\" \/>\n<link rel=\"canonical\" href=\"https:\/\/veritasinfo.org\/?p=7324&lang=sr\" \/>\n<meta property=\"og:locale\" content=\"en_US\" \/>\n<meta property=\"og:type\" content=\"article\" \/>\n<meta property=\"og:title\" content=\"Kurti na otvaranju festivala \u201eMitrovica International Jazz\u201c -\" \/>\n<meta property=\"og:description\" content=\"Ju\u017ena Mitrovica, 09 avgust 2025 Premijer u tehni\u010dkom mandatu Republike Kosovo, Albin Kurti, sino\u0107 je prisustvovao otvaranju tre\u0107eg izdanja festivala \u201eMitrovica International Jazz\u201c, koji se\" \/>\n<meta property=\"og:url\" content=\"https:\/\/veritasinfo.org\/?p=7324&amp;lang=sr\" \/>\n<meta property=\"article:published_time\" content=\"2025-08-09T11:03:21+00:00\" \/>\n<meta property=\"og:image\" content=\"https:\/\/veritasinfo.org\/wp-content\/uploads\/2025\/08\/IMG_2815.jpeg\" \/>\n\t<meta property=\"og:image:width\" content=\"780\" \/>\n\t<meta property=\"og:image:height\" content=\"500\" \/>\n\t<meta property=\"og:image:type\" content=\"image\/jpeg\" \/>\n<meta name=\"author\" content=\"admin\" \/>\n<meta name=\"twitter:card\" content=\"summary_large_image\" \/>\n<meta name=\"twitter:label1\" content=\"Written by\" \/>\n\t<meta name=\"twitter:data1\" content=\"admin\" \/>\n\t<meta name=\"twitter:label2\" content=\"Est. reading time\" \/>\n\t<meta name=\"twitter:data2\" content=\"2 minutes\" \/>\n<script type=\"application\/ld+json\" class=\"yoast-schema-graph\">{\"@context\":\"https:\/\/schema.org\",\"@graph\":[{\"@type\":\"WebPage\",\"@id\":\"https:\/\/veritasinfo.org\/?p=7324&lang=sr\",\"url\":\"https:\/\/veritasinfo.org\/?p=7324&lang=sr\",\"name\":\"Kurti na otvaranju festivala \u201eMitrovica International Jazz\u201c -\",\"isPartOf\":{\"@id\":\"https:\/\/veritasinfo.org\/#website\"},\"primaryImageOfPage\":{\"@id\":\"https:\/\/veritasinfo.org\/?p=7324&lang=sr#primaryimage\"},\"image\":{\"@id\":\"https:\/\/veritasinfo.org\/?p=7324&lang=sr#primaryimage\"},\"thumbnailUrl\":\"https:\/\/veritasinfo.org\/wp-content\/uploads\/2025\/08\/IMG_2815.jpeg\",\"datePublished\":\"2025-08-09T11:03:21+00:00\",\"author\":{\"@id\":\"https:\/\/veritasinfo.org\/#\/schema\/person\/7701f8c088bece422266b100a712374f\"},\"breadcrumb\":{\"@id\":\"https:\/\/veritasinfo.org\/?p=7324&lang=sr#breadcrumb\"},\"inLanguage\":\"en-US\",\"potentialAction\":[{\"@type\":\"ReadAction\",\"target\":[\"https:\/\/veritasinfo.org\/?p=7324&lang=sr\"]}]},{\"@type\":\"ImageObject\",\"inLanguage\":\"en-US\",\"@id\":\"https:\/\/veritasinfo.org\/?p=7324&lang=sr#primaryimage\",\"url\":\"https:\/\/veritasinfo.org\/wp-content\/uploads\/2025\/08\/IMG_2815.jpeg\",\"contentUrl\":\"https:\/\/veritasinfo.org\/wp-content\/uploads\/2025\/08\/IMG_2815.jpeg\",\"width\":780,\"height\":500},{\"@type\":\"BreadcrumbList\",\"@id\":\"https:\/\/veritasinfo.org\/?p=7324&lang=sr#breadcrumb\",\"itemListElement\":[{\"@type\":\"ListItem\",\"position\":1,\"name\":\"Home\",\"item\":\"https:\/\/veritasinfo.org\/\"},{\"@type\":\"ListItem\",\"position\":2,\"name\":\"Kurti na otvaranju festivala \u201eMitrovica International Jazz\u201c\"}]},{\"@type\":\"WebSite\",\"@id\":\"https:\/\/veritasinfo.org\/#website\",\"url\":\"https:\/\/veritasinfo.org\/\",\"name\":\"\",\"description\":\"\",\"potentialAction\":[{\"@type\":\"SearchAction\",\"target\":{\"@type\":\"EntryPoint\",\"urlTemplate\":\"https:\/\/veritasinfo.org\/?s={search_term_string}\"},\"query-input\":{\"@type\":\"PropertyValueSpecification\",\"valueRequired\":true,\"valueName\":\"search_term_string\"}}],\"inLanguage\":\"en-US\"},{\"@type\":\"Person\",\"@id\":\"https:\/\/veritasinfo.org\/#\/schema\/person\/7701f8c088bece422266b100a712374f\",\"name\":\"admin\",\"image\":{\"@type\":\"ImageObject\",\"inLanguage\":\"en-US\",\"@id\":\"https:\/\/veritasinfo.org\/#\/schema\/person\/image\/\",\"url\":\"https:\/\/secure.gravatar.com\/avatar\/ea53aa3bf6c9a12d5fde8ce4deff43fef3885ae33cf60184161a50d6987cfd2f?s=96&d=mm&r=g\",\"contentUrl\":\"https:\/\/secure.gravatar.com\/avatar\/ea53aa3bf6c9a12d5fde8ce4deff43fef3885ae33cf60184161a50d6987cfd2f?s=96&d=mm&r=g\",\"caption\":\"admin\"},\"sameAs\":[\"https:\/\/veritasinfo.org\"],\"url\":\"https:\/\/veritasinfo.org\/?author=1\"}]}<\/script>\n<!-- \/ Yoast SEO plugin. -->","yoast_head_json":{"title":"Kurti na otvaranju festivala \u201eMitrovica International Jazz\u201c -","robots":{"index":"index","follow":"follow","max-snippet":"max-snippet:-1","max-image-preview":"max-image-preview:large","max-video-preview":"max-video-preview:-1"},"canonical":"https:\/\/veritasinfo.org\/?p=7324&lang=sr","og_locale":"en_US","og_type":"article","og_title":"Kurti na otvaranju festivala \u201eMitrovica International Jazz\u201c -","og_description":"Ju\u017ena Mitrovica, 09 avgust 2025 Premijer u tehni\u010dkom mandatu Republike Kosovo, Albin Kurti, sino\u0107 je prisustvovao otvaranju tre\u0107eg izdanja festivala \u201eMitrovica International Jazz\u201c, koji se","og_url":"https:\/\/veritasinfo.org\/?p=7324&lang=sr","article_published_time":"2025-08-09T11:03:21+00:00","og_image":[{"width":780,"height":500,"url":"https:\/\/veritasinfo.org\/wp-content\/uploads\/2025\/08\/IMG_2815.jpeg","type":"image\/jpeg"}],"author":"admin","twitter_card":"summary_large_image","twitter_misc":{"Written by":"admin","Est. reading time":"2 minutes"},"schema":{"@context":"https:\/\/schema.org","@graph":[{"@type":"WebPage","@id":"https:\/\/veritasinfo.org\/?p=7324&lang=sr","url":"https:\/\/veritasinfo.org\/?p=7324&lang=sr","name":"Kurti na otvaranju festivala \u201eMitrovica International Jazz\u201c -","isPartOf":{"@id":"https:\/\/veritasinfo.org\/#website"},"primaryImageOfPage":{"@id":"https:\/\/veritasinfo.org\/?p=7324&lang=sr#primaryimage"},"image":{"@id":"https:\/\/veritasinfo.org\/?p=7324&lang=sr#primaryimage"},"thumbnailUrl":"https:\/\/veritasinfo.org\/wp-content\/uploads\/2025\/08\/IMG_2815.jpeg","datePublished":"2025-08-09T11:03:21+00:00","author":{"@id":"https:\/\/veritasinfo.org\/#\/schema\/person\/7701f8c088bece422266b100a712374f"},"breadcrumb":{"@id":"https:\/\/veritasinfo.org\/?p=7324&lang=sr#breadcrumb"},"inLanguage":"en-US","potentialAction":[{"@type":"ReadAction","target":["https:\/\/veritasinfo.org\/?p=7324&lang=sr"]}]},{"@type":"ImageObject","inLanguage":"en-US","@id":"https:\/\/veritasinfo.org\/?p=7324&lang=sr#primaryimage","url":"https:\/\/veritasinfo.org\/wp-content\/uploads\/2025\/08\/IMG_2815.jpeg","contentUrl":"https:\/\/veritasinfo.org\/wp-content\/uploads\/2025\/08\/IMG_2815.jpeg","width":780,"height":500},{"@type":"BreadcrumbList","@id":"https:\/\/veritasinfo.org\/?p=7324&lang=sr#breadcrumb","itemListElement":[{"@type":"ListItem","position":1,"name":"Home","item":"https:\/\/veritasinfo.org\/"},{"@type":"ListItem","position":2,"name":"Kurti na otvaranju festivala \u201eMitrovica International Jazz\u201c"}]},{"@type":"WebSite","@id":"https:\/\/veritasinfo.org\/#website","url":"https:\/\/veritasinfo.org\/","name":"","description":"","potentialAction":[{"@type":"SearchAction","target":{"@type":"EntryPoint","urlTemplate":"https:\/\/veritasinfo.org\/?s={search_term_string}"},"query-input":{"@type":"PropertyValueSpecification","valueRequired":true,"valueName":"search_term_string"}}],"inLanguage":"en-US"},{"@type":"Person","@id":"https:\/\/veritasinfo.org\/#\/schema\/person\/7701f8c088bece422266b100a712374f","name":"admin","image":{"@type":"ImageObject","inLanguage":"en-US","@id":"https:\/\/veritasinfo.org\/#\/schema\/person\/image\/","url":"https:\/\/secure.gravatar.com\/avatar\/ea53aa3bf6c9a12d5fde8ce4deff43fef3885ae33cf60184161a50d6987cfd2f?s=96&d=mm&r=g","contentUrl":"https:\/\/secure.gravatar.com\/avatar\/ea53aa3bf6c9a12d5fde8ce4deff43fef3885ae33cf60184161a50d6987cfd2f?s=96&d=mm&r=g","caption":"admin"},"sameAs":["https:\/\/veritasinfo.org"],"url":"https:\/\/veritasinfo.org\/?author=1"}]}},"featured_image_urls":{"full":["https:\/\/veritasinfo.org\/wp-content\/uploads\/2025\/08\/IMG_2815.jpeg",780,500,false],"thumbnail":["https:\/\/veritasinfo.org\/wp-content\/uploads\/2025\/08\/IMG_2815-150x150.jpeg",150,150,true],"medium":["https:\/\/veritasinfo.org\/wp-content\/uploads\/2025\/08\/IMG_2815-300x192.jpeg",300,192,true],"medium_large":["https:\/\/veritasinfo.org\/wp-content\/uploads\/2025\/08\/IMG_2815-768x492.jpeg",640,410,true],"large":["https:\/\/veritasinfo.org\/wp-content\/uploads\/2025\/08\/IMG_2815.jpeg",640,410,false],"1536x1536":["https:\/\/veritasinfo.org\/wp-content\/uploads\/2025\/08\/IMG_2815.jpeg",780,500,false],"2048x2048":["https:\/\/veritasinfo.org\/wp-content\/uploads\/2025\/08\/IMG_2815.jpeg",780,500,false],"kreeti-slider-full":["https:\/\/veritasinfo.org\/wp-content\/uploads\/2025\/08\/IMG_2815.jpeg",780,500,false],"kreeti-featured":["https:\/\/veritasinfo.org\/wp-content\/uploads\/2025\/08\/IMG_2815.jpeg",780,500,false],"kreeti-medium":["https:\/\/veritasinfo.org\/wp-content\/uploads\/2025\/08\/IMG_2815.jpeg",720,462,false],"kreeti-medium-square":["https:\/\/veritasinfo.org\/wp-content\/uploads\/2025\/08\/IMG_2815.jpeg",350,224,false]},"author_info":{"info":["admin"]},"category_info":"<a href=\"https:\/\/veritasinfo.org\/?cat=34&#038;lang=sr\" rel=\"category\">Kultura<\/a>","tag_info":"Kultura","comment_count":"0","_links":{"self":[{"href":"https:\/\/veritasinfo.org\/index.php?rest_route=\/wp\/v2\/posts\/7324","targetHints":{"allow":["GET"]}}],"collection":[{"href":"https:\/\/veritasinfo.org\/index.php?rest_route=\/wp\/v2\/posts"}],"about":[{"href":"https:\/\/veritasinfo.org\/index.php?rest_route=\/wp\/v2\/types\/post"}],"author":[{"embeddable":true,"href":"https:\/\/veritasinfo.org\/index.php?rest_route=\/wp\/v2\/users\/1"}],"replies":[{"embeddable":true,"href":"https:\/\/veritasinfo.org\/index.php?rest_route=%2Fwp%2Fv2%2Fcomments&post=7324"}],"version-history":[{"count":1,"href":"https:\/\/veritasinfo.org\/index.php?rest_route=\/wp\/v2\/posts\/7324\/revisions"}],"predecessor-version":[{"id":7325,"href":"https:\/\/veritasinfo.org\/index.php?rest_route=\/wp\/v2\/posts\/7324\/revisions\/7325"}],"wp:featuredmedia":[{"embeddable":true,"href":"https:\/\/veritasinfo.org\/index.php?rest_route=\/wp\/v2\/media\/7320"}],"wp:attachment":[{"href":"https:\/\/veritasinfo.org\/index.php?rest_route=%2Fwp%2Fv2%2Fmedia&parent=7324"}],"wp:term":[{"taxonomy":"category","embeddable":true,"href":"https:\/\/veritasinfo.org\/index.php?rest_route=%2Fwp%2Fv2%2Fcategories&post=7324"},{"taxonomy":"post_tag","embeddable":true,"href":"https:\/\/veritasinfo.org\/index.php?rest_route=%2Fwp%2Fv2%2Ftags&post=7324"}],"curies":[{"name":"wp","href":"https:\/\/api.w.org\/{rel}","templated":true}]}}