{"id":7319,"date":"2025-08-09T12:57:03","date_gmt":"2025-08-09T10:57:03","guid":{"rendered":"https:\/\/veritasinfo.org\/?p=7319"},"modified":"2025-08-09T12:58:32","modified_gmt":"2025-08-09T10:58:32","slug":"kurti-ne-hapjen-e-festivalit-mitrovica-internacional-jazz","status":"publish","type":"post","link":"https:\/\/veritasinfo.org\/?p=7319","title":{"rendered":"Kurti n\u00eb hapjen e festivalit `Mitrovica Internacional Jazz`"},"content":{"rendered":"<p>Mitrovic\u00eb Jugore, 09 Gusht 2025<\/p>\n<p><strong>Kryeministri n\u00eb detyr\u00eb i Republik\u00ebs s\u00eb Kosov\u00ebs, Albin Kurti, mbr\u00ebm\u00eb mori pjes\u00eb n\u00eb hapjen e edicionit t\u00eb tret\u00eb t\u00eb festivalit &#8220;Mitrovica Internacional Jazz&#8221;, q\u00eb po mbahet n\u00eb Parkun e Qytetit n\u00eb Mitrovic\u00eb.<\/strong><\/p>\n<p>&nbsp;<\/p>\n<p>N\u00eb k\u00ebt\u00eb mbr\u00ebmje kulturore festive, kryeministri Kurti tha se \u201cMitrovica International Jazz Days\u201d e b\u00ebn bashk\u00eb edhe dimensionin nd\u00ebrkomb\u00ebtar e universal t\u00eb muzik\u00ebs n\u00eb nj\u00ebr\u00ebn an\u00eb, por edhe n\u00eb an\u00ebn tjet\u00ebr ve\u00e7antin\u00eb e zhanrit t\u00eb Jazz-it. Ky \u00ebsht\u00eb nj\u00eb festival i cili sjell\u00eb muzik\u00eb cil\u00ebsore, krijon lidhje t\u00eb reja dhe pasuron jet\u00ebn kulturore t\u00eb qytetit.<\/p>\n<p>Me n\u00ebnt\u00eb koncerte dhe pjes\u00ebmarrje t\u00eb artist\u00ebve nga Holanda dhe Britania e Madhe, ai theksoi se ky edicion ka sjell\u00eb nj\u00eb kombinim t\u00eb ve\u00e7ant\u00eb mes talentit nd\u00ebrkomb\u00ebtar dhe mikpritjes lokale, duke b\u00ebr\u00eb k\u00ebshtu q\u00eb publiku ta ndjek\u00eb me entuziaz\u00ebm dhe ta b\u00ebj\u00eb festivalin pjes\u00eb t\u00eb natyrshme t\u00eb qytetit.<\/p>\n<p>\u201cK\u00ebto n\u00ebnt\u00eb koncerte po zhvillohen n\u00eb t\u00eb dy an\u00ebt e Ibrit, sepse e till\u00eb \u00ebsht\u00eb Mitrovica juaj, Mitrovica e t\u00eb gjith\u00eb neve, pra n\u00eb t\u00eb dy an\u00ebt e Ibrit, dhe nuk mund ta pengoj ose cenoj askush k\u00ebt\u00eb zhvillim t\u00eb p\u00ebrbashk\u00ebt kulturor. Republika e Kosov\u00ebs, p\u00ebrmes Ministris\u00eb s\u00eb Kultur\u00ebs, Rinis\u00eb dhe Sportit, do t\u00eb vazhdoj\u00eb t\u00eb mb\u00ebshtes\u00eb k\u00ebt\u00eb festival t\u00eb Mitrovic\u00ebs dhe t\u00eb gjitha iniciativat q\u00eb fuqizojn\u00eb jet\u00ebn kulturore n\u00eb vendin ton\u00eb. Sepse aty ku ka kultur\u00eb dhe art, ka zhvillim, e mir\u00ebkuptim, dhe mjedis p\u00ebr t\u00eb gjith\u00eb nj\u00ebsoj\u201d, tha ai.<\/p>\n<p>Kryeministri Kurti fal\u00ebnderoi t\u00eb gjith\u00eb ata q\u00eb kan\u00eb punuar p\u00ebr realizimin e k\u00ebtij festivali, duke th\u00ebn\u00eb se organizimi i nj\u00eb ngjarjeje t\u00eb till\u00eb k\u00ebrkon p\u00ebrkushtim t\u00eb madh dhe bashk\u00ebpunim t\u00eb ngusht\u00eb midis institucioneve, artist\u00ebve dhe komunitetit dhe mir\u00ebnjohje p\u00ebr secil\u00ebn e secilin q\u00eb ka dh\u00ebn\u00eb kontributin e vet.<\/p>\n<p>&#8220;Urime p\u00ebr k\u00ebt\u00eb edicion t\u00eb suksessh\u00ebm. Uroj q\u00eb Mitrovica International Jazz Festival t\u00eb vazhdoj\u00eb t\u00eb rritet \u00e7do vit, duke sjell\u00eb m\u00eb shum\u00eb muzik\u00eb dit\u00ebn dhe nat\u00ebn, m\u00eb shum\u00eb bashk\u00ebpunim gjithandej dhe m\u00eb shum\u00eb mund\u00ebsi p\u00ebr vet\u00eb Mitrovic\u00ebn dhe mbar\u00eb Kosov\u00ebn&#8221;, tha ai n\u00eb fund t\u00eb fjal\u00ebs s\u00eb tij.<\/p>\n","protected":false},"excerpt":{"rendered":"<p>Mitrovic\u00eb Jugore, 09 Gusht 2025 Kryeministri n\u00eb detyr\u00eb i Republik\u00ebs s\u00eb Kosov\u00ebs, Albin Kurti, mbr\u00ebm\u00eb mori pjes\u00eb n\u00eb hapjen e edicionit t\u00eb tret\u00eb t\u00eb festivalit<\/p>\n","protected":false},"author":1,"featured_media":7320,"comment_status":"open","ping_status":"open","sticky":false,"template":"","format":"standard","meta":{"footnotes":""},"categories":[54],"tags":[],"class_list":["post-7319","post","type-post","status-publish","format-standard","has-post-thumbnail","hentry","category-kulture-sq"],"yoast_head":"<!-- This site is optimized with the Yoast SEO plugin v25.3.1 - https:\/\/yoast.com\/wordpress\/plugins\/seo\/ -->\n<title>Kurti n\u00eb hapjen e festivalit `Mitrovica Internacional Jazz` -<\/title>\n<meta name=\"robots\" content=\"index, follow, max-snippet:-1, max-image-preview:large, max-video-preview:-1\" \/>\n<link rel=\"canonical\" href=\"https:\/\/veritasinfo.org\/?p=7319\" \/>\n<meta property=\"og:locale\" content=\"en_US\" \/>\n<meta property=\"og:type\" content=\"article\" \/>\n<meta property=\"og:title\" content=\"Kurti n\u00eb hapjen e festivalit `Mitrovica Internacional Jazz` -\" \/>\n<meta property=\"og:description\" content=\"Mitrovic\u00eb Jugore, 09 Gusht 2025 Kryeministri n\u00eb detyr\u00eb i Republik\u00ebs s\u00eb Kosov\u00ebs, Albin Kurti, mbr\u00ebm\u00eb mori pjes\u00eb n\u00eb hapjen e edicionit t\u00eb tret\u00eb t\u00eb festivalit\" \/>\n<meta property=\"og:url\" content=\"https:\/\/veritasinfo.org\/?p=7319\" \/>\n<meta property=\"article:published_time\" content=\"2025-08-09T10:57:03+00:00\" \/>\n<meta property=\"article:modified_time\" content=\"2025-08-09T10:58:32+00:00\" \/>\n<meta property=\"og:image\" content=\"https:\/\/veritasinfo.org\/wp-content\/uploads\/2025\/08\/IMG_2815.jpeg\" \/>\n\t<meta property=\"og:image:width\" content=\"780\" \/>\n\t<meta property=\"og:image:height\" content=\"500\" \/>\n\t<meta property=\"og:image:type\" content=\"image\/jpeg\" \/>\n<meta name=\"author\" content=\"admin\" \/>\n<meta name=\"twitter:card\" content=\"summary_large_image\" \/>\n<meta name=\"twitter:label1\" content=\"Written by\" \/>\n\t<meta name=\"twitter:data1\" content=\"admin\" \/>\n\t<meta name=\"twitter:label2\" content=\"Est. reading time\" \/>\n\t<meta name=\"twitter:data2\" content=\"2 minutes\" \/>\n<script type=\"application\/ld+json\" class=\"yoast-schema-graph\">{\"@context\":\"https:\/\/schema.org\",\"@graph\":[{\"@type\":\"WebPage\",\"@id\":\"https:\/\/veritasinfo.org\/?p=7319\",\"url\":\"https:\/\/veritasinfo.org\/?p=7319\",\"name\":\"Kurti n\u00eb hapjen e festivalit `Mitrovica Internacional Jazz` -\",\"isPartOf\":{\"@id\":\"https:\/\/veritasinfo.org\/#website\"},\"primaryImageOfPage\":{\"@id\":\"https:\/\/veritasinfo.org\/?p=7319#primaryimage\"},\"image\":{\"@id\":\"https:\/\/veritasinfo.org\/?p=7319#primaryimage\"},\"thumbnailUrl\":\"https:\/\/veritasinfo.org\/wp-content\/uploads\/2025\/08\/IMG_2815.jpeg\",\"datePublished\":\"2025-08-09T10:57:03+00:00\",\"dateModified\":\"2025-08-09T10:58:32+00:00\",\"author\":{\"@id\":\"https:\/\/veritasinfo.org\/#\/schema\/person\/7701f8c088bece422266b100a712374f\"},\"breadcrumb\":{\"@id\":\"https:\/\/veritasinfo.org\/?p=7319#breadcrumb\"},\"inLanguage\":\"en-US\",\"potentialAction\":[{\"@type\":\"ReadAction\",\"target\":[\"https:\/\/veritasinfo.org\/?p=7319\"]}]},{\"@type\":\"ImageObject\",\"inLanguage\":\"en-US\",\"@id\":\"https:\/\/veritasinfo.org\/?p=7319#primaryimage\",\"url\":\"https:\/\/veritasinfo.org\/wp-content\/uploads\/2025\/08\/IMG_2815.jpeg\",\"contentUrl\":\"https:\/\/veritasinfo.org\/wp-content\/uploads\/2025\/08\/IMG_2815.jpeg\",\"width\":780,\"height\":500},{\"@type\":\"BreadcrumbList\",\"@id\":\"https:\/\/veritasinfo.org\/?p=7319#breadcrumb\",\"itemListElement\":[{\"@type\":\"ListItem\",\"position\":1,\"name\":\"Home\",\"item\":\"https:\/\/veritasinfo.org\/\"},{\"@type\":\"ListItem\",\"position\":2,\"name\":\"Kurti n\u00eb hapjen e festivalit `Mitrovica Internacional Jazz`\"}]},{\"@type\":\"WebSite\",\"@id\":\"https:\/\/veritasinfo.org\/#website\",\"url\":\"https:\/\/veritasinfo.org\/\",\"name\":\"\",\"description\":\"\",\"potentialAction\":[{\"@type\":\"SearchAction\",\"target\":{\"@type\":\"EntryPoint\",\"urlTemplate\":\"https:\/\/veritasinfo.org\/?s={search_term_string}\"},\"query-input\":{\"@type\":\"PropertyValueSpecification\",\"valueRequired\":true,\"valueName\":\"search_term_string\"}}],\"inLanguage\":\"en-US\"},{\"@type\":\"Person\",\"@id\":\"https:\/\/veritasinfo.org\/#\/schema\/person\/7701f8c088bece422266b100a712374f\",\"name\":\"admin\",\"image\":{\"@type\":\"ImageObject\",\"inLanguage\":\"en-US\",\"@id\":\"https:\/\/veritasinfo.org\/#\/schema\/person\/image\/\",\"url\":\"https:\/\/secure.gravatar.com\/avatar\/ea53aa3bf6c9a12d5fde8ce4deff43fef3885ae33cf60184161a50d6987cfd2f?s=96&d=mm&r=g\",\"contentUrl\":\"https:\/\/secure.gravatar.com\/avatar\/ea53aa3bf6c9a12d5fde8ce4deff43fef3885ae33cf60184161a50d6987cfd2f?s=96&d=mm&r=g\",\"caption\":\"admin\"},\"sameAs\":[\"https:\/\/veritasinfo.org\"],\"url\":\"https:\/\/veritasinfo.org\/?author=1\"}]}<\/script>\n<!-- \/ Yoast SEO plugin. -->","yoast_head_json":{"title":"Kurti n\u00eb hapjen e festivalit `Mitrovica Internacional Jazz` -","robots":{"index":"index","follow":"follow","max-snippet":"max-snippet:-1","max-image-preview":"max-image-preview:large","max-video-preview":"max-video-preview:-1"},"canonical":"https:\/\/veritasinfo.org\/?p=7319","og_locale":"en_US","og_type":"article","og_title":"Kurti n\u00eb hapjen e festivalit `Mitrovica Internacional Jazz` -","og_description":"Mitrovic\u00eb Jugore, 09 Gusht 2025 Kryeministri n\u00eb detyr\u00eb i Republik\u00ebs s\u00eb Kosov\u00ebs, Albin Kurti, mbr\u00ebm\u00eb mori pjes\u00eb n\u00eb hapjen e edicionit t\u00eb tret\u00eb t\u00eb festivalit","og_url":"https:\/\/veritasinfo.org\/?p=7319","article_published_time":"2025-08-09T10:57:03+00:00","article_modified_time":"2025-08-09T10:58:32+00:00","og_image":[{"width":780,"height":500,"url":"https:\/\/veritasinfo.org\/wp-content\/uploads\/2025\/08\/IMG_2815.jpeg","type":"image\/jpeg"}],"author":"admin","twitter_card":"summary_large_image","twitter_misc":{"Written by":"admin","Est. reading time":"2 minutes"},"schema":{"@context":"https:\/\/schema.org","@graph":[{"@type":"WebPage","@id":"https:\/\/veritasinfo.org\/?p=7319","url":"https:\/\/veritasinfo.org\/?p=7319","name":"Kurti n\u00eb hapjen e festivalit `Mitrovica Internacional Jazz` -","isPartOf":{"@id":"https:\/\/veritasinfo.org\/#website"},"primaryImageOfPage":{"@id":"https:\/\/veritasinfo.org\/?p=7319#primaryimage"},"image":{"@id":"https:\/\/veritasinfo.org\/?p=7319#primaryimage"},"thumbnailUrl":"https:\/\/veritasinfo.org\/wp-content\/uploads\/2025\/08\/IMG_2815.jpeg","datePublished":"2025-08-09T10:57:03+00:00","dateModified":"2025-08-09T10:58:32+00:00","author":{"@id":"https:\/\/veritasinfo.org\/#\/schema\/person\/7701f8c088bece422266b100a712374f"},"breadcrumb":{"@id":"https:\/\/veritasinfo.org\/?p=7319#breadcrumb"},"inLanguage":"en-US","potentialAction":[{"@type":"ReadAction","target":["https:\/\/veritasinfo.org\/?p=7319"]}]},{"@type":"ImageObject","inLanguage":"en-US","@id":"https:\/\/veritasinfo.org\/?p=7319#primaryimage","url":"https:\/\/veritasinfo.org\/wp-content\/uploads\/2025\/08\/IMG_2815.jpeg","contentUrl":"https:\/\/veritasinfo.org\/wp-content\/uploads\/2025\/08\/IMG_2815.jpeg","width":780,"height":500},{"@type":"BreadcrumbList","@id":"https:\/\/veritasinfo.org\/?p=7319#breadcrumb","itemListElement":[{"@type":"ListItem","position":1,"name":"Home","item":"https:\/\/veritasinfo.org\/"},{"@type":"ListItem","position":2,"name":"Kurti n\u00eb hapjen e festivalit `Mitrovica Internacional Jazz`"}]},{"@type":"WebSite","@id":"https:\/\/veritasinfo.org\/#website","url":"https:\/\/veritasinfo.org\/","name":"","description":"","potentialAction":[{"@type":"SearchAction","target":{"@type":"EntryPoint","urlTemplate":"https:\/\/veritasinfo.org\/?s={search_term_string}"},"query-input":{"@type":"PropertyValueSpecification","valueRequired":true,"valueName":"search_term_string"}}],"inLanguage":"en-US"},{"@type":"Person","@id":"https:\/\/veritasinfo.org\/#\/schema\/person\/7701f8c088bece422266b100a712374f","name":"admin","image":{"@type":"ImageObject","inLanguage":"en-US","@id":"https:\/\/veritasinfo.org\/#\/schema\/person\/image\/","url":"https:\/\/secure.gravatar.com\/avatar\/ea53aa3bf6c9a12d5fde8ce4deff43fef3885ae33cf60184161a50d6987cfd2f?s=96&d=mm&r=g","contentUrl":"https:\/\/secure.gravatar.com\/avatar\/ea53aa3bf6c9a12d5fde8ce4deff43fef3885ae33cf60184161a50d6987cfd2f?s=96&d=mm&r=g","caption":"admin"},"sameAs":["https:\/\/veritasinfo.org"],"url":"https:\/\/veritasinfo.org\/?author=1"}]}},"featured_image_urls":{"full":["https:\/\/veritasinfo.org\/wp-content\/uploads\/2025\/08\/IMG_2815.jpeg",780,500,false],"thumbnail":["https:\/\/veritasinfo.org\/wp-content\/uploads\/2025\/08\/IMG_2815-150x150.jpeg",150,150,true],"medium":["https:\/\/veritasinfo.org\/wp-content\/uploads\/2025\/08\/IMG_2815-300x192.jpeg",300,192,true],"medium_large":["https:\/\/veritasinfo.org\/wp-content\/uploads\/2025\/08\/IMG_2815-768x492.jpeg",640,410,true],"large":["https:\/\/veritasinfo.org\/wp-content\/uploads\/2025\/08\/IMG_2815.jpeg",640,410,false],"1536x1536":["https:\/\/veritasinfo.org\/wp-content\/uploads\/2025\/08\/IMG_2815.jpeg",780,500,false],"2048x2048":["https:\/\/veritasinfo.org\/wp-content\/uploads\/2025\/08\/IMG_2815.jpeg",780,500,false],"kreeti-slider-full":["https:\/\/veritasinfo.org\/wp-content\/uploads\/2025\/08\/IMG_2815.jpeg",780,500,false],"kreeti-featured":["https:\/\/veritasinfo.org\/wp-content\/uploads\/2025\/08\/IMG_2815.jpeg",780,500,false],"kreeti-medium":["https:\/\/veritasinfo.org\/wp-content\/uploads\/2025\/08\/IMG_2815.jpeg",720,462,false],"kreeti-medium-square":["https:\/\/veritasinfo.org\/wp-content\/uploads\/2025\/08\/IMG_2815.jpeg",350,224,false]},"author_info":{"info":["admin"]},"category_info":"<a href=\"https:\/\/veritasinfo.org\/?cat=54\" rel=\"category\">Kultur\u00eb<\/a>","tag_info":"Kultur\u00eb","comment_count":"0","_links":{"self":[{"href":"https:\/\/veritasinfo.org\/index.php?rest_route=\/wp\/v2\/posts\/7319","targetHints":{"allow":["GET"]}}],"collection":[{"href":"https:\/\/veritasinfo.org\/index.php?rest_route=\/wp\/v2\/posts"}],"about":[{"href":"https:\/\/veritasinfo.org\/index.php?rest_route=\/wp\/v2\/types\/post"}],"author":[{"embeddable":true,"href":"https:\/\/veritasinfo.org\/index.php?rest_route=\/wp\/v2\/users\/1"}],"replies":[{"embeddable":true,"href":"https:\/\/veritasinfo.org\/index.php?rest_route=%2Fwp%2Fv2%2Fcomments&post=7319"}],"version-history":[{"count":3,"href":"https:\/\/veritasinfo.org\/index.php?rest_route=\/wp\/v2\/posts\/7319\/revisions"}],"predecessor-version":[{"id":7323,"href":"https:\/\/veritasinfo.org\/index.php?rest_route=\/wp\/v2\/posts\/7319\/revisions\/7323"}],"wp:featuredmedia":[{"embeddable":true,"href":"https:\/\/veritasinfo.org\/index.php?rest_route=\/wp\/v2\/media\/7320"}],"wp:attachment":[{"href":"https:\/\/veritasinfo.org\/index.php?rest_route=%2Fwp%2Fv2%2Fmedia&parent=7319"}],"wp:term":[{"taxonomy":"category","embeddable":true,"href":"https:\/\/veritasinfo.org\/index.php?rest_route=%2Fwp%2Fv2%2Fcategories&post=7319"},{"taxonomy":"post_tag","embeddable":true,"href":"https:\/\/veritasinfo.org\/index.php?rest_route=%2Fwp%2Fv2%2Ftags&post=7319"}],"curies":[{"name":"wp","href":"https:\/\/api.w.org\/{rel}","templated":true}]}}