{"id":7313,"date":"2025-08-09T12:28:56","date_gmt":"2025-08-09T10:28:56","guid":{"rendered":"https:\/\/veritasinfo.org\/?p=7313"},"modified":"2025-08-09T12:28:56","modified_gmt":"2025-08-09T10:28:56","slug":"gjeten-mbetje-eshterore-te-nje-personi-te-zhdukur-gjate-luftes","status":"publish","type":"post","link":"https:\/\/veritasinfo.org\/?p=7313","title":{"rendered":"Gjeten mbetje esht\u00ebrore t\u00eb nj\u00eb personi t\u00eb zhdukur gjat\u00eb luft\u00ebs"},"content":{"rendered":"<p>Vushtrri, 09 Gusht 2025<\/p>\n<p>Sektori p\u00ebr Hetimin e Personave t\u00eb Zhdukur Gjat\u00eb Luft\u00ebs, n\u00eb bashk\u00ebpunim me Institutin e Mjek\u00ebsis\u00eb Ligjore (IML) dhe Komisionin Qeveritar p\u00ebr Persona t\u00eb Zhdukur, dje kan\u00eb realizuar nj\u00eb operacion ekshumimi n\u00eb varrezat e qytetit t\u00eb Vushtrris\u00eb.<\/p>\n<div class=\"code-block code-block-8\">\n<div id=\"futureads_d773fe1afb07405e8d2f0e46933877d3_zone_104122_sect_47401_site_41437\" data-sender=\"futureads\">Ekshumimi \u00ebsht\u00eb kryer n\u00eb baz\u00eb t\u00eb urdh\u00ebres\u00ebs s\u00eb Gjykat\u00ebs Themelore n\u00eb Prishtin\u00eb \u2013 Departamenti Special, dhe gjat\u00eb g\u00ebrmimeve jan\u00eb zbuluar mbetje esht\u00ebrore t\u00eb nj\u00eb personi, q\u00eb konsiderohen me interes forenzik.<\/div>\n<\/div>\n<p>Mbetjet jan\u00eb t\u00ebrhequr nga vendi i ngjarjes dhe jan\u00eb d\u00ebrguar n\u00eb Institutin e Mjek\u00ebsis\u00eb Ligjore p\u00ebr ekzaminim mjeko-ligjor dhe identifikim t\u00eb mundsh\u00ebm.<\/p>\n<p>&nbsp;<\/p>\n","protected":false},"excerpt":{"rendered":"<p>Vushtrri, 09 Gusht 2025 Sektori p\u00ebr Hetimin e Personave t\u00eb Zhdukur Gjat\u00eb Luft\u00ebs, n\u00eb bashk\u00ebpunim me Institutin e Mjek\u00ebsis\u00eb Ligjore (IML) dhe Komisionin Qeveritar p\u00ebr<\/p>\n","protected":false},"author":1,"featured_media":7314,"comment_status":"open","ping_status":"open","sticky":false,"template":"","format":"standard","meta":{"footnotes":""},"categories":[60],"tags":[],"class_list":["post-7313","post","type-post","status-publish","format-standard","has-post-thumbnail","hentry","category-shoqerore-sq"],"yoast_head":"<!-- This site is optimized with the Yoast SEO plugin v25.3.1 - https:\/\/yoast.com\/wordpress\/plugins\/seo\/ -->\n<title>Gjeten mbetje esht\u00ebrore t\u00eb nj\u00eb personi t\u00eb zhdukur gjat\u00eb luft\u00ebs -<\/title>\n<meta name=\"robots\" content=\"index, follow, max-snippet:-1, max-image-preview:large, max-video-preview:-1\" \/>\n<link rel=\"canonical\" href=\"https:\/\/veritasinfo.org\/?p=7313\" \/>\n<meta property=\"og:locale\" content=\"en_US\" \/>\n<meta property=\"og:type\" content=\"article\" \/>\n<meta property=\"og:title\" content=\"Gjeten mbetje esht\u00ebrore t\u00eb nj\u00eb personi t\u00eb zhdukur gjat\u00eb luft\u00ebs -\" \/>\n<meta property=\"og:description\" content=\"Vushtrri, 09 Gusht 2025 Sektori p\u00ebr Hetimin e Personave t\u00eb Zhdukur Gjat\u00eb Luft\u00ebs, n\u00eb bashk\u00ebpunim me Institutin e Mjek\u00ebsis\u00eb Ligjore (IML) dhe Komisionin Qeveritar p\u00ebr\" \/>\n<meta property=\"og:url\" content=\"https:\/\/veritasinfo.org\/?p=7313\" \/>\n<meta property=\"article:published_time\" content=\"2025-08-09T10:28:56+00:00\" \/>\n<meta property=\"og:image\" content=\"https:\/\/veritasinfo.org\/wp-content\/uploads\/2025\/08\/IMG_2814.jpeg\" \/>\n\t<meta property=\"og:image:width\" content=\"800\" \/>\n\t<meta property=\"og:image:height\" content=\"450\" \/>\n\t<meta property=\"og:image:type\" content=\"image\/jpeg\" \/>\n<meta name=\"author\" content=\"admin\" \/>\n<meta name=\"twitter:card\" content=\"summary_large_image\" \/>\n<meta name=\"twitter:label1\" content=\"Written by\" \/>\n\t<meta name=\"twitter:data1\" content=\"admin\" \/>\n\t<meta name=\"twitter:label2\" content=\"Est. reading time\" \/>\n\t<meta name=\"twitter:data2\" content=\"1 minute\" \/>\n<script type=\"application\/ld+json\" class=\"yoast-schema-graph\">{\"@context\":\"https:\/\/schema.org\",\"@graph\":[{\"@type\":\"WebPage\",\"@id\":\"https:\/\/veritasinfo.org\/?p=7313\",\"url\":\"https:\/\/veritasinfo.org\/?p=7313\",\"name\":\"Gjeten mbetje esht\u00ebrore t\u00eb nj\u00eb personi t\u00eb zhdukur gjat\u00eb luft\u00ebs -\",\"isPartOf\":{\"@id\":\"https:\/\/veritasinfo.org\/#website\"},\"primaryImageOfPage\":{\"@id\":\"https:\/\/veritasinfo.org\/?p=7313#primaryimage\"},\"image\":{\"@id\":\"https:\/\/veritasinfo.org\/?p=7313#primaryimage\"},\"thumbnailUrl\":\"https:\/\/veritasinfo.org\/wp-content\/uploads\/2025\/08\/IMG_2814.jpeg\",\"datePublished\":\"2025-08-09T10:28:56+00:00\",\"author\":{\"@id\":\"https:\/\/veritasinfo.org\/#\/schema\/person\/7701f8c088bece422266b100a712374f\"},\"breadcrumb\":{\"@id\":\"https:\/\/veritasinfo.org\/?p=7313#breadcrumb\"},\"inLanguage\":\"en-US\",\"potentialAction\":[{\"@type\":\"ReadAction\",\"target\":[\"https:\/\/veritasinfo.org\/?p=7313\"]}]},{\"@type\":\"ImageObject\",\"inLanguage\":\"en-US\",\"@id\":\"https:\/\/veritasinfo.org\/?p=7313#primaryimage\",\"url\":\"https:\/\/veritasinfo.org\/wp-content\/uploads\/2025\/08\/IMG_2814.jpeg\",\"contentUrl\":\"https:\/\/veritasinfo.org\/wp-content\/uploads\/2025\/08\/IMG_2814.jpeg\",\"width\":800,\"height\":450},{\"@type\":\"BreadcrumbList\",\"@id\":\"https:\/\/veritasinfo.org\/?p=7313#breadcrumb\",\"itemListElement\":[{\"@type\":\"ListItem\",\"position\":1,\"name\":\"Home\",\"item\":\"https:\/\/veritasinfo.org\/\"},{\"@type\":\"ListItem\",\"position\":2,\"name\":\"Gjeten mbetje esht\u00ebrore t\u00eb nj\u00eb personi t\u00eb zhdukur gjat\u00eb luft\u00ebs\"}]},{\"@type\":\"WebSite\",\"@id\":\"https:\/\/veritasinfo.org\/#website\",\"url\":\"https:\/\/veritasinfo.org\/\",\"name\":\"\",\"description\":\"\",\"potentialAction\":[{\"@type\":\"SearchAction\",\"target\":{\"@type\":\"EntryPoint\",\"urlTemplate\":\"https:\/\/veritasinfo.org\/?s={search_term_string}\"},\"query-input\":{\"@type\":\"PropertyValueSpecification\",\"valueRequired\":true,\"valueName\":\"search_term_string\"}}],\"inLanguage\":\"en-US\"},{\"@type\":\"Person\",\"@id\":\"https:\/\/veritasinfo.org\/#\/schema\/person\/7701f8c088bece422266b100a712374f\",\"name\":\"admin\",\"image\":{\"@type\":\"ImageObject\",\"inLanguage\":\"en-US\",\"@id\":\"https:\/\/veritasinfo.org\/#\/schema\/person\/image\/\",\"url\":\"https:\/\/secure.gravatar.com\/avatar\/ea53aa3bf6c9a12d5fde8ce4deff43fef3885ae33cf60184161a50d6987cfd2f?s=96&d=mm&r=g\",\"contentUrl\":\"https:\/\/secure.gravatar.com\/avatar\/ea53aa3bf6c9a12d5fde8ce4deff43fef3885ae33cf60184161a50d6987cfd2f?s=96&d=mm&r=g\",\"caption\":\"admin\"},\"sameAs\":[\"https:\/\/veritasinfo.org\"],\"url\":\"https:\/\/veritasinfo.org\/?author=1\"}]}<\/script>\n<!-- \/ Yoast SEO plugin. -->","yoast_head_json":{"title":"Gjeten mbetje esht\u00ebrore t\u00eb nj\u00eb personi t\u00eb zhdukur gjat\u00eb luft\u00ebs -","robots":{"index":"index","follow":"follow","max-snippet":"max-snippet:-1","max-image-preview":"max-image-preview:large","max-video-preview":"max-video-preview:-1"},"canonical":"https:\/\/veritasinfo.org\/?p=7313","og_locale":"en_US","og_type":"article","og_title":"Gjeten mbetje esht\u00ebrore t\u00eb nj\u00eb personi t\u00eb zhdukur gjat\u00eb luft\u00ebs -","og_description":"Vushtrri, 09 Gusht 2025 Sektori p\u00ebr Hetimin e Personave t\u00eb Zhdukur Gjat\u00eb Luft\u00ebs, n\u00eb bashk\u00ebpunim me Institutin e Mjek\u00ebsis\u00eb Ligjore (IML) dhe Komisionin Qeveritar p\u00ebr","og_url":"https:\/\/veritasinfo.org\/?p=7313","article_published_time":"2025-08-09T10:28:56+00:00","og_image":[{"width":800,"height":450,"url":"https:\/\/veritasinfo.org\/wp-content\/uploads\/2025\/08\/IMG_2814.jpeg","type":"image\/jpeg"}],"author":"admin","twitter_card":"summary_large_image","twitter_misc":{"Written by":"admin","Est. reading time":"1 minute"},"schema":{"@context":"https:\/\/schema.org","@graph":[{"@type":"WebPage","@id":"https:\/\/veritasinfo.org\/?p=7313","url":"https:\/\/veritasinfo.org\/?p=7313","name":"Gjeten mbetje esht\u00ebrore t\u00eb nj\u00eb personi t\u00eb zhdukur gjat\u00eb luft\u00ebs -","isPartOf":{"@id":"https:\/\/veritasinfo.org\/#website"},"primaryImageOfPage":{"@id":"https:\/\/veritasinfo.org\/?p=7313#primaryimage"},"image":{"@id":"https:\/\/veritasinfo.org\/?p=7313#primaryimage"},"thumbnailUrl":"https:\/\/veritasinfo.org\/wp-content\/uploads\/2025\/08\/IMG_2814.jpeg","datePublished":"2025-08-09T10:28:56+00:00","author":{"@id":"https:\/\/veritasinfo.org\/#\/schema\/person\/7701f8c088bece422266b100a712374f"},"breadcrumb":{"@id":"https:\/\/veritasinfo.org\/?p=7313#breadcrumb"},"inLanguage":"en-US","potentialAction":[{"@type":"ReadAction","target":["https:\/\/veritasinfo.org\/?p=7313"]}]},{"@type":"ImageObject","inLanguage":"en-US","@id":"https:\/\/veritasinfo.org\/?p=7313#primaryimage","url":"https:\/\/veritasinfo.org\/wp-content\/uploads\/2025\/08\/IMG_2814.jpeg","contentUrl":"https:\/\/veritasinfo.org\/wp-content\/uploads\/2025\/08\/IMG_2814.jpeg","width":800,"height":450},{"@type":"BreadcrumbList","@id":"https:\/\/veritasinfo.org\/?p=7313#breadcrumb","itemListElement":[{"@type":"ListItem","position":1,"name":"Home","item":"https:\/\/veritasinfo.org\/"},{"@type":"ListItem","position":2,"name":"Gjeten mbetje esht\u00ebrore t\u00eb nj\u00eb personi t\u00eb zhdukur gjat\u00eb luft\u00ebs"}]},{"@type":"WebSite","@id":"https:\/\/veritasinfo.org\/#website","url":"https:\/\/veritasinfo.org\/","name":"","description":"","potentialAction":[{"@type":"SearchAction","target":{"@type":"EntryPoint","urlTemplate":"https:\/\/veritasinfo.org\/?s={search_term_string}"},"query-input":{"@type":"PropertyValueSpecification","valueRequired":true,"valueName":"search_term_string"}}],"inLanguage":"en-US"},{"@type":"Person","@id":"https:\/\/veritasinfo.org\/#\/schema\/person\/7701f8c088bece422266b100a712374f","name":"admin","image":{"@type":"ImageObject","inLanguage":"en-US","@id":"https:\/\/veritasinfo.org\/#\/schema\/person\/image\/","url":"https:\/\/secure.gravatar.com\/avatar\/ea53aa3bf6c9a12d5fde8ce4deff43fef3885ae33cf60184161a50d6987cfd2f?s=96&d=mm&r=g","contentUrl":"https:\/\/secure.gravatar.com\/avatar\/ea53aa3bf6c9a12d5fde8ce4deff43fef3885ae33cf60184161a50d6987cfd2f?s=96&d=mm&r=g","caption":"admin"},"sameAs":["https:\/\/veritasinfo.org"],"url":"https:\/\/veritasinfo.org\/?author=1"}]}},"featured_image_urls":{"full":["https:\/\/veritasinfo.org\/wp-content\/uploads\/2025\/08\/IMG_2814.jpeg",800,450,false],"thumbnail":["https:\/\/veritasinfo.org\/wp-content\/uploads\/2025\/08\/IMG_2814-150x150.jpeg",150,150,true],"medium":["https:\/\/veritasinfo.org\/wp-content\/uploads\/2025\/08\/IMG_2814-300x169.jpeg",300,169,true],"medium_large":["https:\/\/veritasinfo.org\/wp-content\/uploads\/2025\/08\/IMG_2814-768x432.jpeg",640,360,true],"large":["https:\/\/veritasinfo.org\/wp-content\/uploads\/2025\/08\/IMG_2814.jpeg",640,360,false],"1536x1536":["https:\/\/veritasinfo.org\/wp-content\/uploads\/2025\/08\/IMG_2814.jpeg",800,450,false],"2048x2048":["https:\/\/veritasinfo.org\/wp-content\/uploads\/2025\/08\/IMG_2814.jpeg",800,450,false],"kreeti-slider-full":["https:\/\/veritasinfo.org\/wp-content\/uploads\/2025\/08\/IMG_2814.jpeg",800,450,false],"kreeti-featured":["https:\/\/veritasinfo.org\/wp-content\/uploads\/2025\/08\/IMG_2814.jpeg",800,450,false],"kreeti-medium":["https:\/\/veritasinfo.org\/wp-content\/uploads\/2025\/08\/IMG_2814.jpeg",720,405,false],"kreeti-medium-square":["https:\/\/veritasinfo.org\/wp-content\/uploads\/2025\/08\/IMG_2814.jpeg",350,197,false]},"author_info":{"info":["admin"]},"category_info":"<a href=\"https:\/\/veritasinfo.org\/?cat=60\" rel=\"category\">Shoq\u00ebrore<\/a>","tag_info":"Shoq\u00ebrore","comment_count":"0","_links":{"self":[{"href":"https:\/\/veritasinfo.org\/index.php?rest_route=\/wp\/v2\/posts\/7313","targetHints":{"allow":["GET"]}}],"collection":[{"href":"https:\/\/veritasinfo.org\/index.php?rest_route=\/wp\/v2\/posts"}],"about":[{"href":"https:\/\/veritasinfo.org\/index.php?rest_route=\/wp\/v2\/types\/post"}],"author":[{"embeddable":true,"href":"https:\/\/veritasinfo.org\/index.php?rest_route=\/wp\/v2\/users\/1"}],"replies":[{"embeddable":true,"href":"https:\/\/veritasinfo.org\/index.php?rest_route=%2Fwp%2Fv2%2Fcomments&post=7313"}],"version-history":[{"count":1,"href":"https:\/\/veritasinfo.org\/index.php?rest_route=\/wp\/v2\/posts\/7313\/revisions"}],"predecessor-version":[{"id":7315,"href":"https:\/\/veritasinfo.org\/index.php?rest_route=\/wp\/v2\/posts\/7313\/revisions\/7315"}],"wp:featuredmedia":[{"embeddable":true,"href":"https:\/\/veritasinfo.org\/index.php?rest_route=\/wp\/v2\/media\/7314"}],"wp:attachment":[{"href":"https:\/\/veritasinfo.org\/index.php?rest_route=%2Fwp%2Fv2%2Fmedia&parent=7313"}],"wp:term":[{"taxonomy":"category","embeddable":true,"href":"https:\/\/veritasinfo.org\/index.php?rest_route=%2Fwp%2Fv2%2Fcategories&post=7313"},{"taxonomy":"post_tag","embeddable":true,"href":"https:\/\/veritasinfo.org\/index.php?rest_route=%2Fwp%2Fv2%2Ftags&post=7313"}],"curies":[{"name":"wp","href":"https:\/\/api.w.org\/{rel}","templated":true}]}}