{"id":7291,"date":"2025-08-09T08:40:43","date_gmt":"2025-08-09T06:40:43","guid":{"rendered":"https:\/\/veritasinfo.org\/?p=7291"},"modified":"2025-08-09T08:41:44","modified_gmt":"2025-08-09T06:41:44","slug":"osmani-falenderon-trump-per-marreveshjen-azerbajxhan-armeni-bota-eshte-me-e-sigurt-nen-udheheqjen-amerikane","status":"publish","type":"post","link":"https:\/\/veritasinfo.org\/?p=7291","title":{"rendered":"Osmani fal\u00ebnderon Trump p\u00ebr marr\u00ebveshjen Azerbajxhan\u2013Armeni: Bota \u00ebsht\u00eb m\u00eb e sigurt n\u00ebn udh\u00ebheqjen amerikane"},"content":{"rendered":"<p>Presidentja e Republik\u00ebs s\u00eb Kosov\u00ebs, Vjosa Osmani, ka p\u00ebrsh\u00ebndetur arritjen e marr\u00ebveshjes historike t\u00eb paqes mes Azerbajxhanit dhe Armenis\u00eb, duke e vler\u00ebsuar si d\u00ebshmi t\u00eb fuqis\u00eb s\u00eb udh\u00ebheqjes amerikane.<\/p>\n<p>N\u00eb nj\u00eb postim n\u00eb rrjetin \u201cX\u201d, Osmani ka fal\u00ebnderuar presidentin e Shteteve t\u00eb Bashkuara, Donald Trump, dhe administrat\u00ebn e tij p\u00ebr rolin vendimtar n\u00eb arritjen e marr\u00ebveshjes, si dhe presidentin e Azerbajxhanit, Ilham Aliyev, dhe kryeministrin e Armenis\u00eb, Nikol Pashinyan, p\u00ebr udh\u00ebheqjen e treguar.<\/p>\n<p>Sipas saj, n\u00ebn udh\u00ebheqjen amerikane, bota \u00ebsht\u00eb m\u00eb e sigurt, m\u00eb e fort\u00eb dhe m\u00eb e begat\u00eb.<\/p>\n<p>\u201cKosova \u00ebsht\u00eb krenare q\u00eb q\u00ebndron krah p\u00ebr krah me SHBA-n\u00eb n\u00eb avancimin e paqes n\u00eb rajon dhe n\u00eb mbar\u00eb bot\u00ebn,\u201d ka theksuar Osmani.<\/p>\n<p>&nbsp;<\/p>\n<p>&nbsp;<\/p>\n","protected":false},"excerpt":{"rendered":"<p>Presidentja e Republik\u00ebs s\u00eb Kosov\u00ebs, Vjosa Osmani, ka p\u00ebrsh\u00ebndetur arritjen e marr\u00ebveshjes historike t\u00eb paqes mes Azerbajxhanit dhe Armenis\u00eb, duke e vler\u00ebsuar si d\u00ebshmi t\u00eb<\/p>\n","protected":false},"author":1,"featured_media":7289,"comment_status":"open","ping_status":"open","sticky":false,"template":"","format":"standard","meta":{"footnotes":""},"categories":[93],"tags":[],"class_list":["post-7291","post","type-post","status-publish","format-standard","has-post-thumbnail","hentry","category-politika-sq"],"yoast_head":"<!-- This site is optimized with the Yoast SEO plugin v25.3.1 - https:\/\/yoast.com\/wordpress\/plugins\/seo\/ -->\n<title>Osmani fal\u00ebnderon Trump p\u00ebr marr\u00ebveshjen Azerbajxhan\u2013Armeni: Bota \u00ebsht\u00eb m\u00eb e sigurt n\u00ebn udh\u00ebheqjen amerikane -<\/title>\n<meta name=\"robots\" content=\"index, follow, max-snippet:-1, max-image-preview:large, max-video-preview:-1\" \/>\n<link rel=\"canonical\" href=\"https:\/\/veritasinfo.org\/?p=7291\" \/>\n<meta property=\"og:locale\" content=\"en_US\" \/>\n<meta property=\"og:type\" content=\"article\" \/>\n<meta property=\"og:title\" content=\"Osmani fal\u00ebnderon Trump p\u00ebr marr\u00ebveshjen Azerbajxhan\u2013Armeni: Bota \u00ebsht\u00eb m\u00eb e sigurt n\u00ebn udh\u00ebheqjen amerikane -\" \/>\n<meta property=\"og:description\" content=\"Presidentja e Republik\u00ebs s\u00eb Kosov\u00ebs, Vjosa Osmani, ka p\u00ebrsh\u00ebndetur arritjen e marr\u00ebveshjes historike t\u00eb paqes mes Azerbajxhanit dhe Armenis\u00eb, duke e vler\u00ebsuar si d\u00ebshmi t\u00eb\" \/>\n<meta property=\"og:url\" content=\"https:\/\/veritasinfo.org\/?p=7291\" \/>\n<meta property=\"article:published_time\" content=\"2025-08-09T06:40:43+00:00\" \/>\n<meta property=\"article:modified_time\" content=\"2025-08-09T06:41:44+00:00\" \/>\n<meta property=\"og:image\" content=\"https:\/\/veritasinfo.org\/wp-content\/uploads\/2025\/08\/GeRozzkWIAAqRuc-e1733678707407.jpg\" \/>\n\t<meta property=\"og:image:width\" content=\"1600\" \/>\n\t<meta property=\"og:image:height\" content=\"900\" \/>\n\t<meta property=\"og:image:type\" content=\"image\/jpeg\" \/>\n<meta name=\"author\" content=\"admin\" \/>\n<meta name=\"twitter:card\" content=\"summary_large_image\" \/>\n<meta name=\"twitter:label1\" content=\"Written by\" \/>\n\t<meta name=\"twitter:data1\" content=\"admin\" \/>\n\t<meta name=\"twitter:label2\" content=\"Est. reading time\" \/>\n\t<meta name=\"twitter:data2\" content=\"1 minute\" \/>\n<script type=\"application\/ld+json\" class=\"yoast-schema-graph\">{\"@context\":\"https:\/\/schema.org\",\"@graph\":[{\"@type\":\"WebPage\",\"@id\":\"https:\/\/veritasinfo.org\/?p=7291\",\"url\":\"https:\/\/veritasinfo.org\/?p=7291\",\"name\":\"Osmani fal\u00ebnderon Trump p\u00ebr marr\u00ebveshjen Azerbajxhan\u2013Armeni: Bota \u00ebsht\u00eb m\u00eb e sigurt n\u00ebn udh\u00ebheqjen amerikane -\",\"isPartOf\":{\"@id\":\"https:\/\/veritasinfo.org\/#website\"},\"primaryImageOfPage\":{\"@id\":\"https:\/\/veritasinfo.org\/?p=7291#primaryimage\"},\"image\":{\"@id\":\"https:\/\/veritasinfo.org\/?p=7291#primaryimage\"},\"thumbnailUrl\":\"https:\/\/veritasinfo.org\/wp-content\/uploads\/2025\/08\/GeRozzkWIAAqRuc-e1733678707407.jpg\",\"datePublished\":\"2025-08-09T06:40:43+00:00\",\"dateModified\":\"2025-08-09T06:41:44+00:00\",\"author\":{\"@id\":\"https:\/\/veritasinfo.org\/#\/schema\/person\/7701f8c088bece422266b100a712374f\"},\"breadcrumb\":{\"@id\":\"https:\/\/veritasinfo.org\/?p=7291#breadcrumb\"},\"inLanguage\":\"en-US\",\"potentialAction\":[{\"@type\":\"ReadAction\",\"target\":[\"https:\/\/veritasinfo.org\/?p=7291\"]}]},{\"@type\":\"ImageObject\",\"inLanguage\":\"en-US\",\"@id\":\"https:\/\/veritasinfo.org\/?p=7291#primaryimage\",\"url\":\"https:\/\/veritasinfo.org\/wp-content\/uploads\/2025\/08\/GeRozzkWIAAqRuc-e1733678707407.jpg\",\"contentUrl\":\"https:\/\/veritasinfo.org\/wp-content\/uploads\/2025\/08\/GeRozzkWIAAqRuc-e1733678707407.jpg\",\"width\":1600,\"height\":900},{\"@type\":\"BreadcrumbList\",\"@id\":\"https:\/\/veritasinfo.org\/?p=7291#breadcrumb\",\"itemListElement\":[{\"@type\":\"ListItem\",\"position\":1,\"name\":\"Home\",\"item\":\"https:\/\/veritasinfo.org\/\"},{\"@type\":\"ListItem\",\"position\":2,\"name\":\"Osmani fal\u00ebnderon Trump p\u00ebr marr\u00ebveshjen Azerbajxhan\u2013Armeni: Bota \u00ebsht\u00eb m\u00eb e sigurt n\u00ebn udh\u00ebheqjen amerikane\"}]},{\"@type\":\"WebSite\",\"@id\":\"https:\/\/veritasinfo.org\/#website\",\"url\":\"https:\/\/veritasinfo.org\/\",\"name\":\"\",\"description\":\"\",\"potentialAction\":[{\"@type\":\"SearchAction\",\"target\":{\"@type\":\"EntryPoint\",\"urlTemplate\":\"https:\/\/veritasinfo.org\/?s={search_term_string}\"},\"query-input\":{\"@type\":\"PropertyValueSpecification\",\"valueRequired\":true,\"valueName\":\"search_term_string\"}}],\"inLanguage\":\"en-US\"},{\"@type\":\"Person\",\"@id\":\"https:\/\/veritasinfo.org\/#\/schema\/person\/7701f8c088bece422266b100a712374f\",\"name\":\"admin\",\"image\":{\"@type\":\"ImageObject\",\"inLanguage\":\"en-US\",\"@id\":\"https:\/\/veritasinfo.org\/#\/schema\/person\/image\/\",\"url\":\"https:\/\/secure.gravatar.com\/avatar\/ea53aa3bf6c9a12d5fde8ce4deff43fef3885ae33cf60184161a50d6987cfd2f?s=96&d=mm&r=g\",\"contentUrl\":\"https:\/\/secure.gravatar.com\/avatar\/ea53aa3bf6c9a12d5fde8ce4deff43fef3885ae33cf60184161a50d6987cfd2f?s=96&d=mm&r=g\",\"caption\":\"admin\"},\"sameAs\":[\"https:\/\/veritasinfo.org\"],\"url\":\"https:\/\/veritasinfo.org\/?author=1\"}]}<\/script>\n<!-- \/ Yoast SEO plugin. -->","yoast_head_json":{"title":"Osmani fal\u00ebnderon Trump p\u00ebr marr\u00ebveshjen Azerbajxhan\u2013Armeni: Bota \u00ebsht\u00eb m\u00eb e sigurt n\u00ebn udh\u00ebheqjen amerikane -","robots":{"index":"index","follow":"follow","max-snippet":"max-snippet:-1","max-image-preview":"max-image-preview:large","max-video-preview":"max-video-preview:-1"},"canonical":"https:\/\/veritasinfo.org\/?p=7291","og_locale":"en_US","og_type":"article","og_title":"Osmani fal\u00ebnderon Trump p\u00ebr marr\u00ebveshjen Azerbajxhan\u2013Armeni: Bota \u00ebsht\u00eb m\u00eb e sigurt n\u00ebn udh\u00ebheqjen amerikane -","og_description":"Presidentja e Republik\u00ebs s\u00eb Kosov\u00ebs, Vjosa Osmani, ka p\u00ebrsh\u00ebndetur arritjen e marr\u00ebveshjes historike t\u00eb paqes mes Azerbajxhanit dhe Armenis\u00eb, duke e vler\u00ebsuar si d\u00ebshmi t\u00eb","og_url":"https:\/\/veritasinfo.org\/?p=7291","article_published_time":"2025-08-09T06:40:43+00:00","article_modified_time":"2025-08-09T06:41:44+00:00","og_image":[{"width":1600,"height":900,"url":"https:\/\/veritasinfo.org\/wp-content\/uploads\/2025\/08\/GeRozzkWIAAqRuc-e1733678707407.jpg","type":"image\/jpeg"}],"author":"admin","twitter_card":"summary_large_image","twitter_misc":{"Written by":"admin","Est. reading time":"1 minute"},"schema":{"@context":"https:\/\/schema.org","@graph":[{"@type":"WebPage","@id":"https:\/\/veritasinfo.org\/?p=7291","url":"https:\/\/veritasinfo.org\/?p=7291","name":"Osmani fal\u00ebnderon Trump p\u00ebr marr\u00ebveshjen Azerbajxhan\u2013Armeni: Bota \u00ebsht\u00eb m\u00eb e sigurt n\u00ebn udh\u00ebheqjen amerikane -","isPartOf":{"@id":"https:\/\/veritasinfo.org\/#website"},"primaryImageOfPage":{"@id":"https:\/\/veritasinfo.org\/?p=7291#primaryimage"},"image":{"@id":"https:\/\/veritasinfo.org\/?p=7291#primaryimage"},"thumbnailUrl":"https:\/\/veritasinfo.org\/wp-content\/uploads\/2025\/08\/GeRozzkWIAAqRuc-e1733678707407.jpg","datePublished":"2025-08-09T06:40:43+00:00","dateModified":"2025-08-09T06:41:44+00:00","author":{"@id":"https:\/\/veritasinfo.org\/#\/schema\/person\/7701f8c088bece422266b100a712374f"},"breadcrumb":{"@id":"https:\/\/veritasinfo.org\/?p=7291#breadcrumb"},"inLanguage":"en-US","potentialAction":[{"@type":"ReadAction","target":["https:\/\/veritasinfo.org\/?p=7291"]}]},{"@type":"ImageObject","inLanguage":"en-US","@id":"https:\/\/veritasinfo.org\/?p=7291#primaryimage","url":"https:\/\/veritasinfo.org\/wp-content\/uploads\/2025\/08\/GeRozzkWIAAqRuc-e1733678707407.jpg","contentUrl":"https:\/\/veritasinfo.org\/wp-content\/uploads\/2025\/08\/GeRozzkWIAAqRuc-e1733678707407.jpg","width":1600,"height":900},{"@type":"BreadcrumbList","@id":"https:\/\/veritasinfo.org\/?p=7291#breadcrumb","itemListElement":[{"@type":"ListItem","position":1,"name":"Home","item":"https:\/\/veritasinfo.org\/"},{"@type":"ListItem","position":2,"name":"Osmani fal\u00ebnderon Trump p\u00ebr marr\u00ebveshjen Azerbajxhan\u2013Armeni: Bota \u00ebsht\u00eb m\u00eb e sigurt n\u00ebn udh\u00ebheqjen amerikane"}]},{"@type":"WebSite","@id":"https:\/\/veritasinfo.org\/#website","url":"https:\/\/veritasinfo.org\/","name":"","description":"","potentialAction":[{"@type":"SearchAction","target":{"@type":"EntryPoint","urlTemplate":"https:\/\/veritasinfo.org\/?s={search_term_string}"},"query-input":{"@type":"PropertyValueSpecification","valueRequired":true,"valueName":"search_term_string"}}],"inLanguage":"en-US"},{"@type":"Person","@id":"https:\/\/veritasinfo.org\/#\/schema\/person\/7701f8c088bece422266b100a712374f","name":"admin","image":{"@type":"ImageObject","inLanguage":"en-US","@id":"https:\/\/veritasinfo.org\/#\/schema\/person\/image\/","url":"https:\/\/secure.gravatar.com\/avatar\/ea53aa3bf6c9a12d5fde8ce4deff43fef3885ae33cf60184161a50d6987cfd2f?s=96&d=mm&r=g","contentUrl":"https:\/\/secure.gravatar.com\/avatar\/ea53aa3bf6c9a12d5fde8ce4deff43fef3885ae33cf60184161a50d6987cfd2f?s=96&d=mm&r=g","caption":"admin"},"sameAs":["https:\/\/veritasinfo.org"],"url":"https:\/\/veritasinfo.org\/?author=1"}]}},"featured_image_urls":{"full":["https:\/\/veritasinfo.org\/wp-content\/uploads\/2025\/08\/GeRozzkWIAAqRuc-e1733678707407.jpg",1600,900,false],"thumbnail":["https:\/\/veritasinfo.org\/wp-content\/uploads\/2025\/08\/GeRozzkWIAAqRuc-e1733678707407-150x150.jpg",150,150,true],"medium":["https:\/\/veritasinfo.org\/wp-content\/uploads\/2025\/08\/GeRozzkWIAAqRuc-e1733678707407-300x169.jpg",300,169,true],"medium_large":["https:\/\/veritasinfo.org\/wp-content\/uploads\/2025\/08\/GeRozzkWIAAqRuc-e1733678707407-768x432.jpg",640,360,true],"large":["https:\/\/veritasinfo.org\/wp-content\/uploads\/2025\/08\/GeRozzkWIAAqRuc-e1733678707407-1024x576.jpg",640,360,true],"1536x1536":["https:\/\/veritasinfo.org\/wp-content\/uploads\/2025\/08\/GeRozzkWIAAqRuc-e1733678707407-1536x864.jpg",1536,864,true],"2048x2048":["https:\/\/veritasinfo.org\/wp-content\/uploads\/2025\/08\/GeRozzkWIAAqRuc-e1733678707407.jpg",1600,900,false],"kreeti-slider-full":["https:\/\/veritasinfo.org\/wp-content\/uploads\/2025\/08\/GeRozzkWIAAqRuc-e1733678707407.jpg",1280,720,false],"kreeti-featured":["https:\/\/veritasinfo.org\/wp-content\/uploads\/2025\/08\/GeRozzkWIAAqRuc-e1733678707407.jpg",1024,576,false],"kreeti-medium":["https:\/\/veritasinfo.org\/wp-content\/uploads\/2025\/08\/GeRozzkWIAAqRuc-e1733678707407.jpg",720,405,false],"kreeti-medium-square":["https:\/\/veritasinfo.org\/wp-content\/uploads\/2025\/08\/GeRozzkWIAAqRuc-e1733678707407.jpg",350,197,false]},"author_info":{"info":["admin"]},"category_info":"<a href=\"https:\/\/veritasinfo.org\/?cat=93\" rel=\"category\">Politika<\/a>","tag_info":"Politika","comment_count":"0","_links":{"self":[{"href":"https:\/\/veritasinfo.org\/index.php?rest_route=\/wp\/v2\/posts\/7291","targetHints":{"allow":["GET"]}}],"collection":[{"href":"https:\/\/veritasinfo.org\/index.php?rest_route=\/wp\/v2\/posts"}],"about":[{"href":"https:\/\/veritasinfo.org\/index.php?rest_route=\/wp\/v2\/types\/post"}],"author":[{"embeddable":true,"href":"https:\/\/veritasinfo.org\/index.php?rest_route=\/wp\/v2\/users\/1"}],"replies":[{"embeddable":true,"href":"https:\/\/veritasinfo.org\/index.php?rest_route=%2Fwp%2Fv2%2Fcomments&post=7291"}],"version-history":[{"count":1,"href":"https:\/\/veritasinfo.org\/index.php?rest_route=\/wp\/v2\/posts\/7291\/revisions"}],"predecessor-version":[{"id":7292,"href":"https:\/\/veritasinfo.org\/index.php?rest_route=\/wp\/v2\/posts\/7291\/revisions\/7292"}],"wp:featuredmedia":[{"embeddable":true,"href":"https:\/\/veritasinfo.org\/index.php?rest_route=\/wp\/v2\/media\/7289"}],"wp:attachment":[{"href":"https:\/\/veritasinfo.org\/index.php?rest_route=%2Fwp%2Fv2%2Fmedia&parent=7291"}],"wp:term":[{"taxonomy":"category","embeddable":true,"href":"https:\/\/veritasinfo.org\/index.php?rest_route=%2Fwp%2Fv2%2Fcategories&post=7291"},{"taxonomy":"post_tag","embeddable":true,"href":"https:\/\/veritasinfo.org\/index.php?rest_route=%2Fwp%2Fv2%2Ftags&post=7291"}],"curies":[{"name":"wp","href":"https:\/\/api.w.org\/{rel}","templated":true}]}}