{"id":7271,"date":"2025-08-08T20:59:44","date_gmt":"2025-08-08T18:59:44","guid":{"rendered":"https:\/\/veritasinfo.org\/?p=7271"},"modified":"2025-08-08T20:59:44","modified_gmt":"2025-08-08T18:59:44","slug":"incident-ne-mitrovicen-e-veriut-njeri-i-dyshuar-lirohet-tjetri-ne-ndalim-48-oresh-per-kanosje","status":"publish","type":"post","link":"https:\/\/veritasinfo.org\/?p=7271","title":{"rendered":"Incident n\u00eb Mitrovic\u00ebn e Veriut: Nj\u00ebri i dyshuar lirohet, tjetri n\u00eb ndalim 48 or\u00ebsh p\u00ebr kanosje"},"content":{"rendered":"<p data-start=\"166\" data-end=\"361\">Sot n\u00eb Mitrovic\u00ebn e Veriut, pas p\u00ebrfundimit t\u00eb festivalit \u201cMitrovica Jazz Days\u201d, jan\u00eb sh\u00ebnuar incidente gjat\u00eb t\u00eb cilave Policia ka arrestuar dy persona p\u00ebr prishje t\u00eb rendit dhe qet\u00ebsis\u00eb publike.<\/p>\n<p data-start=\"363\" data-end=\"696\">Z\u00ebvend\u00ebsdrejtori i Policis\u00eb s\u00eb Kosov\u00ebs p\u00ebr rajonin e Prishtin\u00ebs, Veton Elshani, ka konfirmuar se nj\u00ebrit prej t\u00eb dyshuarve i \u00ebsht\u00eb shqiptuar gjob\u00eb p\u00ebr sulm verbal dhe \u00ebsht\u00eb liruar, nd\u00ebrsa tjetri \u00ebsht\u00eb ndaluar p\u00ebr 48 or\u00eb pas intervistimit dhe shqyrtimit t\u00eb pamjeve filmike, n\u00ebn dyshimin p\u00ebr vep\u00ebr penale \u2013 kanosje.<\/p>\n<p data-start=\"698\" data-end=\"1025\">Incidenti ndodhi af\u00ebr sken\u00ebs ku po mbahej festivali, n\u00eb momentin kur n\u00eb vendngjarje u paraqit kryetari i komun\u00ebs, Erden Atiq. Nj\u00eb grup qytetar\u00ebsh t\u00eb komunitetit serb, t\u00eb cil\u00ebt ndodheshin n\u00eb nj\u00eb kafene pran\u00eb, nis\u00ebn t\u00eb fishk\u00ebllenin dhe t\u00eb shanin, duke shprehur pak\u00ebnaq\u00ebsin\u00eb p\u00ebr mbajtjen e festivalit n\u00eb pjes\u00ebn veriore t\u00eb qytetit.<\/p>\n<p data-start=\"1027\" data-end=\"1243\">Festivali \u201cMitrovica Jazz Days\u201d, i cili deri m\u00eb tani ishte zhvilluar vet\u00ebm n\u00eb pjes\u00ebn jugore t\u00eb Mitrovic\u00ebs, k\u00ebt\u00eb vit p\u00ebr her\u00eb t\u00eb par\u00eb \u00ebsht\u00eb organizuar edhe n\u00eb veri, n\u00eb p\u00ebrpjekje p\u00ebr t\u00eb promovuar p\u00ebrfshirjen kulturore.<\/p>\n<p data-start=\"1245\" data-end=\"1432\">Policia ka nd\u00ebrhyr\u00eb me shpejt\u00ebsi p\u00ebr t\u00eb parandaluar p\u00ebrshkall\u00ebzimin e situat\u00ebs, nd\u00ebrsa hetimet jan\u00eb ende n\u00eb vijim. Autoritetet kan\u00eb b\u00ebr\u00eb thirrje p\u00ebr qet\u00ebsi dhe respektim t\u00eb rendit publik.<\/p>\n","protected":false},"excerpt":{"rendered":"<p>Sot n\u00eb Mitrovic\u00ebn e Veriut, pas p\u00ebrfundimit t\u00eb festivalit \u201cMitrovica Jazz Days\u201d, jan\u00eb sh\u00ebnuar incidente gjat\u00eb t\u00eb cilave Policia ka arrestuar dy persona p\u00ebr prishje<\/p>\n","protected":false},"author":1,"featured_media":7267,"comment_status":"open","ping_status":"open","sticky":false,"template":"","format":"standard","meta":{"footnotes":""},"categories":[60],"tags":[],"class_list":["post-7271","post","type-post","status-publish","format-standard","has-post-thumbnail","hentry","category-shoqerore-sq"],"yoast_head":"<!-- This site is optimized with the Yoast SEO plugin v25.3.1 - https:\/\/yoast.com\/wordpress\/plugins\/seo\/ -->\n<title>Incident n\u00eb Mitrovic\u00ebn e Veriut: Nj\u00ebri i dyshuar lirohet, tjetri n\u00eb ndalim 48 or\u00ebsh p\u00ebr kanosje -<\/title>\n<meta name=\"robots\" content=\"index, follow, max-snippet:-1, max-image-preview:large, max-video-preview:-1\" \/>\n<link rel=\"canonical\" href=\"https:\/\/veritasinfo.org\/?p=7271\" \/>\n<meta property=\"og:locale\" content=\"en_US\" \/>\n<meta property=\"og:type\" content=\"article\" \/>\n<meta property=\"og:title\" content=\"Incident n\u00eb Mitrovic\u00ebn e Veriut: Nj\u00ebri i dyshuar lirohet, tjetri n\u00eb ndalim 48 or\u00ebsh p\u00ebr kanosje -\" \/>\n<meta property=\"og:description\" content=\"Sot n\u00eb Mitrovic\u00ebn e Veriut, pas p\u00ebrfundimit t\u00eb festivalit \u201cMitrovica Jazz Days\u201d, jan\u00eb sh\u00ebnuar incidente gjat\u00eb t\u00eb cilave Policia ka arrestuar dy persona p\u00ebr prishje\" \/>\n<meta property=\"og:url\" content=\"https:\/\/veritasinfo.org\/?p=7271\" \/>\n<meta property=\"article:published_time\" content=\"2025-08-08T18:59:44+00:00\" \/>\n<meta property=\"og:image\" content=\"https:\/\/veritasinfo.org\/wp-content\/uploads\/2025\/08\/Screenshot-2025-08-08-200554-600x360-1.png\" \/>\n\t<meta property=\"og:image:width\" content=\"600\" \/>\n\t<meta property=\"og:image:height\" content=\"360\" \/>\n\t<meta property=\"og:image:type\" content=\"image\/png\" \/>\n<meta name=\"author\" content=\"admin\" \/>\n<meta name=\"twitter:card\" content=\"summary_large_image\" \/>\n<meta name=\"twitter:label1\" content=\"Written by\" \/>\n\t<meta name=\"twitter:data1\" content=\"admin\" \/>\n\t<meta name=\"twitter:label2\" content=\"Est. reading time\" \/>\n\t<meta name=\"twitter:data2\" content=\"2 minutes\" \/>\n<script type=\"application\/ld+json\" class=\"yoast-schema-graph\">{\"@context\":\"https:\/\/schema.org\",\"@graph\":[{\"@type\":\"WebPage\",\"@id\":\"https:\/\/veritasinfo.org\/?p=7271\",\"url\":\"https:\/\/veritasinfo.org\/?p=7271\",\"name\":\"Incident n\u00eb Mitrovic\u00ebn e Veriut: Nj\u00ebri i dyshuar lirohet, tjetri n\u00eb ndalim 48 or\u00ebsh p\u00ebr kanosje -\",\"isPartOf\":{\"@id\":\"https:\/\/veritasinfo.org\/#website\"},\"primaryImageOfPage\":{\"@id\":\"https:\/\/veritasinfo.org\/?p=7271#primaryimage\"},\"image\":{\"@id\":\"https:\/\/veritasinfo.org\/?p=7271#primaryimage\"},\"thumbnailUrl\":\"https:\/\/veritasinfo.org\/wp-content\/uploads\/2025\/08\/Screenshot-2025-08-08-200554-600x360-1.png\",\"datePublished\":\"2025-08-08T18:59:44+00:00\",\"author\":{\"@id\":\"https:\/\/veritasinfo.org\/#\/schema\/person\/7701f8c088bece422266b100a712374f\"},\"breadcrumb\":{\"@id\":\"https:\/\/veritasinfo.org\/?p=7271#breadcrumb\"},\"inLanguage\":\"en-US\",\"potentialAction\":[{\"@type\":\"ReadAction\",\"target\":[\"https:\/\/veritasinfo.org\/?p=7271\"]}]},{\"@type\":\"ImageObject\",\"inLanguage\":\"en-US\",\"@id\":\"https:\/\/veritasinfo.org\/?p=7271#primaryimage\",\"url\":\"https:\/\/veritasinfo.org\/wp-content\/uploads\/2025\/08\/Screenshot-2025-08-08-200554-600x360-1.png\",\"contentUrl\":\"https:\/\/veritasinfo.org\/wp-content\/uploads\/2025\/08\/Screenshot-2025-08-08-200554-600x360-1.png\",\"width\":600,\"height\":360},{\"@type\":\"BreadcrumbList\",\"@id\":\"https:\/\/veritasinfo.org\/?p=7271#breadcrumb\",\"itemListElement\":[{\"@type\":\"ListItem\",\"position\":1,\"name\":\"Home\",\"item\":\"https:\/\/veritasinfo.org\/\"},{\"@type\":\"ListItem\",\"position\":2,\"name\":\"Incident n\u00eb Mitrovic\u00ebn e Veriut: Nj\u00ebri i dyshuar lirohet, tjetri n\u00eb ndalim 48 or\u00ebsh p\u00ebr kanosje\"}]},{\"@type\":\"WebSite\",\"@id\":\"https:\/\/veritasinfo.org\/#website\",\"url\":\"https:\/\/veritasinfo.org\/\",\"name\":\"\",\"description\":\"\",\"potentialAction\":[{\"@type\":\"SearchAction\",\"target\":{\"@type\":\"EntryPoint\",\"urlTemplate\":\"https:\/\/veritasinfo.org\/?s={search_term_string}\"},\"query-input\":{\"@type\":\"PropertyValueSpecification\",\"valueRequired\":true,\"valueName\":\"search_term_string\"}}],\"inLanguage\":\"en-US\"},{\"@type\":\"Person\",\"@id\":\"https:\/\/veritasinfo.org\/#\/schema\/person\/7701f8c088bece422266b100a712374f\",\"name\":\"admin\",\"image\":{\"@type\":\"ImageObject\",\"inLanguage\":\"en-US\",\"@id\":\"https:\/\/veritasinfo.org\/#\/schema\/person\/image\/\",\"url\":\"https:\/\/secure.gravatar.com\/avatar\/ea53aa3bf6c9a12d5fde8ce4deff43fef3885ae33cf60184161a50d6987cfd2f?s=96&d=mm&r=g\",\"contentUrl\":\"https:\/\/secure.gravatar.com\/avatar\/ea53aa3bf6c9a12d5fde8ce4deff43fef3885ae33cf60184161a50d6987cfd2f?s=96&d=mm&r=g\",\"caption\":\"admin\"},\"sameAs\":[\"https:\/\/veritasinfo.org\"],\"url\":\"https:\/\/veritasinfo.org\/?author=1\"}]}<\/script>\n<!-- \/ Yoast SEO plugin. -->","yoast_head_json":{"title":"Incident n\u00eb Mitrovic\u00ebn e Veriut: Nj\u00ebri i dyshuar lirohet, tjetri n\u00eb ndalim 48 or\u00ebsh p\u00ebr kanosje -","robots":{"index":"index","follow":"follow","max-snippet":"max-snippet:-1","max-image-preview":"max-image-preview:large","max-video-preview":"max-video-preview:-1"},"canonical":"https:\/\/veritasinfo.org\/?p=7271","og_locale":"en_US","og_type":"article","og_title":"Incident n\u00eb Mitrovic\u00ebn e Veriut: Nj\u00ebri i dyshuar lirohet, tjetri n\u00eb ndalim 48 or\u00ebsh p\u00ebr kanosje -","og_description":"Sot n\u00eb Mitrovic\u00ebn e Veriut, pas p\u00ebrfundimit t\u00eb festivalit \u201cMitrovica Jazz Days\u201d, jan\u00eb sh\u00ebnuar incidente gjat\u00eb t\u00eb cilave Policia ka arrestuar dy persona p\u00ebr prishje","og_url":"https:\/\/veritasinfo.org\/?p=7271","article_published_time":"2025-08-08T18:59:44+00:00","og_image":[{"width":600,"height":360,"url":"https:\/\/veritasinfo.org\/wp-content\/uploads\/2025\/08\/Screenshot-2025-08-08-200554-600x360-1.png","type":"image\/png"}],"author":"admin","twitter_card":"summary_large_image","twitter_misc":{"Written by":"admin","Est. reading time":"2 minutes"},"schema":{"@context":"https:\/\/schema.org","@graph":[{"@type":"WebPage","@id":"https:\/\/veritasinfo.org\/?p=7271","url":"https:\/\/veritasinfo.org\/?p=7271","name":"Incident n\u00eb Mitrovic\u00ebn e Veriut: Nj\u00ebri i dyshuar lirohet, tjetri n\u00eb ndalim 48 or\u00ebsh p\u00ebr kanosje -","isPartOf":{"@id":"https:\/\/veritasinfo.org\/#website"},"primaryImageOfPage":{"@id":"https:\/\/veritasinfo.org\/?p=7271#primaryimage"},"image":{"@id":"https:\/\/veritasinfo.org\/?p=7271#primaryimage"},"thumbnailUrl":"https:\/\/veritasinfo.org\/wp-content\/uploads\/2025\/08\/Screenshot-2025-08-08-200554-600x360-1.png","datePublished":"2025-08-08T18:59:44+00:00","author":{"@id":"https:\/\/veritasinfo.org\/#\/schema\/person\/7701f8c088bece422266b100a712374f"},"breadcrumb":{"@id":"https:\/\/veritasinfo.org\/?p=7271#breadcrumb"},"inLanguage":"en-US","potentialAction":[{"@type":"ReadAction","target":["https:\/\/veritasinfo.org\/?p=7271"]}]},{"@type":"ImageObject","inLanguage":"en-US","@id":"https:\/\/veritasinfo.org\/?p=7271#primaryimage","url":"https:\/\/veritasinfo.org\/wp-content\/uploads\/2025\/08\/Screenshot-2025-08-08-200554-600x360-1.png","contentUrl":"https:\/\/veritasinfo.org\/wp-content\/uploads\/2025\/08\/Screenshot-2025-08-08-200554-600x360-1.png","width":600,"height":360},{"@type":"BreadcrumbList","@id":"https:\/\/veritasinfo.org\/?p=7271#breadcrumb","itemListElement":[{"@type":"ListItem","position":1,"name":"Home","item":"https:\/\/veritasinfo.org\/"},{"@type":"ListItem","position":2,"name":"Incident n\u00eb Mitrovic\u00ebn e Veriut: Nj\u00ebri i dyshuar lirohet, tjetri n\u00eb ndalim 48 or\u00ebsh p\u00ebr kanosje"}]},{"@type":"WebSite","@id":"https:\/\/veritasinfo.org\/#website","url":"https:\/\/veritasinfo.org\/","name":"","description":"","potentialAction":[{"@type":"SearchAction","target":{"@type":"EntryPoint","urlTemplate":"https:\/\/veritasinfo.org\/?s={search_term_string}"},"query-input":{"@type":"PropertyValueSpecification","valueRequired":true,"valueName":"search_term_string"}}],"inLanguage":"en-US"},{"@type":"Person","@id":"https:\/\/veritasinfo.org\/#\/schema\/person\/7701f8c088bece422266b100a712374f","name":"admin","image":{"@type":"ImageObject","inLanguage":"en-US","@id":"https:\/\/veritasinfo.org\/#\/schema\/person\/image\/","url":"https:\/\/secure.gravatar.com\/avatar\/ea53aa3bf6c9a12d5fde8ce4deff43fef3885ae33cf60184161a50d6987cfd2f?s=96&d=mm&r=g","contentUrl":"https:\/\/secure.gravatar.com\/avatar\/ea53aa3bf6c9a12d5fde8ce4deff43fef3885ae33cf60184161a50d6987cfd2f?s=96&d=mm&r=g","caption":"admin"},"sameAs":["https:\/\/veritasinfo.org"],"url":"https:\/\/veritasinfo.org\/?author=1"}]}},"featured_image_urls":{"full":["https:\/\/veritasinfo.org\/wp-content\/uploads\/2025\/08\/Screenshot-2025-08-08-200554-600x360-1.png",600,360,false],"thumbnail":["https:\/\/veritasinfo.org\/wp-content\/uploads\/2025\/08\/Screenshot-2025-08-08-200554-600x360-1-150x150.png",150,150,true],"medium":["https:\/\/veritasinfo.org\/wp-content\/uploads\/2025\/08\/Screenshot-2025-08-08-200554-600x360-1-300x180.png",300,180,true],"medium_large":["https:\/\/veritasinfo.org\/wp-content\/uploads\/2025\/08\/Screenshot-2025-08-08-200554-600x360-1.png",600,360,false],"large":["https:\/\/veritasinfo.org\/wp-content\/uploads\/2025\/08\/Screenshot-2025-08-08-200554-600x360-1.png",600,360,false],"1536x1536":["https:\/\/veritasinfo.org\/wp-content\/uploads\/2025\/08\/Screenshot-2025-08-08-200554-600x360-1.png",600,360,false],"2048x2048":["https:\/\/veritasinfo.org\/wp-content\/uploads\/2025\/08\/Screenshot-2025-08-08-200554-600x360-1.png",600,360,false],"kreeti-slider-full":["https:\/\/veritasinfo.org\/wp-content\/uploads\/2025\/08\/Screenshot-2025-08-08-200554-600x360-1.png",600,360,false],"kreeti-featured":["https:\/\/veritasinfo.org\/wp-content\/uploads\/2025\/08\/Screenshot-2025-08-08-200554-600x360-1.png",600,360,false],"kreeti-medium":["https:\/\/veritasinfo.org\/wp-content\/uploads\/2025\/08\/Screenshot-2025-08-08-200554-600x360-1.png",600,360,false],"kreeti-medium-square":["https:\/\/veritasinfo.org\/wp-content\/uploads\/2025\/08\/Screenshot-2025-08-08-200554-600x360-1.png",350,210,false]},"author_info":{"info":["admin"]},"category_info":"<a href=\"https:\/\/veritasinfo.org\/?cat=60\" rel=\"category\">Shoq\u00ebrore<\/a>","tag_info":"Shoq\u00ebrore","comment_count":"0","_links":{"self":[{"href":"https:\/\/veritasinfo.org\/index.php?rest_route=\/wp\/v2\/posts\/7271","targetHints":{"allow":["GET"]}}],"collection":[{"href":"https:\/\/veritasinfo.org\/index.php?rest_route=\/wp\/v2\/posts"}],"about":[{"href":"https:\/\/veritasinfo.org\/index.php?rest_route=\/wp\/v2\/types\/post"}],"author":[{"embeddable":true,"href":"https:\/\/veritasinfo.org\/index.php?rest_route=\/wp\/v2\/users\/1"}],"replies":[{"embeddable":true,"href":"https:\/\/veritasinfo.org\/index.php?rest_route=%2Fwp%2Fv2%2Fcomments&post=7271"}],"version-history":[{"count":1,"href":"https:\/\/veritasinfo.org\/index.php?rest_route=\/wp\/v2\/posts\/7271\/revisions"}],"predecessor-version":[{"id":7272,"href":"https:\/\/veritasinfo.org\/index.php?rest_route=\/wp\/v2\/posts\/7271\/revisions\/7272"}],"wp:featuredmedia":[{"embeddable":true,"href":"https:\/\/veritasinfo.org\/index.php?rest_route=\/wp\/v2\/media\/7267"}],"wp:attachment":[{"href":"https:\/\/veritasinfo.org\/index.php?rest_route=%2Fwp%2Fv2%2Fmedia&parent=7271"}],"wp:term":[{"taxonomy":"category","embeddable":true,"href":"https:\/\/veritasinfo.org\/index.php?rest_route=%2Fwp%2Fv2%2Fcategories&post=7271"},{"taxonomy":"post_tag","embeddable":true,"href":"https:\/\/veritasinfo.org\/index.php?rest_route=%2Fwp%2Fv2%2Ftags&post=7271"}],"curies":[{"name":"wp","href":"https:\/\/api.w.org\/{rel}","templated":true}]}}