{"id":7257,"date":"2025-08-08T20:32:34","date_gmt":"2025-08-08T18:32:34","guid":{"rendered":"https:\/\/veritasinfo.org\/?p=7257"},"modified":"2025-08-08T20:36:33","modified_gmt":"2025-08-08T18:36:33","slug":"popoviq-pas-debimit-nga-kosova-nuk-terhiqem-nga-deklaratat-per-uck-ne","status":"publish","type":"post","link":"https:\/\/veritasinfo.org\/?p=7257","title":{"rendered":"Popoviq pas d\u00ebbimit nga Kosova: Nuk t\u00ebrhiqem nga deklaratat p\u00ebr U\u00c7K-n\u00eb"},"content":{"rendered":"<p data-start=\"214\" data-end=\"456\">Z\u00ebvend\u00ebsdrejtori i t\u00eb ashtuquajtur\u00ebs Zyr\u00eb p\u00ebr Kosov\u00ebn n\u00eb Qeverin\u00eb e Serbis\u00eb, Igor Popoviq, \u00ebsht\u00eb d\u00ebbuar sot nga Kosova, pasi Gjykata Themelore n\u00eb Prishtin\u00eb e d\u00ebnoi me 3 mij\u00eb euro gjob\u00eb dhe ia ndaloi hyrjen p\u00ebr dy vjet n\u00eb territorin e Kosov\u00ebs.<\/p>\n<p data-start=\"458\" data-end=\"745\">Popoviq ishte arrestuar m\u00eb 18 korrik n\u00eb pik\u00ebn kufitare t\u00eb B\u00ebrnjakut, pas deklaratave t\u00eb dh\u00ebna n\u00eb nj\u00eb ceremoni p\u00ebrkujtimore n\u00eb Rahovec, ku kishte akuzuar Ushtrin\u00eb \u00c7lirimtare t\u00eb Kosov\u00ebs p\u00ebr krime ndaj serb\u00ebve. Ai u akuzua nga Prokuroria Speciale p\u00ebr \u201cnxitje t\u00eb p\u00ebr\u00e7arjes dhe intoleranc\u00ebs\u201d.<\/p>\n<p data-start=\"747\" data-end=\"988\">Edhe pse gjykata b\u00ebri t\u00eb ditur se Popoviq kishte pranuar faj\u00ebsin\u00eb p\u00ebrmes nj\u00eb marr\u00ebveshjeje, ai mohoi nj\u00eb gj\u00eb t\u00eb till\u00eb pas kalimit n\u00eb territorin e Serbis\u00eb, duke e cil\u00ebsuar sistemin e drejt\u00ebsis\u00eb n\u00eb Kosov\u00eb si t\u00eb \u201cinstrumentalizuar politikisht\u201d.<\/p>\n<p data-start=\"990\" data-end=\"1273\">\u201cSapo kalova kufirin administrativ. Kjo periudh\u00eb e v\u00ebshtir\u00eb ka p\u00ebrfunduar, por m\u00eb keq e kan\u00eb ata serb\u00eb q\u00eb po mbahen n\u00eb burgjet e drejt\u00ebsis\u00eb s\u00eb t\u00eb ashtuquajturit Zot. Nuk ka asnj\u00eb marr\u00ebveshje me gjyq\u00ebsorin e Kurtit \u2013 nuk pranoj faj p\u00ebr asgj\u00eb q\u00eb kam th\u00ebn\u00eb\u201d, tha ai.<\/p>\n<p data-start=\"1275\" data-end=\"1449\">Ai u shpreh se q\u00ebndron prapa deklaratave t\u00eb b\u00ebra n\u00eb Rahovec, ku kishte cil\u00ebsuar pjes\u00ebtar\u00ebt e U\u00c7K-s\u00eb si \u201cterrorist\u00eb\u201d, duke akuzuar drejt\u00ebsin\u00eb kosovare p\u00ebr p\u00ebrndjekje politike.<\/p>\n<p data-start=\"1451\" data-end=\"1595\">\u201cNuk ka forc\u00eb ky proces, sepse \u00ebsht\u00eb thjesht pasoj\u00eb e presionit nga gjyq\u00ebsori politikisht i instrumentalizuar n\u00eb Prishtin\u00eb\u201d, tha m\u00eb tej Popoviq.<\/p>\n","protected":false},"excerpt":{"rendered":"<p>Z\u00ebvend\u00ebsdrejtori i t\u00eb ashtuquajtur\u00ebs Zyr\u00eb p\u00ebr Kosov\u00ebn n\u00eb Qeverin\u00eb e Serbis\u00eb, Igor Popoviq, \u00ebsht\u00eb d\u00ebbuar sot nga Kosova, pasi Gjykata Themelore n\u00eb Prishtin\u00eb e d\u00ebnoi<\/p>\n","protected":false},"author":1,"featured_media":7258,"comment_status":"open","ping_status":"open","sticky":false,"template":"","format":"standard","meta":{"footnotes":""},"categories":[60],"tags":[],"class_list":["post-7257","post","type-post","status-publish","format-standard","has-post-thumbnail","hentry","category-shoqerore-sq"],"yoast_head":"<!-- This site is optimized with the Yoast SEO plugin v25.3.1 - https:\/\/yoast.com\/wordpress\/plugins\/seo\/ -->\n<title>Popoviq pas d\u00ebbimit nga Kosova: Nuk t\u00ebrhiqem nga deklaratat p\u00ebr U\u00c7K-n\u00eb -<\/title>\n<meta name=\"robots\" content=\"index, follow, max-snippet:-1, max-image-preview:large, max-video-preview:-1\" \/>\n<link rel=\"canonical\" href=\"https:\/\/veritasinfo.org\/?p=7257\" \/>\n<meta property=\"og:locale\" content=\"en_US\" \/>\n<meta property=\"og:type\" content=\"article\" \/>\n<meta property=\"og:title\" content=\"Popoviq pas d\u00ebbimit nga Kosova: Nuk t\u00ebrhiqem nga deklaratat p\u00ebr U\u00c7K-n\u00eb -\" \/>\n<meta property=\"og:description\" content=\"Z\u00ebvend\u00ebsdrejtori i t\u00eb ashtuquajtur\u00ebs Zyr\u00eb p\u00ebr Kosov\u00ebn n\u00eb Qeverin\u00eb e Serbis\u00eb, Igor Popoviq, \u00ebsht\u00eb d\u00ebbuar sot nga Kosova, pasi Gjykata Themelore n\u00eb Prishtin\u00eb e d\u00ebnoi\" \/>\n<meta property=\"og:url\" content=\"https:\/\/veritasinfo.org\/?p=7257\" \/>\n<meta property=\"article:published_time\" content=\"2025-08-08T18:32:34+00:00\" \/>\n<meta property=\"article:modified_time\" content=\"2025-08-08T18:36:33+00:00\" \/>\n<meta property=\"og:image\" content=\"https:\/\/veritasinfo.org\/wp-content\/uploads\/2025\/08\/auto_Screenshot_2025-08-05_1202231754388155.jpg\" \/>\n\t<meta property=\"og:image:width\" content=\"850\" \/>\n\t<meta property=\"og:image:height\" content=\"633\" \/>\n\t<meta property=\"og:image:type\" content=\"image\/jpeg\" \/>\n<meta name=\"author\" content=\"admin\" \/>\n<meta name=\"twitter:card\" content=\"summary_large_image\" \/>\n<meta name=\"twitter:label1\" content=\"Written by\" \/>\n\t<meta name=\"twitter:data1\" content=\"admin\" \/>\n\t<meta name=\"twitter:label2\" content=\"Est. reading time\" \/>\n\t<meta name=\"twitter:data2\" content=\"2 minutes\" \/>\n<script type=\"application\/ld+json\" class=\"yoast-schema-graph\">{\"@context\":\"https:\/\/schema.org\",\"@graph\":[{\"@type\":\"WebPage\",\"@id\":\"https:\/\/veritasinfo.org\/?p=7257\",\"url\":\"https:\/\/veritasinfo.org\/?p=7257\",\"name\":\"Popoviq pas d\u00ebbimit nga Kosova: Nuk t\u00ebrhiqem nga deklaratat p\u00ebr U\u00c7K-n\u00eb -\",\"isPartOf\":{\"@id\":\"https:\/\/veritasinfo.org\/#website\"},\"primaryImageOfPage\":{\"@id\":\"https:\/\/veritasinfo.org\/?p=7257#primaryimage\"},\"image\":{\"@id\":\"https:\/\/veritasinfo.org\/?p=7257#primaryimage\"},\"thumbnailUrl\":\"https:\/\/veritasinfo.org\/wp-content\/uploads\/2025\/08\/auto_Screenshot_2025-08-05_1202231754388155.jpg\",\"datePublished\":\"2025-08-08T18:32:34+00:00\",\"dateModified\":\"2025-08-08T18:36:33+00:00\",\"author\":{\"@id\":\"https:\/\/veritasinfo.org\/#\/schema\/person\/7701f8c088bece422266b100a712374f\"},\"breadcrumb\":{\"@id\":\"https:\/\/veritasinfo.org\/?p=7257#breadcrumb\"},\"inLanguage\":\"en-US\",\"potentialAction\":[{\"@type\":\"ReadAction\",\"target\":[\"https:\/\/veritasinfo.org\/?p=7257\"]}]},{\"@type\":\"ImageObject\",\"inLanguage\":\"en-US\",\"@id\":\"https:\/\/veritasinfo.org\/?p=7257#primaryimage\",\"url\":\"https:\/\/veritasinfo.org\/wp-content\/uploads\/2025\/08\/auto_Screenshot_2025-08-05_1202231754388155.jpg\",\"contentUrl\":\"https:\/\/veritasinfo.org\/wp-content\/uploads\/2025\/08\/auto_Screenshot_2025-08-05_1202231754388155.jpg\",\"width\":850,\"height\":633},{\"@type\":\"BreadcrumbList\",\"@id\":\"https:\/\/veritasinfo.org\/?p=7257#breadcrumb\",\"itemListElement\":[{\"@type\":\"ListItem\",\"position\":1,\"name\":\"Home\",\"item\":\"https:\/\/veritasinfo.org\/\"},{\"@type\":\"ListItem\",\"position\":2,\"name\":\"Popoviq pas d\u00ebbimit nga Kosova: Nuk t\u00ebrhiqem nga deklaratat p\u00ebr U\u00c7K-n\u00eb\"}]},{\"@type\":\"WebSite\",\"@id\":\"https:\/\/veritasinfo.org\/#website\",\"url\":\"https:\/\/veritasinfo.org\/\",\"name\":\"\",\"description\":\"\",\"potentialAction\":[{\"@type\":\"SearchAction\",\"target\":{\"@type\":\"EntryPoint\",\"urlTemplate\":\"https:\/\/veritasinfo.org\/?s={search_term_string}\"},\"query-input\":{\"@type\":\"PropertyValueSpecification\",\"valueRequired\":true,\"valueName\":\"search_term_string\"}}],\"inLanguage\":\"en-US\"},{\"@type\":\"Person\",\"@id\":\"https:\/\/veritasinfo.org\/#\/schema\/person\/7701f8c088bece422266b100a712374f\",\"name\":\"admin\",\"image\":{\"@type\":\"ImageObject\",\"inLanguage\":\"en-US\",\"@id\":\"https:\/\/veritasinfo.org\/#\/schema\/person\/image\/\",\"url\":\"https:\/\/secure.gravatar.com\/avatar\/ea53aa3bf6c9a12d5fde8ce4deff43fef3885ae33cf60184161a50d6987cfd2f?s=96&d=mm&r=g\",\"contentUrl\":\"https:\/\/secure.gravatar.com\/avatar\/ea53aa3bf6c9a12d5fde8ce4deff43fef3885ae33cf60184161a50d6987cfd2f?s=96&d=mm&r=g\",\"caption\":\"admin\"},\"sameAs\":[\"https:\/\/veritasinfo.org\"],\"url\":\"https:\/\/veritasinfo.org\/?author=1\"}]}<\/script>\n<!-- \/ Yoast SEO plugin. -->","yoast_head_json":{"title":"Popoviq pas d\u00ebbimit nga Kosova: Nuk t\u00ebrhiqem nga deklaratat p\u00ebr U\u00c7K-n\u00eb -","robots":{"index":"index","follow":"follow","max-snippet":"max-snippet:-1","max-image-preview":"max-image-preview:large","max-video-preview":"max-video-preview:-1"},"canonical":"https:\/\/veritasinfo.org\/?p=7257","og_locale":"en_US","og_type":"article","og_title":"Popoviq pas d\u00ebbimit nga Kosova: Nuk t\u00ebrhiqem nga deklaratat p\u00ebr U\u00c7K-n\u00eb -","og_description":"Z\u00ebvend\u00ebsdrejtori i t\u00eb ashtuquajtur\u00ebs Zyr\u00eb p\u00ebr Kosov\u00ebn n\u00eb Qeverin\u00eb e Serbis\u00eb, Igor Popoviq, \u00ebsht\u00eb d\u00ebbuar sot nga Kosova, pasi Gjykata Themelore n\u00eb Prishtin\u00eb e d\u00ebnoi","og_url":"https:\/\/veritasinfo.org\/?p=7257","article_published_time":"2025-08-08T18:32:34+00:00","article_modified_time":"2025-08-08T18:36:33+00:00","og_image":[{"width":850,"height":633,"url":"https:\/\/veritasinfo.org\/wp-content\/uploads\/2025\/08\/auto_Screenshot_2025-08-05_1202231754388155.jpg","type":"image\/jpeg"}],"author":"admin","twitter_card":"summary_large_image","twitter_misc":{"Written by":"admin","Est. reading time":"2 minutes"},"schema":{"@context":"https:\/\/schema.org","@graph":[{"@type":"WebPage","@id":"https:\/\/veritasinfo.org\/?p=7257","url":"https:\/\/veritasinfo.org\/?p=7257","name":"Popoviq pas d\u00ebbimit nga Kosova: Nuk t\u00ebrhiqem nga deklaratat p\u00ebr U\u00c7K-n\u00eb -","isPartOf":{"@id":"https:\/\/veritasinfo.org\/#website"},"primaryImageOfPage":{"@id":"https:\/\/veritasinfo.org\/?p=7257#primaryimage"},"image":{"@id":"https:\/\/veritasinfo.org\/?p=7257#primaryimage"},"thumbnailUrl":"https:\/\/veritasinfo.org\/wp-content\/uploads\/2025\/08\/auto_Screenshot_2025-08-05_1202231754388155.jpg","datePublished":"2025-08-08T18:32:34+00:00","dateModified":"2025-08-08T18:36:33+00:00","author":{"@id":"https:\/\/veritasinfo.org\/#\/schema\/person\/7701f8c088bece422266b100a712374f"},"breadcrumb":{"@id":"https:\/\/veritasinfo.org\/?p=7257#breadcrumb"},"inLanguage":"en-US","potentialAction":[{"@type":"ReadAction","target":["https:\/\/veritasinfo.org\/?p=7257"]}]},{"@type":"ImageObject","inLanguage":"en-US","@id":"https:\/\/veritasinfo.org\/?p=7257#primaryimage","url":"https:\/\/veritasinfo.org\/wp-content\/uploads\/2025\/08\/auto_Screenshot_2025-08-05_1202231754388155.jpg","contentUrl":"https:\/\/veritasinfo.org\/wp-content\/uploads\/2025\/08\/auto_Screenshot_2025-08-05_1202231754388155.jpg","width":850,"height":633},{"@type":"BreadcrumbList","@id":"https:\/\/veritasinfo.org\/?p=7257#breadcrumb","itemListElement":[{"@type":"ListItem","position":1,"name":"Home","item":"https:\/\/veritasinfo.org\/"},{"@type":"ListItem","position":2,"name":"Popoviq pas d\u00ebbimit nga Kosova: Nuk t\u00ebrhiqem nga deklaratat p\u00ebr U\u00c7K-n\u00eb"}]},{"@type":"WebSite","@id":"https:\/\/veritasinfo.org\/#website","url":"https:\/\/veritasinfo.org\/","name":"","description":"","potentialAction":[{"@type":"SearchAction","target":{"@type":"EntryPoint","urlTemplate":"https:\/\/veritasinfo.org\/?s={search_term_string}"},"query-input":{"@type":"PropertyValueSpecification","valueRequired":true,"valueName":"search_term_string"}}],"inLanguage":"en-US"},{"@type":"Person","@id":"https:\/\/veritasinfo.org\/#\/schema\/person\/7701f8c088bece422266b100a712374f","name":"admin","image":{"@type":"ImageObject","inLanguage":"en-US","@id":"https:\/\/veritasinfo.org\/#\/schema\/person\/image\/","url":"https:\/\/secure.gravatar.com\/avatar\/ea53aa3bf6c9a12d5fde8ce4deff43fef3885ae33cf60184161a50d6987cfd2f?s=96&d=mm&r=g","contentUrl":"https:\/\/secure.gravatar.com\/avatar\/ea53aa3bf6c9a12d5fde8ce4deff43fef3885ae33cf60184161a50d6987cfd2f?s=96&d=mm&r=g","caption":"admin"},"sameAs":["https:\/\/veritasinfo.org"],"url":"https:\/\/veritasinfo.org\/?author=1"}]}},"featured_image_urls":{"full":["https:\/\/veritasinfo.org\/wp-content\/uploads\/2025\/08\/auto_Screenshot_2025-08-05_1202231754388155.jpg",850,633,false],"thumbnail":["https:\/\/veritasinfo.org\/wp-content\/uploads\/2025\/08\/auto_Screenshot_2025-08-05_1202231754388155-150x150.jpg",150,150,true],"medium":["https:\/\/veritasinfo.org\/wp-content\/uploads\/2025\/08\/auto_Screenshot_2025-08-05_1202231754388155-300x223.jpg",300,223,true],"medium_large":["https:\/\/veritasinfo.org\/wp-content\/uploads\/2025\/08\/auto_Screenshot_2025-08-05_1202231754388155-768x572.jpg",640,477,true],"large":["https:\/\/veritasinfo.org\/wp-content\/uploads\/2025\/08\/auto_Screenshot_2025-08-05_1202231754388155.jpg",640,477,false],"1536x1536":["https:\/\/veritasinfo.org\/wp-content\/uploads\/2025\/08\/auto_Screenshot_2025-08-05_1202231754388155.jpg",850,633,false],"2048x2048":["https:\/\/veritasinfo.org\/wp-content\/uploads\/2025\/08\/auto_Screenshot_2025-08-05_1202231754388155.jpg",850,633,false],"kreeti-slider-full":["https:\/\/veritasinfo.org\/wp-content\/uploads\/2025\/08\/auto_Screenshot_2025-08-05_1202231754388155.jpg",850,633,false],"kreeti-featured":["https:\/\/veritasinfo.org\/wp-content\/uploads\/2025\/08\/auto_Screenshot_2025-08-05_1202231754388155.jpg",850,633,false],"kreeti-medium":["https:\/\/veritasinfo.org\/wp-content\/uploads\/2025\/08\/auto_Screenshot_2025-08-05_1202231754388155.jpg",712,530,false],"kreeti-medium-square":["https:\/\/veritasinfo.org\/wp-content\/uploads\/2025\/08\/auto_Screenshot_2025-08-05_1202231754388155.jpg",350,261,false]},"author_info":{"info":["admin"]},"category_info":"<a href=\"https:\/\/veritasinfo.org\/?cat=60\" rel=\"category\">Shoq\u00ebrore<\/a>","tag_info":"Shoq\u00ebrore","comment_count":"0","_links":{"self":[{"href":"https:\/\/veritasinfo.org\/index.php?rest_route=\/wp\/v2\/posts\/7257","targetHints":{"allow":["GET"]}}],"collection":[{"href":"https:\/\/veritasinfo.org\/index.php?rest_route=\/wp\/v2\/posts"}],"about":[{"href":"https:\/\/veritasinfo.org\/index.php?rest_route=\/wp\/v2\/types\/post"}],"author":[{"embeddable":true,"href":"https:\/\/veritasinfo.org\/index.php?rest_route=\/wp\/v2\/users\/1"}],"replies":[{"embeddable":true,"href":"https:\/\/veritasinfo.org\/index.php?rest_route=%2Fwp%2Fv2%2Fcomments&post=7257"}],"version-history":[{"count":2,"href":"https:\/\/veritasinfo.org\/index.php?rest_route=\/wp\/v2\/posts\/7257\/revisions"}],"predecessor-version":[{"id":7262,"href":"https:\/\/veritasinfo.org\/index.php?rest_route=\/wp\/v2\/posts\/7257\/revisions\/7262"}],"wp:featuredmedia":[{"embeddable":true,"href":"https:\/\/veritasinfo.org\/index.php?rest_route=\/wp\/v2\/media\/7258"}],"wp:attachment":[{"href":"https:\/\/veritasinfo.org\/index.php?rest_route=%2Fwp%2Fv2%2Fmedia&parent=7257"}],"wp:term":[{"taxonomy":"category","embeddable":true,"href":"https:\/\/veritasinfo.org\/index.php?rest_route=%2Fwp%2Fv2%2Fcategories&post=7257"},{"taxonomy":"post_tag","embeddable":true,"href":"https:\/\/veritasinfo.org\/index.php?rest_route=%2Fwp%2Fv2%2Ftags&post=7257"}],"curies":[{"name":"wp","href":"https:\/\/api.w.org\/{rel}","templated":true}]}}