{"id":7252,"date":"2025-08-09T08:10:49","date_gmt":"2025-08-09T06:10:49","guid":{"rendered":"https:\/\/veritasinfo.org\/?p=7252"},"modified":"2025-08-08T20:41:52","modified_gmt":"2025-08-08T18:41:52","slug":"ankesa-te-shumta-ndaj-elektroseverit-per-faturat-e-energjise-ne-veri","status":"publish","type":"post","link":"https:\/\/veritasinfo.org\/?p=7252","title":{"rendered":"Ankesa t\u00eb shumta ndaj \u201cElektroseverit\u201d p\u00ebr faturat e energjis\u00eb n\u00eb veri"},"content":{"rendered":"<p data-start=\"76\" data-end=\"381\">Banor\u00ebt e veriut t\u00eb Kosov\u00ebs, ve\u00e7an\u00ebrisht ata q\u00eb jetojn\u00eb n\u00eb Lagjen e Boshnjak\u00ebve n\u00eb Mitrovic\u00eb t\u00eb Veriut, po shprehin pak\u00ebnaq\u00ebsi lidhur me m\u00ebnyr\u00ebn e faturimit t\u00eb energjis\u00eb elektrike nga kompania \u201cElektrosever\u201d. Sipas tyre, faturat po vijn\u00eb n\u00eb m\u00ebnyr\u00eb paushalle, t\u00eb fryra dhe jo n\u00eb p\u00ebrputhje me konsumin real.<\/p>\n<p data-start=\"383\" data-end=\"831\">N\u00eb k\u00ebt\u00eb lagje, 111 qytetar\u00eb kan\u00eb firmosur nj\u00eb peticion kund\u00ebr k\u00ebsaj praktike, duke theksuar se ndon\u00ebse u \u00ebsht\u00eb premtuar tarif\u00eb minimale prej 21.60 eurosh, shumica kan\u00eb marr\u00eb fatura q\u00eb fillimisht kapnin vler\u00ebn mbi 50 euro, e m\u00eb pas edhe mbi 100 euro. Ata gjithashtu pretendojn\u00eb se nuk kan\u00eb marr\u00eb fatura mujore n\u00eb koh\u00eb, por atyre u jan\u00eb llogaritur shpenzimet p\u00ebr disa muaj nj\u00ebher\u00ebsh, e n\u00eb disa raste madje kan\u00eb marr\u00eb dy fatura brenda t\u00eb nj\u00ebjtit muaj.<\/p>\n<p data-start=\"833\" data-end=\"1000\">Mentor Boja, banor dhe nd\u00ebrmjet\u00ebsues i licencuar, thekson se banor\u00ebt jan\u00eb t\u00eb gatsh\u00ebm t\u00eb paguajn\u00eb p\u00ebr rrym\u00ebn e shpenzuar, por jo p\u00ebr shuma t\u00eb caktuara pa baz\u00eb t\u00eb qart\u00eb.<\/p>\n<p data-start=\"1002\" data-end=\"1343\">Kryetari i Kuvendit Komunal t\u00eb Mitrovic\u00ebs s\u00eb Veriut, Nexhat Uglanin, deklaroi se shqet\u00ebsime t\u00eb ngjashme kan\u00eb ngritur edhe qytetar\u00ebt e komunitetit serb. Sipas tij, situata mund t\u00eb p\u00ebrshkall\u00ebzohet n\u00ebse nuk gjendet nj\u00eb zgjidhje e pranueshme, pasi k\u00ebrkesa p\u00ebr pagesa t\u00eb larta ka filluar t\u00eb shkaktoj\u00eb tensione q\u00eb mund t\u00eb rrezikojn\u00eb stabilitetin.<\/p>\n<p data-start=\"1345\" data-end=\"1609\">Nga kompania \u201cElektrosever\u201d nuk \u00ebsht\u00eb dh\u00ebn\u00eb ndonj\u00eb p\u00ebrgjigje zyrtare p\u00ebr k\u00ebto ankesa. Megjithat\u00eb, \u00ebsht\u00eb b\u00ebr\u00eb e ditur se n\u00eb rast t\u00eb mosshlyerjes s\u00eb borxheve, gjat\u00eb jav\u00ebs s\u00eb ardhshme do t\u00eb ket\u00eb nd\u00ebrprerje t\u00eb furnizimit me energji elektrike p\u00ebr konsumator\u00ebt debitor\u00eb.<\/p>\n<p data-start=\"1611\" data-end=\"2090\" data-is-last-node=\"\" data-is-only-node=\"\">Zyra e Rregullatorit p\u00ebr Energji (ZRRE) njoftoi se \u00ebsht\u00eb n\u00eb kontakt t\u00eb vazhduesh\u00ebm me \u201cElektroseverin\u201d dhe se do t\u00eb nd\u00ebrmarr\u00eb veprimet e duhura n\u00eb rast t\u00eb faturimeve t\u00eb padrejta. Megjithat\u00eb, ZRRE sqaroi se kompania n\u00eb fjal\u00eb nuk \u00ebsht\u00eb e ngarkuar me detyrime t\u00eb sh\u00ebrbimit publik dhe p\u00ebr rrjedhoj\u00eb tarifat e saj nuk i n\u00ebnshtrohen miratimit nga rregullatori. Marr\u00ebveshjet p\u00ebr \u00e7mimet e energjis\u00eb elektrike bazohen n\u00eb marr\u00ebveshje t\u00eb drejtp\u00ebrdrejta nd\u00ebrmjet kompanis\u00eb dhe konsumator\u00ebve.<\/p>\n","protected":false},"excerpt":{"rendered":"<p>Banor\u00ebt e veriut t\u00eb Kosov\u00ebs, ve\u00e7an\u00ebrisht ata q\u00eb jetojn\u00eb n\u00eb Lagjen e Boshnjak\u00ebve n\u00eb Mitrovic\u00eb t\u00eb Veriut, po shprehin pak\u00ebnaq\u00ebsi lidhur me m\u00ebnyr\u00ebn e faturimit<\/p>\n","protected":false},"author":1,"featured_media":7254,"comment_status":"open","ping_status":"open","sticky":false,"template":"","format":"standard","meta":{"footnotes":""},"categories":[60],"tags":[],"class_list":["post-7252","post","type-post","status-publish","format-standard","has-post-thumbnail","hentry","category-shoqerore-sq"],"yoast_head":"<!-- This site is optimized with the Yoast SEO plugin v25.3.1 - https:\/\/yoast.com\/wordpress\/plugins\/seo\/ -->\n<title>Ankesa t\u00eb shumta ndaj \u201cElektroseverit\u201d p\u00ebr faturat e energjis\u00eb n\u00eb veri -<\/title>\n<meta name=\"robots\" content=\"index, follow, max-snippet:-1, max-image-preview:large, max-video-preview:-1\" \/>\n<link rel=\"canonical\" href=\"https:\/\/veritasinfo.org\/?p=7252\" \/>\n<meta property=\"og:locale\" content=\"en_US\" \/>\n<meta property=\"og:type\" content=\"article\" \/>\n<meta property=\"og:title\" content=\"Ankesa t\u00eb shumta ndaj \u201cElektroseverit\u201d p\u00ebr faturat e energjis\u00eb n\u00eb veri -\" \/>\n<meta property=\"og:description\" content=\"Banor\u00ebt e veriut t\u00eb Kosov\u00ebs, ve\u00e7an\u00ebrisht ata q\u00eb jetojn\u00eb n\u00eb Lagjen e Boshnjak\u00ebve n\u00eb Mitrovic\u00eb t\u00eb Veriut, po shprehin pak\u00ebnaq\u00ebsi lidhur me m\u00ebnyr\u00ebn e faturimit\" \/>\n<meta property=\"og:url\" content=\"https:\/\/veritasinfo.org\/?p=7252\" \/>\n<meta property=\"article:published_time\" content=\"2025-08-09T06:10:49+00:00\" \/>\n<meta property=\"og:image\" content=\"https:\/\/veritasinfo.org\/wp-content\/uploads\/2025\/08\/Elektrosever.png.jpg\" \/>\n\t<meta property=\"og:image:width\" content=\"1541\" \/>\n\t<meta property=\"og:image:height\" content=\"729\" \/>\n\t<meta property=\"og:image:type\" content=\"image\/jpeg\" \/>\n<meta name=\"author\" content=\"admin\" \/>\n<meta name=\"twitter:card\" content=\"summary_large_image\" \/>\n<meta name=\"twitter:label1\" content=\"Written by\" \/>\n\t<meta name=\"twitter:data1\" content=\"admin\" \/>\n\t<meta name=\"twitter:label2\" content=\"Est. reading time\" \/>\n\t<meta name=\"twitter:data2\" content=\"2 minutes\" \/>\n<script type=\"application\/ld+json\" class=\"yoast-schema-graph\">{\"@context\":\"https:\/\/schema.org\",\"@graph\":[{\"@type\":\"WebPage\",\"@id\":\"https:\/\/veritasinfo.org\/?p=7252\",\"url\":\"https:\/\/veritasinfo.org\/?p=7252\",\"name\":\"Ankesa t\u00eb shumta ndaj \u201cElektroseverit\u201d p\u00ebr faturat e energjis\u00eb n\u00eb veri -\",\"isPartOf\":{\"@id\":\"https:\/\/veritasinfo.org\/#website\"},\"primaryImageOfPage\":{\"@id\":\"https:\/\/veritasinfo.org\/?p=7252#primaryimage\"},\"image\":{\"@id\":\"https:\/\/veritasinfo.org\/?p=7252#primaryimage\"},\"thumbnailUrl\":\"https:\/\/veritasinfo.org\/wp-content\/uploads\/2025\/08\/Elektrosever.png.jpg\",\"datePublished\":\"2025-08-09T06:10:49+00:00\",\"author\":{\"@id\":\"https:\/\/veritasinfo.org\/#\/schema\/person\/7701f8c088bece422266b100a712374f\"},\"breadcrumb\":{\"@id\":\"https:\/\/veritasinfo.org\/?p=7252#breadcrumb\"},\"inLanguage\":\"en-US\",\"potentialAction\":[{\"@type\":\"ReadAction\",\"target\":[\"https:\/\/veritasinfo.org\/?p=7252\"]}]},{\"@type\":\"ImageObject\",\"inLanguage\":\"en-US\",\"@id\":\"https:\/\/veritasinfo.org\/?p=7252#primaryimage\",\"url\":\"https:\/\/veritasinfo.org\/wp-content\/uploads\/2025\/08\/Elektrosever.png.jpg\",\"contentUrl\":\"https:\/\/veritasinfo.org\/wp-content\/uploads\/2025\/08\/Elektrosever.png.jpg\",\"width\":1541,\"height\":729},{\"@type\":\"BreadcrumbList\",\"@id\":\"https:\/\/veritasinfo.org\/?p=7252#breadcrumb\",\"itemListElement\":[{\"@type\":\"ListItem\",\"position\":1,\"name\":\"Home\",\"item\":\"https:\/\/veritasinfo.org\/\"},{\"@type\":\"ListItem\",\"position\":2,\"name\":\"Ankesa t\u00eb shumta ndaj \u201cElektroseverit\u201d p\u00ebr faturat e energjis\u00eb n\u00eb veri\"}]},{\"@type\":\"WebSite\",\"@id\":\"https:\/\/veritasinfo.org\/#website\",\"url\":\"https:\/\/veritasinfo.org\/\",\"name\":\"\",\"description\":\"\",\"potentialAction\":[{\"@type\":\"SearchAction\",\"target\":{\"@type\":\"EntryPoint\",\"urlTemplate\":\"https:\/\/veritasinfo.org\/?s={search_term_string}\"},\"query-input\":{\"@type\":\"PropertyValueSpecification\",\"valueRequired\":true,\"valueName\":\"search_term_string\"}}],\"inLanguage\":\"en-US\"},{\"@type\":\"Person\",\"@id\":\"https:\/\/veritasinfo.org\/#\/schema\/person\/7701f8c088bece422266b100a712374f\",\"name\":\"admin\",\"image\":{\"@type\":\"ImageObject\",\"inLanguage\":\"en-US\",\"@id\":\"https:\/\/veritasinfo.org\/#\/schema\/person\/image\/\",\"url\":\"https:\/\/secure.gravatar.com\/avatar\/ea53aa3bf6c9a12d5fde8ce4deff43fef3885ae33cf60184161a50d6987cfd2f?s=96&d=mm&r=g\",\"contentUrl\":\"https:\/\/secure.gravatar.com\/avatar\/ea53aa3bf6c9a12d5fde8ce4deff43fef3885ae33cf60184161a50d6987cfd2f?s=96&d=mm&r=g\",\"caption\":\"admin\"},\"sameAs\":[\"https:\/\/veritasinfo.org\"],\"url\":\"https:\/\/veritasinfo.org\/?author=1\"}]}<\/script>\n<!-- \/ Yoast SEO plugin. -->","yoast_head_json":{"title":"Ankesa t\u00eb shumta ndaj \u201cElektroseverit\u201d p\u00ebr faturat e energjis\u00eb n\u00eb veri -","robots":{"index":"index","follow":"follow","max-snippet":"max-snippet:-1","max-image-preview":"max-image-preview:large","max-video-preview":"max-video-preview:-1"},"canonical":"https:\/\/veritasinfo.org\/?p=7252","og_locale":"en_US","og_type":"article","og_title":"Ankesa t\u00eb shumta ndaj \u201cElektroseverit\u201d p\u00ebr faturat e energjis\u00eb n\u00eb veri -","og_description":"Banor\u00ebt e veriut t\u00eb Kosov\u00ebs, ve\u00e7an\u00ebrisht ata q\u00eb jetojn\u00eb n\u00eb Lagjen e Boshnjak\u00ebve n\u00eb Mitrovic\u00eb t\u00eb Veriut, po shprehin pak\u00ebnaq\u00ebsi lidhur me m\u00ebnyr\u00ebn e faturimit","og_url":"https:\/\/veritasinfo.org\/?p=7252","article_published_time":"2025-08-09T06:10:49+00:00","og_image":[{"width":1541,"height":729,"url":"https:\/\/veritasinfo.org\/wp-content\/uploads\/2025\/08\/Elektrosever.png.jpg","type":"image\/jpeg"}],"author":"admin","twitter_card":"summary_large_image","twitter_misc":{"Written by":"admin","Est. reading time":"2 minutes"},"schema":{"@context":"https:\/\/schema.org","@graph":[{"@type":"WebPage","@id":"https:\/\/veritasinfo.org\/?p=7252","url":"https:\/\/veritasinfo.org\/?p=7252","name":"Ankesa t\u00eb shumta ndaj \u201cElektroseverit\u201d p\u00ebr faturat e energjis\u00eb n\u00eb veri -","isPartOf":{"@id":"https:\/\/veritasinfo.org\/#website"},"primaryImageOfPage":{"@id":"https:\/\/veritasinfo.org\/?p=7252#primaryimage"},"image":{"@id":"https:\/\/veritasinfo.org\/?p=7252#primaryimage"},"thumbnailUrl":"https:\/\/veritasinfo.org\/wp-content\/uploads\/2025\/08\/Elektrosever.png.jpg","datePublished":"2025-08-09T06:10:49+00:00","author":{"@id":"https:\/\/veritasinfo.org\/#\/schema\/person\/7701f8c088bece422266b100a712374f"},"breadcrumb":{"@id":"https:\/\/veritasinfo.org\/?p=7252#breadcrumb"},"inLanguage":"en-US","potentialAction":[{"@type":"ReadAction","target":["https:\/\/veritasinfo.org\/?p=7252"]}]},{"@type":"ImageObject","inLanguage":"en-US","@id":"https:\/\/veritasinfo.org\/?p=7252#primaryimage","url":"https:\/\/veritasinfo.org\/wp-content\/uploads\/2025\/08\/Elektrosever.png.jpg","contentUrl":"https:\/\/veritasinfo.org\/wp-content\/uploads\/2025\/08\/Elektrosever.png.jpg","width":1541,"height":729},{"@type":"BreadcrumbList","@id":"https:\/\/veritasinfo.org\/?p=7252#breadcrumb","itemListElement":[{"@type":"ListItem","position":1,"name":"Home","item":"https:\/\/veritasinfo.org\/"},{"@type":"ListItem","position":2,"name":"Ankesa t\u00eb shumta ndaj \u201cElektroseverit\u201d p\u00ebr faturat e energjis\u00eb n\u00eb veri"}]},{"@type":"WebSite","@id":"https:\/\/veritasinfo.org\/#website","url":"https:\/\/veritasinfo.org\/","name":"","description":"","potentialAction":[{"@type":"SearchAction","target":{"@type":"EntryPoint","urlTemplate":"https:\/\/veritasinfo.org\/?s={search_term_string}"},"query-input":{"@type":"PropertyValueSpecification","valueRequired":true,"valueName":"search_term_string"}}],"inLanguage":"en-US"},{"@type":"Person","@id":"https:\/\/veritasinfo.org\/#\/schema\/person\/7701f8c088bece422266b100a712374f","name":"admin","image":{"@type":"ImageObject","inLanguage":"en-US","@id":"https:\/\/veritasinfo.org\/#\/schema\/person\/image\/","url":"https:\/\/secure.gravatar.com\/avatar\/ea53aa3bf6c9a12d5fde8ce4deff43fef3885ae33cf60184161a50d6987cfd2f?s=96&d=mm&r=g","contentUrl":"https:\/\/secure.gravatar.com\/avatar\/ea53aa3bf6c9a12d5fde8ce4deff43fef3885ae33cf60184161a50d6987cfd2f?s=96&d=mm&r=g","caption":"admin"},"sameAs":["https:\/\/veritasinfo.org"],"url":"https:\/\/veritasinfo.org\/?author=1"}]}},"featured_image_urls":{"full":["https:\/\/veritasinfo.org\/wp-content\/uploads\/2025\/08\/Elektrosever.png.jpg",1541,729,false],"thumbnail":["https:\/\/veritasinfo.org\/wp-content\/uploads\/2025\/08\/Elektrosever.png-150x150.jpg",150,150,true],"medium":["https:\/\/veritasinfo.org\/wp-content\/uploads\/2025\/08\/Elektrosever.png-300x142.jpg",300,142,true],"medium_large":["https:\/\/veritasinfo.org\/wp-content\/uploads\/2025\/08\/Elektrosever.png-768x363.jpg",640,303,true],"large":["https:\/\/veritasinfo.org\/wp-content\/uploads\/2025\/08\/Elektrosever.png-1024x484.jpg",640,303,true],"1536x1536":["https:\/\/veritasinfo.org\/wp-content\/uploads\/2025\/08\/Elektrosever.png-1536x727.jpg",1536,727,true],"2048x2048":["https:\/\/veritasinfo.org\/wp-content\/uploads\/2025\/08\/Elektrosever.png.jpg",1541,729,false],"kreeti-slider-full":["https:\/\/veritasinfo.org\/wp-content\/uploads\/2025\/08\/Elektrosever.png.jpg",1280,606,false],"kreeti-featured":["https:\/\/veritasinfo.org\/wp-content\/uploads\/2025\/08\/Elektrosever.png.jpg",1024,484,false],"kreeti-medium":["https:\/\/veritasinfo.org\/wp-content\/uploads\/2025\/08\/Elektrosever.png.jpg",720,341,false],"kreeti-medium-square":["https:\/\/veritasinfo.org\/wp-content\/uploads\/2025\/08\/Elektrosever.png.jpg",350,166,false]},"author_info":{"info":["admin"]},"category_info":"<a href=\"https:\/\/veritasinfo.org\/?cat=60\" rel=\"category\">Shoq\u00ebrore<\/a>","tag_info":"Shoq\u00ebrore","comment_count":"0","_links":{"self":[{"href":"https:\/\/veritasinfo.org\/index.php?rest_route=\/wp\/v2\/posts\/7252","targetHints":{"allow":["GET"]}}],"collection":[{"href":"https:\/\/veritasinfo.org\/index.php?rest_route=\/wp\/v2\/posts"}],"about":[{"href":"https:\/\/veritasinfo.org\/index.php?rest_route=\/wp\/v2\/types\/post"}],"author":[{"embeddable":true,"href":"https:\/\/veritasinfo.org\/index.php?rest_route=\/wp\/v2\/users\/1"}],"replies":[{"embeddable":true,"href":"https:\/\/veritasinfo.org\/index.php?rest_route=%2Fwp%2Fv2%2Fcomments&post=7252"}],"version-history":[{"count":3,"href":"https:\/\/veritasinfo.org\/index.php?rest_route=\/wp\/v2\/posts\/7252\/revisions"}],"predecessor-version":[{"id":7264,"href":"https:\/\/veritasinfo.org\/index.php?rest_route=\/wp\/v2\/posts\/7252\/revisions\/7264"}],"wp:featuredmedia":[{"embeddable":true,"href":"https:\/\/veritasinfo.org\/index.php?rest_route=\/wp\/v2\/media\/7254"}],"wp:attachment":[{"href":"https:\/\/veritasinfo.org\/index.php?rest_route=%2Fwp%2Fv2%2Fmedia&parent=7252"}],"wp:term":[{"taxonomy":"category","embeddable":true,"href":"https:\/\/veritasinfo.org\/index.php?rest_route=%2Fwp%2Fv2%2Fcategories&post=7252"},{"taxonomy":"post_tag","embeddable":true,"href":"https:\/\/veritasinfo.org\/index.php?rest_route=%2Fwp%2Fv2%2Ftags&post=7252"}],"curies":[{"name":"wp","href":"https:\/\/api.w.org\/{rel}","templated":true}]}}