{"id":7243,"date":"2025-08-08T19:29:44","date_gmt":"2025-08-08T17:29:44","guid":{"rendered":"https:\/\/veritasinfo.org\/?p=7243"},"modified":"2025-08-08T19:29:44","modified_gmt":"2025-08-08T17:29:44","slug":"vdes-nje-grua-ne-ferizaj-dyshohet-se-ra-nga-kati-i-peste-i-nje-ndertese","status":"publish","type":"post","link":"https:\/\/veritasinfo.org\/?p=7243","title":{"rendered":"Vdes nj\u00eb grua n\u00eb Ferizaj \u2013 dyshohet se ra nga kati i pest\u00eb i nj\u00eb nd\u00ebrtese"},"content":{"rendered":"<div class=\"text-base my-auto mx-auto pb-10 [--thread-content-margin:--spacing(4)] @[37rem]:[--thread-content-margin:--spacing(6)] @[72rem]:[--thread-content-margin:--spacing(16)] px-(--thread-content-margin)\">\n<div class=\"[--thread-content-max-width:32rem] @[34rem]:[--thread-content-max-width:40rem] @[64rem]:[--thread-content-max-width:48rem] mx-auto max-w-(--thread-content-max-width) flex-1 group\/turn-messages focus-visible:outline-hidden relative flex w-full min-w-0 flex-col agent-turn\">\n<div class=\"flex max-w-full flex-col grow\">\n<div class=\"min-h-8 text-message relative flex w-full flex-col items-end gap-2 text-start break-words whitespace-normal [.text-message+&amp;]:mt-5\" dir=\"auto\" data-message-author-role=\"assistant\" data-message-id=\"d0bd342c-35c1-4fb4-b111-bc04b806fa44\" data-message-model-slug=\"gpt-4o\">\n<div class=\"flex w-full flex-col gap-1 empty:hidden first:pt-[3px]\">\n<div class=\"markdown prose dark:prose-invert w-full break-words light markdown-new-styling\">\n<p data-start=\"0\" data-end=\"127\">Nj\u00eb grua 56-vje\u00e7are ka nd\u00ebrruar jet\u00eb t\u00eb enjten pasdite n\u00eb Ferizaj, si pasoj\u00eb e nj\u00eb r\u00ebnieje nga lart\u00ebsia.<\/p>\n<p data-start=\"292\" data-end=\"492\">Sipas Policis\u00eb s\u00eb Kosov\u00ebs, rasti ka ndodhur rreth or\u00ebs 16:35 n\u00eb rrug\u00ebn \u201c12 Qershori\u201d, pran\u00eb udh\u00ebkryqit me rrug\u00ebn \u201cZenel Hajdini\u201d, ku viktima dyshohet se ka r\u00ebn\u00eb nga kati i pest\u00eb i nj\u00eb nd\u00ebrtese banimi.<\/p>\n<p data-start=\"494\" data-end=\"693\">Z\u00ebdh\u00ebn\u00ebsi i policis\u00eb p\u00ebr rajonin e Ferizajt, Kanun Veseli tha se menj\u00ebher\u00eb pas pranimit t\u00eb informacionit, nj\u00ebsitet policore dhe autoambulanca kan\u00eb dal\u00eb n\u00eb vendin e ngjarjes.<\/p>\n<p data-start=\"695\" data-end=\"884\">\u201cGruaja \u00ebsht\u00eb d\u00ebrguar n\u00eb Qendr\u00ebn Emergjente n\u00eb Ferizaj n\u00eb gjendje t\u00eb r\u00ebnd\u00eb sh\u00ebndet\u00ebsore, por p\u00ebrkund\u00ebr p\u00ebrpjekjeve t\u00eb mjek\u00ebve, pak minuta m\u00eb von\u00eb \u00ebsht\u00eb konfirmuar vdekja e saj\u201d, tha Veseli.<\/p>\n<p data-start=\"886\" data-end=\"1021\" data-is-last-node=\"\" data-is-only-node=\"\">Rrethanat e ngjarjes jan\u00eb ende t\u00eb paqarta, nd\u00ebrkoh\u00eb q\u00eb organet kompetente kan\u00eb nisur hetimet p\u00ebr t\u00eb zbardhur shkaqet e k\u00ebsaj tragjedie.<\/p>\n<\/div>\n<\/div>\n<\/div>\n<\/div>\n<\/div>\n<\/div>\n","protected":false},"excerpt":{"rendered":"<p>Nj\u00eb grua 56-vje\u00e7are ka nd\u00ebrruar jet\u00eb t\u00eb enjten pasdite n\u00eb Ferizaj, si pasoj\u00eb e nj\u00eb r\u00ebnieje nga lart\u00ebsia. Sipas Policis\u00eb s\u00eb Kosov\u00ebs, rasti ka ndodhur<\/p>\n","protected":false},"author":1,"featured_media":6665,"comment_status":"open","ping_status":"open","sticky":false,"template":"","format":"standard","meta":{"footnotes":""},"categories":[60],"tags":[],"class_list":["post-7243","post","type-post","status-publish","format-standard","has-post-thumbnail","hentry","category-shoqerore-sq"],"yoast_head":"<!-- This site is optimized with the Yoast SEO plugin v25.3.1 - https:\/\/yoast.com\/wordpress\/plugins\/seo\/ -->\n<title>Vdes nj\u00eb grua n\u00eb Ferizaj \u2013 dyshohet se ra nga kati i pest\u00eb i nj\u00eb nd\u00ebrtese -<\/title>\n<meta name=\"robots\" content=\"index, follow, max-snippet:-1, max-image-preview:large, max-video-preview:-1\" \/>\n<link rel=\"canonical\" href=\"https:\/\/veritasinfo.org\/?p=7243\" \/>\n<meta property=\"og:locale\" content=\"en_US\" \/>\n<meta property=\"og:type\" content=\"article\" \/>\n<meta property=\"og:title\" content=\"Vdes nj\u00eb grua n\u00eb Ferizaj \u2013 dyshohet se ra nga kati i pest\u00eb i nj\u00eb nd\u00ebrtese -\" \/>\n<meta property=\"og:description\" content=\"Nj\u00eb grua 56-vje\u00e7are ka nd\u00ebrruar jet\u00eb t\u00eb enjten pasdite n\u00eb Ferizaj, si pasoj\u00eb e nj\u00eb r\u00ebnieje nga lart\u00ebsia. Sipas Policis\u00eb s\u00eb Kosov\u00ebs, rasti ka ndodhur\" \/>\n<meta property=\"og:url\" content=\"https:\/\/veritasinfo.org\/?p=7243\" \/>\n<meta property=\"article:published_time\" content=\"2025-08-08T17:29:44+00:00\" \/>\n<meta property=\"og:image\" content=\"https:\/\/veritasinfo.org\/wp-content\/uploads\/2025\/08\/IMG-292db34d428be3e7ac3756cf09876dce-V.jpg\" \/>\n\t<meta property=\"og:image:width\" content=\"940\" \/>\n\t<meta property=\"og:image:height\" content=\"788\" \/>\n\t<meta property=\"og:image:type\" content=\"image\/jpeg\" \/>\n<meta name=\"author\" content=\"admin\" \/>\n<meta name=\"twitter:card\" content=\"summary_large_image\" \/>\n<meta name=\"twitter:label1\" content=\"Written by\" \/>\n\t<meta name=\"twitter:data1\" content=\"admin\" \/>\n\t<meta name=\"twitter:label2\" content=\"Est. reading time\" \/>\n\t<meta name=\"twitter:data2\" content=\"1 minute\" \/>\n<script type=\"application\/ld+json\" class=\"yoast-schema-graph\">{\"@context\":\"https:\/\/schema.org\",\"@graph\":[{\"@type\":\"WebPage\",\"@id\":\"https:\/\/veritasinfo.org\/?p=7243\",\"url\":\"https:\/\/veritasinfo.org\/?p=7243\",\"name\":\"Vdes nj\u00eb grua n\u00eb Ferizaj \u2013 dyshohet se ra nga kati i pest\u00eb i nj\u00eb nd\u00ebrtese -\",\"isPartOf\":{\"@id\":\"https:\/\/veritasinfo.org\/#website\"},\"primaryImageOfPage\":{\"@id\":\"https:\/\/veritasinfo.org\/?p=7243#primaryimage\"},\"image\":{\"@id\":\"https:\/\/veritasinfo.org\/?p=7243#primaryimage\"},\"thumbnailUrl\":\"https:\/\/veritasinfo.org\/wp-content\/uploads\/2025\/08\/IMG-292db34d428be3e7ac3756cf09876dce-V.jpg\",\"datePublished\":\"2025-08-08T17:29:44+00:00\",\"author\":{\"@id\":\"https:\/\/veritasinfo.org\/#\/schema\/person\/7701f8c088bece422266b100a712374f\"},\"breadcrumb\":{\"@id\":\"https:\/\/veritasinfo.org\/?p=7243#breadcrumb\"},\"inLanguage\":\"en-US\",\"potentialAction\":[{\"@type\":\"ReadAction\",\"target\":[\"https:\/\/veritasinfo.org\/?p=7243\"]}]},{\"@type\":\"ImageObject\",\"inLanguage\":\"en-US\",\"@id\":\"https:\/\/veritasinfo.org\/?p=7243#primaryimage\",\"url\":\"https:\/\/veritasinfo.org\/wp-content\/uploads\/2025\/08\/IMG-292db34d428be3e7ac3756cf09876dce-V.jpg\",\"contentUrl\":\"https:\/\/veritasinfo.org\/wp-content\/uploads\/2025\/08\/IMG-292db34d428be3e7ac3756cf09876dce-V.jpg\",\"width\":940,\"height\":788},{\"@type\":\"BreadcrumbList\",\"@id\":\"https:\/\/veritasinfo.org\/?p=7243#breadcrumb\",\"itemListElement\":[{\"@type\":\"ListItem\",\"position\":1,\"name\":\"Home\",\"item\":\"https:\/\/veritasinfo.org\/\"},{\"@type\":\"ListItem\",\"position\":2,\"name\":\"Vdes nj\u00eb grua n\u00eb Ferizaj \u2013 dyshohet se ra nga kati i pest\u00eb i nj\u00eb nd\u00ebrtese\"}]},{\"@type\":\"WebSite\",\"@id\":\"https:\/\/veritasinfo.org\/#website\",\"url\":\"https:\/\/veritasinfo.org\/\",\"name\":\"\",\"description\":\"\",\"potentialAction\":[{\"@type\":\"SearchAction\",\"target\":{\"@type\":\"EntryPoint\",\"urlTemplate\":\"https:\/\/veritasinfo.org\/?s={search_term_string}\"},\"query-input\":{\"@type\":\"PropertyValueSpecification\",\"valueRequired\":true,\"valueName\":\"search_term_string\"}}],\"inLanguage\":\"en-US\"},{\"@type\":\"Person\",\"@id\":\"https:\/\/veritasinfo.org\/#\/schema\/person\/7701f8c088bece422266b100a712374f\",\"name\":\"admin\",\"image\":{\"@type\":\"ImageObject\",\"inLanguage\":\"en-US\",\"@id\":\"https:\/\/veritasinfo.org\/#\/schema\/person\/image\/\",\"url\":\"https:\/\/secure.gravatar.com\/avatar\/ea53aa3bf6c9a12d5fde8ce4deff43fef3885ae33cf60184161a50d6987cfd2f?s=96&d=mm&r=g\",\"contentUrl\":\"https:\/\/secure.gravatar.com\/avatar\/ea53aa3bf6c9a12d5fde8ce4deff43fef3885ae33cf60184161a50d6987cfd2f?s=96&d=mm&r=g\",\"caption\":\"admin\"},\"sameAs\":[\"https:\/\/veritasinfo.org\"],\"url\":\"https:\/\/veritasinfo.org\/?author=1\"}]}<\/script>\n<!-- \/ Yoast SEO plugin. -->","yoast_head_json":{"title":"Vdes nj\u00eb grua n\u00eb Ferizaj \u2013 dyshohet se ra nga kati i pest\u00eb i nj\u00eb nd\u00ebrtese -","robots":{"index":"index","follow":"follow","max-snippet":"max-snippet:-1","max-image-preview":"max-image-preview:large","max-video-preview":"max-video-preview:-1"},"canonical":"https:\/\/veritasinfo.org\/?p=7243","og_locale":"en_US","og_type":"article","og_title":"Vdes nj\u00eb grua n\u00eb Ferizaj \u2013 dyshohet se ra nga kati i pest\u00eb i nj\u00eb nd\u00ebrtese -","og_description":"Nj\u00eb grua 56-vje\u00e7are ka nd\u00ebrruar jet\u00eb t\u00eb enjten pasdite n\u00eb Ferizaj, si pasoj\u00eb e nj\u00eb r\u00ebnieje nga lart\u00ebsia. Sipas Policis\u00eb s\u00eb Kosov\u00ebs, rasti ka ndodhur","og_url":"https:\/\/veritasinfo.org\/?p=7243","article_published_time":"2025-08-08T17:29:44+00:00","og_image":[{"width":940,"height":788,"url":"https:\/\/veritasinfo.org\/wp-content\/uploads\/2025\/08\/IMG-292db34d428be3e7ac3756cf09876dce-V.jpg","type":"image\/jpeg"}],"author":"admin","twitter_card":"summary_large_image","twitter_misc":{"Written by":"admin","Est. reading time":"1 minute"},"schema":{"@context":"https:\/\/schema.org","@graph":[{"@type":"WebPage","@id":"https:\/\/veritasinfo.org\/?p=7243","url":"https:\/\/veritasinfo.org\/?p=7243","name":"Vdes nj\u00eb grua n\u00eb Ferizaj \u2013 dyshohet se ra nga kati i pest\u00eb i nj\u00eb nd\u00ebrtese -","isPartOf":{"@id":"https:\/\/veritasinfo.org\/#website"},"primaryImageOfPage":{"@id":"https:\/\/veritasinfo.org\/?p=7243#primaryimage"},"image":{"@id":"https:\/\/veritasinfo.org\/?p=7243#primaryimage"},"thumbnailUrl":"https:\/\/veritasinfo.org\/wp-content\/uploads\/2025\/08\/IMG-292db34d428be3e7ac3756cf09876dce-V.jpg","datePublished":"2025-08-08T17:29:44+00:00","author":{"@id":"https:\/\/veritasinfo.org\/#\/schema\/person\/7701f8c088bece422266b100a712374f"},"breadcrumb":{"@id":"https:\/\/veritasinfo.org\/?p=7243#breadcrumb"},"inLanguage":"en-US","potentialAction":[{"@type":"ReadAction","target":["https:\/\/veritasinfo.org\/?p=7243"]}]},{"@type":"ImageObject","inLanguage":"en-US","@id":"https:\/\/veritasinfo.org\/?p=7243#primaryimage","url":"https:\/\/veritasinfo.org\/wp-content\/uploads\/2025\/08\/IMG-292db34d428be3e7ac3756cf09876dce-V.jpg","contentUrl":"https:\/\/veritasinfo.org\/wp-content\/uploads\/2025\/08\/IMG-292db34d428be3e7ac3756cf09876dce-V.jpg","width":940,"height":788},{"@type":"BreadcrumbList","@id":"https:\/\/veritasinfo.org\/?p=7243#breadcrumb","itemListElement":[{"@type":"ListItem","position":1,"name":"Home","item":"https:\/\/veritasinfo.org\/"},{"@type":"ListItem","position":2,"name":"Vdes nj\u00eb grua n\u00eb Ferizaj \u2013 dyshohet se ra nga kati i pest\u00eb i nj\u00eb nd\u00ebrtese"}]},{"@type":"WebSite","@id":"https:\/\/veritasinfo.org\/#website","url":"https:\/\/veritasinfo.org\/","name":"","description":"","potentialAction":[{"@type":"SearchAction","target":{"@type":"EntryPoint","urlTemplate":"https:\/\/veritasinfo.org\/?s={search_term_string}"},"query-input":{"@type":"PropertyValueSpecification","valueRequired":true,"valueName":"search_term_string"}}],"inLanguage":"en-US"},{"@type":"Person","@id":"https:\/\/veritasinfo.org\/#\/schema\/person\/7701f8c088bece422266b100a712374f","name":"admin","image":{"@type":"ImageObject","inLanguage":"en-US","@id":"https:\/\/veritasinfo.org\/#\/schema\/person\/image\/","url":"https:\/\/secure.gravatar.com\/avatar\/ea53aa3bf6c9a12d5fde8ce4deff43fef3885ae33cf60184161a50d6987cfd2f?s=96&d=mm&r=g","contentUrl":"https:\/\/secure.gravatar.com\/avatar\/ea53aa3bf6c9a12d5fde8ce4deff43fef3885ae33cf60184161a50d6987cfd2f?s=96&d=mm&r=g","caption":"admin"},"sameAs":["https:\/\/veritasinfo.org"],"url":"https:\/\/veritasinfo.org\/?author=1"}]}},"featured_image_urls":{"full":["https:\/\/veritasinfo.org\/wp-content\/uploads\/2025\/08\/IMG-292db34d428be3e7ac3756cf09876dce-V.jpg",940,788,false],"thumbnail":["https:\/\/veritasinfo.org\/wp-content\/uploads\/2025\/08\/IMG-292db34d428be3e7ac3756cf09876dce-V-150x150.jpg",150,150,true],"medium":["https:\/\/veritasinfo.org\/wp-content\/uploads\/2025\/08\/IMG-292db34d428be3e7ac3756cf09876dce-V-300x251.jpg",300,251,true],"medium_large":["https:\/\/veritasinfo.org\/wp-content\/uploads\/2025\/08\/IMG-292db34d428be3e7ac3756cf09876dce-V-768x644.jpg",640,537,true],"large":["https:\/\/veritasinfo.org\/wp-content\/uploads\/2025\/08\/IMG-292db34d428be3e7ac3756cf09876dce-V.jpg",640,537,false],"1536x1536":["https:\/\/veritasinfo.org\/wp-content\/uploads\/2025\/08\/IMG-292db34d428be3e7ac3756cf09876dce-V.jpg",940,788,false],"2048x2048":["https:\/\/veritasinfo.org\/wp-content\/uploads\/2025\/08\/IMG-292db34d428be3e7ac3756cf09876dce-V.jpg",940,788,false],"kreeti-slider-full":["https:\/\/veritasinfo.org\/wp-content\/uploads\/2025\/08\/IMG-292db34d428be3e7ac3756cf09876dce-V.jpg",859,720,false],"kreeti-featured":["https:\/\/veritasinfo.org\/wp-content\/uploads\/2025\/08\/IMG-292db34d428be3e7ac3756cf09876dce-V.jpg",940,788,false],"kreeti-medium":["https:\/\/veritasinfo.org\/wp-content\/uploads\/2025\/08\/IMG-292db34d428be3e7ac3756cf09876dce-V.jpg",632,530,false],"kreeti-medium-square":["https:\/\/veritasinfo.org\/wp-content\/uploads\/2025\/08\/IMG-292db34d428be3e7ac3756cf09876dce-V.jpg",350,293,false]},"author_info":{"info":["admin"]},"category_info":"<a href=\"https:\/\/veritasinfo.org\/?cat=60\" rel=\"category\">Shoq\u00ebrore<\/a>","tag_info":"Shoq\u00ebrore","comment_count":"0","_links":{"self":[{"href":"https:\/\/veritasinfo.org\/index.php?rest_route=\/wp\/v2\/posts\/7243","targetHints":{"allow":["GET"]}}],"collection":[{"href":"https:\/\/veritasinfo.org\/index.php?rest_route=\/wp\/v2\/posts"}],"about":[{"href":"https:\/\/veritasinfo.org\/index.php?rest_route=\/wp\/v2\/types\/post"}],"author":[{"embeddable":true,"href":"https:\/\/veritasinfo.org\/index.php?rest_route=\/wp\/v2\/users\/1"}],"replies":[{"embeddable":true,"href":"https:\/\/veritasinfo.org\/index.php?rest_route=%2Fwp%2Fv2%2Fcomments&post=7243"}],"version-history":[{"count":1,"href":"https:\/\/veritasinfo.org\/index.php?rest_route=\/wp\/v2\/posts\/7243\/revisions"}],"predecessor-version":[{"id":7244,"href":"https:\/\/veritasinfo.org\/index.php?rest_route=\/wp\/v2\/posts\/7243\/revisions\/7244"}],"wp:featuredmedia":[{"embeddable":true,"href":"https:\/\/veritasinfo.org\/index.php?rest_route=\/wp\/v2\/media\/6665"}],"wp:attachment":[{"href":"https:\/\/veritasinfo.org\/index.php?rest_route=%2Fwp%2Fv2%2Fmedia&parent=7243"}],"wp:term":[{"taxonomy":"category","embeddable":true,"href":"https:\/\/veritasinfo.org\/index.php?rest_route=%2Fwp%2Fv2%2Fcategories&post=7243"},{"taxonomy":"post_tag","embeddable":true,"href":"https:\/\/veritasinfo.org\/index.php?rest_route=%2Fwp%2Fv2%2Ftags&post=7243"}],"curies":[{"name":"wp","href":"https:\/\/api.w.org\/{rel}","templated":true}]}}