{"id":7236,"date":"2025-08-08T18:40:06","date_gmt":"2025-08-08T16:40:06","guid":{"rendered":"https:\/\/veritasinfo.org\/?p=7236"},"modified":"2025-08-08T18:40:06","modified_gmt":"2025-08-08T16:40:06","slug":"kurti-nderon-zjarrfikesin-osmanaj-ne-pervjetorin-e-renies-se-tij","status":"publish","type":"post","link":"https:\/\/veritasinfo.org\/?p=7236","title":{"rendered":"Kurti nderon zjarrfik\u00ebsin Osmanaj n\u00eb p\u00ebrvjetorin e r\u00ebnies s\u00eb tij"},"content":{"rendered":"<p data-start=\"79\" data-end=\"411\"><strong data-start=\"79\" data-end=\"106\">Prishtin\u00eb, 8 gusht 2025<\/strong><\/p>\n<p data-start=\"79\" data-end=\"411\"><br data-start=\"106\" data-end=\"109\" \/>Kryeministri n\u00eb detyr\u00eb i Kosov\u00ebs, Albin Kurti, i shoq\u00ebruar nga ministri n\u00eb detyr\u00eb i Pun\u00ebve t\u00eb Brendshme, Xhelal Sve\u00e7la, dhe drejtori ekzekutiv i Agjencis\u00eb p\u00ebr Menaxhimin e Emergjencave, Genc Metaj, vizituan sot familjen e zjarrfik\u00ebsit Sefadin Osmanaj, n\u00eb nj\u00ebvjetorin e r\u00ebnies s\u00eb tij n\u00eb krye t\u00eb detyr\u00ebs.<\/p>\n<p data-start=\"413\" data-end=\"794\">Sipas njoftimit t\u00eb Zyr\u00ebs p\u00ebr Informim t\u00eb Kryeministrit, vizita u zhvillua n\u00eb sht\u00ebpin\u00eb e familjes Osmanaj n\u00eb Vitomiric\u00eb t\u00eb Pej\u00ebs, ku delegacioni u prit nga babai i t\u00eb ndjerit, Shaban Osmanaj, bashk\u00ebshortja Gjejrane dhe dy djemt\u00eb, Erjoni dhe Edi. Gjat\u00eb vizit\u00ebs, s\u00eb bashku me familjar\u00ebt, ata vendos\u00ebn lule t\u00eb fresk\u00ebta pran\u00eb varrit dhe p\u00ebrmendores s\u00eb tij n\u00eb Trubuhoc, komuna e Istogut.<\/p>\n<p data-start=\"796\" data-end=\"945\" data-is-last-node=\"\" data-is-only-node=\"\">Sefadin Osmanaj do t\u00eb kujtohet gjithmon\u00eb me mir\u00ebnjohje t\u00eb thell\u00eb p\u00ebr p\u00ebrkushtimin dhe sakrific\u00ebn e tij n\u00eb kryerjen e detyr\u00ebs fisnike t\u00eb zjarrfik\u00ebsit.<\/p>\n","protected":false},"excerpt":{"rendered":"<p>Prishtin\u00eb, 8 gusht 2025 Kryeministri n\u00eb detyr\u00eb i Kosov\u00ebs, Albin Kurti, i shoq\u00ebruar nga ministri n\u00eb detyr\u00eb i Pun\u00ebve t\u00eb Brendshme, Xhelal Sve\u00e7la, dhe drejtori<\/p>\n","protected":false},"author":1,"featured_media":7234,"comment_status":"open","ping_status":"open","sticky":false,"template":"","format":"standard","meta":{"footnotes":""},"categories":[60],"tags":[],"class_list":["post-7236","post","type-post","status-publish","format-standard","has-post-thumbnail","hentry","category-shoqerore-sq"],"yoast_head":"<!-- This site is optimized with the Yoast SEO plugin v25.3.1 - https:\/\/yoast.com\/wordpress\/plugins\/seo\/ -->\n<title>Kurti nderon zjarrfik\u00ebsin Osmanaj n\u00eb p\u00ebrvjetorin e r\u00ebnies s\u00eb tij -<\/title>\n<meta name=\"robots\" content=\"index, follow, max-snippet:-1, max-image-preview:large, max-video-preview:-1\" \/>\n<link rel=\"canonical\" href=\"https:\/\/veritasinfo.org\/?p=7236\" \/>\n<meta property=\"og:locale\" content=\"en_US\" \/>\n<meta property=\"og:type\" content=\"article\" \/>\n<meta property=\"og:title\" content=\"Kurti nderon zjarrfik\u00ebsin Osmanaj n\u00eb p\u00ebrvjetorin e r\u00ebnies s\u00eb tij -\" \/>\n<meta property=\"og:description\" content=\"Prishtin\u00eb, 8 gusht 2025 Kryeministri n\u00eb detyr\u00eb i Kosov\u00ebs, Albin Kurti, i shoq\u00ebruar nga ministri n\u00eb detyr\u00eb i Pun\u00ebve t\u00eb Brendshme, Xhelal Sve\u00e7la, dhe drejtori\" \/>\n<meta property=\"og:url\" content=\"https:\/\/veritasinfo.org\/?p=7236\" \/>\n<meta property=\"article:published_time\" content=\"2025-08-08T16:40:06+00:00\" \/>\n<meta property=\"og:image\" content=\"https:\/\/veritasinfo.org\/wp-content\/uploads\/2025\/08\/701478-DGpGOhHkYE.jpg\" \/>\n\t<meta property=\"og:image:width\" content=\"780\" \/>\n\t<meta property=\"og:image:height\" content=\"500\" \/>\n\t<meta property=\"og:image:type\" content=\"image\/jpeg\" \/>\n<meta name=\"author\" content=\"admin\" \/>\n<meta name=\"twitter:card\" content=\"summary_large_image\" \/>\n<meta name=\"twitter:label1\" content=\"Written by\" \/>\n\t<meta name=\"twitter:data1\" content=\"admin\" \/>\n\t<meta name=\"twitter:label2\" content=\"Est. reading time\" \/>\n\t<meta name=\"twitter:data2\" content=\"1 minute\" \/>\n<script type=\"application\/ld+json\" class=\"yoast-schema-graph\">{\"@context\":\"https:\/\/schema.org\",\"@graph\":[{\"@type\":\"WebPage\",\"@id\":\"https:\/\/veritasinfo.org\/?p=7236\",\"url\":\"https:\/\/veritasinfo.org\/?p=7236\",\"name\":\"Kurti nderon zjarrfik\u00ebsin Osmanaj n\u00eb p\u00ebrvjetorin e r\u00ebnies s\u00eb tij -\",\"isPartOf\":{\"@id\":\"https:\/\/veritasinfo.org\/#website\"},\"primaryImageOfPage\":{\"@id\":\"https:\/\/veritasinfo.org\/?p=7236#primaryimage\"},\"image\":{\"@id\":\"https:\/\/veritasinfo.org\/?p=7236#primaryimage\"},\"thumbnailUrl\":\"https:\/\/veritasinfo.org\/wp-content\/uploads\/2025\/08\/701478-DGpGOhHkYE.jpg\",\"datePublished\":\"2025-08-08T16:40:06+00:00\",\"author\":{\"@id\":\"https:\/\/veritasinfo.org\/#\/schema\/person\/7701f8c088bece422266b100a712374f\"},\"breadcrumb\":{\"@id\":\"https:\/\/veritasinfo.org\/?p=7236#breadcrumb\"},\"inLanguage\":\"en-US\",\"potentialAction\":[{\"@type\":\"ReadAction\",\"target\":[\"https:\/\/veritasinfo.org\/?p=7236\"]}]},{\"@type\":\"ImageObject\",\"inLanguage\":\"en-US\",\"@id\":\"https:\/\/veritasinfo.org\/?p=7236#primaryimage\",\"url\":\"https:\/\/veritasinfo.org\/wp-content\/uploads\/2025\/08\/701478-DGpGOhHkYE.jpg\",\"contentUrl\":\"https:\/\/veritasinfo.org\/wp-content\/uploads\/2025\/08\/701478-DGpGOhHkYE.jpg\",\"width\":780,\"height\":500},{\"@type\":\"BreadcrumbList\",\"@id\":\"https:\/\/veritasinfo.org\/?p=7236#breadcrumb\",\"itemListElement\":[{\"@type\":\"ListItem\",\"position\":1,\"name\":\"Home\",\"item\":\"https:\/\/veritasinfo.org\/\"},{\"@type\":\"ListItem\",\"position\":2,\"name\":\"Kurti nderon zjarrfik\u00ebsin Osmanaj n\u00eb p\u00ebrvjetorin e r\u00ebnies s\u00eb tij\"}]},{\"@type\":\"WebSite\",\"@id\":\"https:\/\/veritasinfo.org\/#website\",\"url\":\"https:\/\/veritasinfo.org\/\",\"name\":\"\",\"description\":\"\",\"potentialAction\":[{\"@type\":\"SearchAction\",\"target\":{\"@type\":\"EntryPoint\",\"urlTemplate\":\"https:\/\/veritasinfo.org\/?s={search_term_string}\"},\"query-input\":{\"@type\":\"PropertyValueSpecification\",\"valueRequired\":true,\"valueName\":\"search_term_string\"}}],\"inLanguage\":\"en-US\"},{\"@type\":\"Person\",\"@id\":\"https:\/\/veritasinfo.org\/#\/schema\/person\/7701f8c088bece422266b100a712374f\",\"name\":\"admin\",\"image\":{\"@type\":\"ImageObject\",\"inLanguage\":\"en-US\",\"@id\":\"https:\/\/veritasinfo.org\/#\/schema\/person\/image\/\",\"url\":\"https:\/\/secure.gravatar.com\/avatar\/ea53aa3bf6c9a12d5fde8ce4deff43fef3885ae33cf60184161a50d6987cfd2f?s=96&d=mm&r=g\",\"contentUrl\":\"https:\/\/secure.gravatar.com\/avatar\/ea53aa3bf6c9a12d5fde8ce4deff43fef3885ae33cf60184161a50d6987cfd2f?s=96&d=mm&r=g\",\"caption\":\"admin\"},\"sameAs\":[\"https:\/\/veritasinfo.org\"],\"url\":\"https:\/\/veritasinfo.org\/?author=1\"}]}<\/script>\n<!-- \/ Yoast SEO plugin. -->","yoast_head_json":{"title":"Kurti nderon zjarrfik\u00ebsin Osmanaj n\u00eb p\u00ebrvjetorin e r\u00ebnies s\u00eb tij -","robots":{"index":"index","follow":"follow","max-snippet":"max-snippet:-1","max-image-preview":"max-image-preview:large","max-video-preview":"max-video-preview:-1"},"canonical":"https:\/\/veritasinfo.org\/?p=7236","og_locale":"en_US","og_type":"article","og_title":"Kurti nderon zjarrfik\u00ebsin Osmanaj n\u00eb p\u00ebrvjetorin e r\u00ebnies s\u00eb tij -","og_description":"Prishtin\u00eb, 8 gusht 2025 Kryeministri n\u00eb detyr\u00eb i Kosov\u00ebs, Albin Kurti, i shoq\u00ebruar nga ministri n\u00eb detyr\u00eb i Pun\u00ebve t\u00eb Brendshme, Xhelal Sve\u00e7la, dhe drejtori","og_url":"https:\/\/veritasinfo.org\/?p=7236","article_published_time":"2025-08-08T16:40:06+00:00","og_image":[{"width":780,"height":500,"url":"https:\/\/veritasinfo.org\/wp-content\/uploads\/2025\/08\/701478-DGpGOhHkYE.jpg","type":"image\/jpeg"}],"author":"admin","twitter_card":"summary_large_image","twitter_misc":{"Written by":"admin","Est. reading time":"1 minute"},"schema":{"@context":"https:\/\/schema.org","@graph":[{"@type":"WebPage","@id":"https:\/\/veritasinfo.org\/?p=7236","url":"https:\/\/veritasinfo.org\/?p=7236","name":"Kurti nderon zjarrfik\u00ebsin Osmanaj n\u00eb p\u00ebrvjetorin e r\u00ebnies s\u00eb tij -","isPartOf":{"@id":"https:\/\/veritasinfo.org\/#website"},"primaryImageOfPage":{"@id":"https:\/\/veritasinfo.org\/?p=7236#primaryimage"},"image":{"@id":"https:\/\/veritasinfo.org\/?p=7236#primaryimage"},"thumbnailUrl":"https:\/\/veritasinfo.org\/wp-content\/uploads\/2025\/08\/701478-DGpGOhHkYE.jpg","datePublished":"2025-08-08T16:40:06+00:00","author":{"@id":"https:\/\/veritasinfo.org\/#\/schema\/person\/7701f8c088bece422266b100a712374f"},"breadcrumb":{"@id":"https:\/\/veritasinfo.org\/?p=7236#breadcrumb"},"inLanguage":"en-US","potentialAction":[{"@type":"ReadAction","target":["https:\/\/veritasinfo.org\/?p=7236"]}]},{"@type":"ImageObject","inLanguage":"en-US","@id":"https:\/\/veritasinfo.org\/?p=7236#primaryimage","url":"https:\/\/veritasinfo.org\/wp-content\/uploads\/2025\/08\/701478-DGpGOhHkYE.jpg","contentUrl":"https:\/\/veritasinfo.org\/wp-content\/uploads\/2025\/08\/701478-DGpGOhHkYE.jpg","width":780,"height":500},{"@type":"BreadcrumbList","@id":"https:\/\/veritasinfo.org\/?p=7236#breadcrumb","itemListElement":[{"@type":"ListItem","position":1,"name":"Home","item":"https:\/\/veritasinfo.org\/"},{"@type":"ListItem","position":2,"name":"Kurti nderon zjarrfik\u00ebsin Osmanaj n\u00eb p\u00ebrvjetorin e r\u00ebnies s\u00eb tij"}]},{"@type":"WebSite","@id":"https:\/\/veritasinfo.org\/#website","url":"https:\/\/veritasinfo.org\/","name":"","description":"","potentialAction":[{"@type":"SearchAction","target":{"@type":"EntryPoint","urlTemplate":"https:\/\/veritasinfo.org\/?s={search_term_string}"},"query-input":{"@type":"PropertyValueSpecification","valueRequired":true,"valueName":"search_term_string"}}],"inLanguage":"en-US"},{"@type":"Person","@id":"https:\/\/veritasinfo.org\/#\/schema\/person\/7701f8c088bece422266b100a712374f","name":"admin","image":{"@type":"ImageObject","inLanguage":"en-US","@id":"https:\/\/veritasinfo.org\/#\/schema\/person\/image\/","url":"https:\/\/secure.gravatar.com\/avatar\/ea53aa3bf6c9a12d5fde8ce4deff43fef3885ae33cf60184161a50d6987cfd2f?s=96&d=mm&r=g","contentUrl":"https:\/\/secure.gravatar.com\/avatar\/ea53aa3bf6c9a12d5fde8ce4deff43fef3885ae33cf60184161a50d6987cfd2f?s=96&d=mm&r=g","caption":"admin"},"sameAs":["https:\/\/veritasinfo.org"],"url":"https:\/\/veritasinfo.org\/?author=1"}]}},"featured_image_urls":{"full":["https:\/\/veritasinfo.org\/wp-content\/uploads\/2025\/08\/701478-DGpGOhHkYE.jpg",780,500,false],"thumbnail":["https:\/\/veritasinfo.org\/wp-content\/uploads\/2025\/08\/701478-DGpGOhHkYE-150x150.jpg",150,150,true],"medium":["https:\/\/veritasinfo.org\/wp-content\/uploads\/2025\/08\/701478-DGpGOhHkYE-300x192.jpg",300,192,true],"medium_large":["https:\/\/veritasinfo.org\/wp-content\/uploads\/2025\/08\/701478-DGpGOhHkYE-768x492.jpg",640,410,true],"large":["https:\/\/veritasinfo.org\/wp-content\/uploads\/2025\/08\/701478-DGpGOhHkYE.jpg",640,410,false],"1536x1536":["https:\/\/veritasinfo.org\/wp-content\/uploads\/2025\/08\/701478-DGpGOhHkYE.jpg",780,500,false],"2048x2048":["https:\/\/veritasinfo.org\/wp-content\/uploads\/2025\/08\/701478-DGpGOhHkYE.jpg",780,500,false],"kreeti-slider-full":["https:\/\/veritasinfo.org\/wp-content\/uploads\/2025\/08\/701478-DGpGOhHkYE.jpg",780,500,false],"kreeti-featured":["https:\/\/veritasinfo.org\/wp-content\/uploads\/2025\/08\/701478-DGpGOhHkYE.jpg",780,500,false],"kreeti-medium":["https:\/\/veritasinfo.org\/wp-content\/uploads\/2025\/08\/701478-DGpGOhHkYE.jpg",720,462,false],"kreeti-medium-square":["https:\/\/veritasinfo.org\/wp-content\/uploads\/2025\/08\/701478-DGpGOhHkYE.jpg",350,224,false]},"author_info":{"info":["admin"]},"category_info":"<a href=\"https:\/\/veritasinfo.org\/?cat=60\" rel=\"category\">Shoq\u00ebrore<\/a>","tag_info":"Shoq\u00ebrore","comment_count":"0","_links":{"self":[{"href":"https:\/\/veritasinfo.org\/index.php?rest_route=\/wp\/v2\/posts\/7236","targetHints":{"allow":["GET"]}}],"collection":[{"href":"https:\/\/veritasinfo.org\/index.php?rest_route=\/wp\/v2\/posts"}],"about":[{"href":"https:\/\/veritasinfo.org\/index.php?rest_route=\/wp\/v2\/types\/post"}],"author":[{"embeddable":true,"href":"https:\/\/veritasinfo.org\/index.php?rest_route=\/wp\/v2\/users\/1"}],"replies":[{"embeddable":true,"href":"https:\/\/veritasinfo.org\/index.php?rest_route=%2Fwp%2Fv2%2Fcomments&post=7236"}],"version-history":[{"count":1,"href":"https:\/\/veritasinfo.org\/index.php?rest_route=\/wp\/v2\/posts\/7236\/revisions"}],"predecessor-version":[{"id":7237,"href":"https:\/\/veritasinfo.org\/index.php?rest_route=\/wp\/v2\/posts\/7236\/revisions\/7237"}],"wp:featuredmedia":[{"embeddable":true,"href":"https:\/\/veritasinfo.org\/index.php?rest_route=\/wp\/v2\/media\/7234"}],"wp:attachment":[{"href":"https:\/\/veritasinfo.org\/index.php?rest_route=%2Fwp%2Fv2%2Fmedia&parent=7236"}],"wp:term":[{"taxonomy":"category","embeddable":true,"href":"https:\/\/veritasinfo.org\/index.php?rest_route=%2Fwp%2Fv2%2Fcategories&post=7236"},{"taxonomy":"post_tag","embeddable":true,"href":"https:\/\/veritasinfo.org\/index.php?rest_route=%2Fwp%2Fv2%2Ftags&post=7236"}],"curies":[{"name":"wp","href":"https:\/\/api.w.org\/{rel}","templated":true}]}}