{"id":7231,"date":"2025-08-08T18:09:28","date_gmt":"2025-08-08T16:09:28","guid":{"rendered":"https:\/\/veritasinfo.org\/?p=7231"},"modified":"2025-08-08T18:09:28","modified_gmt":"2025-08-08T16:09:28","slug":"incident-gjate-hapjes-se-festivalit-mitrovica-international-jazz-days-qytetare-protestojne-dhe-ofendojne-kryetarin-erden-atiq","status":"publish","type":"post","link":"https:\/\/veritasinfo.org\/?p=7231","title":{"rendered":"Incident gjat\u00eb hapjes s\u00eb festivalit \u201cMitrovica International Jazz Days\u201d \u2013 qytetar\u00eb protestojn\u00eb dhe ofendojn\u00eb kryetarin Erden Atiq"},"content":{"rendered":"<p data-start=\"38\" data-end=\"325\">Hapja e festivalit \u201cMitrovica International Jazz Days\u201d n\u00eb qend\u00ebr t\u00eb Mitrovic\u00ebs s\u00eb Veriut u shoq\u00ebrua me nj\u00eb protest\u00eb nga nj\u00eb grup qytetar\u00ebsh t\u00eb nacionalitetit serb, t\u00eb cil\u00ebt shfaq\u00ebn pak\u00ebnaq\u00ebsi n\u00eb vendngjarje, ofenduan kryetarin Erden Atiq dhe tentuan t\u00eb pengonin zhvillimin e aktivitetit.<\/p>\n<p data-start=\"327\" data-end=\"608\">Incidenti ndodhi t\u00eb premten pasdite, gjat\u00eb p\u00ebrgatitjeve p\u00ebr mbr\u00ebmjen e par\u00eb t\u00eb festivalit. Nj\u00eb grup qytetar\u00ebsh q\u00eb ndodhej n\u00eb nj\u00eb kafene af\u00ebr sken\u00ebs, me shpin\u00eb t\u00eb kthyer nga ajo, filloi t\u00eb fishk\u00ebllej\u00eb dhe t\u00eb b\u00ebj\u00eb thirrje fyese sapo kryetari Atiq u paraqit n\u00eb hap\u00ebsir\u00ebn e festivalit.<\/p>\n<p data-start=\"610\" data-end=\"992\">Ky \u00ebsht\u00eb edicioni i tret\u00eb i festivalit t\u00eb xhazit, i cili n\u00eb dy vitet e kaluara \u00ebsht\u00eb mbajtur ekskluzivisht n\u00eb pjes\u00ebn jugore t\u00eb qytetit, n\u00eb Parkun e Qytetit. K\u00ebt\u00eb vit, p\u00ebr her\u00eb t\u00eb par\u00eb, organizator\u00ebt vendos\u00ebn q\u00eb nj\u00eb pjes\u00eb e festivalit t\u00eb mbahet edhe n\u00eb veri t\u00eb qytetit, me synim q\u00eb festivali t\u00eb ket\u00eb karakter m\u00eb gjith\u00ebp\u00ebrfshir\u00ebs dhe t\u00eb afroj\u00eb komunitetet p\u00ebrmes kultur\u00ebs dhe muzik\u00ebs.<\/p>\n<p data-start=\"994\" data-end=\"1184\">Festivali do t\u00eb zgjas\u00eb nga data 8 deri m\u00eb 10 gusht: nata e par\u00eb zhvillohet n\u00eb veri, nd\u00ebrsa dy net\u00ebt e tjera do t\u00eb mbahen n\u00eb Mitrovic\u00ebn e Jugut, sipas njoftimit t\u00eb \u201cRadio Mitrovica e Veriut\u201d.<\/p>\n<p data-start=\"1186\" data-end=\"1539\">Para fillimit t\u00eb festivalit, Lista Serbe kishte b\u00ebr\u00eb thirrje q\u00eb bizneset lokale t\u00eb mos marrin pjes\u00eb n\u00eb ngjarje, duke e cil\u00ebsuar festivalin si \u201cp\u00ebrpjekje p\u00ebr imponimin e p\u00ebrmbajtjeve kulturore q\u00eb nuk pasqyrojn\u00eb realitetin dhe vullnetin e komunitetit lokal\u201d. Ata gjithashtu paralajm\u00ebruan se do ta informojn\u00eb edhe bashk\u00ebsin\u00eb nd\u00ebrkomb\u00ebtare p\u00ebr k\u00ebt\u00eb \u00e7\u00ebshtje.<\/p>\n<p data-start=\"1541\" data-end=\"1690\">\u201cKjo \u00ebsht\u00eb p\u00ebrpjekje p\u00ebr presion dhe frik\u00ebsim, me q\u00ebllim mbytjen e jet\u00ebs kulturore t\u00eb komunitetit serb n\u00eb Kosov\u00eb,\u201d thuhet n\u00eb reagimin e List\u00ebs Serbe.<\/p>\n<p data-start=\"1692\" data-end=\"1939\">Pavar\u00ebsisht tensioneve dhe kund\u00ebrshtimeve nga disa qytetar\u00eb, koncerti i par\u00eb u mbajt si\u00e7 ishte planifikuar, nd\u00ebrsa organizator\u00ebt nuk paralajm\u00ebruan ndryshime n\u00eb program. N\u00eb vendin e ngjarjes ishte e pranishme edhe policia p\u00ebr t\u00eb garantuar sigurin\u00eb.<\/p>\n<p data-start=\"1941\" data-end=\"2229\" data-is-last-node=\"\" data-is-only-node=\"\">Festivali \u201cMitrovica International Jazz Days\u201d konsiderohet si nj\u00eb nga nismat e rralla kulturore q\u00eb synon t\u00eb lidh\u00eb dy komunitetet e nj\u00eb qyteti t\u00eb ndar\u00eb p\u00ebrmes artit, dhe deri m\u00eb tani ka mbledhur muzikant\u00eb nga vende t\u00eb ndryshme, p\u00ebrfshir\u00eb edhe bende vendore nga veriu dhe jugu i Mitrovic\u00ebs.<\/p>\n","protected":false},"excerpt":{"rendered":"<p>Hapja e festivalit \u201cMitrovica International Jazz Days\u201d n\u00eb qend\u00ebr t\u00eb Mitrovic\u00ebs s\u00eb Veriut u shoq\u00ebrua me nj\u00eb protest\u00eb nga nj\u00eb grup qytetar\u00ebsh t\u00eb nacionalitetit serb,<\/p>\n","protected":false},"author":1,"featured_media":7228,"comment_status":"open","ping_status":"open","sticky":false,"template":"","format":"standard","meta":{"footnotes":""},"categories":[60],"tags":[],"class_list":["post-7231","post","type-post","status-publish","format-standard","has-post-thumbnail","hentry","category-shoqerore-sq"],"yoast_head":"<!-- This site is optimized with the Yoast SEO plugin v25.3.1 - https:\/\/yoast.com\/wordpress\/plugins\/seo\/ -->\n<title>Incident gjat\u00eb hapjes s\u00eb festivalit \u201cMitrovica International Jazz Days\u201d \u2013 qytetar\u00eb protestojn\u00eb dhe ofendojn\u00eb kryetarin Erden Atiq -<\/title>\n<meta name=\"robots\" content=\"index, follow, max-snippet:-1, max-image-preview:large, max-video-preview:-1\" \/>\n<link rel=\"canonical\" href=\"https:\/\/veritasinfo.org\/?p=7231\" \/>\n<meta property=\"og:locale\" content=\"en_US\" \/>\n<meta property=\"og:type\" content=\"article\" \/>\n<meta property=\"og:title\" content=\"Incident gjat\u00eb hapjes s\u00eb festivalit \u201cMitrovica International Jazz Days\u201d \u2013 qytetar\u00eb protestojn\u00eb dhe ofendojn\u00eb kryetarin Erden Atiq -\" \/>\n<meta property=\"og:description\" content=\"Hapja e festivalit \u201cMitrovica International Jazz Days\u201d n\u00eb qend\u00ebr t\u00eb Mitrovic\u00ebs s\u00eb Veriut u shoq\u00ebrua me nj\u00eb protest\u00eb nga nj\u00eb grup qytetar\u00ebsh t\u00eb nacionalitetit serb,\" \/>\n<meta property=\"og:url\" content=\"https:\/\/veritasinfo.org\/?p=7231\" \/>\n<meta property=\"article:published_time\" content=\"2025-08-08T16:09:28+00:00\" \/>\n<meta property=\"og:image\" content=\"https:\/\/veritasinfo.org\/wp-content\/uploads\/2025\/08\/352411e8-7ade-4f1d-b897-c0816361491d.webp\" \/>\n\t<meta property=\"og:image:width\" content=\"1260\" \/>\n\t<meta property=\"og:image:height\" content=\"682\" \/>\n\t<meta property=\"og:image:type\" content=\"image\/webp\" \/>\n<meta name=\"author\" content=\"admin\" \/>\n<meta name=\"twitter:card\" content=\"summary_large_image\" \/>\n<meta name=\"twitter:label1\" content=\"Written by\" \/>\n\t<meta name=\"twitter:data1\" content=\"admin\" \/>\n\t<meta name=\"twitter:label2\" content=\"Est. reading time\" \/>\n\t<meta name=\"twitter:data2\" content=\"2 minutes\" \/>\n<script type=\"application\/ld+json\" class=\"yoast-schema-graph\">{\"@context\":\"https:\/\/schema.org\",\"@graph\":[{\"@type\":\"WebPage\",\"@id\":\"https:\/\/veritasinfo.org\/?p=7231\",\"url\":\"https:\/\/veritasinfo.org\/?p=7231\",\"name\":\"Incident gjat\u00eb hapjes s\u00eb festivalit \u201cMitrovica International Jazz Days\u201d \u2013 qytetar\u00eb protestojn\u00eb dhe ofendojn\u00eb kryetarin Erden Atiq -\",\"isPartOf\":{\"@id\":\"https:\/\/veritasinfo.org\/#website\"},\"primaryImageOfPage\":{\"@id\":\"https:\/\/veritasinfo.org\/?p=7231#primaryimage\"},\"image\":{\"@id\":\"https:\/\/veritasinfo.org\/?p=7231#primaryimage\"},\"thumbnailUrl\":\"https:\/\/veritasinfo.org\/wp-content\/uploads\/2025\/08\/352411e8-7ade-4f1d-b897-c0816361491d.webp\",\"datePublished\":\"2025-08-08T16:09:28+00:00\",\"author\":{\"@id\":\"https:\/\/veritasinfo.org\/#\/schema\/person\/7701f8c088bece422266b100a712374f\"},\"breadcrumb\":{\"@id\":\"https:\/\/veritasinfo.org\/?p=7231#breadcrumb\"},\"inLanguage\":\"en-US\",\"potentialAction\":[{\"@type\":\"ReadAction\",\"target\":[\"https:\/\/veritasinfo.org\/?p=7231\"]}]},{\"@type\":\"ImageObject\",\"inLanguage\":\"en-US\",\"@id\":\"https:\/\/veritasinfo.org\/?p=7231#primaryimage\",\"url\":\"https:\/\/veritasinfo.org\/wp-content\/uploads\/2025\/08\/352411e8-7ade-4f1d-b897-c0816361491d.webp\",\"contentUrl\":\"https:\/\/veritasinfo.org\/wp-content\/uploads\/2025\/08\/352411e8-7ade-4f1d-b897-c0816361491d.webp\",\"width\":1260,\"height\":682},{\"@type\":\"BreadcrumbList\",\"@id\":\"https:\/\/veritasinfo.org\/?p=7231#breadcrumb\",\"itemListElement\":[{\"@type\":\"ListItem\",\"position\":1,\"name\":\"Home\",\"item\":\"https:\/\/veritasinfo.org\/\"},{\"@type\":\"ListItem\",\"position\":2,\"name\":\"Incident gjat\u00eb hapjes s\u00eb festivalit \u201cMitrovica International Jazz Days\u201d \u2013 qytetar\u00eb protestojn\u00eb dhe ofendojn\u00eb kryetarin Erden Atiq\"}]},{\"@type\":\"WebSite\",\"@id\":\"https:\/\/veritasinfo.org\/#website\",\"url\":\"https:\/\/veritasinfo.org\/\",\"name\":\"\",\"description\":\"\",\"potentialAction\":[{\"@type\":\"SearchAction\",\"target\":{\"@type\":\"EntryPoint\",\"urlTemplate\":\"https:\/\/veritasinfo.org\/?s={search_term_string}\"},\"query-input\":{\"@type\":\"PropertyValueSpecification\",\"valueRequired\":true,\"valueName\":\"search_term_string\"}}],\"inLanguage\":\"en-US\"},{\"@type\":\"Person\",\"@id\":\"https:\/\/veritasinfo.org\/#\/schema\/person\/7701f8c088bece422266b100a712374f\",\"name\":\"admin\",\"image\":{\"@type\":\"ImageObject\",\"inLanguage\":\"en-US\",\"@id\":\"https:\/\/veritasinfo.org\/#\/schema\/person\/image\/\",\"url\":\"https:\/\/secure.gravatar.com\/avatar\/ea53aa3bf6c9a12d5fde8ce4deff43fef3885ae33cf60184161a50d6987cfd2f?s=96&d=mm&r=g\",\"contentUrl\":\"https:\/\/secure.gravatar.com\/avatar\/ea53aa3bf6c9a12d5fde8ce4deff43fef3885ae33cf60184161a50d6987cfd2f?s=96&d=mm&r=g\",\"caption\":\"admin\"},\"sameAs\":[\"https:\/\/veritasinfo.org\"],\"url\":\"https:\/\/veritasinfo.org\/?author=1\"}]}<\/script>\n<!-- \/ Yoast SEO plugin. -->","yoast_head_json":{"title":"Incident gjat\u00eb hapjes s\u00eb festivalit \u201cMitrovica International Jazz Days\u201d \u2013 qytetar\u00eb protestojn\u00eb dhe ofendojn\u00eb kryetarin Erden Atiq -","robots":{"index":"index","follow":"follow","max-snippet":"max-snippet:-1","max-image-preview":"max-image-preview:large","max-video-preview":"max-video-preview:-1"},"canonical":"https:\/\/veritasinfo.org\/?p=7231","og_locale":"en_US","og_type":"article","og_title":"Incident gjat\u00eb hapjes s\u00eb festivalit \u201cMitrovica International Jazz Days\u201d \u2013 qytetar\u00eb protestojn\u00eb dhe ofendojn\u00eb kryetarin Erden Atiq -","og_description":"Hapja e festivalit \u201cMitrovica International Jazz Days\u201d n\u00eb qend\u00ebr t\u00eb Mitrovic\u00ebs s\u00eb Veriut u shoq\u00ebrua me nj\u00eb protest\u00eb nga nj\u00eb grup qytetar\u00ebsh t\u00eb nacionalitetit serb,","og_url":"https:\/\/veritasinfo.org\/?p=7231","article_published_time":"2025-08-08T16:09:28+00:00","og_image":[{"width":1260,"height":682,"url":"https:\/\/veritasinfo.org\/wp-content\/uploads\/2025\/08\/352411e8-7ade-4f1d-b897-c0816361491d.webp","type":"image\/webp"}],"author":"admin","twitter_card":"summary_large_image","twitter_misc":{"Written by":"admin","Est. reading time":"2 minutes"},"schema":{"@context":"https:\/\/schema.org","@graph":[{"@type":"WebPage","@id":"https:\/\/veritasinfo.org\/?p=7231","url":"https:\/\/veritasinfo.org\/?p=7231","name":"Incident gjat\u00eb hapjes s\u00eb festivalit \u201cMitrovica International Jazz Days\u201d \u2013 qytetar\u00eb protestojn\u00eb dhe ofendojn\u00eb kryetarin Erden Atiq -","isPartOf":{"@id":"https:\/\/veritasinfo.org\/#website"},"primaryImageOfPage":{"@id":"https:\/\/veritasinfo.org\/?p=7231#primaryimage"},"image":{"@id":"https:\/\/veritasinfo.org\/?p=7231#primaryimage"},"thumbnailUrl":"https:\/\/veritasinfo.org\/wp-content\/uploads\/2025\/08\/352411e8-7ade-4f1d-b897-c0816361491d.webp","datePublished":"2025-08-08T16:09:28+00:00","author":{"@id":"https:\/\/veritasinfo.org\/#\/schema\/person\/7701f8c088bece422266b100a712374f"},"breadcrumb":{"@id":"https:\/\/veritasinfo.org\/?p=7231#breadcrumb"},"inLanguage":"en-US","potentialAction":[{"@type":"ReadAction","target":["https:\/\/veritasinfo.org\/?p=7231"]}]},{"@type":"ImageObject","inLanguage":"en-US","@id":"https:\/\/veritasinfo.org\/?p=7231#primaryimage","url":"https:\/\/veritasinfo.org\/wp-content\/uploads\/2025\/08\/352411e8-7ade-4f1d-b897-c0816361491d.webp","contentUrl":"https:\/\/veritasinfo.org\/wp-content\/uploads\/2025\/08\/352411e8-7ade-4f1d-b897-c0816361491d.webp","width":1260,"height":682},{"@type":"BreadcrumbList","@id":"https:\/\/veritasinfo.org\/?p=7231#breadcrumb","itemListElement":[{"@type":"ListItem","position":1,"name":"Home","item":"https:\/\/veritasinfo.org\/"},{"@type":"ListItem","position":2,"name":"Incident gjat\u00eb hapjes s\u00eb festivalit \u201cMitrovica International Jazz Days\u201d \u2013 qytetar\u00eb protestojn\u00eb dhe ofendojn\u00eb kryetarin Erden Atiq"}]},{"@type":"WebSite","@id":"https:\/\/veritasinfo.org\/#website","url":"https:\/\/veritasinfo.org\/","name":"","description":"","potentialAction":[{"@type":"SearchAction","target":{"@type":"EntryPoint","urlTemplate":"https:\/\/veritasinfo.org\/?s={search_term_string}"},"query-input":{"@type":"PropertyValueSpecification","valueRequired":true,"valueName":"search_term_string"}}],"inLanguage":"en-US"},{"@type":"Person","@id":"https:\/\/veritasinfo.org\/#\/schema\/person\/7701f8c088bece422266b100a712374f","name":"admin","image":{"@type":"ImageObject","inLanguage":"en-US","@id":"https:\/\/veritasinfo.org\/#\/schema\/person\/image\/","url":"https:\/\/secure.gravatar.com\/avatar\/ea53aa3bf6c9a12d5fde8ce4deff43fef3885ae33cf60184161a50d6987cfd2f?s=96&d=mm&r=g","contentUrl":"https:\/\/secure.gravatar.com\/avatar\/ea53aa3bf6c9a12d5fde8ce4deff43fef3885ae33cf60184161a50d6987cfd2f?s=96&d=mm&r=g","caption":"admin"},"sameAs":["https:\/\/veritasinfo.org"],"url":"https:\/\/veritasinfo.org\/?author=1"}]}},"featured_image_urls":{"full":["https:\/\/veritasinfo.org\/wp-content\/uploads\/2025\/08\/352411e8-7ade-4f1d-b897-c0816361491d.webp",1260,682,false],"thumbnail":["https:\/\/veritasinfo.org\/wp-content\/uploads\/2025\/08\/352411e8-7ade-4f1d-b897-c0816361491d-150x150.webp",150,150,true],"medium":["https:\/\/veritasinfo.org\/wp-content\/uploads\/2025\/08\/352411e8-7ade-4f1d-b897-c0816361491d-300x162.webp",300,162,true],"medium_large":["https:\/\/veritasinfo.org\/wp-content\/uploads\/2025\/08\/352411e8-7ade-4f1d-b897-c0816361491d-768x416.webp",640,347,true],"large":["https:\/\/veritasinfo.org\/wp-content\/uploads\/2025\/08\/352411e8-7ade-4f1d-b897-c0816361491d-1024x554.webp",640,346,true],"1536x1536":["https:\/\/veritasinfo.org\/wp-content\/uploads\/2025\/08\/352411e8-7ade-4f1d-b897-c0816361491d.webp",1260,682,false],"2048x2048":["https:\/\/veritasinfo.org\/wp-content\/uploads\/2025\/08\/352411e8-7ade-4f1d-b897-c0816361491d.webp",1260,682,false],"kreeti-slider-full":["https:\/\/veritasinfo.org\/wp-content\/uploads\/2025\/08\/352411e8-7ade-4f1d-b897-c0816361491d.webp",1260,682,false],"kreeti-featured":["https:\/\/veritasinfo.org\/wp-content\/uploads\/2025\/08\/352411e8-7ade-4f1d-b897-c0816361491d.webp",1024,554,false],"kreeti-medium":["https:\/\/veritasinfo.org\/wp-content\/uploads\/2025\/08\/352411e8-7ade-4f1d-b897-c0816361491d.webp",720,390,false],"kreeti-medium-square":["https:\/\/veritasinfo.org\/wp-content\/uploads\/2025\/08\/352411e8-7ade-4f1d-b897-c0816361491d.webp",350,189,false]},"author_info":{"info":["admin"]},"category_info":"<a href=\"https:\/\/veritasinfo.org\/?cat=60\" rel=\"category\">Shoq\u00ebrore<\/a>","tag_info":"Shoq\u00ebrore","comment_count":"0","_links":{"self":[{"href":"https:\/\/veritasinfo.org\/index.php?rest_route=\/wp\/v2\/posts\/7231","targetHints":{"allow":["GET"]}}],"collection":[{"href":"https:\/\/veritasinfo.org\/index.php?rest_route=\/wp\/v2\/posts"}],"about":[{"href":"https:\/\/veritasinfo.org\/index.php?rest_route=\/wp\/v2\/types\/post"}],"author":[{"embeddable":true,"href":"https:\/\/veritasinfo.org\/index.php?rest_route=\/wp\/v2\/users\/1"}],"replies":[{"embeddable":true,"href":"https:\/\/veritasinfo.org\/index.php?rest_route=%2Fwp%2Fv2%2Fcomments&post=7231"}],"version-history":[{"count":1,"href":"https:\/\/veritasinfo.org\/index.php?rest_route=\/wp\/v2\/posts\/7231\/revisions"}],"predecessor-version":[{"id":7232,"href":"https:\/\/veritasinfo.org\/index.php?rest_route=\/wp\/v2\/posts\/7231\/revisions\/7232"}],"wp:featuredmedia":[{"embeddable":true,"href":"https:\/\/veritasinfo.org\/index.php?rest_route=\/wp\/v2\/media\/7228"}],"wp:attachment":[{"href":"https:\/\/veritasinfo.org\/index.php?rest_route=%2Fwp%2Fv2%2Fmedia&parent=7231"}],"wp:term":[{"taxonomy":"category","embeddable":true,"href":"https:\/\/veritasinfo.org\/index.php?rest_route=%2Fwp%2Fv2%2Fcategories&post=7231"},{"taxonomy":"post_tag","embeddable":true,"href":"https:\/\/veritasinfo.org\/index.php?rest_route=%2Fwp%2Fv2%2Ftags&post=7231"}],"curies":[{"name":"wp","href":"https:\/\/api.w.org\/{rel}","templated":true}]}}