{"id":7216,"date":"2025-08-08T16:18:38","date_gmt":"2025-08-08T14:18:38","guid":{"rendered":"https:\/\/veritasinfo.org\/?p=7216"},"modified":"2025-08-08T16:18:38","modified_gmt":"2025-08-08T14:18:38","slug":"osmani-i-rikonfirmon-prattipatit-perkushtimin-per-te-bashkepunuar-ngushte-me-trumpin","status":"publish","type":"post","link":"https:\/\/veritasinfo.org\/?p=7216","title":{"rendered":"Osmani i rikonfirmon Prattipatit p\u00ebrkushtimin p\u00ebr t\u00eb &#8220;bashk\u00ebpunuar ngusht\u00eb&#8221; me Trumpin"},"content":{"rendered":"<p data-start=\"222\" data-end=\"245\">Prishtin\u00eb, 8 gusht 2025<\/p>\n<p data-start=\"247\" data-end=\"581\">Presidentja e Kosov\u00ebs, Vjosa Osmani, \u00ebsht\u00eb takuar me t\u00eb Ngarkuar\u00ebn me Pun\u00eb t\u00eb Shteteve t\u00eb Bashkuara n\u00eb Kosov\u00eb, Anu Prattipati. Sipas njoftimit t\u00eb Zyr\u00ebs s\u00eb Presidenc\u00ebs, gjat\u00eb k\u00ebtij takimi, Osmani ka shprehur mir\u00ebnjohjen e saj p\u00ebr mb\u00ebshtetjen e presidentit amerikan Donald Trump dhe p\u00ebr mesazhet e fuqishme mbi partneritetin me Kosov\u00ebn.<\/p>\n<p data-start=\"583\" data-end=\"816\">Presidentja ka theksuar p\u00ebrkushtimin e saj t\u00eb pal\u00ebkundur p\u00ebr t\u00eb bashk\u00ebpunuar ngusht\u00eb me presidentin Trump, me q\u00ebllim t\u00eb thellimit t\u00eb aleanc\u00ebs me Shtetet e Bashkuara t\u00eb Amerik\u00ebs dhe avancimit t\u00eb objektivave t\u00eb p\u00ebrbashk\u00ebta strategjike.<\/p>\n<p data-start=\"818\" data-end=\"1128\">Po ashtu, n\u00eb njoftim thuhet se Osmani e ka mir\u00ebpritur lajmin e komunikuar nga z\u00ebvend\u00ebssekretari amerikan Christopher Landau, p\u00ebr vazhdimin e programit t\u00eb MCC-s\u00eb n\u00eb Kosov\u00eb, duke e konsideruar k\u00ebt\u00eb si nj\u00eb hap t\u00eb r\u00ebnd\u00ebsish\u00ebm p\u00ebr zhvillimin afatgjat\u00eb t\u00eb sektorit t\u00eb energjis\u00eb dhe p\u00ebr integrimin digjital t\u00eb vendit.<\/p>\n<p data-start=\"1130\" data-end=\"1348\">Gjat\u00eb takimit u diskutua edhe p\u00ebr zhvillimet e fundit politike n\u00eb Kosov\u00eb, p\u00ebrfshir\u00eb \u00e7\u00ebshtjen e konstituimit t\u00eb Kuvendit dhe hapat e pritsh\u00ebm n\u00eb k\u00ebt\u00eb proces, si dhe p\u00ebr bashk\u00ebpunimin n\u00eb fusha t\u00eb interesit t\u00eb p\u00ebrbashk\u00ebt.<\/p>\n<p data-start=\"1350\" data-end=\"1602\">Nj\u00eb dit\u00eb m\u00eb par\u00eb, presidentja Osmani publikoi edhe letr\u00ebn q\u00eb kishte marr\u00eb nga presidenti amerikan Donald Trump, e dat\u00ebs 4 gusht 2025. N\u00eb k\u00ebt\u00eb let\u00ebr, Trump e fal\u00ebnderon Osmanin p\u00ebr ndihm\u00ebn e jasht\u00ebzakonshme n\u00eb pranimin e qytetar\u00ebve q\u00eb nuk jan\u00eb kosovar\u00eb.<\/p>\n<p data-start=\"1604\" data-end=\"1843\">\u201cKjo \u00ebsht\u00eb nj\u00eb l\u00ebvizje q\u00eb tregon p\u00ebrkushtimin e fort\u00eb t\u00eb Kosov\u00ebs p\u00ebr t\u00eb bashk\u00ebpunuar me Shtetet e Bashkuara. Lidershipi juaj n\u00eb k\u00ebt\u00eb \u00e7\u00ebshtje \u00ebsht\u00eb d\u00ebshmi e forc\u00ebs dhe dhembshuris\u00eb s\u00eb popullit kosovar,\u201d thuhet n\u00eb letr\u00ebn e presidentit Trump.<\/p>\n<p data-start=\"1845\" data-end=\"2040\">Sipas tij, respekti i nd\u00ebrsjell\u00eb, vlerat e p\u00ebrbashk\u00ebta demokratike dhe vizioni p\u00ebr nj\u00eb t\u00eb ardhme paq\u00ebsore e t\u00eb begat\u00eb jan\u00eb shtyllat mbi t\u00eb cilat mb\u00ebshtetet partneriteti midis Kosov\u00ebs dhe SHBA-s\u00eb.<\/p>\n","protected":false},"excerpt":{"rendered":"<p>Prishtin\u00eb, 8 gusht 2025 Presidentja e Kosov\u00ebs, Vjosa Osmani, \u00ebsht\u00eb takuar me t\u00eb Ngarkuar\u00ebn me Pun\u00eb t\u00eb Shteteve t\u00eb Bashkuara n\u00eb Kosov\u00eb, Anu Prattipati. Sipas<\/p>\n","protected":false},"author":1,"featured_media":7214,"comment_status":"open","ping_status":"open","sticky":false,"template":"","format":"standard","meta":{"footnotes":""},"categories":[58],"tags":[],"class_list":["post-7216","post","type-post","status-publish","format-standard","has-post-thumbnail","hentry","category-politike-sq"],"yoast_head":"<!-- This site is optimized with the Yoast SEO plugin v25.3.1 - https:\/\/yoast.com\/wordpress\/plugins\/seo\/ -->\n<title>Osmani i rikonfirmon Prattipatit p\u00ebrkushtimin p\u00ebr t\u00eb &quot;bashk\u00ebpunuar ngusht\u00eb&quot; me Trumpin -<\/title>\n<meta name=\"robots\" content=\"index, follow, max-snippet:-1, max-image-preview:large, max-video-preview:-1\" \/>\n<link rel=\"canonical\" href=\"https:\/\/veritasinfo.org\/?p=7216\" \/>\n<meta property=\"og:locale\" content=\"en_US\" \/>\n<meta property=\"og:type\" content=\"article\" \/>\n<meta property=\"og:title\" content=\"Osmani i rikonfirmon Prattipatit p\u00ebrkushtimin p\u00ebr t\u00eb &quot;bashk\u00ebpunuar ngusht\u00eb&quot; me Trumpin -\" \/>\n<meta property=\"og:description\" content=\"Prishtin\u00eb, 8 gusht 2025 Presidentja e Kosov\u00ebs, Vjosa Osmani, \u00ebsht\u00eb takuar me t\u00eb Ngarkuar\u00ebn me Pun\u00eb t\u00eb Shteteve t\u00eb Bashkuara n\u00eb Kosov\u00eb, Anu Prattipati. Sipas\" \/>\n<meta property=\"og:url\" content=\"https:\/\/veritasinfo.org\/?p=7216\" \/>\n<meta property=\"article:published_time\" content=\"2025-08-08T14:18:38+00:00\" \/>\n<meta property=\"og:image\" content=\"https:\/\/veritasinfo.org\/wp-content\/uploads\/2025\/08\/Vjosa-Osmani-Anu-Prattipatii-1024x684-1.jpg\" \/>\n\t<meta property=\"og:image:width\" content=\"1024\" \/>\n\t<meta property=\"og:image:height\" content=\"684\" \/>\n\t<meta property=\"og:image:type\" content=\"image\/jpeg\" \/>\n<meta name=\"author\" content=\"admin\" \/>\n<meta name=\"twitter:card\" content=\"summary_large_image\" \/>\n<meta name=\"twitter:label1\" content=\"Written by\" \/>\n\t<meta name=\"twitter:data1\" content=\"admin\" \/>\n\t<meta name=\"twitter:label2\" content=\"Est. reading time\" \/>\n\t<meta name=\"twitter:data2\" content=\"2 minutes\" \/>\n<script type=\"application\/ld+json\" class=\"yoast-schema-graph\">{\"@context\":\"https:\/\/schema.org\",\"@graph\":[{\"@type\":\"WebPage\",\"@id\":\"https:\/\/veritasinfo.org\/?p=7216\",\"url\":\"https:\/\/veritasinfo.org\/?p=7216\",\"name\":\"Osmani i rikonfirmon Prattipatit p\u00ebrkushtimin p\u00ebr t\u00eb \\\"bashk\u00ebpunuar ngusht\u00eb\\\" me Trumpin -\",\"isPartOf\":{\"@id\":\"https:\/\/veritasinfo.org\/#website\"},\"primaryImageOfPage\":{\"@id\":\"https:\/\/veritasinfo.org\/?p=7216#primaryimage\"},\"image\":{\"@id\":\"https:\/\/veritasinfo.org\/?p=7216#primaryimage\"},\"thumbnailUrl\":\"https:\/\/veritasinfo.org\/wp-content\/uploads\/2025\/08\/Vjosa-Osmani-Anu-Prattipatii-1024x684-1.jpg\",\"datePublished\":\"2025-08-08T14:18:38+00:00\",\"author\":{\"@id\":\"https:\/\/veritasinfo.org\/#\/schema\/person\/7701f8c088bece422266b100a712374f\"},\"breadcrumb\":{\"@id\":\"https:\/\/veritasinfo.org\/?p=7216#breadcrumb\"},\"inLanguage\":\"en-US\",\"potentialAction\":[{\"@type\":\"ReadAction\",\"target\":[\"https:\/\/veritasinfo.org\/?p=7216\"]}]},{\"@type\":\"ImageObject\",\"inLanguage\":\"en-US\",\"@id\":\"https:\/\/veritasinfo.org\/?p=7216#primaryimage\",\"url\":\"https:\/\/veritasinfo.org\/wp-content\/uploads\/2025\/08\/Vjosa-Osmani-Anu-Prattipatii-1024x684-1.jpg\",\"contentUrl\":\"https:\/\/veritasinfo.org\/wp-content\/uploads\/2025\/08\/Vjosa-Osmani-Anu-Prattipatii-1024x684-1.jpg\",\"width\":1024,\"height\":684},{\"@type\":\"BreadcrumbList\",\"@id\":\"https:\/\/veritasinfo.org\/?p=7216#breadcrumb\",\"itemListElement\":[{\"@type\":\"ListItem\",\"position\":1,\"name\":\"Home\",\"item\":\"https:\/\/veritasinfo.org\/\"},{\"@type\":\"ListItem\",\"position\":2,\"name\":\"Osmani i rikonfirmon Prattipatit p\u00ebrkushtimin p\u00ebr t\u00eb &#8220;bashk\u00ebpunuar ngusht\u00eb&#8221; me Trumpin\"}]},{\"@type\":\"WebSite\",\"@id\":\"https:\/\/veritasinfo.org\/#website\",\"url\":\"https:\/\/veritasinfo.org\/\",\"name\":\"\",\"description\":\"\",\"potentialAction\":[{\"@type\":\"SearchAction\",\"target\":{\"@type\":\"EntryPoint\",\"urlTemplate\":\"https:\/\/veritasinfo.org\/?s={search_term_string}\"},\"query-input\":{\"@type\":\"PropertyValueSpecification\",\"valueRequired\":true,\"valueName\":\"search_term_string\"}}],\"inLanguage\":\"en-US\"},{\"@type\":\"Person\",\"@id\":\"https:\/\/veritasinfo.org\/#\/schema\/person\/7701f8c088bece422266b100a712374f\",\"name\":\"admin\",\"image\":{\"@type\":\"ImageObject\",\"inLanguage\":\"en-US\",\"@id\":\"https:\/\/veritasinfo.org\/#\/schema\/person\/image\/\",\"url\":\"https:\/\/secure.gravatar.com\/avatar\/ea53aa3bf6c9a12d5fde8ce4deff43fef3885ae33cf60184161a50d6987cfd2f?s=96&d=mm&r=g\",\"contentUrl\":\"https:\/\/secure.gravatar.com\/avatar\/ea53aa3bf6c9a12d5fde8ce4deff43fef3885ae33cf60184161a50d6987cfd2f?s=96&d=mm&r=g\",\"caption\":\"admin\"},\"sameAs\":[\"https:\/\/veritasinfo.org\"],\"url\":\"https:\/\/veritasinfo.org\/?author=1\"}]}<\/script>\n<!-- \/ Yoast SEO plugin. -->","yoast_head_json":{"title":"Osmani i rikonfirmon Prattipatit p\u00ebrkushtimin p\u00ebr t\u00eb \"bashk\u00ebpunuar ngusht\u00eb\" me Trumpin -","robots":{"index":"index","follow":"follow","max-snippet":"max-snippet:-1","max-image-preview":"max-image-preview:large","max-video-preview":"max-video-preview:-1"},"canonical":"https:\/\/veritasinfo.org\/?p=7216","og_locale":"en_US","og_type":"article","og_title":"Osmani i rikonfirmon Prattipatit p\u00ebrkushtimin p\u00ebr t\u00eb \"bashk\u00ebpunuar ngusht\u00eb\" me Trumpin -","og_description":"Prishtin\u00eb, 8 gusht 2025 Presidentja e Kosov\u00ebs, Vjosa Osmani, \u00ebsht\u00eb takuar me t\u00eb Ngarkuar\u00ebn me Pun\u00eb t\u00eb Shteteve t\u00eb Bashkuara n\u00eb Kosov\u00eb, Anu Prattipati. Sipas","og_url":"https:\/\/veritasinfo.org\/?p=7216","article_published_time":"2025-08-08T14:18:38+00:00","og_image":[{"width":1024,"height":684,"url":"https:\/\/veritasinfo.org\/wp-content\/uploads\/2025\/08\/Vjosa-Osmani-Anu-Prattipatii-1024x684-1.jpg","type":"image\/jpeg"}],"author":"admin","twitter_card":"summary_large_image","twitter_misc":{"Written by":"admin","Est. reading time":"2 minutes"},"schema":{"@context":"https:\/\/schema.org","@graph":[{"@type":"WebPage","@id":"https:\/\/veritasinfo.org\/?p=7216","url":"https:\/\/veritasinfo.org\/?p=7216","name":"Osmani i rikonfirmon Prattipatit p\u00ebrkushtimin p\u00ebr t\u00eb \"bashk\u00ebpunuar ngusht\u00eb\" me Trumpin -","isPartOf":{"@id":"https:\/\/veritasinfo.org\/#website"},"primaryImageOfPage":{"@id":"https:\/\/veritasinfo.org\/?p=7216#primaryimage"},"image":{"@id":"https:\/\/veritasinfo.org\/?p=7216#primaryimage"},"thumbnailUrl":"https:\/\/veritasinfo.org\/wp-content\/uploads\/2025\/08\/Vjosa-Osmani-Anu-Prattipatii-1024x684-1.jpg","datePublished":"2025-08-08T14:18:38+00:00","author":{"@id":"https:\/\/veritasinfo.org\/#\/schema\/person\/7701f8c088bece422266b100a712374f"},"breadcrumb":{"@id":"https:\/\/veritasinfo.org\/?p=7216#breadcrumb"},"inLanguage":"en-US","potentialAction":[{"@type":"ReadAction","target":["https:\/\/veritasinfo.org\/?p=7216"]}]},{"@type":"ImageObject","inLanguage":"en-US","@id":"https:\/\/veritasinfo.org\/?p=7216#primaryimage","url":"https:\/\/veritasinfo.org\/wp-content\/uploads\/2025\/08\/Vjosa-Osmani-Anu-Prattipatii-1024x684-1.jpg","contentUrl":"https:\/\/veritasinfo.org\/wp-content\/uploads\/2025\/08\/Vjosa-Osmani-Anu-Prattipatii-1024x684-1.jpg","width":1024,"height":684},{"@type":"BreadcrumbList","@id":"https:\/\/veritasinfo.org\/?p=7216#breadcrumb","itemListElement":[{"@type":"ListItem","position":1,"name":"Home","item":"https:\/\/veritasinfo.org\/"},{"@type":"ListItem","position":2,"name":"Osmani i rikonfirmon Prattipatit p\u00ebrkushtimin p\u00ebr t\u00eb &#8220;bashk\u00ebpunuar ngusht\u00eb&#8221; me Trumpin"}]},{"@type":"WebSite","@id":"https:\/\/veritasinfo.org\/#website","url":"https:\/\/veritasinfo.org\/","name":"","description":"","potentialAction":[{"@type":"SearchAction","target":{"@type":"EntryPoint","urlTemplate":"https:\/\/veritasinfo.org\/?s={search_term_string}"},"query-input":{"@type":"PropertyValueSpecification","valueRequired":true,"valueName":"search_term_string"}}],"inLanguage":"en-US"},{"@type":"Person","@id":"https:\/\/veritasinfo.org\/#\/schema\/person\/7701f8c088bece422266b100a712374f","name":"admin","image":{"@type":"ImageObject","inLanguage":"en-US","@id":"https:\/\/veritasinfo.org\/#\/schema\/person\/image\/","url":"https:\/\/secure.gravatar.com\/avatar\/ea53aa3bf6c9a12d5fde8ce4deff43fef3885ae33cf60184161a50d6987cfd2f?s=96&d=mm&r=g","contentUrl":"https:\/\/secure.gravatar.com\/avatar\/ea53aa3bf6c9a12d5fde8ce4deff43fef3885ae33cf60184161a50d6987cfd2f?s=96&d=mm&r=g","caption":"admin"},"sameAs":["https:\/\/veritasinfo.org"],"url":"https:\/\/veritasinfo.org\/?author=1"}]}},"featured_image_urls":{"full":["https:\/\/veritasinfo.org\/wp-content\/uploads\/2025\/08\/Vjosa-Osmani-Anu-Prattipatii-1024x684-1.jpg",1024,684,false],"thumbnail":["https:\/\/veritasinfo.org\/wp-content\/uploads\/2025\/08\/Vjosa-Osmani-Anu-Prattipatii-1024x684-1-150x150.jpg",150,150,true],"medium":["https:\/\/veritasinfo.org\/wp-content\/uploads\/2025\/08\/Vjosa-Osmani-Anu-Prattipatii-1024x684-1-300x200.jpg",300,200,true],"medium_large":["https:\/\/veritasinfo.org\/wp-content\/uploads\/2025\/08\/Vjosa-Osmani-Anu-Prattipatii-1024x684-1-768x513.jpg",640,428,true],"large":["https:\/\/veritasinfo.org\/wp-content\/uploads\/2025\/08\/Vjosa-Osmani-Anu-Prattipatii-1024x684-1.jpg",640,428,false],"1536x1536":["https:\/\/veritasinfo.org\/wp-content\/uploads\/2025\/08\/Vjosa-Osmani-Anu-Prattipatii-1024x684-1.jpg",1024,684,false],"2048x2048":["https:\/\/veritasinfo.org\/wp-content\/uploads\/2025\/08\/Vjosa-Osmani-Anu-Prattipatii-1024x684-1.jpg",1024,684,false],"kreeti-slider-full":["https:\/\/veritasinfo.org\/wp-content\/uploads\/2025\/08\/Vjosa-Osmani-Anu-Prattipatii-1024x684-1.jpg",1024,684,false],"kreeti-featured":["https:\/\/veritasinfo.org\/wp-content\/uploads\/2025\/08\/Vjosa-Osmani-Anu-Prattipatii-1024x684-1.jpg",1024,684,false],"kreeti-medium":["https:\/\/veritasinfo.org\/wp-content\/uploads\/2025\/08\/Vjosa-Osmani-Anu-Prattipatii-1024x684-1.jpg",720,481,false],"kreeti-medium-square":["https:\/\/veritasinfo.org\/wp-content\/uploads\/2025\/08\/Vjosa-Osmani-Anu-Prattipatii-1024x684-1.jpg",350,234,false]},"author_info":{"info":["admin"]},"category_info":"<a href=\"https:\/\/veritasinfo.org\/?cat=58\" rel=\"category\">Politik\u00eb<\/a>","tag_info":"Politik\u00eb","comment_count":"0","_links":{"self":[{"href":"https:\/\/veritasinfo.org\/index.php?rest_route=\/wp\/v2\/posts\/7216","targetHints":{"allow":["GET"]}}],"collection":[{"href":"https:\/\/veritasinfo.org\/index.php?rest_route=\/wp\/v2\/posts"}],"about":[{"href":"https:\/\/veritasinfo.org\/index.php?rest_route=\/wp\/v2\/types\/post"}],"author":[{"embeddable":true,"href":"https:\/\/veritasinfo.org\/index.php?rest_route=\/wp\/v2\/users\/1"}],"replies":[{"embeddable":true,"href":"https:\/\/veritasinfo.org\/index.php?rest_route=%2Fwp%2Fv2%2Fcomments&post=7216"}],"version-history":[{"count":1,"href":"https:\/\/veritasinfo.org\/index.php?rest_route=\/wp\/v2\/posts\/7216\/revisions"}],"predecessor-version":[{"id":7217,"href":"https:\/\/veritasinfo.org\/index.php?rest_route=\/wp\/v2\/posts\/7216\/revisions\/7217"}],"wp:featuredmedia":[{"embeddable":true,"href":"https:\/\/veritasinfo.org\/index.php?rest_route=\/wp\/v2\/media\/7214"}],"wp:attachment":[{"href":"https:\/\/veritasinfo.org\/index.php?rest_route=%2Fwp%2Fv2%2Fmedia&parent=7216"}],"wp:term":[{"taxonomy":"category","embeddable":true,"href":"https:\/\/veritasinfo.org\/index.php?rest_route=%2Fwp%2Fv2%2Fcategories&post=7216"},{"taxonomy":"post_tag","embeddable":true,"href":"https:\/\/veritasinfo.org\/index.php?rest_route=%2Fwp%2Fv2%2Ftags&post=7216"}],"curies":[{"name":"wp","href":"https:\/\/api.w.org\/{rel}","templated":true}]}}