{"id":7211,"date":"2025-08-08T16:04:46","date_gmt":"2025-08-08T14:04:46","guid":{"rendered":"https:\/\/veritasinfo.org\/?p=7211"},"modified":"2025-08-08T16:14:04","modified_gmt":"2025-08-08T14:14:04","slug":"perplasje-muzikore-ne-mitrovice-jazz-nga-skena-muzike-popullore-serbe-nga-altoparlantet","status":"publish","type":"post","link":"https:\/\/veritasinfo.org\/?p=7211","title":{"rendered":"P\u00ebrplasje muzikore n\u00eb Mitrovic\u00eb: Jazz nga skena, muzik\u00eb popullore serbe nga altoparlant\u00ebt"},"content":{"rendered":"<p data-start=\"56\" data-end=\"92\"><strong data-start=\"56\" data-end=\"92\">Mitrovic\u00eb e Veriut, 8 gusht 2025<\/strong><\/p>\n<p data-start=\"94\" data-end=\"478\">Mitrovica International Jazz Days, festivali i njohur muzikor q\u00eb promovon p\u00ebrfshirjen dhe dialogun artistik, \u00ebsht\u00eb planifikuar t\u00eb mbahet nga data 8 deri m\u00eb 10 gusht 2025 n\u00eb Mitrovic\u00ebn e Veriut. Edhe pse organizator\u00ebt po b\u00ebjn\u00eb p\u00ebrpjekje t\u00eb m\u00ebdha q\u00eb gjith\u00e7ka t\u00eb zhvillohet n\u00eb frym\u00ebn e artit dhe bashk\u00ebjetes\u00ebs, p\u00ebrgatitjet p\u00ebr festivalin tashm\u00eb jan\u00eb p\u00ebrballur me sfidat e para n\u00eb terren.<\/p>\n<p data-start=\"480\" data-end=\"868\">Si\u00e7 shihet n\u00eb vendngjarje, montimi i sken\u00ebs dhe p\u00ebrgatitjet teknike n\u00eb qend\u00ebr t\u00eb Mitrovic\u00ebs po zhvillohen n\u00eb nj\u00eb atmosfer\u00eb tensioni. Organizator\u00ebt kan\u00eb filluar me vendosjen e sken\u00ebs dhe testimin e pajisjeve t\u00eb z\u00ebrit, mir\u00ebpo nj\u00eb grup qytetar\u00ebsh nga komuniteti serb ka filluar t\u00eb mblidhet pran\u00eb hap\u00ebsir\u00ebs ku do t\u00eb mbahet festivali, duke shprehur pak\u00ebnaq\u00ebsi p\u00ebr prezenc\u00ebn e k\u00ebtij aktiviteti.<\/p>\n<p data-start=\"870\" data-end=\"1261\">Sipas pamjeve dhe d\u00ebshmive t\u00eb qytetar\u00ebve, n\u00eb momentin kur teknik\u00ebt e festivalit kan\u00eb filluar t\u00eb l\u00ebshojn\u00eb muzik\u00eb jazz nga skena, t\u00eb pranishmit kan\u00eb reaguar duke l\u00ebshuar muzik\u00eb serbe nga altoparlant\u00ebt p\u00ebrreth, me q\u00ebllim t\u00eb duksh\u00ebm p\u00ebr ta z\u00ebvend\u00ebsuar dhe penguar festivalin. M\u00eb pas ka pasuar nj\u00eb p\u00ebrballje z\u00ebrash nga t\u00eb dyja pal\u00ebt, gj\u00eb q\u00eb ka rritur edhe m\u00eb shum\u00eb tensionet n\u00eb qend\u00ebr t\u00eb qytetit.<\/p>\n<p data-start=\"1263\" data-end=\"1666\">N\u00eb pamjet e regjistruara n\u00eb terren d\u00ebgjohet nj\u00eb grua duke b\u00ebrtitur ndaj pjes\u00ebtar\u00ebve t\u00eb Policis\u00eb s\u00eb Kosov\u00ebs, duke k\u00ebrkuar nd\u00ebrhyrje. N\u00eb sfond d\u00ebgjohen edhe komente t\u00eb disa qytetar\u00ebve q\u00eb shprehin qart\u00eb kund\u00ebrshtimin ndaj mbajtjes s\u00eb festivalit n\u00eb at\u00eb lokacion. <strong data-start=\"1522\" data-end=\"1666\">Megjithat\u00eb, p\u00ebr shkak t\u00eb t\u00eb drejtave autoriale t\u00eb portalit, z\u00ebri nga videoja e publikuar n\u00eb rrjetet sociale do t\u00eb \u00e7aktivizohet p\u00ebrkoh\u00ebsisht.<\/strong><\/p>\n<p data-start=\"1668\" data-end=\"1945\">Festivali Mitrovica International Jazz Days, gjat\u00eb vitit t\u00eb kaluar, ka promovuar mesazhe paqeje, dialogu dhe bashk\u00ebpunimi nd\u00ebretnik p\u00ebrmes artit, por situata aktuale tregon se organizimi i ngjarjeve t\u00eb tilla ende p\u00ebrballet me pengesa n\u00eb nj\u00eb nga pikat m\u00eb t\u00eb ndjeshme t\u00eb Kosov\u00ebs.<\/p>\n<div style=\"width: 640px;\" class=\"wp-video\"><video class=\"wp-video-shortcode\" id=\"video-7211-1\" width=\"640\" height=\"800\" preload=\"metadata\" controls=\"controls\"><source type=\"video\/mp4\" src=\"https:\/\/veritasinfo.org\/wp-content\/uploads\/2025\/08\/Mitrovica-International-Jazz-Days-3.mp4?_=1\" \/><a href=\"https:\/\/veritasinfo.org\/wp-content\/uploads\/2025\/08\/Mitrovica-International-Jazz-Days-3.mp4\">https:\/\/veritasinfo.org\/wp-content\/uploads\/2025\/08\/Mitrovica-International-Jazz-Days-3.mp4<\/a><\/video><\/div>\n","protected":false},"excerpt":{"rendered":"<p>Mitrovic\u00eb e Veriut, 8 gusht 2025 Mitrovica International Jazz Days, festivali i njohur muzikor q\u00eb promovon p\u00ebrfshirjen dhe dialogun artistik, \u00ebsht\u00eb planifikuar t\u00eb mbahet nga<\/p>\n","protected":false},"author":1,"featured_media":7209,"comment_status":"open","ping_status":"open","sticky":false,"template":"","format":"standard","meta":{"footnotes":""},"categories":[60],"tags":[],"class_list":["post-7211","post","type-post","status-publish","format-standard","has-post-thumbnail","hentry","category-shoqerore-sq"],"yoast_head":"<!-- This site is optimized with the Yoast SEO plugin v25.3.1 - https:\/\/yoast.com\/wordpress\/plugins\/seo\/ -->\n<title>P\u00ebrplasje muzikore n\u00eb Mitrovic\u00eb: Jazz nga skena, muzik\u00eb popullore serbe nga altoparlant\u00ebt -<\/title>\n<meta name=\"robots\" content=\"index, follow, max-snippet:-1, max-image-preview:large, max-video-preview:-1\" \/>\n<link rel=\"canonical\" href=\"https:\/\/veritasinfo.org\/?p=7211\" \/>\n<meta property=\"og:locale\" content=\"en_US\" \/>\n<meta property=\"og:type\" content=\"article\" \/>\n<meta property=\"og:title\" content=\"P\u00ebrplasje muzikore n\u00eb Mitrovic\u00eb: Jazz nga skena, muzik\u00eb popullore serbe nga altoparlant\u00ebt -\" \/>\n<meta property=\"og:description\" content=\"Mitrovic\u00eb e Veriut, 8 gusht 2025 Mitrovica International Jazz Days, festivali i njohur muzikor q\u00eb promovon p\u00ebrfshirjen dhe dialogun artistik, \u00ebsht\u00eb planifikuar t\u00eb mbahet nga\" \/>\n<meta property=\"og:url\" content=\"https:\/\/veritasinfo.org\/?p=7211\" \/>\n<meta property=\"article:published_time\" content=\"2025-08-08T14:04:46+00:00\" \/>\n<meta property=\"article:modified_time\" content=\"2025-08-08T14:14:04+00:00\" \/>\n<meta property=\"og:image\" content=\"https:\/\/veritasinfo.org\/wp-content\/uploads\/2025\/08\/528179631_579923465201095_8418455838268135880_n.jpg\" \/>\n\t<meta property=\"og:image:width\" content=\"1080\" \/>\n\t<meta property=\"og:image:height\" content=\"1350\" \/>\n\t<meta property=\"og:image:type\" content=\"image\/jpeg\" \/>\n<meta name=\"author\" content=\"admin\" \/>\n<meta name=\"twitter:card\" content=\"summary_large_image\" \/>\n<meta name=\"twitter:label1\" content=\"Written by\" \/>\n\t<meta name=\"twitter:data1\" content=\"admin\" \/>\n\t<meta name=\"twitter:label2\" content=\"Est. reading time\" \/>\n\t<meta name=\"twitter:data2\" content=\"2 minutes\" \/>\n<script type=\"application\/ld+json\" class=\"yoast-schema-graph\">{\"@context\":\"https:\/\/schema.org\",\"@graph\":[{\"@type\":\"WebPage\",\"@id\":\"https:\/\/veritasinfo.org\/?p=7211\",\"url\":\"https:\/\/veritasinfo.org\/?p=7211\",\"name\":\"P\u00ebrplasje muzikore n\u00eb Mitrovic\u00eb: Jazz nga skena, muzik\u00eb popullore serbe nga altoparlant\u00ebt -\",\"isPartOf\":{\"@id\":\"https:\/\/veritasinfo.org\/#website\"},\"primaryImageOfPage\":{\"@id\":\"https:\/\/veritasinfo.org\/?p=7211#primaryimage\"},\"image\":{\"@id\":\"https:\/\/veritasinfo.org\/?p=7211#primaryimage\"},\"thumbnailUrl\":\"https:\/\/veritasinfo.org\/wp-content\/uploads\/2025\/08\/528179631_579923465201095_8418455838268135880_n.jpg\",\"datePublished\":\"2025-08-08T14:04:46+00:00\",\"dateModified\":\"2025-08-08T14:14:04+00:00\",\"author\":{\"@id\":\"https:\/\/veritasinfo.org\/#\/schema\/person\/7701f8c088bece422266b100a712374f\"},\"breadcrumb\":{\"@id\":\"https:\/\/veritasinfo.org\/?p=7211#breadcrumb\"},\"inLanguage\":\"en-US\",\"potentialAction\":[{\"@type\":\"ReadAction\",\"target\":[\"https:\/\/veritasinfo.org\/?p=7211\"]}]},{\"@type\":\"ImageObject\",\"inLanguage\":\"en-US\",\"@id\":\"https:\/\/veritasinfo.org\/?p=7211#primaryimage\",\"url\":\"https:\/\/veritasinfo.org\/wp-content\/uploads\/2025\/08\/528179631_579923465201095_8418455838268135880_n.jpg\",\"contentUrl\":\"https:\/\/veritasinfo.org\/wp-content\/uploads\/2025\/08\/528179631_579923465201095_8418455838268135880_n.jpg\",\"width\":1080,\"height\":1350},{\"@type\":\"BreadcrumbList\",\"@id\":\"https:\/\/veritasinfo.org\/?p=7211#breadcrumb\",\"itemListElement\":[{\"@type\":\"ListItem\",\"position\":1,\"name\":\"Home\",\"item\":\"https:\/\/veritasinfo.org\/\"},{\"@type\":\"ListItem\",\"position\":2,\"name\":\"P\u00ebrplasje muzikore n\u00eb Mitrovic\u00eb: Jazz nga skena, muzik\u00eb popullore serbe nga altoparlant\u00ebt\"}]},{\"@type\":\"WebSite\",\"@id\":\"https:\/\/veritasinfo.org\/#website\",\"url\":\"https:\/\/veritasinfo.org\/\",\"name\":\"\",\"description\":\"\",\"potentialAction\":[{\"@type\":\"SearchAction\",\"target\":{\"@type\":\"EntryPoint\",\"urlTemplate\":\"https:\/\/veritasinfo.org\/?s={search_term_string}\"},\"query-input\":{\"@type\":\"PropertyValueSpecification\",\"valueRequired\":true,\"valueName\":\"search_term_string\"}}],\"inLanguage\":\"en-US\"},{\"@type\":\"Person\",\"@id\":\"https:\/\/veritasinfo.org\/#\/schema\/person\/7701f8c088bece422266b100a712374f\",\"name\":\"admin\",\"image\":{\"@type\":\"ImageObject\",\"inLanguage\":\"en-US\",\"@id\":\"https:\/\/veritasinfo.org\/#\/schema\/person\/image\/\",\"url\":\"https:\/\/secure.gravatar.com\/avatar\/ea53aa3bf6c9a12d5fde8ce4deff43fef3885ae33cf60184161a50d6987cfd2f?s=96&d=mm&r=g\",\"contentUrl\":\"https:\/\/secure.gravatar.com\/avatar\/ea53aa3bf6c9a12d5fde8ce4deff43fef3885ae33cf60184161a50d6987cfd2f?s=96&d=mm&r=g\",\"caption\":\"admin\"},\"sameAs\":[\"https:\/\/veritasinfo.org\"],\"url\":\"https:\/\/veritasinfo.org\/?author=1\"}]}<\/script>\n<!-- \/ Yoast SEO plugin. -->","yoast_head_json":{"title":"P\u00ebrplasje muzikore n\u00eb Mitrovic\u00eb: Jazz nga skena, muzik\u00eb popullore serbe nga altoparlant\u00ebt -","robots":{"index":"index","follow":"follow","max-snippet":"max-snippet:-1","max-image-preview":"max-image-preview:large","max-video-preview":"max-video-preview:-1"},"canonical":"https:\/\/veritasinfo.org\/?p=7211","og_locale":"en_US","og_type":"article","og_title":"P\u00ebrplasje muzikore n\u00eb Mitrovic\u00eb: Jazz nga skena, muzik\u00eb popullore serbe nga altoparlant\u00ebt -","og_description":"Mitrovic\u00eb e Veriut, 8 gusht 2025 Mitrovica International Jazz Days, festivali i njohur muzikor q\u00eb promovon p\u00ebrfshirjen dhe dialogun artistik, \u00ebsht\u00eb planifikuar t\u00eb mbahet nga","og_url":"https:\/\/veritasinfo.org\/?p=7211","article_published_time":"2025-08-08T14:04:46+00:00","article_modified_time":"2025-08-08T14:14:04+00:00","og_image":[{"width":1080,"height":1350,"url":"https:\/\/veritasinfo.org\/wp-content\/uploads\/2025\/08\/528179631_579923465201095_8418455838268135880_n.jpg","type":"image\/jpeg"}],"author":"admin","twitter_card":"summary_large_image","twitter_misc":{"Written by":"admin","Est. reading time":"2 minutes"},"schema":{"@context":"https:\/\/schema.org","@graph":[{"@type":"WebPage","@id":"https:\/\/veritasinfo.org\/?p=7211","url":"https:\/\/veritasinfo.org\/?p=7211","name":"P\u00ebrplasje muzikore n\u00eb Mitrovic\u00eb: Jazz nga skena, muzik\u00eb popullore serbe nga altoparlant\u00ebt -","isPartOf":{"@id":"https:\/\/veritasinfo.org\/#website"},"primaryImageOfPage":{"@id":"https:\/\/veritasinfo.org\/?p=7211#primaryimage"},"image":{"@id":"https:\/\/veritasinfo.org\/?p=7211#primaryimage"},"thumbnailUrl":"https:\/\/veritasinfo.org\/wp-content\/uploads\/2025\/08\/528179631_579923465201095_8418455838268135880_n.jpg","datePublished":"2025-08-08T14:04:46+00:00","dateModified":"2025-08-08T14:14:04+00:00","author":{"@id":"https:\/\/veritasinfo.org\/#\/schema\/person\/7701f8c088bece422266b100a712374f"},"breadcrumb":{"@id":"https:\/\/veritasinfo.org\/?p=7211#breadcrumb"},"inLanguage":"en-US","potentialAction":[{"@type":"ReadAction","target":["https:\/\/veritasinfo.org\/?p=7211"]}]},{"@type":"ImageObject","inLanguage":"en-US","@id":"https:\/\/veritasinfo.org\/?p=7211#primaryimage","url":"https:\/\/veritasinfo.org\/wp-content\/uploads\/2025\/08\/528179631_579923465201095_8418455838268135880_n.jpg","contentUrl":"https:\/\/veritasinfo.org\/wp-content\/uploads\/2025\/08\/528179631_579923465201095_8418455838268135880_n.jpg","width":1080,"height":1350},{"@type":"BreadcrumbList","@id":"https:\/\/veritasinfo.org\/?p=7211#breadcrumb","itemListElement":[{"@type":"ListItem","position":1,"name":"Home","item":"https:\/\/veritasinfo.org\/"},{"@type":"ListItem","position":2,"name":"P\u00ebrplasje muzikore n\u00eb Mitrovic\u00eb: Jazz nga skena, muzik\u00eb popullore serbe nga altoparlant\u00ebt"}]},{"@type":"WebSite","@id":"https:\/\/veritasinfo.org\/#website","url":"https:\/\/veritasinfo.org\/","name":"","description":"","potentialAction":[{"@type":"SearchAction","target":{"@type":"EntryPoint","urlTemplate":"https:\/\/veritasinfo.org\/?s={search_term_string}"},"query-input":{"@type":"PropertyValueSpecification","valueRequired":true,"valueName":"search_term_string"}}],"inLanguage":"en-US"},{"@type":"Person","@id":"https:\/\/veritasinfo.org\/#\/schema\/person\/7701f8c088bece422266b100a712374f","name":"admin","image":{"@type":"ImageObject","inLanguage":"en-US","@id":"https:\/\/veritasinfo.org\/#\/schema\/person\/image\/","url":"https:\/\/secure.gravatar.com\/avatar\/ea53aa3bf6c9a12d5fde8ce4deff43fef3885ae33cf60184161a50d6987cfd2f?s=96&d=mm&r=g","contentUrl":"https:\/\/secure.gravatar.com\/avatar\/ea53aa3bf6c9a12d5fde8ce4deff43fef3885ae33cf60184161a50d6987cfd2f?s=96&d=mm&r=g","caption":"admin"},"sameAs":["https:\/\/veritasinfo.org"],"url":"https:\/\/veritasinfo.org\/?author=1"}]}},"featured_image_urls":{"full":["https:\/\/veritasinfo.org\/wp-content\/uploads\/2025\/08\/528179631_579923465201095_8418455838268135880_n.jpg",1080,1350,false],"thumbnail":["https:\/\/veritasinfo.org\/wp-content\/uploads\/2025\/08\/528179631_579923465201095_8418455838268135880_n-150x150.jpg",150,150,true],"medium":["https:\/\/veritasinfo.org\/wp-content\/uploads\/2025\/08\/528179631_579923465201095_8418455838268135880_n-240x300.jpg",240,300,true],"medium_large":["https:\/\/veritasinfo.org\/wp-content\/uploads\/2025\/08\/528179631_579923465201095_8418455838268135880_n-768x960.jpg",640,800,true],"large":["https:\/\/veritasinfo.org\/wp-content\/uploads\/2025\/08\/528179631_579923465201095_8418455838268135880_n-819x1024.jpg",640,800,true],"1536x1536":["https:\/\/veritasinfo.org\/wp-content\/uploads\/2025\/08\/528179631_579923465201095_8418455838268135880_n.jpg",1080,1350,false],"2048x2048":["https:\/\/veritasinfo.org\/wp-content\/uploads\/2025\/08\/528179631_579923465201095_8418455838268135880_n.jpg",1080,1350,false],"kreeti-slider-full":["https:\/\/veritasinfo.org\/wp-content\/uploads\/2025\/08\/528179631_579923465201095_8418455838268135880_n.jpg",576,720,false],"kreeti-featured":["https:\/\/veritasinfo.org\/wp-content\/uploads\/2025\/08\/528179631_579923465201095_8418455838268135880_n.jpg",1024,1280,false],"kreeti-medium":["https:\/\/veritasinfo.org\/wp-content\/uploads\/2025\/08\/528179631_579923465201095_8418455838268135880_n.jpg",424,530,false],"kreeti-medium-square":["https:\/\/veritasinfo.org\/wp-content\/uploads\/2025\/08\/528179631_579923465201095_8418455838268135880_n.jpg",280,350,false]},"author_info":{"info":["admin"]},"category_info":"<a href=\"https:\/\/veritasinfo.org\/?cat=60\" rel=\"category\">Shoq\u00ebrore<\/a>","tag_info":"Shoq\u00ebrore","comment_count":"0","_links":{"self":[{"href":"https:\/\/veritasinfo.org\/index.php?rest_route=\/wp\/v2\/posts\/7211","targetHints":{"allow":["GET"]}}],"collection":[{"href":"https:\/\/veritasinfo.org\/index.php?rest_route=\/wp\/v2\/posts"}],"about":[{"href":"https:\/\/veritasinfo.org\/index.php?rest_route=\/wp\/v2\/types\/post"}],"author":[{"embeddable":true,"href":"https:\/\/veritasinfo.org\/index.php?rest_route=\/wp\/v2\/users\/1"}],"replies":[{"embeddable":true,"href":"https:\/\/veritasinfo.org\/index.php?rest_route=%2Fwp%2Fv2%2Fcomments&post=7211"}],"version-history":[{"count":2,"href":"https:\/\/veritasinfo.org\/index.php?rest_route=\/wp\/v2\/posts\/7211\/revisions"}],"predecessor-version":[{"id":7219,"href":"https:\/\/veritasinfo.org\/index.php?rest_route=\/wp\/v2\/posts\/7211\/revisions\/7219"}],"wp:featuredmedia":[{"embeddable":true,"href":"https:\/\/veritasinfo.org\/index.php?rest_route=\/wp\/v2\/media\/7209"}],"wp:attachment":[{"href":"https:\/\/veritasinfo.org\/index.php?rest_route=%2Fwp%2Fv2%2Fmedia&parent=7211"}],"wp:term":[{"taxonomy":"category","embeddable":true,"href":"https:\/\/veritasinfo.org\/index.php?rest_route=%2Fwp%2Fv2%2Fcategories&post=7211"},{"taxonomy":"post_tag","embeddable":true,"href":"https:\/\/veritasinfo.org\/index.php?rest_route=%2Fwp%2Fv2%2Ftags&post=7211"}],"curies":[{"name":"wp","href":"https:\/\/api.w.org\/{rel}","templated":true}]}}