{"id":7182,"date":"2025-08-08T14:40:32","date_gmt":"2025-08-08T12:40:32","guid":{"rendered":"https:\/\/veritasinfo.org\/?p=7182"},"modified":"2025-08-08T14:40:32","modified_gmt":"2025-08-08T12:40:32","slug":"popoviq-shpallet-fajtor-burgu-i-zevendesohet-me-gjobe-dhe-debim-2-vjecar-nga-kosova","status":"publish","type":"post","link":"https:\/\/veritasinfo.org\/?p=7182","title":{"rendered":"Popoviq shpallet fajtor, burgu i z\u00ebvend\u00ebsohet me gjob\u00eb dhe d\u00ebbim 2-vje\u00e7ar nga Kosova"},"content":{"rendered":"<p>Prishtin\u00eb, 08 Gusht 2025<\/p>\n<p>Igor Popoviqi, ndihm\u00ebsdrejtor i t\u00eb s\u00eb ashtuquajtur\u00ebs \u201cZyr\u00eb p\u00ebr Kosov\u00ebn\u201d n\u00eb Qeverin\u00eb e Serbis\u00eb \u00ebsht\u00eb shpallur fajtor n\u00eb Gjykat\u00ebn Themelore n\u00eb Prishtin\u00eb, Departamenti Special, p\u00ebr vepr\u00ebn penale t\u00eb nxitjes s\u00eb p\u00ebr\u00e7arjes dhe urrejtjes etnike.<\/p>\n<p>Gjyqtari Kujtim Krasniqi ka caktuar d\u00ebnimin prej 6 muajsh burgim, i cili u z\u00ebvend\u00ebsua me gjob\u00eb prej 3 mij\u00eb eurosh dhe d\u00ebnim plot\u00ebsues, d\u00ebbim nga Kosova p\u00ebr nj\u00eb periudh\u00eb prej dy vjet\u00ebsh, raporton Betimi p\u00ebr Drejt\u00ebsi.<\/p>\n<p>N\u00eb k\u00ebt\u00eb rast, gjykata ka aprovuar marr\u00ebveshjen p\u00ebr pranim faj\u00ebsie mes tij dhe Prokuroris\u00eb Speciale t\u00eb Republik\u00ebs s\u00eb Kosov\u00ebs.<\/p>\n<p>Popoviq ishte arrestuar m\u00eb 19 korrik n\u00eb pik\u00ebn kufitare t\u00eb B\u00ebrnjakut dhe akuzohet se m\u00eb 18 korrik 2025 n\u00eb Rahovec kishte mbajtur nj\u00eb fjalim publik me p\u00ebrmbajtje nxit\u00ebse, duke p\u00ebrhapur urrejtje dhe mosdurim nd\u00ebrmjet grupeve etnike n\u00eb Kosov\u00eb.<\/p>\n<p>&nbsp;<\/p>\n","protected":false},"excerpt":{"rendered":"<p>Prishtin\u00eb, 08 Gusht 2025 Igor Popoviqi, ndihm\u00ebsdrejtor i t\u00eb s\u00eb ashtuquajtur\u00ebs \u201cZyr\u00eb p\u00ebr Kosov\u00ebn\u201d n\u00eb Qeverin\u00eb e Serbis\u00eb \u00ebsht\u00eb shpallur fajtor n\u00eb Gjykat\u00ebn Themelore n\u00eb<\/p>\n","protected":false},"author":1,"featured_media":7183,"comment_status":"open","ping_status":"open","sticky":false,"template":"","format":"standard","meta":{"footnotes":""},"categories":[60],"tags":[],"class_list":["post-7182","post","type-post","status-publish","format-standard","has-post-thumbnail","hentry","category-shoqerore-sq"],"yoast_head":"<!-- This site is optimized with the Yoast SEO plugin v25.3.1 - https:\/\/yoast.com\/wordpress\/plugins\/seo\/ -->\n<title>Popoviq shpallet fajtor, burgu i z\u00ebvend\u00ebsohet me gjob\u00eb dhe d\u00ebbim 2-vje\u00e7ar nga Kosova -<\/title>\n<meta name=\"robots\" content=\"index, follow, max-snippet:-1, max-image-preview:large, max-video-preview:-1\" \/>\n<link rel=\"canonical\" href=\"https:\/\/veritasinfo.org\/?p=7182\" \/>\n<meta property=\"og:locale\" content=\"en_US\" \/>\n<meta property=\"og:type\" content=\"article\" \/>\n<meta property=\"og:title\" content=\"Popoviq shpallet fajtor, burgu i z\u00ebvend\u00ebsohet me gjob\u00eb dhe d\u00ebbim 2-vje\u00e7ar nga Kosova -\" \/>\n<meta property=\"og:description\" content=\"Prishtin\u00eb, 08 Gusht 2025 Igor Popoviqi, ndihm\u00ebsdrejtor i t\u00eb s\u00eb ashtuquajtur\u00ebs \u201cZyr\u00eb p\u00ebr Kosov\u00ebn\u201d n\u00eb Qeverin\u00eb e Serbis\u00eb \u00ebsht\u00eb shpallur fajtor n\u00eb Gjykat\u00ebn Themelore n\u00eb\" \/>\n<meta property=\"og:url\" content=\"https:\/\/veritasinfo.org\/?p=7182\" \/>\n<meta property=\"article:published_time\" content=\"2025-08-08T12:40:32+00:00\" \/>\n<meta property=\"og:image\" content=\"https:\/\/veritasinfo.org\/wp-content\/uploads\/2025\/08\/IMG_2646.jpeg\" \/>\n\t<meta property=\"og:image:width\" content=\"695\" \/>\n\t<meta property=\"og:image:height\" content=\"439\" \/>\n\t<meta property=\"og:image:type\" content=\"image\/jpeg\" \/>\n<meta name=\"author\" content=\"admin\" \/>\n<meta name=\"twitter:card\" content=\"summary_large_image\" \/>\n<meta name=\"twitter:label1\" content=\"Written by\" \/>\n\t<meta name=\"twitter:data1\" content=\"admin\" \/>\n\t<meta name=\"twitter:label2\" content=\"Est. reading time\" \/>\n\t<meta name=\"twitter:data2\" content=\"1 minute\" \/>\n<script type=\"application\/ld+json\" class=\"yoast-schema-graph\">{\"@context\":\"https:\/\/schema.org\",\"@graph\":[{\"@type\":\"WebPage\",\"@id\":\"https:\/\/veritasinfo.org\/?p=7182\",\"url\":\"https:\/\/veritasinfo.org\/?p=7182\",\"name\":\"Popoviq shpallet fajtor, burgu i z\u00ebvend\u00ebsohet me gjob\u00eb dhe d\u00ebbim 2-vje\u00e7ar nga Kosova -\",\"isPartOf\":{\"@id\":\"https:\/\/veritasinfo.org\/#website\"},\"primaryImageOfPage\":{\"@id\":\"https:\/\/veritasinfo.org\/?p=7182#primaryimage\"},\"image\":{\"@id\":\"https:\/\/veritasinfo.org\/?p=7182#primaryimage\"},\"thumbnailUrl\":\"https:\/\/veritasinfo.org\/wp-content\/uploads\/2025\/08\/IMG_2646.jpeg\",\"datePublished\":\"2025-08-08T12:40:32+00:00\",\"author\":{\"@id\":\"https:\/\/veritasinfo.org\/#\/schema\/person\/7701f8c088bece422266b100a712374f\"},\"breadcrumb\":{\"@id\":\"https:\/\/veritasinfo.org\/?p=7182#breadcrumb\"},\"inLanguage\":\"en-US\",\"potentialAction\":[{\"@type\":\"ReadAction\",\"target\":[\"https:\/\/veritasinfo.org\/?p=7182\"]}]},{\"@type\":\"ImageObject\",\"inLanguage\":\"en-US\",\"@id\":\"https:\/\/veritasinfo.org\/?p=7182#primaryimage\",\"url\":\"https:\/\/veritasinfo.org\/wp-content\/uploads\/2025\/08\/IMG_2646.jpeg\",\"contentUrl\":\"https:\/\/veritasinfo.org\/wp-content\/uploads\/2025\/08\/IMG_2646.jpeg\",\"width\":695,\"height\":439},{\"@type\":\"BreadcrumbList\",\"@id\":\"https:\/\/veritasinfo.org\/?p=7182#breadcrumb\",\"itemListElement\":[{\"@type\":\"ListItem\",\"position\":1,\"name\":\"Home\",\"item\":\"https:\/\/veritasinfo.org\/\"},{\"@type\":\"ListItem\",\"position\":2,\"name\":\"Popoviq shpallet fajtor, burgu i z\u00ebvend\u00ebsohet me gjob\u00eb dhe d\u00ebbim 2-vje\u00e7ar nga Kosova\"}]},{\"@type\":\"WebSite\",\"@id\":\"https:\/\/veritasinfo.org\/#website\",\"url\":\"https:\/\/veritasinfo.org\/\",\"name\":\"\",\"description\":\"\",\"potentialAction\":[{\"@type\":\"SearchAction\",\"target\":{\"@type\":\"EntryPoint\",\"urlTemplate\":\"https:\/\/veritasinfo.org\/?s={search_term_string}\"},\"query-input\":{\"@type\":\"PropertyValueSpecification\",\"valueRequired\":true,\"valueName\":\"search_term_string\"}}],\"inLanguage\":\"en-US\"},{\"@type\":\"Person\",\"@id\":\"https:\/\/veritasinfo.org\/#\/schema\/person\/7701f8c088bece422266b100a712374f\",\"name\":\"admin\",\"image\":{\"@type\":\"ImageObject\",\"inLanguage\":\"en-US\",\"@id\":\"https:\/\/veritasinfo.org\/#\/schema\/person\/image\/\",\"url\":\"https:\/\/secure.gravatar.com\/avatar\/ea53aa3bf6c9a12d5fde8ce4deff43fef3885ae33cf60184161a50d6987cfd2f?s=96&d=mm&r=g\",\"contentUrl\":\"https:\/\/secure.gravatar.com\/avatar\/ea53aa3bf6c9a12d5fde8ce4deff43fef3885ae33cf60184161a50d6987cfd2f?s=96&d=mm&r=g\",\"caption\":\"admin\"},\"sameAs\":[\"https:\/\/veritasinfo.org\"],\"url\":\"https:\/\/veritasinfo.org\/?author=1\"}]}<\/script>\n<!-- \/ Yoast SEO plugin. -->","yoast_head_json":{"title":"Popoviq shpallet fajtor, burgu i z\u00ebvend\u00ebsohet me gjob\u00eb dhe d\u00ebbim 2-vje\u00e7ar nga Kosova -","robots":{"index":"index","follow":"follow","max-snippet":"max-snippet:-1","max-image-preview":"max-image-preview:large","max-video-preview":"max-video-preview:-1"},"canonical":"https:\/\/veritasinfo.org\/?p=7182","og_locale":"en_US","og_type":"article","og_title":"Popoviq shpallet fajtor, burgu i z\u00ebvend\u00ebsohet me gjob\u00eb dhe d\u00ebbim 2-vje\u00e7ar nga Kosova -","og_description":"Prishtin\u00eb, 08 Gusht 2025 Igor Popoviqi, ndihm\u00ebsdrejtor i t\u00eb s\u00eb ashtuquajtur\u00ebs \u201cZyr\u00eb p\u00ebr Kosov\u00ebn\u201d n\u00eb Qeverin\u00eb e Serbis\u00eb \u00ebsht\u00eb shpallur fajtor n\u00eb Gjykat\u00ebn Themelore n\u00eb","og_url":"https:\/\/veritasinfo.org\/?p=7182","article_published_time":"2025-08-08T12:40:32+00:00","og_image":[{"width":695,"height":439,"url":"https:\/\/veritasinfo.org\/wp-content\/uploads\/2025\/08\/IMG_2646.jpeg","type":"image\/jpeg"}],"author":"admin","twitter_card":"summary_large_image","twitter_misc":{"Written by":"admin","Est. reading time":"1 minute"},"schema":{"@context":"https:\/\/schema.org","@graph":[{"@type":"WebPage","@id":"https:\/\/veritasinfo.org\/?p=7182","url":"https:\/\/veritasinfo.org\/?p=7182","name":"Popoviq shpallet fajtor, burgu i z\u00ebvend\u00ebsohet me gjob\u00eb dhe d\u00ebbim 2-vje\u00e7ar nga Kosova -","isPartOf":{"@id":"https:\/\/veritasinfo.org\/#website"},"primaryImageOfPage":{"@id":"https:\/\/veritasinfo.org\/?p=7182#primaryimage"},"image":{"@id":"https:\/\/veritasinfo.org\/?p=7182#primaryimage"},"thumbnailUrl":"https:\/\/veritasinfo.org\/wp-content\/uploads\/2025\/08\/IMG_2646.jpeg","datePublished":"2025-08-08T12:40:32+00:00","author":{"@id":"https:\/\/veritasinfo.org\/#\/schema\/person\/7701f8c088bece422266b100a712374f"},"breadcrumb":{"@id":"https:\/\/veritasinfo.org\/?p=7182#breadcrumb"},"inLanguage":"en-US","potentialAction":[{"@type":"ReadAction","target":["https:\/\/veritasinfo.org\/?p=7182"]}]},{"@type":"ImageObject","inLanguage":"en-US","@id":"https:\/\/veritasinfo.org\/?p=7182#primaryimage","url":"https:\/\/veritasinfo.org\/wp-content\/uploads\/2025\/08\/IMG_2646.jpeg","contentUrl":"https:\/\/veritasinfo.org\/wp-content\/uploads\/2025\/08\/IMG_2646.jpeg","width":695,"height":439},{"@type":"BreadcrumbList","@id":"https:\/\/veritasinfo.org\/?p=7182#breadcrumb","itemListElement":[{"@type":"ListItem","position":1,"name":"Home","item":"https:\/\/veritasinfo.org\/"},{"@type":"ListItem","position":2,"name":"Popoviq shpallet fajtor, burgu i z\u00ebvend\u00ebsohet me gjob\u00eb dhe d\u00ebbim 2-vje\u00e7ar nga Kosova"}]},{"@type":"WebSite","@id":"https:\/\/veritasinfo.org\/#website","url":"https:\/\/veritasinfo.org\/","name":"","description":"","potentialAction":[{"@type":"SearchAction","target":{"@type":"EntryPoint","urlTemplate":"https:\/\/veritasinfo.org\/?s={search_term_string}"},"query-input":{"@type":"PropertyValueSpecification","valueRequired":true,"valueName":"search_term_string"}}],"inLanguage":"en-US"},{"@type":"Person","@id":"https:\/\/veritasinfo.org\/#\/schema\/person\/7701f8c088bece422266b100a712374f","name":"admin","image":{"@type":"ImageObject","inLanguage":"en-US","@id":"https:\/\/veritasinfo.org\/#\/schema\/person\/image\/","url":"https:\/\/secure.gravatar.com\/avatar\/ea53aa3bf6c9a12d5fde8ce4deff43fef3885ae33cf60184161a50d6987cfd2f?s=96&d=mm&r=g","contentUrl":"https:\/\/secure.gravatar.com\/avatar\/ea53aa3bf6c9a12d5fde8ce4deff43fef3885ae33cf60184161a50d6987cfd2f?s=96&d=mm&r=g","caption":"admin"},"sameAs":["https:\/\/veritasinfo.org"],"url":"https:\/\/veritasinfo.org\/?author=1"}]}},"featured_image_urls":{"full":["https:\/\/veritasinfo.org\/wp-content\/uploads\/2025\/08\/IMG_2646.jpeg",695,439,false],"thumbnail":["https:\/\/veritasinfo.org\/wp-content\/uploads\/2025\/08\/IMG_2646-150x150.jpeg",150,150,true],"medium":["https:\/\/veritasinfo.org\/wp-content\/uploads\/2025\/08\/IMG_2646-300x189.jpeg",300,189,true],"medium_large":["https:\/\/veritasinfo.org\/wp-content\/uploads\/2025\/08\/IMG_2646.jpeg",640,404,false],"large":["https:\/\/veritasinfo.org\/wp-content\/uploads\/2025\/08\/IMG_2646.jpeg",640,404,false],"1536x1536":["https:\/\/veritasinfo.org\/wp-content\/uploads\/2025\/08\/IMG_2646.jpeg",695,439,false],"2048x2048":["https:\/\/veritasinfo.org\/wp-content\/uploads\/2025\/08\/IMG_2646.jpeg",695,439,false],"kreeti-slider-full":["https:\/\/veritasinfo.org\/wp-content\/uploads\/2025\/08\/IMG_2646.jpeg",695,439,false],"kreeti-featured":["https:\/\/veritasinfo.org\/wp-content\/uploads\/2025\/08\/IMG_2646.jpeg",695,439,false],"kreeti-medium":["https:\/\/veritasinfo.org\/wp-content\/uploads\/2025\/08\/IMG_2646.jpeg",695,439,false],"kreeti-medium-square":["https:\/\/veritasinfo.org\/wp-content\/uploads\/2025\/08\/IMG_2646.jpeg",350,221,false]},"author_info":{"info":["admin"]},"category_info":"<a href=\"https:\/\/veritasinfo.org\/?cat=60\" rel=\"category\">Shoq\u00ebrore<\/a>","tag_info":"Shoq\u00ebrore","comment_count":"0","_links":{"self":[{"href":"https:\/\/veritasinfo.org\/index.php?rest_route=\/wp\/v2\/posts\/7182","targetHints":{"allow":["GET"]}}],"collection":[{"href":"https:\/\/veritasinfo.org\/index.php?rest_route=\/wp\/v2\/posts"}],"about":[{"href":"https:\/\/veritasinfo.org\/index.php?rest_route=\/wp\/v2\/types\/post"}],"author":[{"embeddable":true,"href":"https:\/\/veritasinfo.org\/index.php?rest_route=\/wp\/v2\/users\/1"}],"replies":[{"embeddable":true,"href":"https:\/\/veritasinfo.org\/index.php?rest_route=%2Fwp%2Fv2%2Fcomments&post=7182"}],"version-history":[{"count":1,"href":"https:\/\/veritasinfo.org\/index.php?rest_route=\/wp\/v2\/posts\/7182\/revisions"}],"predecessor-version":[{"id":7184,"href":"https:\/\/veritasinfo.org\/index.php?rest_route=\/wp\/v2\/posts\/7182\/revisions\/7184"}],"wp:featuredmedia":[{"embeddable":true,"href":"https:\/\/veritasinfo.org\/index.php?rest_route=\/wp\/v2\/media\/7183"}],"wp:attachment":[{"href":"https:\/\/veritasinfo.org\/index.php?rest_route=%2Fwp%2Fv2%2Fmedia&parent=7182"}],"wp:term":[{"taxonomy":"category","embeddable":true,"href":"https:\/\/veritasinfo.org\/index.php?rest_route=%2Fwp%2Fv2%2Fcategories&post=7182"},{"taxonomy":"post_tag","embeddable":true,"href":"https:\/\/veritasinfo.org\/index.php?rest_route=%2Fwp%2Fv2%2Ftags&post=7182"}],"curies":[{"name":"wp","href":"https:\/\/api.w.org\/{rel}","templated":true}]}}