{"id":7174,"date":"2025-08-08T13:09:37","date_gmt":"2025-08-08T11:09:37","guid":{"rendered":"https:\/\/veritasinfo.org\/?p=7174"},"modified":"2025-08-08T13:11:04","modified_gmt":"2025-08-08T11:11:04","slug":"kushtetuesja-kuvendi-duhet-te-zgjedhe-kreun-e-ri-permes-votimit-te-hapur","status":"publish","type":"post","link":"https:\/\/veritasinfo.org\/?p=7174","title":{"rendered":"Kushtetuesja: Kuvendi duhet t\u00eb zgjedh\u00eb kreun e ri p\u00ebrmes votimit t\u00eb hapur"},"content":{"rendered":"<p>Prishtin\u00eb, 08 Gusht 2025<\/p>\n<p><strong>Gjykata Kushtetuese e Kosov\u00ebs tha se deputet\u00ebt e Kuvendit t\u00eb Kosov\u00ebs duhet t\u00eb zgjedhin kreun e ri t\u00eb organit ligjv\u00ebn\u00ebs p\u00ebrmes votimit t\u00eb hapur. Konstituimi i Kuvendit duhet t\u00eb permbyllet brenda 30-dit\u00ebsh.<\/strong><\/p>\n<p>N\u00eb aktgjykimin e shpallur m\u00eb 8 gusht, Kushtetuesja tha se kryesuesi i seanc\u00ebs, Avni Dehari, nuk ka vepruar n\u00eb baz\u00eb t\u00eb aktgjykimit t\u00eb m\u00ebhersh\u00ebm t\u00eb k\u00ebsaj gjykate t\u00eb 26 qershorit, duke shtuar se t\u00eb gjitha seancat e mbajtura nga 27 qershori deri m\u00eb 6 korrik \u201ct\u00eb shpallen t\u00eb pavlefshme\u201d.<\/p>\n<p>Gjykata Kushtetuese e Kosov\u00ebs ka urdh\u00ebruar kryesuesin e seanc\u00ebs konstituive t\u00eb Kuvendit t\u00eb Republik\u00ebs s\u00eb Kosov\u00ebs t\u00eb vazhdoj\u00eb me pik\u00ebn 3 t\u00eb rendit t\u00eb dit\u00ebs s\u00eb seanc\u00ebs lonstituive, t\u00eb miratuar m\u00eb 8 prill 2025, dhe t\u00eb \u201cftoj\u00eb p\u00ebrfaq\u00ebsuesin e grupit m\u00eb t\u00eb madh parlamentar p\u00ebr t\u00eb propozuar kandidatin\/en p\u00ebr kryetar\/e t\u00eb Kuvendit t\u00eb Republik\u00ebs s\u00eb Kosov\u00ebs, i\/e cili\/cila zgjedhet p\u00ebrmes votimit t\u00eb hapur, votimi i cili mund t\u00eb realizohet vet\u00ebm deri n\u00eb tre her\u00eb p\u00ebr kandidatin\/en e nj\u00ebjt\u00eb\u201d.<\/p>\n<p>Po ashtu ka urdh\u00ebruar q\u00eb gjat\u00eb procedur\u00ebs s\u00eb zgjedhjes s\u00eb kryetarit\/es dhe n\u00ebnkryetar\u00ebve t\u00eb Kuvendit t\u00eb Republik\u00ebs s\u00eb Kosov\u00ebs t\u00eb jen\u00eb t\u00eb gjith\u00eb deputet\u00ebt e zgjedhur t\u00eb pranish\u00ebm dhe t\u00eb votojn\u00eb.<\/p>\n<p>Njoftim p\u00ebr vendim n\u00eb rastin KO193\/25 dhe KO196\/25<br \/>\n08.08.2025<\/p>\n<p>Gjykata Kushtetuese e Republik\u00ebs s\u00eb Kosov\u00ebs, m\u00eb 7 gusht 2025 vendosi lidhur me k\u00ebrkesat\u00a0KO193\/25 dhe KO196\/25,\u00a0n\u00eb lidhje me vler\u00ebsimin e kushtetutshm\u00ebris\u00eb s\u00eb\u00a0\u00a0\u201cVendimit t\u00eb Kuvendit p\u00ebr votimin e Komisionit p\u00ebr votim t\u00eb fsheht\u00eb, n\u00eb kuad\u00ebr t\u00eb vazhdimit t\u00eb seanc\u00ebs konstituive t\u00eb Legjislatur\u00ebs IX t\u00eb Kuvendit, t\u00eb mbajtur sipas transkriptit t\u00eb dat\u00ebs 29 qershor 2025.\u201d,\u00a0t\u00eb parashtruar nga\u00a0KO193\/25,\u00a0Memli Krasniqi dhe\u00a012 (dymb\u00ebdhjet\u00eb) deputet\u00eb t\u00eb tjer\u00eb t\u00eb Kuvendit t\u00eb Republik\u00ebs s\u00eb Kosov\u00ebs\u00a0dhe\u00a0KO196\/25,\u00a0Hykmete Bajrami dhe 10 (dhjet\u00eb) deputet\u00eb t\u00eb tjer\u00eb t\u00eb Kuvendit t\u00eb Republik\u00ebs s\u00eb Kosov\u00ebs,\u00a0bazuar n\u00eb paragrafin 5 t\u00eb nenit 113 [Jurisdiksioni dhe Pal\u00ebt e Autorizuara] t\u00eb Kushtetut\u00ebs s\u00eb Republik\u00ebs s\u00eb Kosov\u00ebs.<\/p>\n<p>Gjykata, vendosi:<\/p>\n<p>T\u00cb DEKLAROJ\u00cb, nj\u00ebz\u00ebri, k\u00ebrkes\u00ebn t\u00eb pranueshme;<\/p>\n<p>T\u00cb KONSTATOJ\u00cb, nj\u00ebz\u00ebri, q\u00eb deputet\u00ebt e zgjedhur t\u00eb Kuvendit t\u00eb Republik\u00ebs s\u00eb Kosov\u00ebs nuk kan\u00eb zbatuar Aktgjykimin e 26 qershorit 2025, t\u00eb Gjykat\u00ebs Kushtetuese t\u00eb Republik\u00ebs s\u00eb Kosov\u00ebs n\u00eb rastin KO124\/25, dhe rrjedhimisht t\u00eb gjitha seancat e mbajtura nga data 27 qershor deri m\u00eb 26 korrik 2025 shpallen t\u00eb pavlefshme;<\/p>\n<p>T\u00cb KONSTATOJ\u00cb, nj\u00ebz\u00ebri, q\u00eb Kryesuesi i Seanc\u00ebs Konstituive t\u00eb Kuvendit t\u00eb Republik\u00ebs s\u00eb Kosov\u00ebs, nuk ka vepruar n\u00eb pajtueshm\u00ebri me\u00a0\u00a0Aktgjykimin e Gjykat\u00ebs Kushtetuese t\u00eb Republik\u00ebs s\u00eb Kosov\u00ebs n\u00eb rastin KO124\/25, t\u00eb 26 qershorit 2025 dhe rrjedhimisht veprimet e tij jan\u00eb n\u00eb papajtueshm\u00ebri me paragrafin 1 t\u00eb nenit 116 [Efekti Juridik i Vendimeve] t\u00eb Kushtetut\u00ebs s\u00eb Republik\u00ebs s\u00eb Kosov\u00ebs;<\/p>\n<p>T\u00cb URDH\u00cbROJ\u00cb, me 6 (gjasht\u00eb) vota p\u00ebr dhe 1 (nj\u00eb) kund\u00ebr, Kryesuesin e Seanc\u00ebs Konstituive t\u00eb Kuvendit t\u00eb Republik\u00ebs s\u00eb Kosov\u00ebs t\u00eb vazhdoj\u00eb me pik\u00ebn 3 t\u00eb rendit t\u00eb dit\u00ebs s\u00eb Seanc\u00ebs Konstituive, t\u00eb miratuar m\u00eb 8 prill 2025, dhe n\u00eb pajtim\u00a0\u00a0me paragrafin 2 t\u00eb nenit 67 [Zgjedhja e Kryetarit dhe N\u00ebnkryetar\u00ebve] t\u00eb Kushtetut\u00ebs\u00eb Republik\u00ebs s\u00eb Kosov\u00ebs, t\u00eb ftoj\u00eb p\u00ebrfaq\u00ebsuesin e grupit m\u00eb t\u00eb madh parlamentar p\u00ebr t\u00eb propozuar kandidatin\/en p\u00ebr Kryetar\/e t\u00eb Kuvendit t\u00eb Republik\u00ebs s\u00eb Kosov\u00ebs, i\/e cili\/cila zgjedhet p\u00ebrmes votimit t\u00eb hapur, votimi i cili mund t\u00eb realizohet vet\u00ebm deri n\u00eb 3 (tre) her\u00eb p\u00ebr kandidatin\/en e nj\u00ebjt\u00eb;<\/p>\n<p>T\u00cb URDH\u00cbROJ\u00cb, nj\u00ebz\u00ebri t\u00eb gjith\u00eb deputet\u00ebt e zgjedhur t\u00eb Kuvendit t\u00eb Republik\u00ebs s\u00eb Kosov\u00ebs, q\u00eb n\u00eb pajtim me nenin 4 [Forma e Qeverisjes dhe Ndarja e Pushtetit], nenin 7 [Vlerat] dhe nenin 74 [Ushtrimi i Funksionit] t\u00eb Kushtetut\u00ebs s\u00eb Republik\u00ebs s\u00eb Kosov\u00ebs gjat\u00eb procedur\u00ebs s\u00eb zgjedhjes s\u00eb Kryetarit\/es dhe n\u00ebnkryetar\u00ebve t\u00eb Kuvendit t\u00eb Republik\u00ebs s\u00eb Kosov\u00ebs t\u00eb jen\u00eb t\u00eb pranish\u00ebm dhe t\u00eb votojn\u00eb;<\/p>\n<p>T\u00cb URDH\u00cbROJ\u00cb, me 6 (gjasht\u00eb) vota p\u00ebr dhe 1 (nj\u00eb) kund\u00ebr deputet\u00ebt e zgjedhur t\u00eb Kuvendit t\u00eb Republik\u00ebs s\u00eb Kosov\u00ebs, n\u00eb pajtim me paragraf\u00ebt 2, 3 dhe 4 t\u00eb nenit 67 [Zgjedhja e Kryetarit dhe N\u00ebnkryetar\u00ebve] t\u00eb Kushtetut\u00ebs s\u00eb Republik\u00ebs s\u00eb Kosov\u00ebs t\u00eb zgjedhin Kryetarin\/en dhe n\u00ebnkryetar\u00ebt e Kuvendit t\u00eb Republik\u00ebs s\u00eb Kosov\u00ebs sipas pikave 3 dhe 4 t\u00eb rendit t\u00eb dit\u00ebs t\u00eb Seanc\u00ebs Konstituive brenda 30 (tridhjet\u00eb) dit\u00ebve nga dita e hyrjes n\u00eb fuqi t\u00eb k\u00ebtij Aktgjykimi;<\/p>\n<p>T\u00cb VAZHDOJ\u00cb, nj\u00ebz\u00ebri, mas\u00ebn e p\u00ebrkohshme t\u00eb vendosur m\u00eb 24 korrik 2025 deri n\u00eb hyrjen n\u00eb fuqi t\u00eb k\u00ebtij Aktgjykimi;<\/p>\n<p>T\u2019UA KUMTOJ\u00cb k\u00ebt\u00eb Aktgjykim pal\u00ebve;<\/p>\n<p>TA PUBLIKOJ\u00cb k\u00ebt\u00eb Aktgjykim n\u00eb Gazet\u00ebn Zyrtare t\u00eb Republik\u00ebs s\u00eb Kosov\u00ebs, n\u00eb pajtim me paragrafin 4 t\u00eb nenit 20 (Vendimet) t\u00eb Ligjit Nr. 03\/L-121 p\u00ebr Gjykat\u00ebn Kushtetuese t\u00eb Republik\u00ebs s\u00eb Kosov\u00ebs;<\/p>\n<p>T\u00cb KONSTATOJ\u00cb q\u00eb ky Aktgjykim hyn n\u00eb fuqi n\u00eb dit\u00ebn e publikimit t\u00eb tij nga Gjykata Kushtetuese e Republik\u00ebs s\u00eb Kosov\u00ebs dhe njoftimit t\u00eb pal\u00ebve.<\/p>\n","protected":false},"excerpt":{"rendered":"<p>Prishtin\u00eb, 08 Gusht 2025 Gjykata Kushtetuese e Kosov\u00ebs tha se deputet\u00ebt e Kuvendit t\u00eb Kosov\u00ebs duhet t\u00eb zgjedhin kreun e ri t\u00eb organit ligjv\u00ebn\u00ebs p\u00ebrmes<\/p>\n","protected":false},"author":1,"featured_media":7175,"comment_status":"open","ping_status":"open","sticky":false,"template":"","format":"standard","meta":{"footnotes":""},"categories":[58],"tags":[],"class_list":["post-7174","post","type-post","status-publish","format-standard","has-post-thumbnail","hentry","category-politike-sq"],"yoast_head":"<!-- This site is optimized with the Yoast SEO plugin v25.3.1 - https:\/\/yoast.com\/wordpress\/plugins\/seo\/ -->\n<title>Kushtetuesja: Kuvendi duhet t\u00eb zgjedh\u00eb kreun e ri p\u00ebrmes votimit t\u00eb hapur -<\/title>\n<meta name=\"robots\" content=\"index, follow, max-snippet:-1, max-image-preview:large, max-video-preview:-1\" \/>\n<link rel=\"canonical\" href=\"https:\/\/veritasinfo.org\/?p=7174\" \/>\n<meta property=\"og:locale\" content=\"en_US\" \/>\n<meta property=\"og:type\" content=\"article\" \/>\n<meta property=\"og:title\" content=\"Kushtetuesja: Kuvendi duhet t\u00eb zgjedh\u00eb kreun e ri p\u00ebrmes votimit t\u00eb hapur -\" \/>\n<meta property=\"og:description\" content=\"Prishtin\u00eb, 08 Gusht 2025 Gjykata Kushtetuese e Kosov\u00ebs tha se deputet\u00ebt e Kuvendit t\u00eb Kosov\u00ebs duhet t\u00eb zgjedhin kreun e ri t\u00eb organit ligjv\u00ebn\u00ebs p\u00ebrmes\" \/>\n<meta property=\"og:url\" content=\"https:\/\/veritasinfo.org\/?p=7174\" \/>\n<meta property=\"article:published_time\" content=\"2025-08-08T11:09:37+00:00\" \/>\n<meta property=\"article:modified_time\" content=\"2025-08-08T11:11:04+00:00\" \/>\n<meta property=\"og:image\" content=\"https:\/\/veritasinfo.org\/wp-content\/uploads\/2025\/08\/IMG_2645.jpeg\" \/>\n\t<meta property=\"og:image:width\" content=\"750\" \/>\n\t<meta property=\"og:image:height\" content=\"430\" \/>\n\t<meta property=\"og:image:type\" content=\"image\/jpeg\" \/>\n<meta name=\"author\" content=\"admin\" \/>\n<meta name=\"twitter:card\" content=\"summary_large_image\" \/>\n<meta name=\"twitter:label1\" content=\"Written by\" \/>\n\t<meta name=\"twitter:data1\" content=\"admin\" \/>\n\t<meta name=\"twitter:label2\" content=\"Est. reading time\" \/>\n\t<meta name=\"twitter:data2\" content=\"4 minutes\" \/>\n<script type=\"application\/ld+json\" class=\"yoast-schema-graph\">{\"@context\":\"https:\/\/schema.org\",\"@graph\":[{\"@type\":\"WebPage\",\"@id\":\"https:\/\/veritasinfo.org\/?p=7174\",\"url\":\"https:\/\/veritasinfo.org\/?p=7174\",\"name\":\"Kushtetuesja: Kuvendi duhet t\u00eb zgjedh\u00eb kreun e ri p\u00ebrmes votimit t\u00eb hapur -\",\"isPartOf\":{\"@id\":\"https:\/\/veritasinfo.org\/#website\"},\"primaryImageOfPage\":{\"@id\":\"https:\/\/veritasinfo.org\/?p=7174#primaryimage\"},\"image\":{\"@id\":\"https:\/\/veritasinfo.org\/?p=7174#primaryimage\"},\"thumbnailUrl\":\"https:\/\/veritasinfo.org\/wp-content\/uploads\/2025\/08\/IMG_2645.jpeg\",\"datePublished\":\"2025-08-08T11:09:37+00:00\",\"dateModified\":\"2025-08-08T11:11:04+00:00\",\"author\":{\"@id\":\"https:\/\/veritasinfo.org\/#\/schema\/person\/7701f8c088bece422266b100a712374f\"},\"breadcrumb\":{\"@id\":\"https:\/\/veritasinfo.org\/?p=7174#breadcrumb\"},\"inLanguage\":\"en-US\",\"potentialAction\":[{\"@type\":\"ReadAction\",\"target\":[\"https:\/\/veritasinfo.org\/?p=7174\"]}]},{\"@type\":\"ImageObject\",\"inLanguage\":\"en-US\",\"@id\":\"https:\/\/veritasinfo.org\/?p=7174#primaryimage\",\"url\":\"https:\/\/veritasinfo.org\/wp-content\/uploads\/2025\/08\/IMG_2645.jpeg\",\"contentUrl\":\"https:\/\/veritasinfo.org\/wp-content\/uploads\/2025\/08\/IMG_2645.jpeg\",\"width\":750,\"height\":430},{\"@type\":\"BreadcrumbList\",\"@id\":\"https:\/\/veritasinfo.org\/?p=7174#breadcrumb\",\"itemListElement\":[{\"@type\":\"ListItem\",\"position\":1,\"name\":\"Home\",\"item\":\"https:\/\/veritasinfo.org\/\"},{\"@type\":\"ListItem\",\"position\":2,\"name\":\"Kushtetuesja: Kuvendi duhet t\u00eb zgjedh\u00eb kreun e ri p\u00ebrmes votimit t\u00eb hapur\"}]},{\"@type\":\"WebSite\",\"@id\":\"https:\/\/veritasinfo.org\/#website\",\"url\":\"https:\/\/veritasinfo.org\/\",\"name\":\"\",\"description\":\"\",\"potentialAction\":[{\"@type\":\"SearchAction\",\"target\":{\"@type\":\"EntryPoint\",\"urlTemplate\":\"https:\/\/veritasinfo.org\/?s={search_term_string}\"},\"query-input\":{\"@type\":\"PropertyValueSpecification\",\"valueRequired\":true,\"valueName\":\"search_term_string\"}}],\"inLanguage\":\"en-US\"},{\"@type\":\"Person\",\"@id\":\"https:\/\/veritasinfo.org\/#\/schema\/person\/7701f8c088bece422266b100a712374f\",\"name\":\"admin\",\"image\":{\"@type\":\"ImageObject\",\"inLanguage\":\"en-US\",\"@id\":\"https:\/\/veritasinfo.org\/#\/schema\/person\/image\/\",\"url\":\"https:\/\/secure.gravatar.com\/avatar\/ea53aa3bf6c9a12d5fde8ce4deff43fef3885ae33cf60184161a50d6987cfd2f?s=96&d=mm&r=g\",\"contentUrl\":\"https:\/\/secure.gravatar.com\/avatar\/ea53aa3bf6c9a12d5fde8ce4deff43fef3885ae33cf60184161a50d6987cfd2f?s=96&d=mm&r=g\",\"caption\":\"admin\"},\"sameAs\":[\"https:\/\/veritasinfo.org\"],\"url\":\"https:\/\/veritasinfo.org\/?author=1\"}]}<\/script>\n<!-- \/ Yoast SEO plugin. -->","yoast_head_json":{"title":"Kushtetuesja: Kuvendi duhet t\u00eb zgjedh\u00eb kreun e ri p\u00ebrmes votimit t\u00eb hapur -","robots":{"index":"index","follow":"follow","max-snippet":"max-snippet:-1","max-image-preview":"max-image-preview:large","max-video-preview":"max-video-preview:-1"},"canonical":"https:\/\/veritasinfo.org\/?p=7174","og_locale":"en_US","og_type":"article","og_title":"Kushtetuesja: Kuvendi duhet t\u00eb zgjedh\u00eb kreun e ri p\u00ebrmes votimit t\u00eb hapur -","og_description":"Prishtin\u00eb, 08 Gusht 2025 Gjykata Kushtetuese e Kosov\u00ebs tha se deputet\u00ebt e Kuvendit t\u00eb Kosov\u00ebs duhet t\u00eb zgjedhin kreun e ri t\u00eb organit ligjv\u00ebn\u00ebs p\u00ebrmes","og_url":"https:\/\/veritasinfo.org\/?p=7174","article_published_time":"2025-08-08T11:09:37+00:00","article_modified_time":"2025-08-08T11:11:04+00:00","og_image":[{"width":750,"height":430,"url":"https:\/\/veritasinfo.org\/wp-content\/uploads\/2025\/08\/IMG_2645.jpeg","type":"image\/jpeg"}],"author":"admin","twitter_card":"summary_large_image","twitter_misc":{"Written by":"admin","Est. reading time":"4 minutes"},"schema":{"@context":"https:\/\/schema.org","@graph":[{"@type":"WebPage","@id":"https:\/\/veritasinfo.org\/?p=7174","url":"https:\/\/veritasinfo.org\/?p=7174","name":"Kushtetuesja: Kuvendi duhet t\u00eb zgjedh\u00eb kreun e ri p\u00ebrmes votimit t\u00eb hapur -","isPartOf":{"@id":"https:\/\/veritasinfo.org\/#website"},"primaryImageOfPage":{"@id":"https:\/\/veritasinfo.org\/?p=7174#primaryimage"},"image":{"@id":"https:\/\/veritasinfo.org\/?p=7174#primaryimage"},"thumbnailUrl":"https:\/\/veritasinfo.org\/wp-content\/uploads\/2025\/08\/IMG_2645.jpeg","datePublished":"2025-08-08T11:09:37+00:00","dateModified":"2025-08-08T11:11:04+00:00","author":{"@id":"https:\/\/veritasinfo.org\/#\/schema\/person\/7701f8c088bece422266b100a712374f"},"breadcrumb":{"@id":"https:\/\/veritasinfo.org\/?p=7174#breadcrumb"},"inLanguage":"en-US","potentialAction":[{"@type":"ReadAction","target":["https:\/\/veritasinfo.org\/?p=7174"]}]},{"@type":"ImageObject","inLanguage":"en-US","@id":"https:\/\/veritasinfo.org\/?p=7174#primaryimage","url":"https:\/\/veritasinfo.org\/wp-content\/uploads\/2025\/08\/IMG_2645.jpeg","contentUrl":"https:\/\/veritasinfo.org\/wp-content\/uploads\/2025\/08\/IMG_2645.jpeg","width":750,"height":430},{"@type":"BreadcrumbList","@id":"https:\/\/veritasinfo.org\/?p=7174#breadcrumb","itemListElement":[{"@type":"ListItem","position":1,"name":"Home","item":"https:\/\/veritasinfo.org\/"},{"@type":"ListItem","position":2,"name":"Kushtetuesja: Kuvendi duhet t\u00eb zgjedh\u00eb kreun e ri p\u00ebrmes votimit t\u00eb hapur"}]},{"@type":"WebSite","@id":"https:\/\/veritasinfo.org\/#website","url":"https:\/\/veritasinfo.org\/","name":"","description":"","potentialAction":[{"@type":"SearchAction","target":{"@type":"EntryPoint","urlTemplate":"https:\/\/veritasinfo.org\/?s={search_term_string}"},"query-input":{"@type":"PropertyValueSpecification","valueRequired":true,"valueName":"search_term_string"}}],"inLanguage":"en-US"},{"@type":"Person","@id":"https:\/\/veritasinfo.org\/#\/schema\/person\/7701f8c088bece422266b100a712374f","name":"admin","image":{"@type":"ImageObject","inLanguage":"en-US","@id":"https:\/\/veritasinfo.org\/#\/schema\/person\/image\/","url":"https:\/\/secure.gravatar.com\/avatar\/ea53aa3bf6c9a12d5fde8ce4deff43fef3885ae33cf60184161a50d6987cfd2f?s=96&d=mm&r=g","contentUrl":"https:\/\/secure.gravatar.com\/avatar\/ea53aa3bf6c9a12d5fde8ce4deff43fef3885ae33cf60184161a50d6987cfd2f?s=96&d=mm&r=g","caption":"admin"},"sameAs":["https:\/\/veritasinfo.org"],"url":"https:\/\/veritasinfo.org\/?author=1"}]}},"featured_image_urls":{"full":["https:\/\/veritasinfo.org\/wp-content\/uploads\/2025\/08\/IMG_2645.jpeg",750,430,false],"thumbnail":["https:\/\/veritasinfo.org\/wp-content\/uploads\/2025\/08\/IMG_2645-150x150.jpeg",150,150,true],"medium":["https:\/\/veritasinfo.org\/wp-content\/uploads\/2025\/08\/IMG_2645-300x172.jpeg",300,172,true],"medium_large":["https:\/\/veritasinfo.org\/wp-content\/uploads\/2025\/08\/IMG_2645.jpeg",640,367,false],"large":["https:\/\/veritasinfo.org\/wp-content\/uploads\/2025\/08\/IMG_2645.jpeg",640,367,false],"1536x1536":["https:\/\/veritasinfo.org\/wp-content\/uploads\/2025\/08\/IMG_2645.jpeg",750,430,false],"2048x2048":["https:\/\/veritasinfo.org\/wp-content\/uploads\/2025\/08\/IMG_2645.jpeg",750,430,false],"kreeti-slider-full":["https:\/\/veritasinfo.org\/wp-content\/uploads\/2025\/08\/IMG_2645.jpeg",750,430,false],"kreeti-featured":["https:\/\/veritasinfo.org\/wp-content\/uploads\/2025\/08\/IMG_2645.jpeg",750,430,false],"kreeti-medium":["https:\/\/veritasinfo.org\/wp-content\/uploads\/2025\/08\/IMG_2645.jpeg",720,413,false],"kreeti-medium-square":["https:\/\/veritasinfo.org\/wp-content\/uploads\/2025\/08\/IMG_2645.jpeg",350,201,false]},"author_info":{"info":["admin"]},"category_info":"<a href=\"https:\/\/veritasinfo.org\/?cat=58\" rel=\"category\">Politik\u00eb<\/a>","tag_info":"Politik\u00eb","comment_count":"0","_links":{"self":[{"href":"https:\/\/veritasinfo.org\/index.php?rest_route=\/wp\/v2\/posts\/7174","targetHints":{"allow":["GET"]}}],"collection":[{"href":"https:\/\/veritasinfo.org\/index.php?rest_route=\/wp\/v2\/posts"}],"about":[{"href":"https:\/\/veritasinfo.org\/index.php?rest_route=\/wp\/v2\/types\/post"}],"author":[{"embeddable":true,"href":"https:\/\/veritasinfo.org\/index.php?rest_route=\/wp\/v2\/users\/1"}],"replies":[{"embeddable":true,"href":"https:\/\/veritasinfo.org\/index.php?rest_route=%2Fwp%2Fv2%2Fcomments&post=7174"}],"version-history":[{"count":3,"href":"https:\/\/veritasinfo.org\/index.php?rest_route=\/wp\/v2\/posts\/7174\/revisions"}],"predecessor-version":[{"id":7178,"href":"https:\/\/veritasinfo.org\/index.php?rest_route=\/wp\/v2\/posts\/7174\/revisions\/7178"}],"wp:featuredmedia":[{"embeddable":true,"href":"https:\/\/veritasinfo.org\/index.php?rest_route=\/wp\/v2\/media\/7175"}],"wp:attachment":[{"href":"https:\/\/veritasinfo.org\/index.php?rest_route=%2Fwp%2Fv2%2Fmedia&parent=7174"}],"wp:term":[{"taxonomy":"category","embeddable":true,"href":"https:\/\/veritasinfo.org\/index.php?rest_route=%2Fwp%2Fv2%2Fcategories&post=7174"},{"taxonomy":"post_tag","embeddable":true,"href":"https:\/\/veritasinfo.org\/index.php?rest_route=%2Fwp%2Fv2%2Ftags&post=7174"}],"curies":[{"name":"wp","href":"https:\/\/api.w.org\/{rel}","templated":true}]}}