{"id":7163,"date":"2025-08-08T12:04:30","date_gmt":"2025-08-08T10:04:30","guid":{"rendered":"https:\/\/veritasinfo.org\/?p=7163"},"modified":"2025-08-08T12:04:30","modified_gmt":"2025-08-08T10:04:30","slug":"as-be-ja-as-kfor-i-sduhet-te-nderhyjne-ne-urat-e-reja-ne-mitrovice","status":"publish","type":"post","link":"https:\/\/veritasinfo.org\/?p=7163","title":{"rendered":"\u201cAs BE-ja, as KFOR-i s\u2019duhet t\u00eb nd\u00ebrhyjn\u00eb n\u00eb urat e reja n\u00eb Mitrovic\u00eb\u201d"},"content":{"rendered":"<p>Prishtin\u00eb, 08 Gusht 2025<\/p>\n<p>Ura e re p\u00ebr k\u00ebmb\u00ebsor\u00eb dhe vetura tashm\u00eb ka marr\u00eb form\u00eb mbi lumin Ib\u00ebr, disa metra larg asaj kryesore, e cila po vazhdon t\u00eb mbetet e mbyllur, ku ka nj\u00eb prezenc\u00eb t\u00eb vazhdueshme t\u00eb KFOR-it italian.<\/p>\n<p>Nj\u00eb nd\u00ebrhyrje t\u00eb mundshme nga BE-ja dhe KFOR-i p\u00ebr t\u00eb penguar hapjen e ur\u00ebs s\u00eb re, q\u00eb sipas institucioneve t\u00eb Kosov\u00ebs do t\u00eb b\u00ebhet n\u00eb muajin shtator, nuk e sheh t\u00eb nevojshme profesori amerikan dhe njoh\u00ebsi i \u00e7\u00ebshtjeve n\u00eb Ballkan, Alon Ben-Meir, i cili n\u00eb nj\u00eb bised\u00eb p\u00ebr Zeri.info ka th\u00ebn\u00eb se problemi i urave \u00ebsht\u00eb problem lokal.<\/p>\n<p>&#8220;Un\u00eb nuk besoj se KFOR-i duhet t\u00eb nd\u00ebrhyj\u00eb dhe sigurisht jo t\u00eb pengoj\u00eb hapjen e urave. Ky \u00ebsht\u00eb nj\u00eb problem lokal, edhe pse BE-ja \u00ebsht\u00eb e p\u00ebrfshir\u00eb thell\u00ebsisht n\u00eb dialogun, apo munges\u00ebn e tij \u2014 nd\u00ebrmjet Serbis\u00eb dhe Kosov\u00ebs, ajo duhet ta kufizoj\u00eb p\u00ebrfshirjen e saj vet\u00ebm n\u00eb marr\u00ebdh\u00ebniet dypal\u00ebshe mes dy vendeve dhe t\u00eb mos p\u00ebrzihet n\u00eb konfliktin mes serb\u00ebve etnik\u00eb t\u00eb Kosov\u00ebs dhe qeveris\u00eb s\u00eb Kosov\u00ebs\u201d, ka th\u00ebn\u00eb Ben-Meir p\u00ebr \u201cZ\u00ebrin\u201d.<\/p>\n<p><strong>Q\u00ebndrimi i KFOR-it p\u00ebr urat e reja<\/strong><\/p>\n<p>N\u00eb nj\u00eb p\u00ebrgjigje p\u00ebr \u201cZ\u00ebrin\u201d, KFOR-i dit\u00eb m\u00eb par\u00eb ka th\u00ebn\u00eb se nuk \u00ebsht\u00eb i p\u00ebrfshir\u00eb n\u00eb nd\u00ebrtimin n\u00eb vazhdim t\u00eb dy urave, por q\u00eb po vazhdon t\u00eb monitoroj\u00eb situat\u00ebn dhe mban nj\u00eb \u201cq\u00ebndrim fleksibil\u201d, duke paralajm\u00ebruar se mund t\u00eb reagoj\u00eb shpejt ndaj \u00e7do zhvillimi t\u00eb siguris\u00eb n\u00eb zon\u00eb.<\/p>\n<p>\u201cKFOR-i mban nj\u00eb prani t\u00eb p\u00ebrhershme dhe t\u00eb dukshme n\u00eb ur\u00ebn kryesore mbi lumin Ib\u00ebr dhe zhvillon patrullime t\u00eb rregullta n\u00eb zonat p\u00ebrreth. N\u00eb k\u00ebt\u00eb kontekst, KFOR-i vazhdon t\u00eb monitoroj\u00eb situat\u00ebn dhe mban nj\u00eb q\u00ebndrim fleksibil, n\u00eb m\u00ebnyr\u00eb q\u00eb t\u00eb mund\u00eb t\u00eb reagoj\u00eb shpejt dhe vendosm\u00ebrisht ndaj \u00e7do zhvillimi t\u00eb siguris\u00eb n\u00eb zon\u00eb\u201d, thuhet n\u00eb nj\u00eb p\u00ebrgjigje t\u00eb KFOR-it p\u00ebr Zeri.info, duke shtuar se k\u00ebto veprime jan\u00eb n\u00eb p\u00ebrputhje me mandatin e OKB-s\u00eb dhe Rezolut\u00ebn 1244.<\/p>\n","protected":false},"excerpt":{"rendered":"<p>Prishtin\u00eb, 08 Gusht 2025 Ura e re p\u00ebr k\u00ebmb\u00ebsor\u00eb dhe vetura tashm\u00eb ka marr\u00eb form\u00eb mbi lumin Ib\u00ebr, disa metra larg asaj kryesore, e cila<\/p>\n","protected":false},"author":1,"featured_media":7164,"comment_status":"open","ping_status":"open","sticky":false,"template":"","format":"standard","meta":{"footnotes":""},"categories":[60],"tags":[],"class_list":["post-7163","post","type-post","status-publish","format-standard","has-post-thumbnail","hentry","category-shoqerore-sq"],"yoast_head":"<!-- This site is optimized with the Yoast SEO plugin v25.3.1 - https:\/\/yoast.com\/wordpress\/plugins\/seo\/ -->\n<title>\u201cAs BE-ja, as KFOR-i s\u2019duhet t\u00eb nd\u00ebrhyjn\u00eb n\u00eb urat e reja n\u00eb Mitrovic\u00eb\u201d -<\/title>\n<meta name=\"robots\" content=\"index, follow, max-snippet:-1, max-image-preview:large, max-video-preview:-1\" \/>\n<link rel=\"canonical\" href=\"https:\/\/veritasinfo.org\/?p=7163\" \/>\n<meta property=\"og:locale\" content=\"en_US\" \/>\n<meta property=\"og:type\" content=\"article\" \/>\n<meta property=\"og:title\" content=\"\u201cAs BE-ja, as KFOR-i s\u2019duhet t\u00eb nd\u00ebrhyjn\u00eb n\u00eb urat e reja n\u00eb Mitrovic\u00eb\u201d -\" \/>\n<meta property=\"og:description\" content=\"Prishtin\u00eb, 08 Gusht 2025 Ura e re p\u00ebr k\u00ebmb\u00ebsor\u00eb dhe vetura tashm\u00eb ka marr\u00eb form\u00eb mbi lumin Ib\u00ebr, disa metra larg asaj kryesore, e cila\" \/>\n<meta property=\"og:url\" content=\"https:\/\/veritasinfo.org\/?p=7163\" \/>\n<meta property=\"article:published_time\" content=\"2025-08-08T10:04:30+00:00\" \/>\n<meta property=\"og:image\" content=\"https:\/\/veritasinfo.org\/wp-content\/uploads\/2025\/08\/IMG_2642.jpeg\" \/>\n\t<meta property=\"og:image:width\" content=\"900\" \/>\n\t<meta property=\"og:image:height\" content=\"603\" \/>\n\t<meta property=\"og:image:type\" content=\"image\/jpeg\" \/>\n<meta name=\"author\" content=\"admin\" \/>\n<meta name=\"twitter:card\" content=\"summary_large_image\" \/>\n<meta name=\"twitter:label1\" content=\"Written by\" \/>\n\t<meta name=\"twitter:data1\" content=\"admin\" \/>\n\t<meta name=\"twitter:label2\" content=\"Est. reading time\" \/>\n\t<meta name=\"twitter:data2\" content=\"2 minutes\" \/>\n<script type=\"application\/ld+json\" class=\"yoast-schema-graph\">{\"@context\":\"https:\/\/schema.org\",\"@graph\":[{\"@type\":\"WebPage\",\"@id\":\"https:\/\/veritasinfo.org\/?p=7163\",\"url\":\"https:\/\/veritasinfo.org\/?p=7163\",\"name\":\"\u201cAs BE-ja, as KFOR-i s\u2019duhet t\u00eb nd\u00ebrhyjn\u00eb n\u00eb urat e reja n\u00eb Mitrovic\u00eb\u201d -\",\"isPartOf\":{\"@id\":\"https:\/\/veritasinfo.org\/#website\"},\"primaryImageOfPage\":{\"@id\":\"https:\/\/veritasinfo.org\/?p=7163#primaryimage\"},\"image\":{\"@id\":\"https:\/\/veritasinfo.org\/?p=7163#primaryimage\"},\"thumbnailUrl\":\"https:\/\/veritasinfo.org\/wp-content\/uploads\/2025\/08\/IMG_2642.jpeg\",\"datePublished\":\"2025-08-08T10:04:30+00:00\",\"author\":{\"@id\":\"https:\/\/veritasinfo.org\/#\/schema\/person\/7701f8c088bece422266b100a712374f\"},\"breadcrumb\":{\"@id\":\"https:\/\/veritasinfo.org\/?p=7163#breadcrumb\"},\"inLanguage\":\"en-US\",\"potentialAction\":[{\"@type\":\"ReadAction\",\"target\":[\"https:\/\/veritasinfo.org\/?p=7163\"]}]},{\"@type\":\"ImageObject\",\"inLanguage\":\"en-US\",\"@id\":\"https:\/\/veritasinfo.org\/?p=7163#primaryimage\",\"url\":\"https:\/\/veritasinfo.org\/wp-content\/uploads\/2025\/08\/IMG_2642.jpeg\",\"contentUrl\":\"https:\/\/veritasinfo.org\/wp-content\/uploads\/2025\/08\/IMG_2642.jpeg\",\"width\":900,\"height\":603},{\"@type\":\"BreadcrumbList\",\"@id\":\"https:\/\/veritasinfo.org\/?p=7163#breadcrumb\",\"itemListElement\":[{\"@type\":\"ListItem\",\"position\":1,\"name\":\"Home\",\"item\":\"https:\/\/veritasinfo.org\/\"},{\"@type\":\"ListItem\",\"position\":2,\"name\":\"\u201cAs BE-ja, as KFOR-i s\u2019duhet t\u00eb nd\u00ebrhyjn\u00eb n\u00eb urat e reja n\u00eb Mitrovic\u00eb\u201d\"}]},{\"@type\":\"WebSite\",\"@id\":\"https:\/\/veritasinfo.org\/#website\",\"url\":\"https:\/\/veritasinfo.org\/\",\"name\":\"\",\"description\":\"\",\"potentialAction\":[{\"@type\":\"SearchAction\",\"target\":{\"@type\":\"EntryPoint\",\"urlTemplate\":\"https:\/\/veritasinfo.org\/?s={search_term_string}\"},\"query-input\":{\"@type\":\"PropertyValueSpecification\",\"valueRequired\":true,\"valueName\":\"search_term_string\"}}],\"inLanguage\":\"en-US\"},{\"@type\":\"Person\",\"@id\":\"https:\/\/veritasinfo.org\/#\/schema\/person\/7701f8c088bece422266b100a712374f\",\"name\":\"admin\",\"image\":{\"@type\":\"ImageObject\",\"inLanguage\":\"en-US\",\"@id\":\"https:\/\/veritasinfo.org\/#\/schema\/person\/image\/\",\"url\":\"https:\/\/secure.gravatar.com\/avatar\/ea53aa3bf6c9a12d5fde8ce4deff43fef3885ae33cf60184161a50d6987cfd2f?s=96&d=mm&r=g\",\"contentUrl\":\"https:\/\/secure.gravatar.com\/avatar\/ea53aa3bf6c9a12d5fde8ce4deff43fef3885ae33cf60184161a50d6987cfd2f?s=96&d=mm&r=g\",\"caption\":\"admin\"},\"sameAs\":[\"https:\/\/veritasinfo.org\"],\"url\":\"https:\/\/veritasinfo.org\/?author=1\"}]}<\/script>\n<!-- \/ Yoast SEO plugin. -->","yoast_head_json":{"title":"\u201cAs BE-ja, as KFOR-i s\u2019duhet t\u00eb nd\u00ebrhyjn\u00eb n\u00eb urat e reja n\u00eb Mitrovic\u00eb\u201d -","robots":{"index":"index","follow":"follow","max-snippet":"max-snippet:-1","max-image-preview":"max-image-preview:large","max-video-preview":"max-video-preview:-1"},"canonical":"https:\/\/veritasinfo.org\/?p=7163","og_locale":"en_US","og_type":"article","og_title":"\u201cAs BE-ja, as KFOR-i s\u2019duhet t\u00eb nd\u00ebrhyjn\u00eb n\u00eb urat e reja n\u00eb Mitrovic\u00eb\u201d -","og_description":"Prishtin\u00eb, 08 Gusht 2025 Ura e re p\u00ebr k\u00ebmb\u00ebsor\u00eb dhe vetura tashm\u00eb ka marr\u00eb form\u00eb mbi lumin Ib\u00ebr, disa metra larg asaj kryesore, e cila","og_url":"https:\/\/veritasinfo.org\/?p=7163","article_published_time":"2025-08-08T10:04:30+00:00","og_image":[{"width":900,"height":603,"url":"https:\/\/veritasinfo.org\/wp-content\/uploads\/2025\/08\/IMG_2642.jpeg","type":"image\/jpeg"}],"author":"admin","twitter_card":"summary_large_image","twitter_misc":{"Written by":"admin","Est. reading time":"2 minutes"},"schema":{"@context":"https:\/\/schema.org","@graph":[{"@type":"WebPage","@id":"https:\/\/veritasinfo.org\/?p=7163","url":"https:\/\/veritasinfo.org\/?p=7163","name":"\u201cAs BE-ja, as KFOR-i s\u2019duhet t\u00eb nd\u00ebrhyjn\u00eb n\u00eb urat e reja n\u00eb Mitrovic\u00eb\u201d -","isPartOf":{"@id":"https:\/\/veritasinfo.org\/#website"},"primaryImageOfPage":{"@id":"https:\/\/veritasinfo.org\/?p=7163#primaryimage"},"image":{"@id":"https:\/\/veritasinfo.org\/?p=7163#primaryimage"},"thumbnailUrl":"https:\/\/veritasinfo.org\/wp-content\/uploads\/2025\/08\/IMG_2642.jpeg","datePublished":"2025-08-08T10:04:30+00:00","author":{"@id":"https:\/\/veritasinfo.org\/#\/schema\/person\/7701f8c088bece422266b100a712374f"},"breadcrumb":{"@id":"https:\/\/veritasinfo.org\/?p=7163#breadcrumb"},"inLanguage":"en-US","potentialAction":[{"@type":"ReadAction","target":["https:\/\/veritasinfo.org\/?p=7163"]}]},{"@type":"ImageObject","inLanguage":"en-US","@id":"https:\/\/veritasinfo.org\/?p=7163#primaryimage","url":"https:\/\/veritasinfo.org\/wp-content\/uploads\/2025\/08\/IMG_2642.jpeg","contentUrl":"https:\/\/veritasinfo.org\/wp-content\/uploads\/2025\/08\/IMG_2642.jpeg","width":900,"height":603},{"@type":"BreadcrumbList","@id":"https:\/\/veritasinfo.org\/?p=7163#breadcrumb","itemListElement":[{"@type":"ListItem","position":1,"name":"Home","item":"https:\/\/veritasinfo.org\/"},{"@type":"ListItem","position":2,"name":"\u201cAs BE-ja, as KFOR-i s\u2019duhet t\u00eb nd\u00ebrhyjn\u00eb n\u00eb urat e reja n\u00eb Mitrovic\u00eb\u201d"}]},{"@type":"WebSite","@id":"https:\/\/veritasinfo.org\/#website","url":"https:\/\/veritasinfo.org\/","name":"","description":"","potentialAction":[{"@type":"SearchAction","target":{"@type":"EntryPoint","urlTemplate":"https:\/\/veritasinfo.org\/?s={search_term_string}"},"query-input":{"@type":"PropertyValueSpecification","valueRequired":true,"valueName":"search_term_string"}}],"inLanguage":"en-US"},{"@type":"Person","@id":"https:\/\/veritasinfo.org\/#\/schema\/person\/7701f8c088bece422266b100a712374f","name":"admin","image":{"@type":"ImageObject","inLanguage":"en-US","@id":"https:\/\/veritasinfo.org\/#\/schema\/person\/image\/","url":"https:\/\/secure.gravatar.com\/avatar\/ea53aa3bf6c9a12d5fde8ce4deff43fef3885ae33cf60184161a50d6987cfd2f?s=96&d=mm&r=g","contentUrl":"https:\/\/secure.gravatar.com\/avatar\/ea53aa3bf6c9a12d5fde8ce4deff43fef3885ae33cf60184161a50d6987cfd2f?s=96&d=mm&r=g","caption":"admin"},"sameAs":["https:\/\/veritasinfo.org"],"url":"https:\/\/veritasinfo.org\/?author=1"}]}},"featured_image_urls":{"full":["https:\/\/veritasinfo.org\/wp-content\/uploads\/2025\/08\/IMG_2642.jpeg",900,603,false],"thumbnail":["https:\/\/veritasinfo.org\/wp-content\/uploads\/2025\/08\/IMG_2642-150x150.jpeg",150,150,true],"medium":["https:\/\/veritasinfo.org\/wp-content\/uploads\/2025\/08\/IMG_2642-300x201.jpeg",300,201,true],"medium_large":["https:\/\/veritasinfo.org\/wp-content\/uploads\/2025\/08\/IMG_2642-768x515.jpeg",640,429,true],"large":["https:\/\/veritasinfo.org\/wp-content\/uploads\/2025\/08\/IMG_2642.jpeg",640,429,false],"1536x1536":["https:\/\/veritasinfo.org\/wp-content\/uploads\/2025\/08\/IMG_2642.jpeg",900,603,false],"2048x2048":["https:\/\/veritasinfo.org\/wp-content\/uploads\/2025\/08\/IMG_2642.jpeg",900,603,false],"kreeti-slider-full":["https:\/\/veritasinfo.org\/wp-content\/uploads\/2025\/08\/IMG_2642.jpeg",900,603,false],"kreeti-featured":["https:\/\/veritasinfo.org\/wp-content\/uploads\/2025\/08\/IMG_2642.jpeg",900,603,false],"kreeti-medium":["https:\/\/veritasinfo.org\/wp-content\/uploads\/2025\/08\/IMG_2642.jpeg",720,482,false],"kreeti-medium-square":["https:\/\/veritasinfo.org\/wp-content\/uploads\/2025\/08\/IMG_2642.jpeg",350,235,false]},"author_info":{"info":["admin"]},"category_info":"<a href=\"https:\/\/veritasinfo.org\/?cat=60\" rel=\"category\">Shoq\u00ebrore<\/a>","tag_info":"Shoq\u00ebrore","comment_count":"0","_links":{"self":[{"href":"https:\/\/veritasinfo.org\/index.php?rest_route=\/wp\/v2\/posts\/7163","targetHints":{"allow":["GET"]}}],"collection":[{"href":"https:\/\/veritasinfo.org\/index.php?rest_route=\/wp\/v2\/posts"}],"about":[{"href":"https:\/\/veritasinfo.org\/index.php?rest_route=\/wp\/v2\/types\/post"}],"author":[{"embeddable":true,"href":"https:\/\/veritasinfo.org\/index.php?rest_route=\/wp\/v2\/users\/1"}],"replies":[{"embeddable":true,"href":"https:\/\/veritasinfo.org\/index.php?rest_route=%2Fwp%2Fv2%2Fcomments&post=7163"}],"version-history":[{"count":1,"href":"https:\/\/veritasinfo.org\/index.php?rest_route=\/wp\/v2\/posts\/7163\/revisions"}],"predecessor-version":[{"id":7165,"href":"https:\/\/veritasinfo.org\/index.php?rest_route=\/wp\/v2\/posts\/7163\/revisions\/7165"}],"wp:featuredmedia":[{"embeddable":true,"href":"https:\/\/veritasinfo.org\/index.php?rest_route=\/wp\/v2\/media\/7164"}],"wp:attachment":[{"href":"https:\/\/veritasinfo.org\/index.php?rest_route=%2Fwp%2Fv2%2Fmedia&parent=7163"}],"wp:term":[{"taxonomy":"category","embeddable":true,"href":"https:\/\/veritasinfo.org\/index.php?rest_route=%2Fwp%2Fv2%2Fcategories&post=7163"},{"taxonomy":"post_tag","embeddable":true,"href":"https:\/\/veritasinfo.org\/index.php?rest_route=%2Fwp%2Fv2%2Ftags&post=7163"}],"curies":[{"name":"wp","href":"https:\/\/api.w.org\/{rel}","templated":true}]}}