{"id":7152,"date":"2025-08-08T11:20:13","date_gmt":"2025-08-08T09:20:13","guid":{"rendered":"https:\/\/veritasinfo.org\/?p=7152"},"modified":"2025-08-08T11:20:13","modified_gmt":"2025-08-08T09:20:13","slug":"prokuroria-propozon-debimin-e-popoviqit-per-dy-vjet-nga-kosova-gjykata-vendos-pasdite","status":"publish","type":"post","link":"https:\/\/veritasinfo.org\/?p=7152","title":{"rendered":"Prokuroria propozon d\u00ebbimin e Popoviqit p\u00ebr dy vjet nga Kosova, gjykata vendos pasdite"},"content":{"rendered":"<p>Prishtin\u00eb, 08 Gusht 2025<\/p>\n<p><strong>Prokuroria Speciale e Republik\u00ebs s\u00eb Kosov\u00ebs ka propozuar q\u00eb i akuzuari Igor Popoviq t\u00eb d\u00ebnohet me gjob\u00eb prej 3 mij\u00eb eurosh dhe d\u00ebbim p\u00ebr dy vjet nga Kosova, pas arritjes s\u00eb marr\u00ebveshjes p\u00ebr pranimin e faj\u00ebsis\u00eb nd\u00ebrmjet pal\u00ebve.<\/strong><\/p>\n<p>Sipas aktakuz\u00ebs, m\u00eb 18 korrik 2025, rreth mesdit\u00ebs, Popoviq ka mbajtur nj\u00eb fjalim publik n\u00eb Rahovec, i cili, sipas Prokuroris\u00eb, ka pasur p\u00ebrmbajtje q\u00eb nxisnin urrejtje dhe p\u00ebr\u00e7arje nd\u00ebretnike, p\u00ebrmes deklaratave t\u00eb drejtuara ndaj grupeve etnike.<\/p>\n<p>Prokurorja e rastit, Fikrie Zejnullahu, sqaroi se marr\u00ebveshja parashikon d\u00ebnimin me gjasht\u00eb muaj burgim, i cili do t\u00eb z\u00ebvend\u00ebsohet me gjob\u00eb prej 3 mij\u00eb eurosh, si dhe d\u00ebnimin plot\u00ebsues t\u00eb d\u00ebbimit nga territori i Kosov\u00ebs p\u00ebr dy vjet. Ajo theksoi se marr\u00ebveshja \u00ebsht\u00eb n\u00eb p\u00ebrputhje t\u00eb plot\u00eb me dispozitat ligjore dhe \u00ebsht\u00eb mb\u00ebshtetur n\u00eb provat ekzistuese.<\/p>\n<p>\u201cAktakuz\u00ebs i \u00ebsht\u00eb bashkangjitur marr\u00ebveshja p\u00ebr pranimin e faj\u00ebsis\u00eb, e lidhur sipas ligjit. I akuzuari \u00ebsht\u00eb konsultuar n\u00eb m\u00ebnyr\u00eb t\u00eb mjaftueshme me mbrojt\u00ebsin e tij dhe marr\u00ebveshja p\u00ebrputhet me provat q\u00eb e mb\u00ebshtesin aktakuz\u00ebn. P\u00ebr k\u00ebt\u00eb arsye, i propozojm\u00eb gjykat\u00ebs shqiptimin e d\u00ebnimit t\u00eb r\u00ebn\u00eb dakord: gjasht\u00eb muaj burgim, i z\u00ebvend\u00ebsuar me gjob\u00eb prej 3 mij\u00eb eurosh dhe d\u00ebbim p\u00ebr dy vjet nga Kosova\u201d, deklaroi Zejnullahu.<\/p>\n<p>Avokati i Popoviqit, Millosh Delliviq, konfirmoi se mbrojtja q\u00ebndron prapa marr\u00ebveshjes s\u00eb arritur me Prokurorin\u00eb. \u201cJan\u00eb p\u00ebrmbushur kushtet e nenit 230, pika 17 t\u00eb Kodit t\u00eb Procedur\u00ebs Penale p\u00ebr pranimin e marr\u00ebveshjes nga gjykata,\u201d tha ai.<\/p>\n<p>Gjyqtari Kujtim Krasniqi njoftoi se shpallja e aktgjykimit do t\u00eb b\u00ebhet sot n\u00eb or\u00ebn 14:00.<\/p>\n<p>Igor Popoviq, ndihm\u00ebsdrejtor n\u00eb t\u00eb ashtuquajtur\u00ebn Zyr\u00eb p\u00ebr Kosov\u00ebn n\u00eb Qeverin\u00eb e Serbis\u00eb, ishte arrestuar muajin e kaluar nga Policia e Kosov\u00ebs, pasi kishte mbajtur nj\u00eb fjalim n\u00eb Ho\u00e7\u00eb t\u00eb Madhe t\u00eb Rahovecit, ku ishte shprehur kund\u00ebr Ushtris\u00eb \u00c7lirimtare t\u00eb Kosov\u00ebs.<\/p>\n<p>Sipas Prokuroris\u00eb, deklaratat e tij kan\u00eb ndikuar negativisht n\u00eb marr\u00ebdh\u00ebniet nd\u00ebrmjet komuniteteve, duke nxitur mosbesim, tensione nd\u00ebretnike dhe rrezikuar bashk\u00ebjetes\u00ebn n\u00eb shoq\u00ebrin\u00eb kosovare.<\/p>\n<p>Popoviq e ka pranuar faj\u00ebsin\u00eb p\u00ebr vepr\u00ebn penale p\u00ebr t\u00eb cil\u00ebn akuzohet.<\/p>\n","protected":false},"excerpt":{"rendered":"<p>Prishtin\u00eb, 08 Gusht 2025 Prokuroria Speciale e Republik\u00ebs s\u00eb Kosov\u00ebs ka propozuar q\u00eb i akuzuari Igor Popoviq t\u00eb d\u00ebnohet me gjob\u00eb prej 3 mij\u00eb eurosh<\/p>\n","protected":false},"author":1,"featured_media":7154,"comment_status":"open","ping_status":"open","sticky":false,"template":"","format":"standard","meta":{"footnotes":""},"categories":[60],"tags":[],"class_list":["post-7152","post","type-post","status-publish","format-standard","has-post-thumbnail","hentry","category-shoqerore-sq"],"yoast_head":"<!-- This site is optimized with the Yoast SEO plugin v25.3.1 - https:\/\/yoast.com\/wordpress\/plugins\/seo\/ -->\n<title>Prokuroria propozon d\u00ebbimin e Popoviqit p\u00ebr dy vjet nga Kosova, gjykata vendos pasdite -<\/title>\n<meta name=\"robots\" content=\"index, follow, max-snippet:-1, max-image-preview:large, max-video-preview:-1\" \/>\n<link rel=\"canonical\" href=\"https:\/\/veritasinfo.org\/?p=7152\" \/>\n<meta property=\"og:locale\" content=\"en_US\" \/>\n<meta property=\"og:type\" content=\"article\" \/>\n<meta property=\"og:title\" content=\"Prokuroria propozon d\u00ebbimin e Popoviqit p\u00ebr dy vjet nga Kosova, gjykata vendos pasdite -\" \/>\n<meta property=\"og:description\" content=\"Prishtin\u00eb, 08 Gusht 2025 Prokuroria Speciale e Republik\u00ebs s\u00eb Kosov\u00ebs ka propozuar q\u00eb i akuzuari Igor Popoviq t\u00eb d\u00ebnohet me gjob\u00eb prej 3 mij\u00eb eurosh\" \/>\n<meta property=\"og:url\" content=\"https:\/\/veritasinfo.org\/?p=7152\" \/>\n<meta property=\"article:published_time\" content=\"2025-08-08T09:20:13+00:00\" \/>\n<meta property=\"og:image\" content=\"https:\/\/veritasinfo.org\/wp-content\/uploads\/2025\/08\/IMG_2307.jpeg\" \/>\n\t<meta property=\"og:image:width\" content=\"600\" \/>\n\t<meta property=\"og:image:height\" content=\"364\" \/>\n\t<meta property=\"og:image:type\" content=\"image\/jpeg\" \/>\n<meta name=\"author\" content=\"admin\" \/>\n<meta name=\"twitter:card\" content=\"summary_large_image\" \/>\n<meta name=\"twitter:label1\" content=\"Written by\" \/>\n\t<meta name=\"twitter:data1\" content=\"admin\" \/>\n\t<meta name=\"twitter:label2\" content=\"Est. reading time\" \/>\n\t<meta name=\"twitter:data2\" content=\"2 minutes\" \/>\n<script type=\"application\/ld+json\" class=\"yoast-schema-graph\">{\"@context\":\"https:\/\/schema.org\",\"@graph\":[{\"@type\":\"WebPage\",\"@id\":\"https:\/\/veritasinfo.org\/?p=7152\",\"url\":\"https:\/\/veritasinfo.org\/?p=7152\",\"name\":\"Prokuroria propozon d\u00ebbimin e Popoviqit p\u00ebr dy vjet nga Kosova, gjykata vendos pasdite -\",\"isPartOf\":{\"@id\":\"https:\/\/veritasinfo.org\/#website\"},\"primaryImageOfPage\":{\"@id\":\"https:\/\/veritasinfo.org\/?p=7152#primaryimage\"},\"image\":{\"@id\":\"https:\/\/veritasinfo.org\/?p=7152#primaryimage\"},\"thumbnailUrl\":\"https:\/\/veritasinfo.org\/wp-content\/uploads\/2025\/08\/IMG_2307.jpeg\",\"datePublished\":\"2025-08-08T09:20:13+00:00\",\"author\":{\"@id\":\"https:\/\/veritasinfo.org\/#\/schema\/person\/7701f8c088bece422266b100a712374f\"},\"breadcrumb\":{\"@id\":\"https:\/\/veritasinfo.org\/?p=7152#breadcrumb\"},\"inLanguage\":\"en-US\",\"potentialAction\":[{\"@type\":\"ReadAction\",\"target\":[\"https:\/\/veritasinfo.org\/?p=7152\"]}]},{\"@type\":\"ImageObject\",\"inLanguage\":\"en-US\",\"@id\":\"https:\/\/veritasinfo.org\/?p=7152#primaryimage\",\"url\":\"https:\/\/veritasinfo.org\/wp-content\/uploads\/2025\/08\/IMG_2307.jpeg\",\"contentUrl\":\"https:\/\/veritasinfo.org\/wp-content\/uploads\/2025\/08\/IMG_2307.jpeg\",\"width\":600,\"height\":364},{\"@type\":\"BreadcrumbList\",\"@id\":\"https:\/\/veritasinfo.org\/?p=7152#breadcrumb\",\"itemListElement\":[{\"@type\":\"ListItem\",\"position\":1,\"name\":\"Home\",\"item\":\"https:\/\/veritasinfo.org\/\"},{\"@type\":\"ListItem\",\"position\":2,\"name\":\"Prokuroria propozon d\u00ebbimin e Popoviqit p\u00ebr dy vjet nga Kosova, gjykata vendos pasdite\"}]},{\"@type\":\"WebSite\",\"@id\":\"https:\/\/veritasinfo.org\/#website\",\"url\":\"https:\/\/veritasinfo.org\/\",\"name\":\"\",\"description\":\"\",\"potentialAction\":[{\"@type\":\"SearchAction\",\"target\":{\"@type\":\"EntryPoint\",\"urlTemplate\":\"https:\/\/veritasinfo.org\/?s={search_term_string}\"},\"query-input\":{\"@type\":\"PropertyValueSpecification\",\"valueRequired\":true,\"valueName\":\"search_term_string\"}}],\"inLanguage\":\"en-US\"},{\"@type\":\"Person\",\"@id\":\"https:\/\/veritasinfo.org\/#\/schema\/person\/7701f8c088bece422266b100a712374f\",\"name\":\"admin\",\"image\":{\"@type\":\"ImageObject\",\"inLanguage\":\"en-US\",\"@id\":\"https:\/\/veritasinfo.org\/#\/schema\/person\/image\/\",\"url\":\"https:\/\/secure.gravatar.com\/avatar\/ea53aa3bf6c9a12d5fde8ce4deff43fef3885ae33cf60184161a50d6987cfd2f?s=96&d=mm&r=g\",\"contentUrl\":\"https:\/\/secure.gravatar.com\/avatar\/ea53aa3bf6c9a12d5fde8ce4deff43fef3885ae33cf60184161a50d6987cfd2f?s=96&d=mm&r=g\",\"caption\":\"admin\"},\"sameAs\":[\"https:\/\/veritasinfo.org\"],\"url\":\"https:\/\/veritasinfo.org\/?author=1\"}]}<\/script>\n<!-- \/ Yoast SEO plugin. -->","yoast_head_json":{"title":"Prokuroria propozon d\u00ebbimin e Popoviqit p\u00ebr dy vjet nga Kosova, gjykata vendos pasdite -","robots":{"index":"index","follow":"follow","max-snippet":"max-snippet:-1","max-image-preview":"max-image-preview:large","max-video-preview":"max-video-preview:-1"},"canonical":"https:\/\/veritasinfo.org\/?p=7152","og_locale":"en_US","og_type":"article","og_title":"Prokuroria propozon d\u00ebbimin e Popoviqit p\u00ebr dy vjet nga Kosova, gjykata vendos pasdite -","og_description":"Prishtin\u00eb, 08 Gusht 2025 Prokuroria Speciale e Republik\u00ebs s\u00eb Kosov\u00ebs ka propozuar q\u00eb i akuzuari Igor Popoviq t\u00eb d\u00ebnohet me gjob\u00eb prej 3 mij\u00eb eurosh","og_url":"https:\/\/veritasinfo.org\/?p=7152","article_published_time":"2025-08-08T09:20:13+00:00","og_image":[{"width":600,"height":364,"url":"https:\/\/veritasinfo.org\/wp-content\/uploads\/2025\/08\/IMG_2307.jpeg","type":"image\/jpeg"}],"author":"admin","twitter_card":"summary_large_image","twitter_misc":{"Written by":"admin","Est. reading time":"2 minutes"},"schema":{"@context":"https:\/\/schema.org","@graph":[{"@type":"WebPage","@id":"https:\/\/veritasinfo.org\/?p=7152","url":"https:\/\/veritasinfo.org\/?p=7152","name":"Prokuroria propozon d\u00ebbimin e Popoviqit p\u00ebr dy vjet nga Kosova, gjykata vendos pasdite -","isPartOf":{"@id":"https:\/\/veritasinfo.org\/#website"},"primaryImageOfPage":{"@id":"https:\/\/veritasinfo.org\/?p=7152#primaryimage"},"image":{"@id":"https:\/\/veritasinfo.org\/?p=7152#primaryimage"},"thumbnailUrl":"https:\/\/veritasinfo.org\/wp-content\/uploads\/2025\/08\/IMG_2307.jpeg","datePublished":"2025-08-08T09:20:13+00:00","author":{"@id":"https:\/\/veritasinfo.org\/#\/schema\/person\/7701f8c088bece422266b100a712374f"},"breadcrumb":{"@id":"https:\/\/veritasinfo.org\/?p=7152#breadcrumb"},"inLanguage":"en-US","potentialAction":[{"@type":"ReadAction","target":["https:\/\/veritasinfo.org\/?p=7152"]}]},{"@type":"ImageObject","inLanguage":"en-US","@id":"https:\/\/veritasinfo.org\/?p=7152#primaryimage","url":"https:\/\/veritasinfo.org\/wp-content\/uploads\/2025\/08\/IMG_2307.jpeg","contentUrl":"https:\/\/veritasinfo.org\/wp-content\/uploads\/2025\/08\/IMG_2307.jpeg","width":600,"height":364},{"@type":"BreadcrumbList","@id":"https:\/\/veritasinfo.org\/?p=7152#breadcrumb","itemListElement":[{"@type":"ListItem","position":1,"name":"Home","item":"https:\/\/veritasinfo.org\/"},{"@type":"ListItem","position":2,"name":"Prokuroria propozon d\u00ebbimin e Popoviqit p\u00ebr dy vjet nga Kosova, gjykata vendos pasdite"}]},{"@type":"WebSite","@id":"https:\/\/veritasinfo.org\/#website","url":"https:\/\/veritasinfo.org\/","name":"","description":"","potentialAction":[{"@type":"SearchAction","target":{"@type":"EntryPoint","urlTemplate":"https:\/\/veritasinfo.org\/?s={search_term_string}"},"query-input":{"@type":"PropertyValueSpecification","valueRequired":true,"valueName":"search_term_string"}}],"inLanguage":"en-US"},{"@type":"Person","@id":"https:\/\/veritasinfo.org\/#\/schema\/person\/7701f8c088bece422266b100a712374f","name":"admin","image":{"@type":"ImageObject","inLanguage":"en-US","@id":"https:\/\/veritasinfo.org\/#\/schema\/person\/image\/","url":"https:\/\/secure.gravatar.com\/avatar\/ea53aa3bf6c9a12d5fde8ce4deff43fef3885ae33cf60184161a50d6987cfd2f?s=96&d=mm&r=g","contentUrl":"https:\/\/secure.gravatar.com\/avatar\/ea53aa3bf6c9a12d5fde8ce4deff43fef3885ae33cf60184161a50d6987cfd2f?s=96&d=mm&r=g","caption":"admin"},"sameAs":["https:\/\/veritasinfo.org"],"url":"https:\/\/veritasinfo.org\/?author=1"}]}},"featured_image_urls":{"full":["https:\/\/veritasinfo.org\/wp-content\/uploads\/2025\/08\/IMG_2307.jpeg",600,364,false],"thumbnail":["https:\/\/veritasinfo.org\/wp-content\/uploads\/2025\/08\/IMG_2307-150x150.jpeg",150,150,true],"medium":["https:\/\/veritasinfo.org\/wp-content\/uploads\/2025\/08\/IMG_2307-300x182.jpeg",300,182,true],"medium_large":["https:\/\/veritasinfo.org\/wp-content\/uploads\/2025\/08\/IMG_2307.jpeg",600,364,false],"large":["https:\/\/veritasinfo.org\/wp-content\/uploads\/2025\/08\/IMG_2307.jpeg",600,364,false],"1536x1536":["https:\/\/veritasinfo.org\/wp-content\/uploads\/2025\/08\/IMG_2307.jpeg",600,364,false],"2048x2048":["https:\/\/veritasinfo.org\/wp-content\/uploads\/2025\/08\/IMG_2307.jpeg",600,364,false],"kreeti-slider-full":["https:\/\/veritasinfo.org\/wp-content\/uploads\/2025\/08\/IMG_2307.jpeg",600,364,false],"kreeti-featured":["https:\/\/veritasinfo.org\/wp-content\/uploads\/2025\/08\/IMG_2307.jpeg",600,364,false],"kreeti-medium":["https:\/\/veritasinfo.org\/wp-content\/uploads\/2025\/08\/IMG_2307.jpeg",600,364,false],"kreeti-medium-square":["https:\/\/veritasinfo.org\/wp-content\/uploads\/2025\/08\/IMG_2307.jpeg",350,212,false]},"author_info":{"info":["admin"]},"category_info":"<a href=\"https:\/\/veritasinfo.org\/?cat=60\" rel=\"category\">Shoq\u00ebrore<\/a>","tag_info":"Shoq\u00ebrore","comment_count":"0","_links":{"self":[{"href":"https:\/\/veritasinfo.org\/index.php?rest_route=\/wp\/v2\/posts\/7152","targetHints":{"allow":["GET"]}}],"collection":[{"href":"https:\/\/veritasinfo.org\/index.php?rest_route=\/wp\/v2\/posts"}],"about":[{"href":"https:\/\/veritasinfo.org\/index.php?rest_route=\/wp\/v2\/types\/post"}],"author":[{"embeddable":true,"href":"https:\/\/veritasinfo.org\/index.php?rest_route=\/wp\/v2\/users\/1"}],"replies":[{"embeddable":true,"href":"https:\/\/veritasinfo.org\/index.php?rest_route=%2Fwp%2Fv2%2Fcomments&post=7152"}],"version-history":[{"count":1,"href":"https:\/\/veritasinfo.org\/index.php?rest_route=\/wp\/v2\/posts\/7152\/revisions"}],"predecessor-version":[{"id":7156,"href":"https:\/\/veritasinfo.org\/index.php?rest_route=\/wp\/v2\/posts\/7152\/revisions\/7156"}],"wp:featuredmedia":[{"embeddable":true,"href":"https:\/\/veritasinfo.org\/index.php?rest_route=\/wp\/v2\/media\/7154"}],"wp:attachment":[{"href":"https:\/\/veritasinfo.org\/index.php?rest_route=%2Fwp%2Fv2%2Fmedia&parent=7152"}],"wp:term":[{"taxonomy":"category","embeddable":true,"href":"https:\/\/veritasinfo.org\/index.php?rest_route=%2Fwp%2Fv2%2Fcategories&post=7152"},{"taxonomy":"post_tag","embeddable":true,"href":"https:\/\/veritasinfo.org\/index.php?rest_route=%2Fwp%2Fv2%2Ftags&post=7152"}],"curies":[{"name":"wp","href":"https:\/\/api.w.org\/{rel}","templated":true}]}}