{"id":7148,"date":"2025-08-08T11:00:11","date_gmt":"2025-08-08T09:00:11","guid":{"rendered":"https:\/\/veritasinfo.org\/?p=7148"},"modified":"2025-08-08T11:00:53","modified_gmt":"2025-08-08T09:00:53","slug":"janjiq-pranimi-i-fajesise-nga-zyrtari-serb-ne-prishtine-hap-nje-problem-serioz-politik-per-beogradin","status":"publish","type":"post","link":"https:\/\/veritasinfo.org\/?p=7148","title":{"rendered":"Janjiq: Pranimi i faj\u00ebsis\u00eb nga zyrtari serb n\u00eb Prishtin\u00eb hap nj\u00eb problem serioz politik p\u00ebr Beogradin"},"content":{"rendered":"<p>Beogradi, 7 gusht 2025<\/p>\n<p>Z\u00ebvend\u00ebs ushtruesi i detyr\u00ebs s\u00eb drejtorit t\u00eb Zyr\u00ebs p\u00ebr Kosov\u00ebn, Igor Popoviq, ka arritur k\u00ebt\u00eb jav\u00eb nj\u00eb marr\u00ebveshje p\u00ebr pranimin e faj\u00ebsis\u00eb me Prokurorin\u00eb Speciale t\u00eb Kosov\u00ebs. K\u00ebt\u00eb informacion e ka konfirmuar vet\u00ebm prokuroria n\u00eb Prishtin\u00eb, si dhe avokati i tij.<\/p>\n<p>N\u00eb t\u00eb nj\u00ebjt\u00ebn koh\u00eb, ndaj zyrtarit t\u00eb qeveris\u00eb serbe \u00ebsht\u00eb ngritur nj\u00eb aktakuz\u00eb, e cila nd\u00ebrkoh\u00eb, s\u00eb bashku me marr\u00ebveshjen p\u00ebr pranimin e faj\u00ebsis\u00eb, i \u00ebsht\u00eb dor\u00ebzuar Gjykat\u00ebs Themelore n\u00eb Prishtin\u00eb.<\/p>\n<p>B\u00ebhet fjal\u00eb p\u00ebr vepr\u00ebn penale \u201cnxitje t\u00eb p\u00ebr\u00e7arjes dhe intoleranc\u00ebs\u201d, t\u00eb cil\u00ebn pala serbe e kishte mohuar m\u00eb her\u00ebt.<\/p>\n<p>T\u00eb pyetur rreth k\u00ebtij rasti, Zyra p\u00ebr Kosov\u00ebn p\u00ebr t\u00eb m\u00ebsuar n\u00ebse Popoviq \u00ebsht\u00eb konsultuar me Beogradin para k\u00ebtij veprimi, dhe me k\u00eb konkretisht, si dhe \u00e7far\u00eb ka nd\u00ebrmarr\u00eb Beogradi p\u00ebr lirimin e p\u00ebrfaq\u00ebsuesit t\u00eb vet. Mbi t\u00eb gjitha, cilat jan\u00eb pasojat p\u00ebr shtetin serb nga pranimi i faj\u00ebsis\u00eb nga ky zyrtar n\u00eb Prishtin\u00eb, kur b\u00ebhet fjal\u00eb p\u00ebr politik\u00ebn dhe diplomacin\u00eb e saj ndaj Kosov\u00ebs.<\/p>\n<p>P\u00ebrgjigje nuk \u00ebsht\u00eb marr\u00eb.<\/p>\n<p>Avokati i tij m\u00eb her\u00ebt kishte deklaruar se nuk \u00ebsht\u00eb koha p\u00ebr komente p\u00ebrderisa procedura \u00ebsht\u00eb n\u00eb vazhdim.<\/p>\n<p>Janjiq: D\u00ebmi \u00ebsht\u00eb i madh, pasojat t\u00eb shumta<\/p>\n<p>Fakti q\u00eb nj\u00eb n\u00ebpun\u00ebs shtet\u00ebror ka pranuar faj\u00ebsin\u00eb duke n\u00ebnshkruar marr\u00ebveshje me prokurorin\u00eb e Kosov\u00ebs tashm\u00eb ka pasoja, konsideron drejtori i Forumit p\u00ebr Marr\u00ebdh\u00ebnie Etnike, Du\u0161an Janjiq.<\/p>\n<p>Nj\u00eb nga pasojat, sipas tij, \u00ebsht\u00eb edhe ajo e ashtuquajtura \u201cpozitive\u201d.<\/p>\n<p>\u201cSepse kjo do t\u00eb ndihmoj\u00eb p\u00ebr t\u00eb kthjelluar nj\u00eb pjes\u00eb t\u00eb opinionit \u2013 komunitetin serb n\u00eb Kosov\u00eb dhe n\u00eb Serbi \u2013 lidhur me nivelin dhe integritetin e personave q\u00eb jan\u00eb n\u00ebpun\u00ebs dhe zyrtar\u00eb shtet\u00ebror\u00eb. Q\u00eb prej koh\u00ebsh, ai nivel \u00ebsht\u00eb jasht\u00ebzakonisht i ul\u00ebt,\u201d thot\u00eb ai.<\/p>\n<p>P\u00ebrve\u00e7 munges\u00ebs s\u00eb integritetit dhe kapaciteteve profesionale, Janjiq thekson edhe problemin e njohjes s\u00eb pamjaftueshme t\u00eb politikave q\u00eb p\u00ebrfaq\u00ebsohen.<\/p>\n<p>Nj\u00eb tjet\u00ebr problem q\u00eb ai sheh \u00ebsht\u00eb p\u00ebrplasja mes k\u00ebtij veprimi (pranimi i faj\u00ebsis\u00eb) dhe narrativ\u00ebs zyrtare aktuale t\u00eb pushtetit.<\/p>\n<p>\u201cQ\u00eb nga viti 2016, kur Ana Brnabiq ishte kryeministre, \u00ebsht\u00eb vendosur nj\u00eb \u2018gjuh\u00eb e re\u2019 nga zyrtar\u00ebt serb\u00eb kur b\u00ebhet fjal\u00eb p\u00ebr Kosov\u00ebn \u2013 e cila nuk p\u00ebrputhet me realitetin n\u00eb terren,\u201d v\u00ebren Janjiq.<\/p>\n<p>N\u00eb k\u00ebt\u00eb kontekst, Serbia nuk e njeh Kosov\u00ebn, nd\u00ebrsa zyrtari i saj ka lidhur nj\u00eb marr\u00ebveshje me nj\u00eb institucion t\u00eb Kosov\u00ebs q\u00eb zyrtarisht nuk njihet.<\/p>\n<p>\u201cN\u00eb nj\u00eb shtet t\u00eb organizuar, nj\u00eb n\u00ebpun\u00ebs i arrestuar, edhe n\u00ebse nuk ka mund\u00ebsi p\u00ebr konsultime, duhet t\u00eb dij\u00eb se cila \u00ebsht\u00eb politika zyrtare aktuale e qeveris\u00eb s\u00eb tij,\u201d shton Janjiq, duke e cil\u00ebsuar k\u00ebt\u00eb si nj\u00eb \u201cgoditje serioze p\u00ebr pushtetin\u201d.<\/p>\n<p>\u201cP\u00ebrmes k\u00ebtij rasti, pushteti duhet t\u00eb m\u00ebsoj\u00eb t\u00eb heq\u00eb dor\u00eb nga ky \u2018neogjuh\u00eb\u2019 dhe t\u00eb lejoj\u00eb njer\u00ebzit t\u00eb flasin si\u00e7 e shohin realitetin. P\u00ebr n\u00ebpun\u00ebsit e vet \u2013 duhet t\u00eb ket\u00eb m\u00eb shum\u00eb trajnim mbi mantrat ideologjike dhe propagandistike.\u201d<\/p>\n<p>\u2e3b<\/p>\n<p>Janjiq ngre pyetje edhe p\u00ebr njohjen e Rezolut\u00ebs 1244 t\u00eb KS t\u00eb OKB-s\u00eb<\/p>\n<p>\u201cKur nj\u00eb zyrtar shtet\u00ebror shkon n\u00eb nj\u00eb territor, supozohet se ai e njeh at\u00eb marr\u00ebveshje nd\u00ebrkomb\u00ebtare. N\u00eb at\u00eb dokument, U\u00c7K trajtohet si nj\u00eb gueril\u00eb q\u00eb duhet \u00e7militarizuar, jo si organizat\u00eb terroriste. P\u00ebrcaktimi i saj si terroriste \u00ebsht\u00eb pjes\u00eb e gjuh\u00ebs s\u00eb re t\u00eb qeveris\u00eb s\u00eb vitit 2016 \u2013 e nxitur si pjes\u00eb e p\u00ebrpjekjes p\u00ebr t\u00eb mbajtur pushtetin p\u00ebrmes diskursit p\u00ebr terroriz\u00ebm, gjenocid etj. mbi serb\u00ebt. Por kjo \u00ebsht\u00eb motivim politik. E drejta nd\u00ebrkomb\u00ebtare publike thot\u00eb di\u00e7ka tjet\u00ebr. Kjo nuk do t\u00eb thot\u00eb q\u00eb U\u00c7K-ja nuk ka kryer krime,\u201d shpjegon Janjiq.<\/p>\n<p>Sipas tij, vet\u00eb akti i z\u00ebvend\u00ebsit t\u00eb ushtruesit t\u00eb detyr\u00ebs s\u00eb drejtorit t\u00eb Zyr\u00ebs p\u00ebr Kosov\u00ebn \u2013 nj\u00eb institucion q\u00eb merret me \u00e7\u00ebshtje shtet\u00ebrore thelb\u00ebsore \u2013 \u00ebsht\u00eb d\u00ebshmi se:<\/p>\n<p>\u201cKjo shtet nuk e konsideron k\u00ebt\u00eb \u00e7\u00ebshtje serioze dhe p\u00ebr k\u00ebt\u00eb arsye zgjedh njer\u00ebz t\u00eb till\u00eb n\u00eb poste.\u201d<\/p>\n<p>Ai e sheh k\u00ebt\u00eb si nj\u00eb hap drejt delegjitimimit t\u00eb m\u00ebtejsh\u00ebm t\u00eb qeveris\u00eb aktuale n\u00eb syt\u00eb e bashk\u00ebsis\u00eb nd\u00ebrkomb\u00ebtare, t\u00eb cil\u00ebs ajo i betohet p\u00ebr paqe dhe pajtim.<\/p>\n<p>\u201cPushteti aktual n\u00eb Serbi \u2013 q\u00eb nuk \u00ebsht\u00eb e nj\u00ebjta gj\u00eb me shtetin \u2013 nuk p\u00ebrfaq\u00ebson politik\u00ebn shtet\u00ebrore t\u00eb p\u00ebrcaktuar n\u00eb kushtetut\u00eb, ligje dhe marr\u00ebveshjet e Brukselit.\u201d<\/p>\n<p>Janjiq shton se komuniteti nd\u00ebrkomb\u00ebtar e ka kuptuar tashm\u00eb se ky pushtet \u00ebsht\u00eb i shk\u00ebputur nga populli dhe nuk p\u00ebrfaq\u00ebson interesat shtet\u00ebrore.<\/p>\n<p>Standard p\u00ebr t\u00eb ardhmen<\/p>\n<p>Si nj\u00eb nga pasojat m\u00eb serioze, Janjiq sheh rrezikun q\u00eb autoritetet kosovare ta p\u00ebrdorin k\u00ebt\u00eb rast si standard p\u00ebr situata t\u00eb ngjashme n\u00eb t\u00eb ardhmen.<\/p>\n<p>\u201cPranimi i faj\u00ebsis\u00eb n\u00ebnkupton pranim dhe do t\u00eb jet\u00eb nj\u00eb argument i r\u00ebnd\u00ebsish\u00ebm n\u00eb debatet e ardhshme rreth Ushtris\u00eb s\u00eb Kosov\u00ebs,\u201d thekson Janjiq.<\/p>\n<p>Ai shton se, p\u00ebrkund\u00ebr asaj q\u00eb veprimi i k\u00ebtij zyrtari mund t\u00eb jet\u00eb par\u00eb si i pap\u00ebrgatitur apo jokompetent, n\u00eb t\u00eb nj\u00ebjt\u00ebn koh\u00eb ai i ka sh\u00ebrbyer fushat\u00ebs s\u00eb Vet\u00ebvendosjes \u2013 ve\u00e7an\u00ebrisht n\u00eb pjes\u00ebn q\u00eb ka t\u00eb b\u00ebj\u00eb me FSK dhe p\u00ebrgatitjet p\u00ebr kushtetut\u00ebn dhe ligjin e ri p\u00ebr FSK-n\u00eb, i cili e njeh at\u00eb si ushtri.<\/p>\n<p>N\u00ebse ky rast do t\u00eb dokumentohet me kujdes nga autoritetet kosovare dhe do t\u00eb p\u00ebrdoret p\u00ebr t\u00eb mb\u00ebshtetur akuzat ndaj Serbis\u00eb p\u00ebr krime t\u00eb luft\u00ebs, terroriz\u00ebm dhe gjuh\u00eb t\u00eb urrejtjes?<\/p>\n<p>\u201cKjo nuk ndodh vet\u00ebm n\u00eb Prishtin\u00eb. Kjo \u00ebsht\u00eb b\u00ebr\u00eb edhe nga shtete t\u00eb tjera q\u00eb kan\u00eb pasur konflikte me Serbin\u00eb dhe Beogradin \u2013 p\u00ebr shembull Kroacia, apo n\u00eb Bosnj\u00eb e Hercegovin\u00eb, ku po zhvillohet nj\u00eb betej\u00eb e ashp\u00ebr rreth secesionizmit. Kjo me siguri do t\u00eb shnd\u00ebrrohet n\u00eb nj\u00eb argument serioz p\u00ebr k\u00ebrkesat q\u00eb Vet\u00ebvendosja tashm\u00eb po i shton \u2013 q\u00eb nga d\u00ebmshp\u00ebrblimi p\u00ebr luft\u00ebn, deri te akuzat p\u00ebr gjenocid. K\u00ebto pasoja do t\u00eb vijn\u00eb. Dhe objektivisht, \u00ebsht\u00eb shkaktuar nj\u00eb d\u00ebm i madh,\u201d p\u00ebrfundon ai.<\/p>\n<p>Vendim i vet\u00eb Popoviqit apo udh\u00ebzim zyrtar?<\/p>\n<p>N\u00ebse ky zyrtar ka vepruar n\u00eb m\u00ebnyr\u00eb t\u00eb pavarur apo ka ndjekur udh\u00ebzimet nga zyra q\u00eb p\u00ebrfaq\u00ebson?<\/p>\n<p>\u201cMund t\u00eb besoj t\u00eb dyja skenaret \u2013 se ka marr\u00eb udh\u00ebzime, por edhe se ka vepruar n\u00eb m\u00ebnyr\u00eb t\u00eb pavarur. Sepse ne priremi ta mbivler\u00ebsojm\u00eb udh\u00ebheqjen ton\u00eb, ve\u00e7an\u00ebrisht liderin kryesor, dhe \u00e7do gj\u00eb e shpjegojm\u00eb p\u00ebrmes mashtrimeve t\u00eb tij,\u201d thot\u00eb Janjiq.<\/p>\n","protected":false},"excerpt":{"rendered":"<p>Beogradi, 7 gusht 2025 Z\u00ebvend\u00ebs ushtruesi i detyr\u00ebs s\u00eb drejtorit t\u00eb Zyr\u00ebs p\u00ebr Kosov\u00ebn, Igor Popoviq, ka arritur k\u00ebt\u00eb jav\u00eb nj\u00eb marr\u00ebveshje p\u00ebr pranimin e<\/p>\n","protected":false},"author":1,"featured_media":7146,"comment_status":"open","ping_status":"open","sticky":false,"template":"","format":"standard","meta":{"footnotes":""},"categories":[58],"tags":[],"class_list":["post-7148","post","type-post","status-publish","format-standard","has-post-thumbnail","hentry","category-politike-sq"],"yoast_head":"<!-- This site is optimized with the Yoast SEO plugin v25.3.1 - https:\/\/yoast.com\/wordpress\/plugins\/seo\/ -->\n<title>Janjiq: Pranimi i faj\u00ebsis\u00eb nga zyrtari serb n\u00eb Prishtin\u00eb hap nj\u00eb problem serioz politik p\u00ebr Beogradin -<\/title>\n<meta name=\"robots\" content=\"index, follow, max-snippet:-1, max-image-preview:large, max-video-preview:-1\" \/>\n<link rel=\"canonical\" href=\"https:\/\/veritasinfo.org\/?p=7148\" \/>\n<meta property=\"og:locale\" content=\"en_US\" \/>\n<meta property=\"og:type\" content=\"article\" \/>\n<meta property=\"og:title\" content=\"Janjiq: Pranimi i faj\u00ebsis\u00eb nga zyrtari serb n\u00eb Prishtin\u00eb hap nj\u00eb problem serioz politik p\u00ebr Beogradin -\" \/>\n<meta property=\"og:description\" content=\"Beogradi, 7 gusht 2025 Z\u00ebvend\u00ebs ushtruesi i detyr\u00ebs s\u00eb drejtorit t\u00eb Zyr\u00ebs p\u00ebr Kosov\u00ebn, Igor Popoviq, ka arritur k\u00ebt\u00eb jav\u00eb nj\u00eb marr\u00ebveshje p\u00ebr pranimin e\" \/>\n<meta property=\"og:url\" content=\"https:\/\/veritasinfo.org\/?p=7148\" \/>\n<meta property=\"article:published_time\" content=\"2025-08-08T09:00:11+00:00\" \/>\n<meta property=\"article:modified_time\" content=\"2025-08-08T09:00:53+00:00\" \/>\n<meta property=\"og:image\" content=\"https:\/\/veritasinfo.org\/wp-content\/uploads\/2025\/08\/IMG_2639.webp\" \/>\n\t<meta property=\"og:image:width\" content=\"940\" \/>\n\t<meta property=\"og:image:height\" content=\"528\" \/>\n\t<meta property=\"og:image:type\" content=\"image\/webp\" \/>\n<meta name=\"author\" content=\"admin\" \/>\n<meta name=\"twitter:card\" content=\"summary_large_image\" \/>\n<meta name=\"twitter:label1\" content=\"Written by\" \/>\n\t<meta name=\"twitter:data1\" content=\"admin\" \/>\n\t<meta name=\"twitter:label2\" content=\"Est. reading time\" \/>\n\t<meta name=\"twitter:data2\" content=\"5 minutes\" \/>\n<script type=\"application\/ld+json\" class=\"yoast-schema-graph\">{\"@context\":\"https:\/\/schema.org\",\"@graph\":[{\"@type\":\"WebPage\",\"@id\":\"https:\/\/veritasinfo.org\/?p=7148\",\"url\":\"https:\/\/veritasinfo.org\/?p=7148\",\"name\":\"Janjiq: Pranimi i faj\u00ebsis\u00eb nga zyrtari serb n\u00eb Prishtin\u00eb hap nj\u00eb problem serioz politik p\u00ebr Beogradin -\",\"isPartOf\":{\"@id\":\"https:\/\/veritasinfo.org\/#website\"},\"primaryImageOfPage\":{\"@id\":\"https:\/\/veritasinfo.org\/?p=7148#primaryimage\"},\"image\":{\"@id\":\"https:\/\/veritasinfo.org\/?p=7148#primaryimage\"},\"thumbnailUrl\":\"https:\/\/veritasinfo.org\/wp-content\/uploads\/2025\/08\/IMG_2639.webp\",\"datePublished\":\"2025-08-08T09:00:11+00:00\",\"dateModified\":\"2025-08-08T09:00:53+00:00\",\"author\":{\"@id\":\"https:\/\/veritasinfo.org\/#\/schema\/person\/7701f8c088bece422266b100a712374f\"},\"breadcrumb\":{\"@id\":\"https:\/\/veritasinfo.org\/?p=7148#breadcrumb\"},\"inLanguage\":\"en-US\",\"potentialAction\":[{\"@type\":\"ReadAction\",\"target\":[\"https:\/\/veritasinfo.org\/?p=7148\"]}]},{\"@type\":\"ImageObject\",\"inLanguage\":\"en-US\",\"@id\":\"https:\/\/veritasinfo.org\/?p=7148#primaryimage\",\"url\":\"https:\/\/veritasinfo.org\/wp-content\/uploads\/2025\/08\/IMG_2639.webp\",\"contentUrl\":\"https:\/\/veritasinfo.org\/wp-content\/uploads\/2025\/08\/IMG_2639.webp\",\"width\":940,\"height\":528},{\"@type\":\"BreadcrumbList\",\"@id\":\"https:\/\/veritasinfo.org\/?p=7148#breadcrumb\",\"itemListElement\":[{\"@type\":\"ListItem\",\"position\":1,\"name\":\"Home\",\"item\":\"https:\/\/veritasinfo.org\/\"},{\"@type\":\"ListItem\",\"position\":2,\"name\":\"Janjiq: Pranimi i faj\u00ebsis\u00eb nga zyrtari serb n\u00eb Prishtin\u00eb hap nj\u00eb problem serioz politik p\u00ebr Beogradin\"}]},{\"@type\":\"WebSite\",\"@id\":\"https:\/\/veritasinfo.org\/#website\",\"url\":\"https:\/\/veritasinfo.org\/\",\"name\":\"\",\"description\":\"\",\"potentialAction\":[{\"@type\":\"SearchAction\",\"target\":{\"@type\":\"EntryPoint\",\"urlTemplate\":\"https:\/\/veritasinfo.org\/?s={search_term_string}\"},\"query-input\":{\"@type\":\"PropertyValueSpecification\",\"valueRequired\":true,\"valueName\":\"search_term_string\"}}],\"inLanguage\":\"en-US\"},{\"@type\":\"Person\",\"@id\":\"https:\/\/veritasinfo.org\/#\/schema\/person\/7701f8c088bece422266b100a712374f\",\"name\":\"admin\",\"image\":{\"@type\":\"ImageObject\",\"inLanguage\":\"en-US\",\"@id\":\"https:\/\/veritasinfo.org\/#\/schema\/person\/image\/\",\"url\":\"https:\/\/secure.gravatar.com\/avatar\/ea53aa3bf6c9a12d5fde8ce4deff43fef3885ae33cf60184161a50d6987cfd2f?s=96&d=mm&r=g\",\"contentUrl\":\"https:\/\/secure.gravatar.com\/avatar\/ea53aa3bf6c9a12d5fde8ce4deff43fef3885ae33cf60184161a50d6987cfd2f?s=96&d=mm&r=g\",\"caption\":\"admin\"},\"sameAs\":[\"https:\/\/veritasinfo.org\"],\"url\":\"https:\/\/veritasinfo.org\/?author=1\"}]}<\/script>\n<!-- \/ Yoast SEO plugin. -->","yoast_head_json":{"title":"Janjiq: Pranimi i faj\u00ebsis\u00eb nga zyrtari serb n\u00eb Prishtin\u00eb hap nj\u00eb problem serioz politik p\u00ebr Beogradin -","robots":{"index":"index","follow":"follow","max-snippet":"max-snippet:-1","max-image-preview":"max-image-preview:large","max-video-preview":"max-video-preview:-1"},"canonical":"https:\/\/veritasinfo.org\/?p=7148","og_locale":"en_US","og_type":"article","og_title":"Janjiq: Pranimi i faj\u00ebsis\u00eb nga zyrtari serb n\u00eb Prishtin\u00eb hap nj\u00eb problem serioz politik p\u00ebr Beogradin -","og_description":"Beogradi, 7 gusht 2025 Z\u00ebvend\u00ebs ushtruesi i detyr\u00ebs s\u00eb drejtorit t\u00eb Zyr\u00ebs p\u00ebr Kosov\u00ebn, Igor Popoviq, ka arritur k\u00ebt\u00eb jav\u00eb nj\u00eb marr\u00ebveshje p\u00ebr pranimin e","og_url":"https:\/\/veritasinfo.org\/?p=7148","article_published_time":"2025-08-08T09:00:11+00:00","article_modified_time":"2025-08-08T09:00:53+00:00","og_image":[{"width":940,"height":528,"url":"https:\/\/veritasinfo.org\/wp-content\/uploads\/2025\/08\/IMG_2639.webp","type":"image\/webp"}],"author":"admin","twitter_card":"summary_large_image","twitter_misc":{"Written by":"admin","Est. reading time":"5 minutes"},"schema":{"@context":"https:\/\/schema.org","@graph":[{"@type":"WebPage","@id":"https:\/\/veritasinfo.org\/?p=7148","url":"https:\/\/veritasinfo.org\/?p=7148","name":"Janjiq: Pranimi i faj\u00ebsis\u00eb nga zyrtari serb n\u00eb Prishtin\u00eb hap nj\u00eb problem serioz politik p\u00ebr Beogradin -","isPartOf":{"@id":"https:\/\/veritasinfo.org\/#website"},"primaryImageOfPage":{"@id":"https:\/\/veritasinfo.org\/?p=7148#primaryimage"},"image":{"@id":"https:\/\/veritasinfo.org\/?p=7148#primaryimage"},"thumbnailUrl":"https:\/\/veritasinfo.org\/wp-content\/uploads\/2025\/08\/IMG_2639.webp","datePublished":"2025-08-08T09:00:11+00:00","dateModified":"2025-08-08T09:00:53+00:00","author":{"@id":"https:\/\/veritasinfo.org\/#\/schema\/person\/7701f8c088bece422266b100a712374f"},"breadcrumb":{"@id":"https:\/\/veritasinfo.org\/?p=7148#breadcrumb"},"inLanguage":"en-US","potentialAction":[{"@type":"ReadAction","target":["https:\/\/veritasinfo.org\/?p=7148"]}]},{"@type":"ImageObject","inLanguage":"en-US","@id":"https:\/\/veritasinfo.org\/?p=7148#primaryimage","url":"https:\/\/veritasinfo.org\/wp-content\/uploads\/2025\/08\/IMG_2639.webp","contentUrl":"https:\/\/veritasinfo.org\/wp-content\/uploads\/2025\/08\/IMG_2639.webp","width":940,"height":528},{"@type":"BreadcrumbList","@id":"https:\/\/veritasinfo.org\/?p=7148#breadcrumb","itemListElement":[{"@type":"ListItem","position":1,"name":"Home","item":"https:\/\/veritasinfo.org\/"},{"@type":"ListItem","position":2,"name":"Janjiq: Pranimi i faj\u00ebsis\u00eb nga zyrtari serb n\u00eb Prishtin\u00eb hap nj\u00eb problem serioz politik p\u00ebr Beogradin"}]},{"@type":"WebSite","@id":"https:\/\/veritasinfo.org\/#website","url":"https:\/\/veritasinfo.org\/","name":"","description":"","potentialAction":[{"@type":"SearchAction","target":{"@type":"EntryPoint","urlTemplate":"https:\/\/veritasinfo.org\/?s={search_term_string}"},"query-input":{"@type":"PropertyValueSpecification","valueRequired":true,"valueName":"search_term_string"}}],"inLanguage":"en-US"},{"@type":"Person","@id":"https:\/\/veritasinfo.org\/#\/schema\/person\/7701f8c088bece422266b100a712374f","name":"admin","image":{"@type":"ImageObject","inLanguage":"en-US","@id":"https:\/\/veritasinfo.org\/#\/schema\/person\/image\/","url":"https:\/\/secure.gravatar.com\/avatar\/ea53aa3bf6c9a12d5fde8ce4deff43fef3885ae33cf60184161a50d6987cfd2f?s=96&d=mm&r=g","contentUrl":"https:\/\/secure.gravatar.com\/avatar\/ea53aa3bf6c9a12d5fde8ce4deff43fef3885ae33cf60184161a50d6987cfd2f?s=96&d=mm&r=g","caption":"admin"},"sameAs":["https:\/\/veritasinfo.org"],"url":"https:\/\/veritasinfo.org\/?author=1"}]}},"featured_image_urls":{"full":["https:\/\/veritasinfo.org\/wp-content\/uploads\/2025\/08\/IMG_2639.webp",940,528,false],"thumbnail":["https:\/\/veritasinfo.org\/wp-content\/uploads\/2025\/08\/IMG_2639-150x150.webp",150,150,true],"medium":["https:\/\/veritasinfo.org\/wp-content\/uploads\/2025\/08\/IMG_2639-300x169.webp",300,169,true],"medium_large":["https:\/\/veritasinfo.org\/wp-content\/uploads\/2025\/08\/IMG_2639-768x431.webp",640,359,true],"large":["https:\/\/veritasinfo.org\/wp-content\/uploads\/2025\/08\/IMG_2639.webp",640,359,false],"1536x1536":["https:\/\/veritasinfo.org\/wp-content\/uploads\/2025\/08\/IMG_2639.webp",940,528,false],"2048x2048":["https:\/\/veritasinfo.org\/wp-content\/uploads\/2025\/08\/IMG_2639.webp",940,528,false],"kreeti-slider-full":["https:\/\/veritasinfo.org\/wp-content\/uploads\/2025\/08\/IMG_2639.webp",940,528,false],"kreeti-featured":["https:\/\/veritasinfo.org\/wp-content\/uploads\/2025\/08\/IMG_2639.webp",940,528,false],"kreeti-medium":["https:\/\/veritasinfo.org\/wp-content\/uploads\/2025\/08\/IMG_2639.webp",720,404,false],"kreeti-medium-square":["https:\/\/veritasinfo.org\/wp-content\/uploads\/2025\/08\/IMG_2639.webp",350,197,false]},"author_info":{"info":["admin"]},"category_info":"<a href=\"https:\/\/veritasinfo.org\/?cat=58\" rel=\"category\">Politik\u00eb<\/a>","tag_info":"Politik\u00eb","comment_count":"0","_links":{"self":[{"href":"https:\/\/veritasinfo.org\/index.php?rest_route=\/wp\/v2\/posts\/7148","targetHints":{"allow":["GET"]}}],"collection":[{"href":"https:\/\/veritasinfo.org\/index.php?rest_route=\/wp\/v2\/posts"}],"about":[{"href":"https:\/\/veritasinfo.org\/index.php?rest_route=\/wp\/v2\/types\/post"}],"author":[{"embeddable":true,"href":"https:\/\/veritasinfo.org\/index.php?rest_route=\/wp\/v2\/users\/1"}],"replies":[{"embeddable":true,"href":"https:\/\/veritasinfo.org\/index.php?rest_route=%2Fwp%2Fv2%2Fcomments&post=7148"}],"version-history":[{"count":1,"href":"https:\/\/veritasinfo.org\/index.php?rest_route=\/wp\/v2\/posts\/7148\/revisions"}],"predecessor-version":[{"id":7149,"href":"https:\/\/veritasinfo.org\/index.php?rest_route=\/wp\/v2\/posts\/7148\/revisions\/7149"}],"wp:featuredmedia":[{"embeddable":true,"href":"https:\/\/veritasinfo.org\/index.php?rest_route=\/wp\/v2\/media\/7146"}],"wp:attachment":[{"href":"https:\/\/veritasinfo.org\/index.php?rest_route=%2Fwp%2Fv2%2Fmedia&parent=7148"}],"wp:term":[{"taxonomy":"category","embeddable":true,"href":"https:\/\/veritasinfo.org\/index.php?rest_route=%2Fwp%2Fv2%2Fcategories&post=7148"},{"taxonomy":"post_tag","embeddable":true,"href":"https:\/\/veritasinfo.org\/index.php?rest_route=%2Fwp%2Fv2%2Ftags&post=7148"}],"curies":[{"name":"wp","href":"https:\/\/api.w.org\/{rel}","templated":true}]}}