{"id":7143,"date":"2025-08-08T09:06:36","date_gmt":"2025-08-08T07:06:36","guid":{"rendered":"https:\/\/veritasinfo.org\/?p=7143"},"modified":"2025-08-08T09:06:36","modified_gmt":"2025-08-08T07:06:36","slug":"rruget-me-asfalt-urat-dhe-akset-rrugore-ne-veri-te-kosoves-nuk-jane-investime-politike-por-simbolizojne-perparimin","status":"publish","type":"post","link":"https:\/\/veritasinfo.org\/?p=7143","title":{"rendered":"Rrug\u00ebt me asfalt, urat dhe akset rrugore n\u00eb veri t\u00eb Kosov\u00ebs nuk jan\u00eb investime politike, por simbolizojn\u00eb p\u00ebrparimin"},"content":{"rendered":"<p data-start=\"363\" data-end=\"679\">N\u00eb veri t\u00eb Kosov\u00ebs, muajt e fundit jan\u00eb shtuar duksh\u00ebm punimet p\u00ebr rikonstruksionin dhe nd\u00ebrtimin e infrastruktur\u00ebs rrugore. Nga rrug\u00ebt lokale e lagjore, deri te akset m\u00eb t\u00eb m\u00ebdha dhe urat \u2013 fokusi \u00ebsht\u00eb p\u00ebrmir\u00ebsimi i kushteve t\u00eb jetes\u00ebs p\u00ebr qytetar\u00ebt dhe lidhja m\u00eb e mir\u00eb e k\u00ebtij rajoni me pjes\u00ebt e tjera t\u00eb vendit.<\/p>\n<p data-start=\"681\" data-end=\"1112\">K\u00ebto investime vijn\u00eb pas nj\u00eb periudhe shum\u00ebvje\u00e7are t\u00eb neglizhenc\u00ebs n\u00eb infrastruktur\u00ebn rrugore, ku rrug\u00ebt shpesh ishin t\u00eb pakalueshme dhe t\u00eb rrezikshme, ve\u00e7an\u00ebrisht n\u00eb zonat malore dhe t\u00eb thella rurale. Punimet aktuale p\u00ebrfshijn\u00eb asfaltimin, zgjerimin e rrug\u00ebve, vendosjen e sinjalizimit dhe nd\u00ebrtimin e trotuareve, nd\u00ebrsa sipas paralajm\u00ebrimeve, planifikohen edhe projekte t\u00eb tjera, p\u00ebrfshir\u00eb rinovimin e urave dhe rrug\u00ebve kryesore.<\/p>\n<p data-start=\"1114\" data-end=\"1269\">Banor\u00ebt e veriut t\u00eb Kosov\u00ebs, edhe pse e kuptojn\u00eb se punimet shpesh krijojn\u00eb pengesa n\u00eb qarkullim, kryesisht shprehin k\u00ebnaq\u00ebsi p\u00ebr ndryshimet q\u00eb po ndodhin.<\/p>\n<p data-start=\"1271\" data-end=\"1314\"><strong data-start=\"1271\" data-end=\"1290\">Dragan Petroviq<\/strong> nga Zubin Potoku thot\u00eb:<\/p>\n<blockquote data-start=\"1316\" data-end=\"1704\">\n<p data-start=\"1318\" data-end=\"1704\">\u201eRruga p\u00ebr n\u00eb fshatin tim p\u00ebr vite me radh\u00eb ka qen\u00eb n\u00eb gjendje t\u00eb keqe, grop\u00eb pas grope. Tani \u00ebsht\u00eb asfaltuar dhe \u00ebsht\u00eb shum\u00eb m\u00eb e leht\u00eb t\u00eb arrijm\u00eb n\u00eb qytet. \u00cbsht\u00eb nj\u00eb ndryshim i madh p\u00ebr ne. Tani kemi edhe rrug\u00eb m\u00eb t\u00eb mir\u00eb p\u00ebr t\u00eb shkuar n\u00eb Istog p\u00ebrmes fshatit Dren. N\u00ebse vazhdojn\u00eb k\u00ebshtu, do t\u00eb rregullojn\u00eb edhe magistralen kryesore, me siguri. Vet\u00ebm le t\u00eb punojn\u00eb, Zoti i ndihmoft\u00eb.\u201c<\/p>\n<\/blockquote>\n<p data-start=\"1706\" data-end=\"1748\"><strong data-start=\"1706\" data-end=\"1726\">Milena Jovanoviq<\/strong> nga Leposaviqi shton:<\/p>\n<blockquote data-start=\"1750\" data-end=\"2005\">\n<p data-start=\"1752\" data-end=\"2005\">\u201eTrotuaret dhe ndri\u00e7imi i ri e rrisin sigurin\u00eb p\u00ebr k\u00ebmb\u00ebsor\u00ebt. M\u00eb par\u00eb na frik\u00ebsonte t\u00eb ecnim n\u00eb k\u00ebmb\u00eb n\u00eb mbr\u00ebmje, tani gjith\u00e7ka \u00ebsht\u00eb e ndri\u00e7uar dhe e rregulluar. Kur mendon mir\u00eb, e kupton se dikush p\u00ebr 25 vjet vet\u00ebm na ka mashtruar dhe na ka vjedhur.\u201c<\/p>\n<\/blockquote>\n<p data-start=\"2007\" data-end=\"2063\"><strong data-start=\"2007\" data-end=\"2021\">Marko Iliq<\/strong>, student nga Mitrovica e Veriut, thekson:<\/p>\n<blockquote data-start=\"2065\" data-end=\"2209\">\n<p data-start=\"2067\" data-end=\"2209\">\u201e\u00cbsht\u00eb normale q\u00eb punimet krijojn\u00eb vonesa, por kur shoh asfaltin e ri dhe shtigjet p\u00ebr k\u00ebmb\u00ebsor\u00eb, e di se do t\u00eb na b\u00ebhet m\u00eb mir\u00eb t\u00eb gjith\u00ebve.\u201c<\/p>\n<\/blockquote>\n<p data-start=\"2211\" data-end=\"2282\"><strong data-start=\"2211\" data-end=\"2227\">Xhavit Pllana<\/strong>, kamarier nga fshati Suhodoll, ndan p\u00ebrshtypjet e tij:<\/p>\n<blockquote data-start=\"2284\" data-end=\"2676\">\n<p data-start=\"2286\" data-end=\"2676\">\u201eP\u00ebr 20 vjet kemi lutur Komun\u00ebn t\u00eb na asfaltoj\u00eb rrug\u00ebn q\u00eb ka qen\u00eb n\u00eb gjendje t\u00eb mjerueshme. Kur pam\u00eb q\u00eb erdh\u00ebn makinerit\u00eb, u \u00e7udit\u00ebm t\u00eb gjith\u00eb. Nuk \u00ebsht\u00eb problem q\u00eb kemi pritur deri tani, vet\u00ebm le ta p\u00ebrfundojn\u00eb. Shoh q\u00eb po punohet edhe n\u00eb vende t\u00eb tjera dhe kjo \u00ebsht\u00eb gj\u00eb e mir\u00eb. Kur t\u2019i p\u00ebrfundojn\u00eb punimet, kemi premtuar nj\u00eb fest\u00eb t\u00eb vog\u00ebl. Edhe ju jeni t\u00eb ftuar t\u00eb jeni mysafir\u00ebt tan\u00eb.\u201c<\/p>\n<\/blockquote>\n<p data-start=\"2678\" data-end=\"2766\"><strong data-start=\"2678\" data-end=\"2696\">Shenol Mehmeti<\/strong>, pun\u00ebtor nd\u00ebrtimi nga Mahalla e Boshnjak\u00ebve, p\u00ebr portalin ton\u00eb thot\u00eb:<\/p>\n<blockquote data-start=\"2768\" data-end=\"3141\">\n<p data-start=\"2770\" data-end=\"3141\">\u201eK\u00ebshtu \u00ebsht\u00eb nd\u00ebrtuar vet\u00ebm menj\u00ebher\u00eb pas luft\u00ebs. Duket se t\u00eb gjith\u00eb e kan\u00eb kuptuar q\u00eb duhet t\u00eb jetohet dhe punohet, jo vet\u00ebm politik\u00eb e probleme. Mahalla e Boshnjak\u00ebve vitin e kaluar u rregullua komplet. Tani do t\u00eb punohet edhe n\u00eb ura dhe ndoshta do t\u00eb b\u00ebhet m\u00eb mir\u00eb. Kush t\u00eb doj\u00eb le t\u00eb thot\u00eb \u00e7far\u00eb t\u00eb doj\u00eb, por kjo \u00ebsht\u00eb di\u00e7ka e mir\u00eb dhe \u00ebsht\u00eb turp t\u00eb mos e pranojm\u00eb.\u201c<\/p>\n<\/blockquote>\n<p data-start=\"3143\" data-end=\"3594\">Edhe pse shumica e qytetar\u00ebve mir\u00ebpresin k\u00ebto investime, nj\u00eb pjes\u00eb shpreh dyshime p\u00ebr m\u00ebnyr\u00ebn e zgjedhjes s\u00eb rrug\u00ebve q\u00eb po nd\u00ebrtohen, duke vler\u00ebsuar se b\u00ebhet fjal\u00eb p\u00ebr akse me r\u00ebnd\u00ebsi strategjike. Po ashtu, disa politikan\u00eb lokal\u00eb akuzojn\u00eb institucionet qendrore n\u00eb Prishtin\u00eb p\u00ebr p\u00ebrpjekje p\u00ebr ndikim politik p\u00ebrmes projekteve infrastrukturore, nd\u00ebrkoh\u00eb q\u00eb autoritetet n\u00eb Prishtin\u00eb theksojn\u00eb se q\u00ebllimi \u00ebsht\u00eb zhvillimi i barabart\u00eb i t\u00eb gjitha rajoneve.<\/p>\n<p data-start=\"3596\" data-end=\"4047\">Pavar\u00ebsisht tensioneve politike, \u00ebsht\u00eb e qart\u00eb se infrastruktura rrugore cil\u00ebsore sjell p\u00ebrfitime konkrete \u2013 qarkullim m\u00eb t\u00eb sigurt, qasje m\u00eb t\u00eb leht\u00eb n\u00eb sh\u00ebrbimet sh\u00ebndet\u00ebsore dhe arsimore, si dhe mund\u00ebsi t\u00eb reja p\u00ebr zhvillim ekonomik, ve\u00e7an\u00ebrisht n\u00eb turiz\u00ebm dhe bujq\u00ebsi. Me hapjen e rrug\u00ebve t\u00eb rinovuara, veriu i Kosov\u00ebs po del ngadal\u00eb nga izolimi, duke krijuar kushte p\u00ebr nj\u00eb jet\u00eb m\u00eb t\u00eb denj\u00eb p\u00ebr ata q\u00eb kan\u00eb zgjedhur t\u00eb q\u00ebndrojn\u00eb n\u00eb trojet e tyre.<\/p>\n","protected":false},"excerpt":{"rendered":"<p>N\u00eb veri t\u00eb Kosov\u00ebs, muajt e fundit jan\u00eb shtuar duksh\u00ebm punimet p\u00ebr rikonstruksionin dhe nd\u00ebrtimin e infrastruktur\u00ebs rrugore. Nga rrug\u00ebt lokale e lagjore, deri te<\/p>\n","protected":false},"author":1,"featured_media":7141,"comment_status":"open","ping_status":"open","sticky":false,"template":"","format":"standard","meta":{"footnotes":""},"categories":[60],"tags":[],"class_list":["post-7143","post","type-post","status-publish","format-standard","has-post-thumbnail","hentry","category-shoqerore-sq"],"yoast_head":"<!-- This site is optimized with the Yoast SEO plugin v25.3.1 - https:\/\/yoast.com\/wordpress\/plugins\/seo\/ -->\n<title>Rrug\u00ebt me asfalt, urat dhe akset rrugore n\u00eb veri t\u00eb Kosov\u00ebs nuk jan\u00eb investime politike, por simbolizojn\u00eb p\u00ebrparimin -<\/title>\n<meta name=\"robots\" content=\"index, follow, max-snippet:-1, max-image-preview:large, max-video-preview:-1\" \/>\n<link rel=\"canonical\" href=\"https:\/\/veritasinfo.org\/?p=7143\" \/>\n<meta property=\"og:locale\" content=\"en_US\" \/>\n<meta property=\"og:type\" content=\"article\" \/>\n<meta property=\"og:title\" content=\"Rrug\u00ebt me asfalt, urat dhe akset rrugore n\u00eb veri t\u00eb Kosov\u00ebs nuk jan\u00eb investime politike, por simbolizojn\u00eb p\u00ebrparimin -\" \/>\n<meta property=\"og:description\" content=\"N\u00eb veri t\u00eb Kosov\u00ebs, muajt e fundit jan\u00eb shtuar duksh\u00ebm punimet p\u00ebr rikonstruksionin dhe nd\u00ebrtimin e infrastruktur\u00ebs rrugore. Nga rrug\u00ebt lokale e lagjore, deri te\" \/>\n<meta property=\"og:url\" content=\"https:\/\/veritasinfo.org\/?p=7143\" \/>\n<meta property=\"article:published_time\" content=\"2025-08-08T07:06:36+00:00\" \/>\n<meta property=\"og:image\" content=\"https:\/\/veritasinfo.org\/wp-content\/uploads\/2025\/08\/rruga-2-jpg.webp\" \/>\n\t<meta property=\"og:image:width\" content=\"719\" \/>\n\t<meta property=\"og:image:height\" content=\"742\" \/>\n\t<meta property=\"og:image:type\" content=\"image\/webp\" \/>\n<meta name=\"author\" content=\"admin\" \/>\n<meta name=\"twitter:card\" content=\"summary_large_image\" \/>\n<meta name=\"twitter:label1\" content=\"Written by\" \/>\n\t<meta name=\"twitter:data1\" content=\"admin\" \/>\n\t<meta name=\"twitter:label2\" content=\"Est. reading time\" \/>\n\t<meta name=\"twitter:data2\" content=\"2 minutes\" \/>\n<script type=\"application\/ld+json\" class=\"yoast-schema-graph\">{\"@context\":\"https:\/\/schema.org\",\"@graph\":[{\"@type\":\"WebPage\",\"@id\":\"https:\/\/veritasinfo.org\/?p=7143\",\"url\":\"https:\/\/veritasinfo.org\/?p=7143\",\"name\":\"Rrug\u00ebt me asfalt, urat dhe akset rrugore n\u00eb veri t\u00eb Kosov\u00ebs nuk jan\u00eb investime politike, por simbolizojn\u00eb p\u00ebrparimin -\",\"isPartOf\":{\"@id\":\"https:\/\/veritasinfo.org\/#website\"},\"primaryImageOfPage\":{\"@id\":\"https:\/\/veritasinfo.org\/?p=7143#primaryimage\"},\"image\":{\"@id\":\"https:\/\/veritasinfo.org\/?p=7143#primaryimage\"},\"thumbnailUrl\":\"https:\/\/veritasinfo.org\/wp-content\/uploads\/2025\/08\/rruga-2-jpg.webp\",\"datePublished\":\"2025-08-08T07:06:36+00:00\",\"author\":{\"@id\":\"https:\/\/veritasinfo.org\/#\/schema\/person\/7701f8c088bece422266b100a712374f\"},\"breadcrumb\":{\"@id\":\"https:\/\/veritasinfo.org\/?p=7143#breadcrumb\"},\"inLanguage\":\"en-US\",\"potentialAction\":[{\"@type\":\"ReadAction\",\"target\":[\"https:\/\/veritasinfo.org\/?p=7143\"]}]},{\"@type\":\"ImageObject\",\"inLanguage\":\"en-US\",\"@id\":\"https:\/\/veritasinfo.org\/?p=7143#primaryimage\",\"url\":\"https:\/\/veritasinfo.org\/wp-content\/uploads\/2025\/08\/rruga-2-jpg.webp\",\"contentUrl\":\"https:\/\/veritasinfo.org\/wp-content\/uploads\/2025\/08\/rruga-2-jpg.webp\",\"width\":719,\"height\":742},{\"@type\":\"BreadcrumbList\",\"@id\":\"https:\/\/veritasinfo.org\/?p=7143#breadcrumb\",\"itemListElement\":[{\"@type\":\"ListItem\",\"position\":1,\"name\":\"Home\",\"item\":\"https:\/\/veritasinfo.org\/\"},{\"@type\":\"ListItem\",\"position\":2,\"name\":\"Rrug\u00ebt me asfalt, urat dhe akset rrugore n\u00eb veri t\u00eb Kosov\u00ebs nuk jan\u00eb investime politike, por simbolizojn\u00eb p\u00ebrparimin\"}]},{\"@type\":\"WebSite\",\"@id\":\"https:\/\/veritasinfo.org\/#website\",\"url\":\"https:\/\/veritasinfo.org\/\",\"name\":\"\",\"description\":\"\",\"potentialAction\":[{\"@type\":\"SearchAction\",\"target\":{\"@type\":\"EntryPoint\",\"urlTemplate\":\"https:\/\/veritasinfo.org\/?s={search_term_string}\"},\"query-input\":{\"@type\":\"PropertyValueSpecification\",\"valueRequired\":true,\"valueName\":\"search_term_string\"}}],\"inLanguage\":\"en-US\"},{\"@type\":\"Person\",\"@id\":\"https:\/\/veritasinfo.org\/#\/schema\/person\/7701f8c088bece422266b100a712374f\",\"name\":\"admin\",\"image\":{\"@type\":\"ImageObject\",\"inLanguage\":\"en-US\",\"@id\":\"https:\/\/veritasinfo.org\/#\/schema\/person\/image\/\",\"url\":\"https:\/\/secure.gravatar.com\/avatar\/ea53aa3bf6c9a12d5fde8ce4deff43fef3885ae33cf60184161a50d6987cfd2f?s=96&d=mm&r=g\",\"contentUrl\":\"https:\/\/secure.gravatar.com\/avatar\/ea53aa3bf6c9a12d5fde8ce4deff43fef3885ae33cf60184161a50d6987cfd2f?s=96&d=mm&r=g\",\"caption\":\"admin\"},\"sameAs\":[\"https:\/\/veritasinfo.org\"],\"url\":\"https:\/\/veritasinfo.org\/?author=1\"}]}<\/script>\n<!-- \/ Yoast SEO plugin. -->","yoast_head_json":{"title":"Rrug\u00ebt me asfalt, urat dhe akset rrugore n\u00eb veri t\u00eb Kosov\u00ebs nuk jan\u00eb investime politike, por simbolizojn\u00eb p\u00ebrparimin -","robots":{"index":"index","follow":"follow","max-snippet":"max-snippet:-1","max-image-preview":"max-image-preview:large","max-video-preview":"max-video-preview:-1"},"canonical":"https:\/\/veritasinfo.org\/?p=7143","og_locale":"en_US","og_type":"article","og_title":"Rrug\u00ebt me asfalt, urat dhe akset rrugore n\u00eb veri t\u00eb Kosov\u00ebs nuk jan\u00eb investime politike, por simbolizojn\u00eb p\u00ebrparimin -","og_description":"N\u00eb veri t\u00eb Kosov\u00ebs, muajt e fundit jan\u00eb shtuar duksh\u00ebm punimet p\u00ebr rikonstruksionin dhe nd\u00ebrtimin e infrastruktur\u00ebs rrugore. Nga rrug\u00ebt lokale e lagjore, deri te","og_url":"https:\/\/veritasinfo.org\/?p=7143","article_published_time":"2025-08-08T07:06:36+00:00","og_image":[{"width":719,"height":742,"url":"https:\/\/veritasinfo.org\/wp-content\/uploads\/2025\/08\/rruga-2-jpg.webp","type":"image\/webp"}],"author":"admin","twitter_card":"summary_large_image","twitter_misc":{"Written by":"admin","Est. reading time":"2 minutes"},"schema":{"@context":"https:\/\/schema.org","@graph":[{"@type":"WebPage","@id":"https:\/\/veritasinfo.org\/?p=7143","url":"https:\/\/veritasinfo.org\/?p=7143","name":"Rrug\u00ebt me asfalt, urat dhe akset rrugore n\u00eb veri t\u00eb Kosov\u00ebs nuk jan\u00eb investime politike, por simbolizojn\u00eb p\u00ebrparimin -","isPartOf":{"@id":"https:\/\/veritasinfo.org\/#website"},"primaryImageOfPage":{"@id":"https:\/\/veritasinfo.org\/?p=7143#primaryimage"},"image":{"@id":"https:\/\/veritasinfo.org\/?p=7143#primaryimage"},"thumbnailUrl":"https:\/\/veritasinfo.org\/wp-content\/uploads\/2025\/08\/rruga-2-jpg.webp","datePublished":"2025-08-08T07:06:36+00:00","author":{"@id":"https:\/\/veritasinfo.org\/#\/schema\/person\/7701f8c088bece422266b100a712374f"},"breadcrumb":{"@id":"https:\/\/veritasinfo.org\/?p=7143#breadcrumb"},"inLanguage":"en-US","potentialAction":[{"@type":"ReadAction","target":["https:\/\/veritasinfo.org\/?p=7143"]}]},{"@type":"ImageObject","inLanguage":"en-US","@id":"https:\/\/veritasinfo.org\/?p=7143#primaryimage","url":"https:\/\/veritasinfo.org\/wp-content\/uploads\/2025\/08\/rruga-2-jpg.webp","contentUrl":"https:\/\/veritasinfo.org\/wp-content\/uploads\/2025\/08\/rruga-2-jpg.webp","width":719,"height":742},{"@type":"BreadcrumbList","@id":"https:\/\/veritasinfo.org\/?p=7143#breadcrumb","itemListElement":[{"@type":"ListItem","position":1,"name":"Home","item":"https:\/\/veritasinfo.org\/"},{"@type":"ListItem","position":2,"name":"Rrug\u00ebt me asfalt, urat dhe akset rrugore n\u00eb veri t\u00eb Kosov\u00ebs nuk jan\u00eb investime politike, por simbolizojn\u00eb p\u00ebrparimin"}]},{"@type":"WebSite","@id":"https:\/\/veritasinfo.org\/#website","url":"https:\/\/veritasinfo.org\/","name":"","description":"","potentialAction":[{"@type":"SearchAction","target":{"@type":"EntryPoint","urlTemplate":"https:\/\/veritasinfo.org\/?s={search_term_string}"},"query-input":{"@type":"PropertyValueSpecification","valueRequired":true,"valueName":"search_term_string"}}],"inLanguage":"en-US"},{"@type":"Person","@id":"https:\/\/veritasinfo.org\/#\/schema\/person\/7701f8c088bece422266b100a712374f","name":"admin","image":{"@type":"ImageObject","inLanguage":"en-US","@id":"https:\/\/veritasinfo.org\/#\/schema\/person\/image\/","url":"https:\/\/secure.gravatar.com\/avatar\/ea53aa3bf6c9a12d5fde8ce4deff43fef3885ae33cf60184161a50d6987cfd2f?s=96&d=mm&r=g","contentUrl":"https:\/\/secure.gravatar.com\/avatar\/ea53aa3bf6c9a12d5fde8ce4deff43fef3885ae33cf60184161a50d6987cfd2f?s=96&d=mm&r=g","caption":"admin"},"sameAs":["https:\/\/veritasinfo.org"],"url":"https:\/\/veritasinfo.org\/?author=1"}]}},"featured_image_urls":{"full":["https:\/\/veritasinfo.org\/wp-content\/uploads\/2025\/08\/rruga-2-jpg.webp",719,742,false],"thumbnail":["https:\/\/veritasinfo.org\/wp-content\/uploads\/2025\/08\/rruga-2-jpg-150x150.webp",150,150,true],"medium":["https:\/\/veritasinfo.org\/wp-content\/uploads\/2025\/08\/rruga-2-jpg-291x300.webp",291,300,true],"medium_large":["https:\/\/veritasinfo.org\/wp-content\/uploads\/2025\/08\/rruga-2-jpg.webp",640,660,false],"large":["https:\/\/veritasinfo.org\/wp-content\/uploads\/2025\/08\/rruga-2-jpg.webp",640,660,false],"1536x1536":["https:\/\/veritasinfo.org\/wp-content\/uploads\/2025\/08\/rruga-2-jpg.webp",719,742,false],"2048x2048":["https:\/\/veritasinfo.org\/wp-content\/uploads\/2025\/08\/rruga-2-jpg.webp",719,742,false],"kreeti-slider-full":["https:\/\/veritasinfo.org\/wp-content\/uploads\/2025\/08\/rruga-2-jpg.webp",698,720,false],"kreeti-featured":["https:\/\/veritasinfo.org\/wp-content\/uploads\/2025\/08\/rruga-2-jpg.webp",719,742,false],"kreeti-medium":["https:\/\/veritasinfo.org\/wp-content\/uploads\/2025\/08\/rruga-2-jpg.webp",514,530,false],"kreeti-medium-square":["https:\/\/veritasinfo.org\/wp-content\/uploads\/2025\/08\/rruga-2-jpg.webp",339,350,false]},"author_info":{"info":["admin"]},"category_info":"<a href=\"https:\/\/veritasinfo.org\/?cat=60\" rel=\"category\">Shoq\u00ebrore<\/a>","tag_info":"Shoq\u00ebrore","comment_count":"0","_links":{"self":[{"href":"https:\/\/veritasinfo.org\/index.php?rest_route=\/wp\/v2\/posts\/7143","targetHints":{"allow":["GET"]}}],"collection":[{"href":"https:\/\/veritasinfo.org\/index.php?rest_route=\/wp\/v2\/posts"}],"about":[{"href":"https:\/\/veritasinfo.org\/index.php?rest_route=\/wp\/v2\/types\/post"}],"author":[{"embeddable":true,"href":"https:\/\/veritasinfo.org\/index.php?rest_route=\/wp\/v2\/users\/1"}],"replies":[{"embeddable":true,"href":"https:\/\/veritasinfo.org\/index.php?rest_route=%2Fwp%2Fv2%2Fcomments&post=7143"}],"version-history":[{"count":1,"href":"https:\/\/veritasinfo.org\/index.php?rest_route=\/wp\/v2\/posts\/7143\/revisions"}],"predecessor-version":[{"id":7144,"href":"https:\/\/veritasinfo.org\/index.php?rest_route=\/wp\/v2\/posts\/7143\/revisions\/7144"}],"wp:featuredmedia":[{"embeddable":true,"href":"https:\/\/veritasinfo.org\/index.php?rest_route=\/wp\/v2\/media\/7141"}],"wp:attachment":[{"href":"https:\/\/veritasinfo.org\/index.php?rest_route=%2Fwp%2Fv2%2Fmedia&parent=7143"}],"wp:term":[{"taxonomy":"category","embeddable":true,"href":"https:\/\/veritasinfo.org\/index.php?rest_route=%2Fwp%2Fv2%2Fcategories&post=7143"},{"taxonomy":"post_tag","embeddable":true,"href":"https:\/\/veritasinfo.org\/index.php?rest_route=%2Fwp%2Fv2%2Ftags&post=7143"}],"curies":[{"name":"wp","href":"https:\/\/api.w.org\/{rel}","templated":true}]}}