{"id":7136,"date":"2025-08-08T08:25:49","date_gmt":"2025-08-08T06:25:49","guid":{"rendered":"https:\/\/veritasinfo.org\/?p=7136"},"modified":"2025-08-08T08:25:49","modified_gmt":"2025-08-08T06:25:49","slug":"eshte-shpallur-fletarrest-per-te-burgosurin-e-arratisur-ne-mitrovicen-e-veriut-ne-kerkim-intensiv","status":"publish","type":"post","link":"https:\/\/veritasinfo.org\/?p=7136","title":{"rendered":"\u00cbsht\u00eb shpallur fletarrest p\u00ebr t\u00eb burgosurin e arratisur n\u00eb Mitrovic\u00ebn e Veriut, n\u00eb k\u00ebrkim intensiv"},"content":{"rendered":"<p data-start=\"149\" data-end=\"334\">Mitrovic\u00eb e Veriut, 8 gusht 2025<\/p>\n<p data-start=\"149\" data-end=\"334\">Policia e Kosov\u00ebs ka shpallur fletarrest p\u00ebr t\u00eb burgosurin \u0110.R., i cili sot rreth or\u00ebs 15:45 ka ikur nga Qendra e Paraburgimit n\u00eb Mitrovic\u00ebn e Veriut.<\/p>\n<p data-start=\"336\" data-end=\"630\">Menj\u00ebher\u00eb pas arratisjes, jan\u00eb nd\u00ebrmarr\u00eb masa t\u00eb gjera operative. Jan\u00eb vendosur pika t\u00eb kontrollit statik n\u00eb gjith\u00eb veriun e Kosov\u00ebs, nd\u00ebrsa n\u00eb k\u00ebrkim jan\u00eb p\u00ebrfshir\u00eb edhe nj\u00ebsit\u00eb e specializuara, p\u00ebrfshir\u00eb nj\u00ebsin\u00eb me qen (K9). Po b\u00ebhet k\u00ebrkimi fizik i terrenit p\u00ebrreth objektit t\u00eb paraburgimit.<\/p>\n<p data-start=\"632\" data-end=\"812\">Qytetar\u00ebve u \u00ebsht\u00eb b\u00ebr\u00eb thirrje q\u00eb, n\u00ebse e v\u00ebrejn\u00eb personin q\u00eb i p\u00ebrshtatet p\u00ebrshkrimit, t\u00eb lajm\u00ebrojn\u00eb menj\u00ebher\u00eb n\u00eb numrin 192 ose t\u00eb kontaktojn\u00eb stacionin m\u00eb t\u00eb af\u00ebrt t\u00eb policis\u00eb.<\/p>\n<p data-start=\"917\" data-end=\"1144\" data-is-last-node=\"\" data-is-only-node=\"\">\u201eLusim qytetar\u00ebt p\u00ebr mir\u00ebkuptim gjat\u00eb koh\u00ebzgjatjes s\u00eb k\u00ebrkimit\u201c, thuhet n\u00eb njoftimin e policis\u00eb, duke theksuar se t\u00eb dh\u00ebnat p\u00ebr personin dhe vepr\u00ebn penale p\u00ebr t\u00eb cil\u00ebn \u00ebsht\u00eb d\u00ebnuar gjenden n\u00eb nj\u00eb dokument publikisht t\u00eb qassh\u00ebm.<\/p>\n","protected":false},"excerpt":{"rendered":"<p>Mitrovic\u00eb e Veriut, 8 gusht 2025 Policia e Kosov\u00ebs ka shpallur fletarrest p\u00ebr t\u00eb burgosurin \u0110.R., i cili sot rreth or\u00ebs 15:45 ka ikur nga<\/p>\n","protected":false},"author":1,"featured_media":7134,"comment_status":"open","ping_status":"open","sticky":false,"template":"","format":"standard","meta":{"footnotes":""},"categories":[60],"tags":[],"class_list":["post-7136","post","type-post","status-publish","format-standard","has-post-thumbnail","hentry","category-shoqerore-sq"],"yoast_head":"<!-- This site is optimized with the Yoast SEO plugin v25.3.1 - https:\/\/yoast.com\/wordpress\/plugins\/seo\/ -->\n<title>\u00cbsht\u00eb shpallur fletarrest p\u00ebr t\u00eb burgosurin e arratisur n\u00eb Mitrovic\u00ebn e Veriut, n\u00eb k\u00ebrkim intensiv -<\/title>\n<meta name=\"robots\" content=\"index, follow, max-snippet:-1, max-image-preview:large, max-video-preview:-1\" \/>\n<link rel=\"canonical\" href=\"https:\/\/veritasinfo.org\/?p=7136\" \/>\n<meta property=\"og:locale\" content=\"en_US\" \/>\n<meta property=\"og:type\" content=\"article\" \/>\n<meta property=\"og:title\" content=\"\u00cbsht\u00eb shpallur fletarrest p\u00ebr t\u00eb burgosurin e arratisur n\u00eb Mitrovic\u00ebn e Veriut, n\u00eb k\u00ebrkim intensiv -\" \/>\n<meta property=\"og:description\" content=\"Mitrovic\u00eb e Veriut, 8 gusht 2025 Policia e Kosov\u00ebs ka shpallur fletarrest p\u00ebr t\u00eb burgosurin \u0110.R., i cili sot rreth or\u00ebs 15:45 ka ikur nga\" \/>\n<meta property=\"og:url\" content=\"https:\/\/veritasinfo.org\/?p=7136\" \/>\n<meta property=\"article:published_time\" content=\"2025-08-08T06:25:49+00:00\" \/>\n<meta property=\"og:image\" content=\"https:\/\/veritasinfo.org\/wp-content\/uploads\/2025\/08\/SDC16143-scaled-1.jpg\" \/>\n\t<meta property=\"og:image:width\" content=\"2560\" \/>\n\t<meta property=\"og:image:height\" content=\"1920\" \/>\n\t<meta property=\"og:image:type\" content=\"image\/jpeg\" \/>\n<meta name=\"author\" content=\"admin\" \/>\n<meta name=\"twitter:card\" content=\"summary_large_image\" \/>\n<meta name=\"twitter:label1\" content=\"Written by\" \/>\n\t<meta name=\"twitter:data1\" content=\"admin\" \/>\n\t<meta name=\"twitter:label2\" content=\"Est. reading time\" \/>\n\t<meta name=\"twitter:data2\" content=\"1 minute\" \/>\n<script type=\"application\/ld+json\" class=\"yoast-schema-graph\">{\"@context\":\"https:\/\/schema.org\",\"@graph\":[{\"@type\":\"WebPage\",\"@id\":\"https:\/\/veritasinfo.org\/?p=7136\",\"url\":\"https:\/\/veritasinfo.org\/?p=7136\",\"name\":\"\u00cbsht\u00eb shpallur fletarrest p\u00ebr t\u00eb burgosurin e arratisur n\u00eb Mitrovic\u00ebn e Veriut, n\u00eb k\u00ebrkim intensiv -\",\"isPartOf\":{\"@id\":\"https:\/\/veritasinfo.org\/#website\"},\"primaryImageOfPage\":{\"@id\":\"https:\/\/veritasinfo.org\/?p=7136#primaryimage\"},\"image\":{\"@id\":\"https:\/\/veritasinfo.org\/?p=7136#primaryimage\"},\"thumbnailUrl\":\"https:\/\/veritasinfo.org\/wp-content\/uploads\/2025\/08\/SDC16143-scaled-1.jpg\",\"datePublished\":\"2025-08-08T06:25:49+00:00\",\"author\":{\"@id\":\"https:\/\/veritasinfo.org\/#\/schema\/person\/7701f8c088bece422266b100a712374f\"},\"breadcrumb\":{\"@id\":\"https:\/\/veritasinfo.org\/?p=7136#breadcrumb\"},\"inLanguage\":\"en-US\",\"potentialAction\":[{\"@type\":\"ReadAction\",\"target\":[\"https:\/\/veritasinfo.org\/?p=7136\"]}]},{\"@type\":\"ImageObject\",\"inLanguage\":\"en-US\",\"@id\":\"https:\/\/veritasinfo.org\/?p=7136#primaryimage\",\"url\":\"https:\/\/veritasinfo.org\/wp-content\/uploads\/2025\/08\/SDC16143-scaled-1.jpg\",\"contentUrl\":\"https:\/\/veritasinfo.org\/wp-content\/uploads\/2025\/08\/SDC16143-scaled-1.jpg\",\"width\":2560,\"height\":1920},{\"@type\":\"BreadcrumbList\",\"@id\":\"https:\/\/veritasinfo.org\/?p=7136#breadcrumb\",\"itemListElement\":[{\"@type\":\"ListItem\",\"position\":1,\"name\":\"Home\",\"item\":\"https:\/\/veritasinfo.org\/\"},{\"@type\":\"ListItem\",\"position\":2,\"name\":\"\u00cbsht\u00eb shpallur fletarrest p\u00ebr t\u00eb burgosurin e arratisur n\u00eb Mitrovic\u00ebn e Veriut, n\u00eb k\u00ebrkim intensiv\"}]},{\"@type\":\"WebSite\",\"@id\":\"https:\/\/veritasinfo.org\/#website\",\"url\":\"https:\/\/veritasinfo.org\/\",\"name\":\"\",\"description\":\"\",\"potentialAction\":[{\"@type\":\"SearchAction\",\"target\":{\"@type\":\"EntryPoint\",\"urlTemplate\":\"https:\/\/veritasinfo.org\/?s={search_term_string}\"},\"query-input\":{\"@type\":\"PropertyValueSpecification\",\"valueRequired\":true,\"valueName\":\"search_term_string\"}}],\"inLanguage\":\"en-US\"},{\"@type\":\"Person\",\"@id\":\"https:\/\/veritasinfo.org\/#\/schema\/person\/7701f8c088bece422266b100a712374f\",\"name\":\"admin\",\"image\":{\"@type\":\"ImageObject\",\"inLanguage\":\"en-US\",\"@id\":\"https:\/\/veritasinfo.org\/#\/schema\/person\/image\/\",\"url\":\"https:\/\/secure.gravatar.com\/avatar\/ea53aa3bf6c9a12d5fde8ce4deff43fef3885ae33cf60184161a50d6987cfd2f?s=96&d=mm&r=g\",\"contentUrl\":\"https:\/\/secure.gravatar.com\/avatar\/ea53aa3bf6c9a12d5fde8ce4deff43fef3885ae33cf60184161a50d6987cfd2f?s=96&d=mm&r=g\",\"caption\":\"admin\"},\"sameAs\":[\"https:\/\/veritasinfo.org\"],\"url\":\"https:\/\/veritasinfo.org\/?author=1\"}]}<\/script>\n<!-- \/ Yoast SEO plugin. -->","yoast_head_json":{"title":"\u00cbsht\u00eb shpallur fletarrest p\u00ebr t\u00eb burgosurin e arratisur n\u00eb Mitrovic\u00ebn e Veriut, n\u00eb k\u00ebrkim intensiv -","robots":{"index":"index","follow":"follow","max-snippet":"max-snippet:-1","max-image-preview":"max-image-preview:large","max-video-preview":"max-video-preview:-1"},"canonical":"https:\/\/veritasinfo.org\/?p=7136","og_locale":"en_US","og_type":"article","og_title":"\u00cbsht\u00eb shpallur fletarrest p\u00ebr t\u00eb burgosurin e arratisur n\u00eb Mitrovic\u00ebn e Veriut, n\u00eb k\u00ebrkim intensiv -","og_description":"Mitrovic\u00eb e Veriut, 8 gusht 2025 Policia e Kosov\u00ebs ka shpallur fletarrest p\u00ebr t\u00eb burgosurin \u0110.R., i cili sot rreth or\u00ebs 15:45 ka ikur nga","og_url":"https:\/\/veritasinfo.org\/?p=7136","article_published_time":"2025-08-08T06:25:49+00:00","og_image":[{"width":2560,"height":1920,"url":"https:\/\/veritasinfo.org\/wp-content\/uploads\/2025\/08\/SDC16143-scaled-1.jpg","type":"image\/jpeg"}],"author":"admin","twitter_card":"summary_large_image","twitter_misc":{"Written by":"admin","Est. reading time":"1 minute"},"schema":{"@context":"https:\/\/schema.org","@graph":[{"@type":"WebPage","@id":"https:\/\/veritasinfo.org\/?p=7136","url":"https:\/\/veritasinfo.org\/?p=7136","name":"\u00cbsht\u00eb shpallur fletarrest p\u00ebr t\u00eb burgosurin e arratisur n\u00eb Mitrovic\u00ebn e Veriut, n\u00eb k\u00ebrkim intensiv -","isPartOf":{"@id":"https:\/\/veritasinfo.org\/#website"},"primaryImageOfPage":{"@id":"https:\/\/veritasinfo.org\/?p=7136#primaryimage"},"image":{"@id":"https:\/\/veritasinfo.org\/?p=7136#primaryimage"},"thumbnailUrl":"https:\/\/veritasinfo.org\/wp-content\/uploads\/2025\/08\/SDC16143-scaled-1.jpg","datePublished":"2025-08-08T06:25:49+00:00","author":{"@id":"https:\/\/veritasinfo.org\/#\/schema\/person\/7701f8c088bece422266b100a712374f"},"breadcrumb":{"@id":"https:\/\/veritasinfo.org\/?p=7136#breadcrumb"},"inLanguage":"en-US","potentialAction":[{"@type":"ReadAction","target":["https:\/\/veritasinfo.org\/?p=7136"]}]},{"@type":"ImageObject","inLanguage":"en-US","@id":"https:\/\/veritasinfo.org\/?p=7136#primaryimage","url":"https:\/\/veritasinfo.org\/wp-content\/uploads\/2025\/08\/SDC16143-scaled-1.jpg","contentUrl":"https:\/\/veritasinfo.org\/wp-content\/uploads\/2025\/08\/SDC16143-scaled-1.jpg","width":2560,"height":1920},{"@type":"BreadcrumbList","@id":"https:\/\/veritasinfo.org\/?p=7136#breadcrumb","itemListElement":[{"@type":"ListItem","position":1,"name":"Home","item":"https:\/\/veritasinfo.org\/"},{"@type":"ListItem","position":2,"name":"\u00cbsht\u00eb shpallur fletarrest p\u00ebr t\u00eb burgosurin e arratisur n\u00eb Mitrovic\u00ebn e Veriut, n\u00eb k\u00ebrkim intensiv"}]},{"@type":"WebSite","@id":"https:\/\/veritasinfo.org\/#website","url":"https:\/\/veritasinfo.org\/","name":"","description":"","potentialAction":[{"@type":"SearchAction","target":{"@type":"EntryPoint","urlTemplate":"https:\/\/veritasinfo.org\/?s={search_term_string}"},"query-input":{"@type":"PropertyValueSpecification","valueRequired":true,"valueName":"search_term_string"}}],"inLanguage":"en-US"},{"@type":"Person","@id":"https:\/\/veritasinfo.org\/#\/schema\/person\/7701f8c088bece422266b100a712374f","name":"admin","image":{"@type":"ImageObject","inLanguage":"en-US","@id":"https:\/\/veritasinfo.org\/#\/schema\/person\/image\/","url":"https:\/\/secure.gravatar.com\/avatar\/ea53aa3bf6c9a12d5fde8ce4deff43fef3885ae33cf60184161a50d6987cfd2f?s=96&d=mm&r=g","contentUrl":"https:\/\/secure.gravatar.com\/avatar\/ea53aa3bf6c9a12d5fde8ce4deff43fef3885ae33cf60184161a50d6987cfd2f?s=96&d=mm&r=g","caption":"admin"},"sameAs":["https:\/\/veritasinfo.org"],"url":"https:\/\/veritasinfo.org\/?author=1"}]}},"featured_image_urls":{"full":["https:\/\/veritasinfo.org\/wp-content\/uploads\/2025\/08\/SDC16143-scaled-1.jpg",2560,1920,false],"thumbnail":["https:\/\/veritasinfo.org\/wp-content\/uploads\/2025\/08\/SDC16143-scaled-1-150x150.jpg",150,150,true],"medium":["https:\/\/veritasinfo.org\/wp-content\/uploads\/2025\/08\/SDC16143-scaled-1-300x225.jpg",300,225,true],"medium_large":["https:\/\/veritasinfo.org\/wp-content\/uploads\/2025\/08\/SDC16143-scaled-1-768x576.jpg",640,480,true],"large":["https:\/\/veritasinfo.org\/wp-content\/uploads\/2025\/08\/SDC16143-scaled-1-1024x768.jpg",640,480,true],"1536x1536":["https:\/\/veritasinfo.org\/wp-content\/uploads\/2025\/08\/SDC16143-scaled-1-1536x1152.jpg",1536,1152,true],"2048x2048":["https:\/\/veritasinfo.org\/wp-content\/uploads\/2025\/08\/SDC16143-scaled-1-2048x1536.jpg",2048,1536,true],"kreeti-slider-full":["https:\/\/veritasinfo.org\/wp-content\/uploads\/2025\/08\/SDC16143-scaled-1.jpg",960,720,false],"kreeti-featured":["https:\/\/veritasinfo.org\/wp-content\/uploads\/2025\/08\/SDC16143-scaled-1.jpg",1024,768,false],"kreeti-medium":["https:\/\/veritasinfo.org\/wp-content\/uploads\/2025\/08\/SDC16143-scaled-1.jpg",707,530,false],"kreeti-medium-square":["https:\/\/veritasinfo.org\/wp-content\/uploads\/2025\/08\/SDC16143-scaled-1.jpg",350,263,false]},"author_info":{"info":["admin"]},"category_info":"<a href=\"https:\/\/veritasinfo.org\/?cat=60\" rel=\"category\">Shoq\u00ebrore<\/a>","tag_info":"Shoq\u00ebrore","comment_count":"0","_links":{"self":[{"href":"https:\/\/veritasinfo.org\/index.php?rest_route=\/wp\/v2\/posts\/7136","targetHints":{"allow":["GET"]}}],"collection":[{"href":"https:\/\/veritasinfo.org\/index.php?rest_route=\/wp\/v2\/posts"}],"about":[{"href":"https:\/\/veritasinfo.org\/index.php?rest_route=\/wp\/v2\/types\/post"}],"author":[{"embeddable":true,"href":"https:\/\/veritasinfo.org\/index.php?rest_route=\/wp\/v2\/users\/1"}],"replies":[{"embeddable":true,"href":"https:\/\/veritasinfo.org\/index.php?rest_route=%2Fwp%2Fv2%2Fcomments&post=7136"}],"version-history":[{"count":1,"href":"https:\/\/veritasinfo.org\/index.php?rest_route=\/wp\/v2\/posts\/7136\/revisions"}],"predecessor-version":[{"id":7137,"href":"https:\/\/veritasinfo.org\/index.php?rest_route=\/wp\/v2\/posts\/7136\/revisions\/7137"}],"wp:featuredmedia":[{"embeddable":true,"href":"https:\/\/veritasinfo.org\/index.php?rest_route=\/wp\/v2\/media\/7134"}],"wp:attachment":[{"href":"https:\/\/veritasinfo.org\/index.php?rest_route=%2Fwp%2Fv2%2Fmedia&parent=7136"}],"wp:term":[{"taxonomy":"category","embeddable":true,"href":"https:\/\/veritasinfo.org\/index.php?rest_route=%2Fwp%2Fv2%2Fcategories&post=7136"},{"taxonomy":"post_tag","embeddable":true,"href":"https:\/\/veritasinfo.org\/index.php?rest_route=%2Fwp%2Fv2%2Ftags&post=7136"}],"curies":[{"name":"wp","href":"https:\/\/api.w.org\/{rel}","templated":true}]}}