{"id":7117,"date":"2025-08-08T08:08:18","date_gmt":"2025-08-08T06:08:18","guid":{"rendered":"https:\/\/veritasinfo.org\/?p=7117"},"modified":"2025-08-08T08:08:18","modified_gmt":"2025-08-08T06:08:18","slug":"policia-jep-detaje-per-te-arrestuarin-qe-dyshohet-se-eshte-polic-i-serbise","status":"publish","type":"post","link":"https:\/\/veritasinfo.org\/?p=7117","title":{"rendered":"Policia jep detaje p\u00ebr t\u00eb arrestuarin q\u00eb dyshohet s\u00eb \u00ebsht\u00eb polic i Serbis\u00eb"},"content":{"rendered":"<p data-start=\"215\" data-end=\"409\">Prishtin\u00eb, 8 gusht 2025<\/p>\n<p data-start=\"215\" data-end=\"409\">Policia e Kosov\u00ebs ka dh\u00ebn\u00eb detaje lidhur me arrestimin e nj\u00eb personi n\u00eb pik\u00ebkalimin kufitar n\u00eb B\u00ebrnjak, i cili dyshohet se \u00ebsht\u00eb pjes\u00ebtar i forcave policore t\u00eb Serbis\u00eb.<\/p>\n<p data-start=\"411\" data-end=\"603\">Z\u00ebvend\u00ebsdrejtori i Policis\u00eb p\u00ebr rajonin e veriut, Veton Elshani, konfirmoi se gjat\u00eb kontrollit n\u00eb hyrje t\u00eb territorit t\u00eb Kosov\u00ebs, tek i dyshuari jan\u00eb gjetur 20 fishek\u00eb t\u00eb kalibrit 9 milimetra. \u201cSot n\u00eb or\u00ebt e pasdites, n\u00eb pik\u00ebn kufitare n\u00eb B\u00ebrnjak, \u00ebsht\u00eb arrestuar nj\u00eb person q\u00eb dyshohet se \u00ebsht\u00eb pjes\u00ebtar i policis\u00eb serbe. Gjat\u00eb kontrollit, atij i jan\u00eb gjetur 20 fishek\u00eb. Personi \u00ebsht\u00eb ndaluar p\u00ebr 48 or\u00eb\u201d, tha Elshani.<\/p>\n<p data-start=\"833\" data-end=\"977\">Autoritetet jan\u00eb duke zhvilluar hetimet p\u00ebr t\u00eb sqaruar rrethanat e rastit dhe p\u00ebr t\u00eb p\u00ebrcaktuar n\u00ebse ka pasur ndonj\u00eb shkelje t\u00eb ligjeve n\u00eb fuqi.<\/p>\n","protected":false},"excerpt":{"rendered":"<p>Prishtin\u00eb, 8 gusht 2025 Policia e Kosov\u00ebs ka dh\u00ebn\u00eb detaje lidhur me arrestimin e nj\u00eb personi n\u00eb pik\u00ebkalimin kufitar n\u00eb B\u00ebrnjak, i cili dyshohet se<\/p>\n","protected":false},"author":1,"featured_media":2527,"comment_status":"open","ping_status":"open","sticky":false,"template":"","format":"standard","meta":{"footnotes":""},"categories":[60],"tags":[],"class_list":["post-7117","post","type-post","status-publish","format-standard","has-post-thumbnail","hentry","category-shoqerore-sq"],"yoast_head":"<!-- This site is optimized with the Yoast SEO plugin v25.3.1 - https:\/\/yoast.com\/wordpress\/plugins\/seo\/ -->\n<title>Policia jep detaje p\u00ebr t\u00eb arrestuarin q\u00eb dyshohet s\u00eb \u00ebsht\u00eb polic i Serbis\u00eb -<\/title>\n<meta name=\"robots\" content=\"index, follow, max-snippet:-1, max-image-preview:large, max-video-preview:-1\" \/>\n<link rel=\"canonical\" href=\"https:\/\/veritasinfo.org\/?p=7117\" \/>\n<meta property=\"og:locale\" content=\"en_US\" \/>\n<meta property=\"og:type\" content=\"article\" \/>\n<meta property=\"og:title\" content=\"Policia jep detaje p\u00ebr t\u00eb arrestuarin q\u00eb dyshohet s\u00eb \u00ebsht\u00eb polic i Serbis\u00eb -\" \/>\n<meta property=\"og:description\" content=\"Prishtin\u00eb, 8 gusht 2025 Policia e Kosov\u00ebs ka dh\u00ebn\u00eb detaje lidhur me arrestimin e nj\u00eb personi n\u00eb pik\u00ebkalimin kufitar n\u00eb B\u00ebrnjak, i cili dyshohet se\" \/>\n<meta property=\"og:url\" content=\"https:\/\/veritasinfo.org\/?p=7117\" \/>\n<meta property=\"article:published_time\" content=\"2025-08-08T06:08:18+00:00\" \/>\n<meta property=\"og:image\" content=\"https:\/\/veritasinfo.org\/wp-content\/uploads\/2025\/07\/IMG_1719.jpeg\" \/>\n\t<meta property=\"og:image:width\" content=\"1536\" \/>\n\t<meta property=\"og:image:height\" content=\"864\" \/>\n\t<meta property=\"og:image:type\" content=\"image\/jpeg\" \/>\n<meta name=\"author\" content=\"admin\" \/>\n<meta name=\"twitter:card\" content=\"summary_large_image\" \/>\n<meta name=\"twitter:label1\" content=\"Written by\" \/>\n\t<meta name=\"twitter:data1\" content=\"admin\" \/>\n\t<meta name=\"twitter:label2\" content=\"Est. reading time\" \/>\n\t<meta name=\"twitter:data2\" content=\"1 minute\" \/>\n<script type=\"application\/ld+json\" class=\"yoast-schema-graph\">{\"@context\":\"https:\/\/schema.org\",\"@graph\":[{\"@type\":\"WebPage\",\"@id\":\"https:\/\/veritasinfo.org\/?p=7117\",\"url\":\"https:\/\/veritasinfo.org\/?p=7117\",\"name\":\"Policia jep detaje p\u00ebr t\u00eb arrestuarin q\u00eb dyshohet s\u00eb \u00ebsht\u00eb polic i Serbis\u00eb -\",\"isPartOf\":{\"@id\":\"https:\/\/veritasinfo.org\/#website\"},\"primaryImageOfPage\":{\"@id\":\"https:\/\/veritasinfo.org\/?p=7117#primaryimage\"},\"image\":{\"@id\":\"https:\/\/veritasinfo.org\/?p=7117#primaryimage\"},\"thumbnailUrl\":\"https:\/\/veritasinfo.org\/wp-content\/uploads\/2025\/07\/IMG_1719.jpeg\",\"datePublished\":\"2025-08-08T06:08:18+00:00\",\"author\":{\"@id\":\"https:\/\/veritasinfo.org\/#\/schema\/person\/7701f8c088bece422266b100a712374f\"},\"breadcrumb\":{\"@id\":\"https:\/\/veritasinfo.org\/?p=7117#breadcrumb\"},\"inLanguage\":\"en-US\",\"potentialAction\":[{\"@type\":\"ReadAction\",\"target\":[\"https:\/\/veritasinfo.org\/?p=7117\"]}]},{\"@type\":\"ImageObject\",\"inLanguage\":\"en-US\",\"@id\":\"https:\/\/veritasinfo.org\/?p=7117#primaryimage\",\"url\":\"https:\/\/veritasinfo.org\/wp-content\/uploads\/2025\/07\/IMG_1719.jpeg\",\"contentUrl\":\"https:\/\/veritasinfo.org\/wp-content\/uploads\/2025\/07\/IMG_1719.jpeg\",\"width\":1536,\"height\":864,\"caption\":\"xr:d:DAFwfr77EYo:138,j:5745888653740568559,t:24031209\"},{\"@type\":\"BreadcrumbList\",\"@id\":\"https:\/\/veritasinfo.org\/?p=7117#breadcrumb\",\"itemListElement\":[{\"@type\":\"ListItem\",\"position\":1,\"name\":\"Home\",\"item\":\"https:\/\/veritasinfo.org\/\"},{\"@type\":\"ListItem\",\"position\":2,\"name\":\"Policia jep detaje p\u00ebr t\u00eb arrestuarin q\u00eb dyshohet s\u00eb \u00ebsht\u00eb polic i Serbis\u00eb\"}]},{\"@type\":\"WebSite\",\"@id\":\"https:\/\/veritasinfo.org\/#website\",\"url\":\"https:\/\/veritasinfo.org\/\",\"name\":\"\",\"description\":\"\",\"potentialAction\":[{\"@type\":\"SearchAction\",\"target\":{\"@type\":\"EntryPoint\",\"urlTemplate\":\"https:\/\/veritasinfo.org\/?s={search_term_string}\"},\"query-input\":{\"@type\":\"PropertyValueSpecification\",\"valueRequired\":true,\"valueName\":\"search_term_string\"}}],\"inLanguage\":\"en-US\"},{\"@type\":\"Person\",\"@id\":\"https:\/\/veritasinfo.org\/#\/schema\/person\/7701f8c088bece422266b100a712374f\",\"name\":\"admin\",\"image\":{\"@type\":\"ImageObject\",\"inLanguage\":\"en-US\",\"@id\":\"https:\/\/veritasinfo.org\/#\/schema\/person\/image\/\",\"url\":\"https:\/\/secure.gravatar.com\/avatar\/ea53aa3bf6c9a12d5fde8ce4deff43fef3885ae33cf60184161a50d6987cfd2f?s=96&d=mm&r=g\",\"contentUrl\":\"https:\/\/secure.gravatar.com\/avatar\/ea53aa3bf6c9a12d5fde8ce4deff43fef3885ae33cf60184161a50d6987cfd2f?s=96&d=mm&r=g\",\"caption\":\"admin\"},\"sameAs\":[\"https:\/\/veritasinfo.org\"],\"url\":\"https:\/\/veritasinfo.org\/?author=1\"}]}<\/script>\n<!-- \/ Yoast SEO plugin. -->","yoast_head_json":{"title":"Policia jep detaje p\u00ebr t\u00eb arrestuarin q\u00eb dyshohet s\u00eb \u00ebsht\u00eb polic i Serbis\u00eb -","robots":{"index":"index","follow":"follow","max-snippet":"max-snippet:-1","max-image-preview":"max-image-preview:large","max-video-preview":"max-video-preview:-1"},"canonical":"https:\/\/veritasinfo.org\/?p=7117","og_locale":"en_US","og_type":"article","og_title":"Policia jep detaje p\u00ebr t\u00eb arrestuarin q\u00eb dyshohet s\u00eb \u00ebsht\u00eb polic i Serbis\u00eb -","og_description":"Prishtin\u00eb, 8 gusht 2025 Policia e Kosov\u00ebs ka dh\u00ebn\u00eb detaje lidhur me arrestimin e nj\u00eb personi n\u00eb pik\u00ebkalimin kufitar n\u00eb B\u00ebrnjak, i cili dyshohet se","og_url":"https:\/\/veritasinfo.org\/?p=7117","article_published_time":"2025-08-08T06:08:18+00:00","og_image":[{"width":1536,"height":864,"url":"https:\/\/veritasinfo.org\/wp-content\/uploads\/2025\/07\/IMG_1719.jpeg","type":"image\/jpeg"}],"author":"admin","twitter_card":"summary_large_image","twitter_misc":{"Written by":"admin","Est. reading time":"1 minute"},"schema":{"@context":"https:\/\/schema.org","@graph":[{"@type":"WebPage","@id":"https:\/\/veritasinfo.org\/?p=7117","url":"https:\/\/veritasinfo.org\/?p=7117","name":"Policia jep detaje p\u00ebr t\u00eb arrestuarin q\u00eb dyshohet s\u00eb \u00ebsht\u00eb polic i Serbis\u00eb -","isPartOf":{"@id":"https:\/\/veritasinfo.org\/#website"},"primaryImageOfPage":{"@id":"https:\/\/veritasinfo.org\/?p=7117#primaryimage"},"image":{"@id":"https:\/\/veritasinfo.org\/?p=7117#primaryimage"},"thumbnailUrl":"https:\/\/veritasinfo.org\/wp-content\/uploads\/2025\/07\/IMG_1719.jpeg","datePublished":"2025-08-08T06:08:18+00:00","author":{"@id":"https:\/\/veritasinfo.org\/#\/schema\/person\/7701f8c088bece422266b100a712374f"},"breadcrumb":{"@id":"https:\/\/veritasinfo.org\/?p=7117#breadcrumb"},"inLanguage":"en-US","potentialAction":[{"@type":"ReadAction","target":["https:\/\/veritasinfo.org\/?p=7117"]}]},{"@type":"ImageObject","inLanguage":"en-US","@id":"https:\/\/veritasinfo.org\/?p=7117#primaryimage","url":"https:\/\/veritasinfo.org\/wp-content\/uploads\/2025\/07\/IMG_1719.jpeg","contentUrl":"https:\/\/veritasinfo.org\/wp-content\/uploads\/2025\/07\/IMG_1719.jpeg","width":1536,"height":864,"caption":"xr:d:DAFwfr77EYo:138,j:5745888653740568559,t:24031209"},{"@type":"BreadcrumbList","@id":"https:\/\/veritasinfo.org\/?p=7117#breadcrumb","itemListElement":[{"@type":"ListItem","position":1,"name":"Home","item":"https:\/\/veritasinfo.org\/"},{"@type":"ListItem","position":2,"name":"Policia jep detaje p\u00ebr t\u00eb arrestuarin q\u00eb dyshohet s\u00eb \u00ebsht\u00eb polic i Serbis\u00eb"}]},{"@type":"WebSite","@id":"https:\/\/veritasinfo.org\/#website","url":"https:\/\/veritasinfo.org\/","name":"","description":"","potentialAction":[{"@type":"SearchAction","target":{"@type":"EntryPoint","urlTemplate":"https:\/\/veritasinfo.org\/?s={search_term_string}"},"query-input":{"@type":"PropertyValueSpecification","valueRequired":true,"valueName":"search_term_string"}}],"inLanguage":"en-US"},{"@type":"Person","@id":"https:\/\/veritasinfo.org\/#\/schema\/person\/7701f8c088bece422266b100a712374f","name":"admin","image":{"@type":"ImageObject","inLanguage":"en-US","@id":"https:\/\/veritasinfo.org\/#\/schema\/person\/image\/","url":"https:\/\/secure.gravatar.com\/avatar\/ea53aa3bf6c9a12d5fde8ce4deff43fef3885ae33cf60184161a50d6987cfd2f?s=96&d=mm&r=g","contentUrl":"https:\/\/secure.gravatar.com\/avatar\/ea53aa3bf6c9a12d5fde8ce4deff43fef3885ae33cf60184161a50d6987cfd2f?s=96&d=mm&r=g","caption":"admin"},"sameAs":["https:\/\/veritasinfo.org"],"url":"https:\/\/veritasinfo.org\/?author=1"}]}},"featured_image_urls":{"full":["https:\/\/veritasinfo.org\/wp-content\/uploads\/2025\/07\/IMG_1719.jpeg",1536,864,false],"thumbnail":["https:\/\/veritasinfo.org\/wp-content\/uploads\/2025\/07\/IMG_1719-150x150.jpeg",150,150,true],"medium":["https:\/\/veritasinfo.org\/wp-content\/uploads\/2025\/07\/IMG_1719-300x169.jpeg",300,169,true],"medium_large":["https:\/\/veritasinfo.org\/wp-content\/uploads\/2025\/07\/IMG_1719-768x432.jpeg",640,360,true],"large":["https:\/\/veritasinfo.org\/wp-content\/uploads\/2025\/07\/IMG_1719-1024x576.jpeg",640,360,true],"1536x1536":["https:\/\/veritasinfo.org\/wp-content\/uploads\/2025\/07\/IMG_1719.jpeg",1536,864,false],"2048x2048":["https:\/\/veritasinfo.org\/wp-content\/uploads\/2025\/07\/IMG_1719.jpeg",1536,864,false],"kreeti-slider-full":["https:\/\/veritasinfo.org\/wp-content\/uploads\/2025\/07\/IMG_1719.jpeg",1280,720,false],"kreeti-featured":["https:\/\/veritasinfo.org\/wp-content\/uploads\/2025\/07\/IMG_1719.jpeg",1024,576,false],"kreeti-medium":["https:\/\/veritasinfo.org\/wp-content\/uploads\/2025\/07\/IMG_1719.jpeg",720,405,false],"kreeti-medium-square":["https:\/\/veritasinfo.org\/wp-content\/uploads\/2025\/07\/IMG_1719.jpeg",350,197,false]},"author_info":{"info":["admin"]},"category_info":"<a href=\"https:\/\/veritasinfo.org\/?cat=60\" rel=\"category\">Shoq\u00ebrore<\/a>","tag_info":"Shoq\u00ebrore","comment_count":"0","_links":{"self":[{"href":"https:\/\/veritasinfo.org\/index.php?rest_route=\/wp\/v2\/posts\/7117","targetHints":{"allow":["GET"]}}],"collection":[{"href":"https:\/\/veritasinfo.org\/index.php?rest_route=\/wp\/v2\/posts"}],"about":[{"href":"https:\/\/veritasinfo.org\/index.php?rest_route=\/wp\/v2\/types\/post"}],"author":[{"embeddable":true,"href":"https:\/\/veritasinfo.org\/index.php?rest_route=\/wp\/v2\/users\/1"}],"replies":[{"embeddable":true,"href":"https:\/\/veritasinfo.org\/index.php?rest_route=%2Fwp%2Fv2%2Fcomments&post=7117"}],"version-history":[{"count":1,"href":"https:\/\/veritasinfo.org\/index.php?rest_route=\/wp\/v2\/posts\/7117\/revisions"}],"predecessor-version":[{"id":7121,"href":"https:\/\/veritasinfo.org\/index.php?rest_route=\/wp\/v2\/posts\/7117\/revisions\/7121"}],"wp:featuredmedia":[{"embeddable":true,"href":"https:\/\/veritasinfo.org\/index.php?rest_route=\/wp\/v2\/media\/2527"}],"wp:attachment":[{"href":"https:\/\/veritasinfo.org\/index.php?rest_route=%2Fwp%2Fv2%2Fmedia&parent=7117"}],"wp:term":[{"taxonomy":"category","embeddable":true,"href":"https:\/\/veritasinfo.org\/index.php?rest_route=%2Fwp%2Fv2%2Fcategories&post=7117"},{"taxonomy":"post_tag","embeddable":true,"href":"https:\/\/veritasinfo.org\/index.php?rest_route=%2Fwp%2Fv2%2Ftags&post=7117"}],"curies":[{"name":"wp","href":"https:\/\/api.w.org\/{rel}","templated":true}]}}