{"id":7116,"date":"2025-08-08T08:08:38","date_gmt":"2025-08-08T06:08:38","guid":{"rendered":"https:\/\/veritasinfo.org\/?p=7116"},"modified":"2025-08-08T08:08:38","modified_gmt":"2025-08-08T06:08:38","slug":"afa-leter-trumpit-kosova-nje-nga-vendet-me-pro-amerikane-ne-bote","status":"publish","type":"post","link":"https:\/\/veritasinfo.org\/?p=7116","title":{"rendered":"AFA, let\u00ebr Trumpit: Kosova nj\u00eb nga vendet m\u00eb pro-amerikane n\u00eb bot\u00eb"},"content":{"rendered":"<p>SHBA, 08 Gusht 2025<\/p>\n<p><strong>Sot, Shqiptar\u00ebt p\u00ebr Amerik\u00eb (Albanians for America-AFA), s\u00eb bashku me organizatat kryesore shqiptaro-amerikane, p\u00ebrfshir\u00eb Vatr\u00ebn, AARC, Jehona e Mal\u00ebsis\u00eb, Shoqat\u00ebn Kosova Michigan, Shoqat\u00ebn Mal\u00ebsia e Madhe, Shoqat\u00ebn Dukagjini dhe Shoqat\u00ebn Kastrati, i dor\u00ebzuan nj\u00eb let\u00ebr t\u00eb p\u00ebrbashk\u00ebt Presidentit Donald Trump, duke i b\u00ebr\u00eb thirrje q\u00eb t\u00eb mb\u00ebshtes\u00eb njohjen e nd\u00ebrsjell\u00eb midis Kosov\u00ebs dhe Serbis\u00eb.<\/strong><\/p>\n<p>\u201cLetra mb\u00ebshtet fuqish\u00ebm apelimin bipartizan t\u00eb kongresisteve Claudia Tenney dhe Chrissy Houlahan, duke e quajtur njohjen e nd\u00ebrsjell\u00eb si rrug\u00ebn e vetme t\u00eb vlefshme p\u00ebr paqe afatgjate n\u00eb Ballkanin Per\u00ebndimor. Kosova \u00ebsht\u00eb nj\u00eb nga vendet m\u00eb pro-amerikane n\u00eb bot\u00eb. Njohja e nd\u00ebrsjell\u00eb \u00ebsht\u00eb hapi p\u00ebrfundimtar drejt nj\u00eb paqeje t\u00eb q\u00ebndrueshme\u201d, thuhen n\u00eb njoftim.<\/p>\n<p><img fetchpriority=\"high\" decoding=\"async\" class=\"alignnone size-medium wp-image-7118\" src=\"https:\/\/veritasinfo.org\/wp-content\/uploads\/2025\/08\/IMG_2634-233x300.jpeg\" alt=\"\" width=\"233\" height=\"300\" srcset=\"https:\/\/veritasinfo.org\/wp-content\/uploads\/2025\/08\/IMG_2634-233x300.jpeg 233w, https:\/\/veritasinfo.org\/wp-content\/uploads\/2025\/08\/IMG_2634-795x1024.jpeg 795w, https:\/\/veritasinfo.org\/wp-content\/uploads\/2025\/08\/IMG_2634-768x990.jpeg 768w, https:\/\/veritasinfo.org\/wp-content\/uploads\/2025\/08\/IMG_2634.jpeg 838w\" sizes=\"(max-width: 233px) 100vw, 233px\" \/> <img decoding=\"async\" class=\"alignnone size-medium wp-image-7119 lazyload\" data-src=\"https:\/\/veritasinfo.org\/wp-content\/uploads\/2025\/08\/IMG_2635-233x300.jpeg\" alt=\"\" width=\"233\" height=\"300\" data-srcset=\"https:\/\/veritasinfo.org\/wp-content\/uploads\/2025\/08\/IMG_2635-233x300.jpeg 233w, https:\/\/veritasinfo.org\/wp-content\/uploads\/2025\/08\/IMG_2635-795x1024.jpeg 795w, https:\/\/veritasinfo.org\/wp-content\/uploads\/2025\/08\/IMG_2635-768x990.jpeg 768w, https:\/\/veritasinfo.org\/wp-content\/uploads\/2025\/08\/IMG_2635.jpeg 838w\" data-sizes=\"(max-width: 233px) 100vw, 233px\" src=\"data:image\/gif;base64,R0lGODlhAQABAAAAACH5BAEKAAEALAAAAAABAAEAAAICTAEAOw==\" style=\"--smush-placeholder-width: 233px; --smush-placeholder-aspect-ratio: 233\/300;\" \/><\/p>\n<p>&nbsp;<\/p>\n","protected":false},"excerpt":{"rendered":"<p>SHBA, 08 Gusht 2025 Sot, Shqiptar\u00ebt p\u00ebr Amerik\u00eb (Albanians for America-AFA), s\u00eb bashku me organizatat kryesore shqiptaro-amerikane, p\u00ebrfshir\u00eb Vatr\u00ebn, AARC, Jehona e Mal\u00ebsis\u00eb, Shoqat\u00ebn Kosova<\/p>\n","protected":false},"author":1,"featured_media":7120,"comment_status":"open","ping_status":"open","sticky":false,"template":"","format":"standard","meta":{"footnotes":""},"categories":[60],"tags":[],"class_list":["post-7116","post","type-post","status-publish","format-standard","has-post-thumbnail","hentry","category-shoqerore-sq"],"yoast_head":"<!-- This site is optimized with the Yoast SEO plugin v25.3.1 - https:\/\/yoast.com\/wordpress\/plugins\/seo\/ -->\n<title>AFA, let\u00ebr Trumpit: Kosova nj\u00eb nga vendet m\u00eb pro-amerikane n\u00eb bot\u00eb -<\/title>\n<meta name=\"robots\" content=\"index, follow, max-snippet:-1, max-image-preview:large, max-video-preview:-1\" \/>\n<link rel=\"canonical\" href=\"https:\/\/veritasinfo.org\/?p=7116\" \/>\n<meta property=\"og:locale\" content=\"en_US\" \/>\n<meta property=\"og:type\" content=\"article\" \/>\n<meta property=\"og:title\" content=\"AFA, let\u00ebr Trumpit: Kosova nj\u00eb nga vendet m\u00eb pro-amerikane n\u00eb bot\u00eb -\" \/>\n<meta property=\"og:description\" content=\"SHBA, 08 Gusht 2025 Sot, Shqiptar\u00ebt p\u00ebr Amerik\u00eb (Albanians for America-AFA), s\u00eb bashku me organizatat kryesore shqiptaro-amerikane, p\u00ebrfshir\u00eb Vatr\u00ebn, AARC, Jehona e Mal\u00ebsis\u00eb, Shoqat\u00ebn Kosova\" \/>\n<meta property=\"og:url\" content=\"https:\/\/veritasinfo.org\/?p=7116\" \/>\n<meta property=\"article:published_time\" content=\"2025-08-08T06:08:38+00:00\" \/>\n<meta property=\"og:image\" content=\"https:\/\/veritasinfo.org\/wp-content\/uploads\/2025\/08\/IMG_2633.jpeg\" \/>\n\t<meta property=\"og:image:width\" content=\"780\" \/>\n\t<meta property=\"og:image:height\" content=\"500\" \/>\n\t<meta property=\"og:image:type\" content=\"image\/jpeg\" \/>\n<meta name=\"author\" content=\"admin\" \/>\n<meta name=\"twitter:card\" content=\"summary_large_image\" \/>\n<meta name=\"twitter:label1\" content=\"Written by\" \/>\n\t<meta name=\"twitter:data1\" content=\"admin\" \/>\n\t<meta name=\"twitter:label2\" content=\"Est. reading time\" \/>\n\t<meta name=\"twitter:data2\" content=\"2 minutes\" \/>\n<script type=\"application\/ld+json\" class=\"yoast-schema-graph\">{\"@context\":\"https:\/\/schema.org\",\"@graph\":[{\"@type\":\"WebPage\",\"@id\":\"https:\/\/veritasinfo.org\/?p=7116\",\"url\":\"https:\/\/veritasinfo.org\/?p=7116\",\"name\":\"AFA, let\u00ebr Trumpit: Kosova nj\u00eb nga vendet m\u00eb pro-amerikane n\u00eb bot\u00eb -\",\"isPartOf\":{\"@id\":\"https:\/\/veritasinfo.org\/#website\"},\"primaryImageOfPage\":{\"@id\":\"https:\/\/veritasinfo.org\/?p=7116#primaryimage\"},\"image\":{\"@id\":\"https:\/\/veritasinfo.org\/?p=7116#primaryimage\"},\"thumbnailUrl\":\"https:\/\/veritasinfo.org\/wp-content\/uploads\/2025\/08\/IMG_2633.jpeg\",\"datePublished\":\"2025-08-08T06:08:38+00:00\",\"author\":{\"@id\":\"https:\/\/veritasinfo.org\/#\/schema\/person\/7701f8c088bece422266b100a712374f\"},\"breadcrumb\":{\"@id\":\"https:\/\/veritasinfo.org\/?p=7116#breadcrumb\"},\"inLanguage\":\"en-US\",\"potentialAction\":[{\"@type\":\"ReadAction\",\"target\":[\"https:\/\/veritasinfo.org\/?p=7116\"]}]},{\"@type\":\"ImageObject\",\"inLanguage\":\"en-US\",\"@id\":\"https:\/\/veritasinfo.org\/?p=7116#primaryimage\",\"url\":\"https:\/\/veritasinfo.org\/wp-content\/uploads\/2025\/08\/IMG_2633.jpeg\",\"contentUrl\":\"https:\/\/veritasinfo.org\/wp-content\/uploads\/2025\/08\/IMG_2633.jpeg\",\"width\":780,\"height\":500},{\"@type\":\"BreadcrumbList\",\"@id\":\"https:\/\/veritasinfo.org\/?p=7116#breadcrumb\",\"itemListElement\":[{\"@type\":\"ListItem\",\"position\":1,\"name\":\"Home\",\"item\":\"https:\/\/veritasinfo.org\/\"},{\"@type\":\"ListItem\",\"position\":2,\"name\":\"AFA, let\u00ebr Trumpit: Kosova nj\u00eb nga vendet m\u00eb pro-amerikane n\u00eb bot\u00eb\"}]},{\"@type\":\"WebSite\",\"@id\":\"https:\/\/veritasinfo.org\/#website\",\"url\":\"https:\/\/veritasinfo.org\/\",\"name\":\"\",\"description\":\"\",\"potentialAction\":[{\"@type\":\"SearchAction\",\"target\":{\"@type\":\"EntryPoint\",\"urlTemplate\":\"https:\/\/veritasinfo.org\/?s={search_term_string}\"},\"query-input\":{\"@type\":\"PropertyValueSpecification\",\"valueRequired\":true,\"valueName\":\"search_term_string\"}}],\"inLanguage\":\"en-US\"},{\"@type\":\"Person\",\"@id\":\"https:\/\/veritasinfo.org\/#\/schema\/person\/7701f8c088bece422266b100a712374f\",\"name\":\"admin\",\"image\":{\"@type\":\"ImageObject\",\"inLanguage\":\"en-US\",\"@id\":\"https:\/\/veritasinfo.org\/#\/schema\/person\/image\/\",\"url\":\"https:\/\/secure.gravatar.com\/avatar\/ea53aa3bf6c9a12d5fde8ce4deff43fef3885ae33cf60184161a50d6987cfd2f?s=96&d=mm&r=g\",\"contentUrl\":\"https:\/\/secure.gravatar.com\/avatar\/ea53aa3bf6c9a12d5fde8ce4deff43fef3885ae33cf60184161a50d6987cfd2f?s=96&d=mm&r=g\",\"caption\":\"admin\"},\"sameAs\":[\"https:\/\/veritasinfo.org\"],\"url\":\"https:\/\/veritasinfo.org\/?author=1\"}]}<\/script>\n<!-- \/ Yoast SEO plugin. -->","yoast_head_json":{"title":"AFA, let\u00ebr Trumpit: Kosova nj\u00eb nga vendet m\u00eb pro-amerikane n\u00eb bot\u00eb -","robots":{"index":"index","follow":"follow","max-snippet":"max-snippet:-1","max-image-preview":"max-image-preview:large","max-video-preview":"max-video-preview:-1"},"canonical":"https:\/\/veritasinfo.org\/?p=7116","og_locale":"en_US","og_type":"article","og_title":"AFA, let\u00ebr Trumpit: Kosova nj\u00eb nga vendet m\u00eb pro-amerikane n\u00eb bot\u00eb -","og_description":"SHBA, 08 Gusht 2025 Sot, Shqiptar\u00ebt p\u00ebr Amerik\u00eb (Albanians for America-AFA), s\u00eb bashku me organizatat kryesore shqiptaro-amerikane, p\u00ebrfshir\u00eb Vatr\u00ebn, AARC, Jehona e Mal\u00ebsis\u00eb, Shoqat\u00ebn Kosova","og_url":"https:\/\/veritasinfo.org\/?p=7116","article_published_time":"2025-08-08T06:08:38+00:00","og_image":[{"width":780,"height":500,"url":"https:\/\/veritasinfo.org\/wp-content\/uploads\/2025\/08\/IMG_2633.jpeg","type":"image\/jpeg"}],"author":"admin","twitter_card":"summary_large_image","twitter_misc":{"Written by":"admin","Est. reading time":"2 minutes"},"schema":{"@context":"https:\/\/schema.org","@graph":[{"@type":"WebPage","@id":"https:\/\/veritasinfo.org\/?p=7116","url":"https:\/\/veritasinfo.org\/?p=7116","name":"AFA, let\u00ebr Trumpit: Kosova nj\u00eb nga vendet m\u00eb pro-amerikane n\u00eb bot\u00eb -","isPartOf":{"@id":"https:\/\/veritasinfo.org\/#website"},"primaryImageOfPage":{"@id":"https:\/\/veritasinfo.org\/?p=7116#primaryimage"},"image":{"@id":"https:\/\/veritasinfo.org\/?p=7116#primaryimage"},"thumbnailUrl":"https:\/\/veritasinfo.org\/wp-content\/uploads\/2025\/08\/IMG_2633.jpeg","datePublished":"2025-08-08T06:08:38+00:00","author":{"@id":"https:\/\/veritasinfo.org\/#\/schema\/person\/7701f8c088bece422266b100a712374f"},"breadcrumb":{"@id":"https:\/\/veritasinfo.org\/?p=7116#breadcrumb"},"inLanguage":"en-US","potentialAction":[{"@type":"ReadAction","target":["https:\/\/veritasinfo.org\/?p=7116"]}]},{"@type":"ImageObject","inLanguage":"en-US","@id":"https:\/\/veritasinfo.org\/?p=7116#primaryimage","url":"https:\/\/veritasinfo.org\/wp-content\/uploads\/2025\/08\/IMG_2633.jpeg","contentUrl":"https:\/\/veritasinfo.org\/wp-content\/uploads\/2025\/08\/IMG_2633.jpeg","width":780,"height":500},{"@type":"BreadcrumbList","@id":"https:\/\/veritasinfo.org\/?p=7116#breadcrumb","itemListElement":[{"@type":"ListItem","position":1,"name":"Home","item":"https:\/\/veritasinfo.org\/"},{"@type":"ListItem","position":2,"name":"AFA, let\u00ebr Trumpit: Kosova nj\u00eb nga vendet m\u00eb pro-amerikane n\u00eb bot\u00eb"}]},{"@type":"WebSite","@id":"https:\/\/veritasinfo.org\/#website","url":"https:\/\/veritasinfo.org\/","name":"","description":"","potentialAction":[{"@type":"SearchAction","target":{"@type":"EntryPoint","urlTemplate":"https:\/\/veritasinfo.org\/?s={search_term_string}"},"query-input":{"@type":"PropertyValueSpecification","valueRequired":true,"valueName":"search_term_string"}}],"inLanguage":"en-US"},{"@type":"Person","@id":"https:\/\/veritasinfo.org\/#\/schema\/person\/7701f8c088bece422266b100a712374f","name":"admin","image":{"@type":"ImageObject","inLanguage":"en-US","@id":"https:\/\/veritasinfo.org\/#\/schema\/person\/image\/","url":"https:\/\/secure.gravatar.com\/avatar\/ea53aa3bf6c9a12d5fde8ce4deff43fef3885ae33cf60184161a50d6987cfd2f?s=96&d=mm&r=g","contentUrl":"https:\/\/secure.gravatar.com\/avatar\/ea53aa3bf6c9a12d5fde8ce4deff43fef3885ae33cf60184161a50d6987cfd2f?s=96&d=mm&r=g","caption":"admin"},"sameAs":["https:\/\/veritasinfo.org"],"url":"https:\/\/veritasinfo.org\/?author=1"}]}},"featured_image_urls":{"full":["https:\/\/veritasinfo.org\/wp-content\/uploads\/2025\/08\/IMG_2633.jpeg",780,500,false],"thumbnail":["https:\/\/veritasinfo.org\/wp-content\/uploads\/2025\/08\/IMG_2633-150x150.jpeg",150,150,true],"medium":["https:\/\/veritasinfo.org\/wp-content\/uploads\/2025\/08\/IMG_2633-300x192.jpeg",300,192,true],"medium_large":["https:\/\/veritasinfo.org\/wp-content\/uploads\/2025\/08\/IMG_2633-768x492.jpeg",640,410,true],"large":["https:\/\/veritasinfo.org\/wp-content\/uploads\/2025\/08\/IMG_2633.jpeg",640,410,false],"1536x1536":["https:\/\/veritasinfo.org\/wp-content\/uploads\/2025\/08\/IMG_2633.jpeg",780,500,false],"2048x2048":["https:\/\/veritasinfo.org\/wp-content\/uploads\/2025\/08\/IMG_2633.jpeg",780,500,false],"kreeti-slider-full":["https:\/\/veritasinfo.org\/wp-content\/uploads\/2025\/08\/IMG_2633.jpeg",780,500,false],"kreeti-featured":["https:\/\/veritasinfo.org\/wp-content\/uploads\/2025\/08\/IMG_2633.jpeg",780,500,false],"kreeti-medium":["https:\/\/veritasinfo.org\/wp-content\/uploads\/2025\/08\/IMG_2633.jpeg",720,462,false],"kreeti-medium-square":["https:\/\/veritasinfo.org\/wp-content\/uploads\/2025\/08\/IMG_2633.jpeg",350,224,false]},"author_info":{"info":["admin"]},"category_info":"<a href=\"https:\/\/veritasinfo.org\/?cat=60\" rel=\"category\">Shoq\u00ebrore<\/a>","tag_info":"Shoq\u00ebrore","comment_count":"0","_links":{"self":[{"href":"https:\/\/veritasinfo.org\/index.php?rest_route=\/wp\/v2\/posts\/7116","targetHints":{"allow":["GET"]}}],"collection":[{"href":"https:\/\/veritasinfo.org\/index.php?rest_route=\/wp\/v2\/posts"}],"about":[{"href":"https:\/\/veritasinfo.org\/index.php?rest_route=\/wp\/v2\/types\/post"}],"author":[{"embeddable":true,"href":"https:\/\/veritasinfo.org\/index.php?rest_route=\/wp\/v2\/users\/1"}],"replies":[{"embeddable":true,"href":"https:\/\/veritasinfo.org\/index.php?rest_route=%2Fwp%2Fv2%2Fcomments&post=7116"}],"version-history":[{"count":1,"href":"https:\/\/veritasinfo.org\/index.php?rest_route=\/wp\/v2\/posts\/7116\/revisions"}],"predecessor-version":[{"id":7122,"href":"https:\/\/veritasinfo.org\/index.php?rest_route=\/wp\/v2\/posts\/7116\/revisions\/7122"}],"wp:featuredmedia":[{"embeddable":true,"href":"https:\/\/veritasinfo.org\/index.php?rest_route=\/wp\/v2\/media\/7120"}],"wp:attachment":[{"href":"https:\/\/veritasinfo.org\/index.php?rest_route=%2Fwp%2Fv2%2Fmedia&parent=7116"}],"wp:term":[{"taxonomy":"category","embeddable":true,"href":"https:\/\/veritasinfo.org\/index.php?rest_route=%2Fwp%2Fv2%2Fcategories&post=7116"},{"taxonomy":"post_tag","embeddable":true,"href":"https:\/\/veritasinfo.org\/index.php?rest_route=%2Fwp%2Fv2%2Ftags&post=7116"}],"curies":[{"name":"wp","href":"https:\/\/api.w.org\/{rel}","templated":true}]}}