{"id":7104,"date":"2025-08-08T07:52:46","date_gmt":"2025-08-08T05:52:46","guid":{"rendered":"https:\/\/veritasinfo.org\/?p=7104"},"modified":"2025-08-08T07:52:46","modified_gmt":"2025-08-08T05:52:46","slug":"ffk-ja-kerkon-nga-uefa-masa-disiplinore-ndaj-lech-poznanit-dhe-zvezdes","status":"publish","type":"post","link":"https:\/\/veritasinfo.org\/?p=7104","title":{"rendered":"FFK-ja k\u00ebrkon nga UEFA masa disiplinore ndaj Lech Poznanit dhe Zvezd\u00ebs"},"content":{"rendered":"<p>Prishtin\u00eb, 08 Gusht 2025<\/p>\n<p>Federata e Futbollit e Kosov\u00ebs ka dal\u00eb me reagim pas skandalit n\u00eb ndeshjen kualifikuese t\u00eb Lig\u00ebs s\u00eb Kampion\u00ebve nd\u00ebrmjet Lech Poznanit dhe C\u00ebrvena Zvezd\u00ebs.<\/p>\n<div class=\"instream-video\">\n<div data-id=\"2kQm8Ze4251g\">\n<div class=\"orp-player-wrapper orp-aspectRateFixed orp-tiny-size orp-player-ipm orp-player-ipm-hidden orp-force-hide-player\">Skuadra serbe C\u00ebrvena Zvezda i ka fal\u00ebnderuar tifoz\u00ebt e Lech Poznanit q\u00eb n\u00eb ndeshjen p\u00ebr rrethin e tret\u00eb t\u00eb kualifikimeve t\u00eb Lig\u00ebs s\u00eb Kampion\u00ebve shpalos\u00ebn n\u00eb stadium nj\u00eb baner t\u00eb madh me shkrimin \u201cKosova \u00ebsht\u00eb Serbi\u201d.<\/div>\n<\/div>\n<\/div>\n<p>Pas p\u00ebrfundimit t\u00eb ndeshjes, t\u00eb cil\u00ebn Zvezda e fitoi me rezultat 3:1, faqja zyrtare e klubit serb n\u00eb platform\u00ebn \u201cX\u201d publikoi nj\u00eb foto t\u00eb banerit dhe shkroi \u201cFaleminderit\u201d n\u00eb gjuh\u00ebn polake (\u201cDzi\u0119kujemy\u201d), duke fal\u00ebnderuar publikisht tifoz\u00ebt e Lech Poznanit p\u00ebr k\u00ebt\u00eb mesazh politik. Ndeshja e kthimit do t\u00eb luhet pas nj\u00eb jave.<\/p>\n<p>Polonia \u00ebsht\u00eb nd\u00ebr vendet e para q\u00eb e kan\u00eb njohur pavar\u00ebsin\u00eb e Kosov\u00ebs n\u00eb vitin 2008. Megjithat\u00eb, nj\u00eb pjes\u00eb e tifoz\u00ebve polak\u00eb vazhdojn\u00eb t\u00eb mb\u00ebshtesin narrativat serbe n\u00eb \u00e7\u00ebshtjen e Kosov\u00ebs.<\/p>\n<div id=\"__ads-300x250in-4\" class=\"__ads-300x250-inarticle\" data-google-query-id=\"CJvpzMHB-o4DFfOfgwcd7SkrKA\">\n<div id=\"google_ads_iframe_\/23130410871\/inarticle1_1__container__\">\u201cFederata e Futbollit e Kosov\u00ebs i cil\u00ebson k\u00ebto akte si provokim t\u00eb r\u00ebnd\u00eb politik, t\u00eb turpshme e t\u00eb papranueshme n\u00eb nj\u00eb ngjarje sportive dhe shkelje flagrante t\u00eb rregullave dhe parimeve t\u00eb UEFA-s, e t\u00eb cilat ndalojn\u00eb \u00e7do lloj mesazhi politik apo diskriminues n\u00eb stadiume. K\u00ebto jan\u00eb sjellje q\u00eb nuk i sh\u00ebrbejn\u00eb futbollit dhe p\u00ebrb\u00ebjn\u00eb nxitje t\u00eb urrejtjes dhe cenim t\u00eb integritetit sportiv\u201d, shkruan n\u00eb reagimin e FFK-s\u00eb.<\/div>\n<\/div>\n<p>FFK-ja ka paralajm\u00ebruar ankes\u00eb n\u00eb UEFA.<\/p>\n<p>\u201cFFK, menj\u00ebher\u00eb pasi ka v\u00ebrejtur nj\u00eb shkelje t\u00eb till\u00eb, ka nisur procedur\u00ebn e paraqitjes s\u00eb ankes\u00ebs zyrtare n\u00eb UEFA, duke k\u00ebrkuar masa disiplinore ndaj klubit Lech Pozna\u0144, p\u00ebrgjegj\u00ebs p\u00ebr sjelljen e tifoz\u00ebve t\u00eb tij, si dhe ndaj Crvena Zvezd\u00ebs p\u00ebr deklaratat publike q\u00eb nxisin dhe legjitimojn\u00eb mesazhe kund\u00ebr shtetit t\u00eb Kosov\u00ebs. FFK, si an\u00ebtare e UEFA-s, mbron dhe promovon vlerat q\u00eb futbolli duhet t\u00eb mbetet jasht\u00eb provokimeve politike dhe duhet t\u00eb sh\u00ebrbej\u00eb si ur\u00eb bashkimi, e jo p\u00ebr\u00e7arjeje, por k\u00ebrkon me ngulm q\u00eb k\u00ebto parime t\u00eb mbrohen edhe nga federatat e tjera an\u00ebtare\u201d, shkruan FFK.<\/p>\n<p>&nbsp;<\/p>\n","protected":false},"excerpt":{"rendered":"<p>Prishtin\u00eb, 08 Gusht 2025 Federata e Futbollit e Kosov\u00ebs ka dal\u00eb me reagim pas skandalit n\u00eb ndeshjen kualifikuese t\u00eb Lig\u00ebs s\u00eb Kampion\u00ebve nd\u00ebrmjet Lech Poznanit<\/p>\n","protected":false},"author":1,"featured_media":7105,"comment_status":"open","ping_status":"open","sticky":false,"template":"","format":"standard","meta":{"footnotes":""},"categories":[5],"tags":[],"class_list":["post-7104","post","type-post","status-publish","format-standard","has-post-thumbnail","hentry","category-sport-sq"],"yoast_head":"<!-- This site is optimized with the Yoast SEO plugin v25.3.1 - https:\/\/yoast.com\/wordpress\/plugins\/seo\/ -->\n<title>FFK-ja k\u00ebrkon nga UEFA masa disiplinore ndaj Lech Poznanit dhe Zvezd\u00ebs -<\/title>\n<meta name=\"robots\" content=\"index, follow, max-snippet:-1, max-image-preview:large, max-video-preview:-1\" \/>\n<link rel=\"canonical\" href=\"https:\/\/veritasinfo.org\/?p=7104\" \/>\n<meta property=\"og:locale\" content=\"en_US\" \/>\n<meta property=\"og:type\" content=\"article\" \/>\n<meta property=\"og:title\" content=\"FFK-ja k\u00ebrkon nga UEFA masa disiplinore ndaj Lech Poznanit dhe Zvezd\u00ebs -\" \/>\n<meta property=\"og:description\" content=\"Prishtin\u00eb, 08 Gusht 2025 Federata e Futbollit e Kosov\u00ebs ka dal\u00eb me reagim pas skandalit n\u00eb ndeshjen kualifikuese t\u00eb Lig\u00ebs s\u00eb Kampion\u00ebve nd\u00ebrmjet Lech Poznanit\" \/>\n<meta property=\"og:url\" content=\"https:\/\/veritasinfo.org\/?p=7104\" \/>\n<meta property=\"article:published_time\" content=\"2025-08-08T05:52:46+00:00\" \/>\n<meta property=\"og:image\" content=\"https:\/\/veritasinfo.org\/wp-content\/uploads\/2025\/08\/IMG_2630.webp\" \/>\n\t<meta property=\"og:image:width\" content=\"1360\" \/>\n\t<meta property=\"og:image:height\" content=\"870\" \/>\n\t<meta property=\"og:image:type\" content=\"image\/webp\" \/>\n<meta name=\"author\" content=\"admin\" \/>\n<meta name=\"twitter:card\" content=\"summary_large_image\" \/>\n<meta name=\"twitter:label1\" content=\"Written by\" \/>\n\t<meta name=\"twitter:data1\" content=\"admin\" \/>\n\t<meta name=\"twitter:label2\" content=\"Est. reading time\" \/>\n\t<meta name=\"twitter:data2\" content=\"2 minutes\" \/>\n<script type=\"application\/ld+json\" class=\"yoast-schema-graph\">{\"@context\":\"https:\/\/schema.org\",\"@graph\":[{\"@type\":\"WebPage\",\"@id\":\"https:\/\/veritasinfo.org\/?p=7104\",\"url\":\"https:\/\/veritasinfo.org\/?p=7104\",\"name\":\"FFK-ja k\u00ebrkon nga UEFA masa disiplinore ndaj Lech Poznanit dhe Zvezd\u00ebs -\",\"isPartOf\":{\"@id\":\"https:\/\/veritasinfo.org\/#website\"},\"primaryImageOfPage\":{\"@id\":\"https:\/\/veritasinfo.org\/?p=7104#primaryimage\"},\"image\":{\"@id\":\"https:\/\/veritasinfo.org\/?p=7104#primaryimage\"},\"thumbnailUrl\":\"https:\/\/veritasinfo.org\/wp-content\/uploads\/2025\/08\/IMG_2630.webp\",\"datePublished\":\"2025-08-08T05:52:46+00:00\",\"author\":{\"@id\":\"https:\/\/veritasinfo.org\/#\/schema\/person\/7701f8c088bece422266b100a712374f\"},\"breadcrumb\":{\"@id\":\"https:\/\/veritasinfo.org\/?p=7104#breadcrumb\"},\"inLanguage\":\"en-US\",\"potentialAction\":[{\"@type\":\"ReadAction\",\"target\":[\"https:\/\/veritasinfo.org\/?p=7104\"]}]},{\"@type\":\"ImageObject\",\"inLanguage\":\"en-US\",\"@id\":\"https:\/\/veritasinfo.org\/?p=7104#primaryimage\",\"url\":\"https:\/\/veritasinfo.org\/wp-content\/uploads\/2025\/08\/IMG_2630.webp\",\"contentUrl\":\"https:\/\/veritasinfo.org\/wp-content\/uploads\/2025\/08\/IMG_2630.webp\",\"width\":1360,\"height\":870},{\"@type\":\"BreadcrumbList\",\"@id\":\"https:\/\/veritasinfo.org\/?p=7104#breadcrumb\",\"itemListElement\":[{\"@type\":\"ListItem\",\"position\":1,\"name\":\"Home\",\"item\":\"https:\/\/veritasinfo.org\/\"},{\"@type\":\"ListItem\",\"position\":2,\"name\":\"FFK-ja k\u00ebrkon nga UEFA masa disiplinore ndaj Lech Poznanit dhe Zvezd\u00ebs\"}]},{\"@type\":\"WebSite\",\"@id\":\"https:\/\/veritasinfo.org\/#website\",\"url\":\"https:\/\/veritasinfo.org\/\",\"name\":\"\",\"description\":\"\",\"potentialAction\":[{\"@type\":\"SearchAction\",\"target\":{\"@type\":\"EntryPoint\",\"urlTemplate\":\"https:\/\/veritasinfo.org\/?s={search_term_string}\"},\"query-input\":{\"@type\":\"PropertyValueSpecification\",\"valueRequired\":true,\"valueName\":\"search_term_string\"}}],\"inLanguage\":\"en-US\"},{\"@type\":\"Person\",\"@id\":\"https:\/\/veritasinfo.org\/#\/schema\/person\/7701f8c088bece422266b100a712374f\",\"name\":\"admin\",\"image\":{\"@type\":\"ImageObject\",\"inLanguage\":\"en-US\",\"@id\":\"https:\/\/veritasinfo.org\/#\/schema\/person\/image\/\",\"url\":\"https:\/\/secure.gravatar.com\/avatar\/ea53aa3bf6c9a12d5fde8ce4deff43fef3885ae33cf60184161a50d6987cfd2f?s=96&d=mm&r=g\",\"contentUrl\":\"https:\/\/secure.gravatar.com\/avatar\/ea53aa3bf6c9a12d5fde8ce4deff43fef3885ae33cf60184161a50d6987cfd2f?s=96&d=mm&r=g\",\"caption\":\"admin\"},\"sameAs\":[\"https:\/\/veritasinfo.org\"],\"url\":\"https:\/\/veritasinfo.org\/?author=1\"}]}<\/script>\n<!-- \/ Yoast SEO plugin. -->","yoast_head_json":{"title":"FFK-ja k\u00ebrkon nga UEFA masa disiplinore ndaj Lech Poznanit dhe Zvezd\u00ebs -","robots":{"index":"index","follow":"follow","max-snippet":"max-snippet:-1","max-image-preview":"max-image-preview:large","max-video-preview":"max-video-preview:-1"},"canonical":"https:\/\/veritasinfo.org\/?p=7104","og_locale":"en_US","og_type":"article","og_title":"FFK-ja k\u00ebrkon nga UEFA masa disiplinore ndaj Lech Poznanit dhe Zvezd\u00ebs -","og_description":"Prishtin\u00eb, 08 Gusht 2025 Federata e Futbollit e Kosov\u00ebs ka dal\u00eb me reagim pas skandalit n\u00eb ndeshjen kualifikuese t\u00eb Lig\u00ebs s\u00eb Kampion\u00ebve nd\u00ebrmjet Lech Poznanit","og_url":"https:\/\/veritasinfo.org\/?p=7104","article_published_time":"2025-08-08T05:52:46+00:00","og_image":[{"width":1360,"height":870,"url":"https:\/\/veritasinfo.org\/wp-content\/uploads\/2025\/08\/IMG_2630.webp","type":"image\/webp"}],"author":"admin","twitter_card":"summary_large_image","twitter_misc":{"Written by":"admin","Est. reading time":"2 minutes"},"schema":{"@context":"https:\/\/schema.org","@graph":[{"@type":"WebPage","@id":"https:\/\/veritasinfo.org\/?p=7104","url":"https:\/\/veritasinfo.org\/?p=7104","name":"FFK-ja k\u00ebrkon nga UEFA masa disiplinore ndaj Lech Poznanit dhe Zvezd\u00ebs -","isPartOf":{"@id":"https:\/\/veritasinfo.org\/#website"},"primaryImageOfPage":{"@id":"https:\/\/veritasinfo.org\/?p=7104#primaryimage"},"image":{"@id":"https:\/\/veritasinfo.org\/?p=7104#primaryimage"},"thumbnailUrl":"https:\/\/veritasinfo.org\/wp-content\/uploads\/2025\/08\/IMG_2630.webp","datePublished":"2025-08-08T05:52:46+00:00","author":{"@id":"https:\/\/veritasinfo.org\/#\/schema\/person\/7701f8c088bece422266b100a712374f"},"breadcrumb":{"@id":"https:\/\/veritasinfo.org\/?p=7104#breadcrumb"},"inLanguage":"en-US","potentialAction":[{"@type":"ReadAction","target":["https:\/\/veritasinfo.org\/?p=7104"]}]},{"@type":"ImageObject","inLanguage":"en-US","@id":"https:\/\/veritasinfo.org\/?p=7104#primaryimage","url":"https:\/\/veritasinfo.org\/wp-content\/uploads\/2025\/08\/IMG_2630.webp","contentUrl":"https:\/\/veritasinfo.org\/wp-content\/uploads\/2025\/08\/IMG_2630.webp","width":1360,"height":870},{"@type":"BreadcrumbList","@id":"https:\/\/veritasinfo.org\/?p=7104#breadcrumb","itemListElement":[{"@type":"ListItem","position":1,"name":"Home","item":"https:\/\/veritasinfo.org\/"},{"@type":"ListItem","position":2,"name":"FFK-ja k\u00ebrkon nga UEFA masa disiplinore ndaj Lech Poznanit dhe Zvezd\u00ebs"}]},{"@type":"WebSite","@id":"https:\/\/veritasinfo.org\/#website","url":"https:\/\/veritasinfo.org\/","name":"","description":"","potentialAction":[{"@type":"SearchAction","target":{"@type":"EntryPoint","urlTemplate":"https:\/\/veritasinfo.org\/?s={search_term_string}"},"query-input":{"@type":"PropertyValueSpecification","valueRequired":true,"valueName":"search_term_string"}}],"inLanguage":"en-US"},{"@type":"Person","@id":"https:\/\/veritasinfo.org\/#\/schema\/person\/7701f8c088bece422266b100a712374f","name":"admin","image":{"@type":"ImageObject","inLanguage":"en-US","@id":"https:\/\/veritasinfo.org\/#\/schema\/person\/image\/","url":"https:\/\/secure.gravatar.com\/avatar\/ea53aa3bf6c9a12d5fde8ce4deff43fef3885ae33cf60184161a50d6987cfd2f?s=96&d=mm&r=g","contentUrl":"https:\/\/secure.gravatar.com\/avatar\/ea53aa3bf6c9a12d5fde8ce4deff43fef3885ae33cf60184161a50d6987cfd2f?s=96&d=mm&r=g","caption":"admin"},"sameAs":["https:\/\/veritasinfo.org"],"url":"https:\/\/veritasinfo.org\/?author=1"}]}},"featured_image_urls":{"full":["https:\/\/veritasinfo.org\/wp-content\/uploads\/2025\/08\/IMG_2630.webp",1360,870,false],"thumbnail":["https:\/\/veritasinfo.org\/wp-content\/uploads\/2025\/08\/IMG_2630-150x150.webp",150,150,true],"medium":["https:\/\/veritasinfo.org\/wp-content\/uploads\/2025\/08\/IMG_2630-300x192.webp",300,192,true],"medium_large":["https:\/\/veritasinfo.org\/wp-content\/uploads\/2025\/08\/IMG_2630-768x491.webp",640,409,true],"large":["https:\/\/veritasinfo.org\/wp-content\/uploads\/2025\/08\/IMG_2630-1024x655.webp",640,409,true],"1536x1536":["https:\/\/veritasinfo.org\/wp-content\/uploads\/2025\/08\/IMG_2630.webp",1360,870,false],"2048x2048":["https:\/\/veritasinfo.org\/wp-content\/uploads\/2025\/08\/IMG_2630.webp",1360,870,false],"kreeti-slider-full":["https:\/\/veritasinfo.org\/wp-content\/uploads\/2025\/08\/IMG_2630.webp",1126,720,false],"kreeti-featured":["https:\/\/veritasinfo.org\/wp-content\/uploads\/2025\/08\/IMG_2630.webp",1024,655,false],"kreeti-medium":["https:\/\/veritasinfo.org\/wp-content\/uploads\/2025\/08\/IMG_2630.webp",720,461,false],"kreeti-medium-square":["https:\/\/veritasinfo.org\/wp-content\/uploads\/2025\/08\/IMG_2630.webp",350,224,false]},"author_info":{"info":["admin"]},"category_info":"<a href=\"https:\/\/veritasinfo.org\/?cat=5\" rel=\"category\">Sport<\/a>","tag_info":"Sport","comment_count":"0","_links":{"self":[{"href":"https:\/\/veritasinfo.org\/index.php?rest_route=\/wp\/v2\/posts\/7104","targetHints":{"allow":["GET"]}}],"collection":[{"href":"https:\/\/veritasinfo.org\/index.php?rest_route=\/wp\/v2\/posts"}],"about":[{"href":"https:\/\/veritasinfo.org\/index.php?rest_route=\/wp\/v2\/types\/post"}],"author":[{"embeddable":true,"href":"https:\/\/veritasinfo.org\/index.php?rest_route=\/wp\/v2\/users\/1"}],"replies":[{"embeddable":true,"href":"https:\/\/veritasinfo.org\/index.php?rest_route=%2Fwp%2Fv2%2Fcomments&post=7104"}],"version-history":[{"count":1,"href":"https:\/\/veritasinfo.org\/index.php?rest_route=\/wp\/v2\/posts\/7104\/revisions"}],"predecessor-version":[{"id":7106,"href":"https:\/\/veritasinfo.org\/index.php?rest_route=\/wp\/v2\/posts\/7104\/revisions\/7106"}],"wp:featuredmedia":[{"embeddable":true,"href":"https:\/\/veritasinfo.org\/index.php?rest_route=\/wp\/v2\/media\/7105"}],"wp:attachment":[{"href":"https:\/\/veritasinfo.org\/index.php?rest_route=%2Fwp%2Fv2%2Fmedia&parent=7104"}],"wp:term":[{"taxonomy":"category","embeddable":true,"href":"https:\/\/veritasinfo.org\/index.php?rest_route=%2Fwp%2Fv2%2Fcategories&post=7104"},{"taxonomy":"post_tag","embeddable":true,"href":"https:\/\/veritasinfo.org\/index.php?rest_route=%2Fwp%2Fv2%2Ftags&post=7104"}],"curies":[{"name":"wp","href":"https:\/\/api.w.org\/{rel}","templated":true}]}}